
{"id":1727,"date":"2009-02-04T14:00:36","date_gmt":"2009-02-04T16:00:36","guid":{"rendered":"http:\/\/www.oarcanjo.net\/site\/?p=1727"},"modified":"2009-02-03T23:41:53","modified_gmt":"2009-02-04T01:41:53","slug":"mensagem-do-papa-para-a-quaresma","status":"publish","type":"post","link":"https:\/\/www.oarcanjo.net\/site\/mensagem-do-papa-para-a-quaresma\/","title":{"rendered":"Mensagem do Papa para a Quaresma"},"content":{"rendered":"<p>Queridos irm\u00e3os e irm\u00e3s!<\/p>\n<p>No in\u00edcio da Quaresma, que constitui um caminho de treino espiritual mais intenso, a Liturgia prop\u00f5e-nos tr\u00eas pr\u00e1ticas penitenciais muito queridas \u00e0 tradi\u00e7\u00e3o b\u00edblica e crist\u00e3 \u2013 a ora\u00e7\u00e3o, a esmola, o jejum \u2013 a fim de nos predispormos para celebrar melhor a P\u00e1scoa e deste modo fazer experi\u00eancia do poder de Deus que, como ouviremos na Vig\u00edlia pascal, &#8220;derrota o mal, lava as culpas, restitui a inoc\u00eancia aos pecadores, a alegria aos aflitos. Dissipa o \u00f3dio, domina a insensibilidade dos poderosos, promove a conc\u00f3rdia e a paz&#8221; (Hino pascal). Na habitual Mensagem quaresmal, gostaria de refletir este ano em particular sobre o valor e o sentido do jejum. De fato a Quaresma traz \u00e0 mente os quarenta dias de jejum vividos pelo Senhor no deserto antes de empreender a sua miss\u00e3o p\u00fablica. Lemos no Evangelho: &#8220;O Esp\u00edrito conduziu Jesus ao deserto a fim de ser tentado pelo dem\u00f3nio. Jejuou durante quarenta dias e quarenta noites e, por fim, teve fome&#8221; (Mt 4, 1-2). Como Mois\u00e9s antes de receber as T\u00e1buas da Lei (cf. \u00cax 34, 28), como Elias antes de encontrar o Senhor no monte Oreb (cf. 1 Rs 19, 8), assim Jesus rezando e jejuando se preparou para a sua miss\u00e3o, cujo in\u00edcio foi um duro confronto com o tentador.<\/p>\n<p>Podemos perguntar que valor e que sentido tem para n\u00f3s, crist\u00e3os, privar-nos de algo que seria em si bom e \u00fatil para o nosso sustento. As Sagradas Escrituras e toda a tradi\u00e7\u00e3o crist\u00e3 ensinam que o jejum \u00e9 de grande ajuda para evitar o pecado e tudo o que a ele induz. Por isto, na hist\u00f3ria da salva\u00e7\u00e3o \u00e9 frequente o convite a jejuar. J\u00e1 nas primeiras p\u00e1ginas da Sagrada Escritura o Senhor comanda que o homem se abstenha de comer o fruto proibido: &#8220;Podes comer o fruto de todas as \u00e1rvores do jardim; mas n\u00e3o comas o da \u00e1rvore da ci\u00eancia do bem e do mal, porque, no dia em que o comeres, certamente morrer\u00e1s&#8221; (Gn 2, 16-17). Comentando a ordem divina, S\u00e3o Bas\u00edlio observa que &#8220;o jejum foi ordenado no Para\u00edso&#8221;, e &#8220;o primeiro mandamento neste sentido foi dado a Ad\u00e3o&#8221;. Portanto, ele conclui: &#8220;O &#8220;n\u00e3o comas&#8221; e, portanto, a lei do jejum e da abstin\u00eancia&#8221; (cf. Sermo de jejunio: PG 31, 163, 98). Dado que todos estamos estorpecidos pelo pecado e pelas suas consequ\u00eancias, o jejum \u00e9-nos oferecido como um meio para restabelecer a amizade com o Senhor. Assim fez Esdras antes da viagem de regresso do ex\u00edlio \u00e0 Terra Prometida, convidando o povo reunido a jejuar &#8220;para nos humilhar \u2013 diz \u2013 diante do nosso Deus&#8221; (8, 21). O Onipotente ouviu a sua prece e garantiu os seus favores e a sua prote\u00e7\u00e3o. O mesmo fizeram os habitantes de Ninive que, sens\u00edveis ao apelo de Jonas ao arrependimento, proclamaram, como testemunho da sua sinceridade, um jejum dizendo: &#8220;Quem sabe se Deus n\u00e3o Se arrepender\u00e1, e acalmar\u00e1 o ardor da Sua ira, de modo que n\u00e3o pere\u00e7amos?&#8221; (3, 9). Tamb\u00e9m ent\u00e3o Deus viu as suas obras e os poupou.<\/p>\n<p>No Novo Testamento, Jesus ressalta a raz\u00e3o profunda do jejum, condenando a atitude dos fariseus, os quais observaram escrupulosamente as prescri\u00e7\u00f5es impostas pela lei, mas o seu cora\u00e7\u00e3o estava distante de Deus. O verdadeiro jejum, repete tamb\u00e9m noutras partes o Mestre divino, \u00e9 antes cumprir a vontade do Pai celeste, o qual &#8220;v\u00ea no oculto, recompensar-te-\u00e1&#8221; (Mt 6, 18). Ele pr\u00f3prio d\u00e1 o exemplo respondendo a satan\u00e1s, no final dos 40 dias transcorridos no deserto, que &#8220;nem s\u00f3 de p\u00e3o vive o homem, mas de toda a palavra que sai da boca de Deus&#8221; (Mt 4, 4). O verdadeiro jejum finaliza-se portanto a comer o &#8220;verdadeiro alimento&#8221;, que \u00e9 fazer a vontade do Pai (cf. Jo 4, 34). Portanto, se Ad\u00e3o desobedeceu ao mandamento do Senhor &#8220;de n\u00e3o comer o fruto da \u00e1rvore da ci\u00eancia do bem e do mal&#8221;, com o jejum o crente deseja submeter-se humildemente a Deus, confiando na sua bondade e miseric\u00f3rdia.<\/p>\n<p>Encontramos a pr\u00e1tica do jejum muito presente na primeira comunidade crist\u00e3 (cf. Act 13, 3; 14, 22; 27, 21; 2 Cor 6, 5). Tamb\u00e9m os Padres da Igreja falam da for\u00e7a do jejum, capaz de impedir o pecado, de reprimir os desejos do &#8220;velho Ad\u00e3o&#8221;, e de abrir no cora\u00e7\u00e3o do crente o caminho para Deus. O jejum \u00e9 tamb\u00e9m uma pr\u00e1tica frequente e recomendada pelos santos de todas as \u00e9pocas. Escreve S\u00e3o Pedro Cris\u00f3logo: &#8220;O jejum \u00e9 a alma da ora\u00e7\u00e3o e a miseric\u00f3rdia \u00e9 a vida do jejum, portanto quem reza jejue. Quem jejua tenha miseric\u00f3rdia. Quem, ao pedir, deseja ser atendido, atenda quem a ele se dirige. Quem quer encontrar aberto em seu benef\u00edcio o cora\u00e7\u00e3o de Deus n\u00e3o feche o seu a quem o suplica&#8221; (Sermo 43; PL 52, 320.332).<\/p>\n<p>Nos nossos dias, a pr\u00e1tica do jejum parece ter perdido um pouco do seu valor espiritual e ter adquirido antes, numa cultura marcada pela busca da satisfa\u00e7\u00e3o material, o valor de uma medida terap\u00eautica para a cura do pr\u00f3prio corpo. Jejuar sem d\u00favida \u00e9 bom para o bem-estar, mas para os crentes \u00e9 em primeiro lugar uma &#8220;terapia&#8221; para curar tudo o que os impede de se conformarem com a vontade de Deus. Na Constitui\u00e7\u00e3o apost\u00f3lica Paenitemini de 1966, o Servo de Deus Paulo VI reconhecia a necessidade de colocar o jejum no contexto da chamada de cada crist\u00e3o a &#8220;n\u00e3o viver mais para si mesmo, mas para aquele que o amou e se entregou a si por ele, e&#8230; tamb\u00e9m a viver pelos irm\u00e3os&#8221; (Cf. Cap. I). A Quaresma poderia ser uma ocasi\u00e3o oportuna para retomar as normas contidas na citada Constitui\u00e7\u00e3o apost\u00f3lica, valorizando o significado aut\u00eantico e perene desta antiga pr\u00e1tica penitencial, que pode ajudar-nos a mortificar o nosso ego\u00edsmo e a abrir o cora\u00e7\u00e3o ao amor de Deus e do pr\u00f3ximo, primeiro e m\u00e1ximo mandamento da nova Lei e comp\u00eandio de todo o Evangelho (cf. Mt 22, 34-40).<\/p>\n<p>A pr\u00e1tica fiel do jejum contribui ainda para conferir unidade \u00e0 pessoa, corpo e alma, ajudando-a a evitar o pecado e a crescer na intimidade com o Senhor. Santo Agostinho, que conhecia bem as pr\u00f3prias inclina\u00e7\u00f5es negativas e as definia &#8220;n\u00f3 complicado e emaranhado&#8221; (Confiss\u00f5es, II, 10.18), no seu tratado A utilidade do jejum,escrevia: &#8220;Certamente \u00e9 um supl\u00edcio que me inflijo, mas para que Ele me perdoe; castigo-me por mim mesmo para que Ele me ajude, para aprazer aos seus olhos, para alcan\u00e7ar o agrado da sua do\u00e7ura&#8221; (Sermo 400, 3, 3: L 40, 708). Privar-se do sustento material que alimenta o corpo facilita uma ulterior disposi\u00e7\u00e3o para ouvir Cristo e para se alimentar da sua palavra de salva\u00e7\u00e3o. Com o jejum e com a ora\u00e7\u00e3o permitimos que Ele venha saciar a fome mais profunda que vivemos no nosso \u00edntimo: a fome e a sede de Deus.<\/p>\n<p>Ao mesmo tempo, o jejum ajuda-nos a tomar consci\u00eancia da situa\u00e7\u00e3o na qual vivem tantos irm\u00e3os nossos. Na sua Primeira Carta S\u00e3o Jo\u00e3o admoesta: &#8220;Aquele que tiver bens deste mundo e vir o seu irm\u00e3o sofrer necessidade, mas lhe fechar o seu cora\u00e7\u00e3o, como estar\u00e1 nele o amor de Deus?&#8221; (3, 17). Jejuar voluntariamente ajuda-nos a cultivar o estilo do Bom Samaritano, que se inclina e socorre o irm\u00e3o que sofre (cf. Enc. Deus caritas est, 15). Escolhendo livremente privar-nos de algo para ajudar os outros, mostramos concretamente que o pr\u00f3ximo em dificuldade n\u00e3o nos \u00e9 indiferente.<\/p>\n<p>Precisamente para manter viva esta atitude de acolhimento e de aten\u00e7\u00e3o para com os irm\u00e3os, encorajo as par\u00f3quias e todas as outras comunidades a intensificar na Quaresma a pr\u00e1tica do jejum pessoal e comunit\u00e1rio, cultivando de igual modo a escuta da Palavra de Deus, a ora\u00e7\u00e3o e a esmola. Foi este, desde o in\u00edcio o estilo da comunidade crist\u00e3, na qual eram feitas colectas especiais (cf. 2 Cor 8-9; Rm 15, 25-27), e os irm\u00e3os eram convidados a dar aos pobres quanto, gra\u00e7as ao jejum, tinham poupado (cf. Didascalia Ap., V, 20, 18). Tamb\u00e9m hoje esta pr\u00e1tica deve ser redescoberta e encorajada, sobretudo durante o tempo lit\u00fargico quaresmal.<\/p>\n<p>De quanto disse sobressai com grande clareza que o jejum representa uma pr\u00e1tica asc\u00e9tica importante, uma arma espiritual para lutar contra qualquer eventual apego desordenado a n\u00f3s mesmos. Privar-se voluntariamente do prazer dos alimentos e de outros bens materiais, ajuda o disc\u00edpulo de Cristo a controlar os apetites da natureza fragilizada pela culpa da origem, cujos efeitos negativos atingem toda a personalidade humana. Exorta oportunamente um antigo hino lit\u00fargico quaresmal: &#8220;Utamur ergo parcius, \/ verbis, cibis et potibus, \/ somno, iocis et arcitius \/ perstemus in custodia \u2013 Usemos de modo mais s\u00f3brio palavras, alimentos, bebidas, sono e jogos, e permane\u00e7amos mais atentamente vigilantes&#8221;.<\/p>\n<p>Queridos irm\u00e3os e irm\u00e3os, considerando bem, o jejum tem como sua finalidade \u00faltima ajudar cada um de n\u00f3s, como escrevia o Servo de Deus Papa Jo\u00e3o Paulo II, a fazer dom total de si a Deus (cf. Enc. Veritatis splendor, 21). A Quaresma seja portanto valorizada em cada fam\u00edlia e em cada comunidade crist\u00e3 para afastar tudo o que distrai o esp\u00edrito e para intensificar o que alimenta a alma abrindo-a ao amor de Deus e do pr\u00f3ximo. Penso em particular num maior compromisso na ora\u00e7\u00e3o, na lectio divina, no recurso ao Sacramento da Reconcilia\u00e7\u00e3o e na participa\u00e7\u00e3o activa na Eucaristia, sobretudo na Santa Missa dominical. Com esta disposi\u00e7\u00e3o interior entremos no clima penitencial da Quaresma.<\/p>\n<p>Acompanhe-nos a Bem-Aventurada Virgem Maria, Causa nostrae laetitiae, e ampare-nos no sfor\u00e7o de libertar o nosso cora\u00e7\u00e3o da escravid\u00e3o do pecado para o tornar cada vez mais &#8220;tabern\u00e1culo vivo de Deus&#8221;. Com estes votos, ao garantir a minha ora\u00e7\u00e3o para que cada crente e comunidade eclesial percorra um proveitoso itiner\u00e1rio quaresmal, concedo de cora\u00e7\u00e3o a todos a B\u00ean\u00e7\u00e3o Apost\u00f3lica.<\/p>\n<p>Vaticano, 11 de Dezembro de 2008.<\/p>\n<div id=\"themify_builder_content-1727\" data-postid=\"1727\" class=\"themify_builder_content themify_builder_content-1727 themify_builder themify_builder_front\">\n\t<\/div>\n<!-- \/themify_builder_content -->","protected":false},"excerpt":{"rendered":"<p>Queridos irm\u00e3os e irm\u00e3s! No in\u00edcio da Quaresma, que constitui um caminho de treino espiritual mais intenso, a Liturgia prop\u00f5e-nos tr\u00eas pr\u00e1ticas penitenciais muito queridas \u00e0 tradi\u00e7\u00e3o b\u00edblica e crist\u00e3 \u2013 a ora\u00e7\u00e3o, a esmola, o jejum \u2013 a fim de nos predispormos para celebrar melhor a P\u00e1scoa e deste modo fazer experi\u00eancia do poder [&hellip;]<\/p>\n","protected":false},"author":5,"featured_media":0,"comment_status":"open","ping_status":"open","sticky":false,"template":"","format":"standard","meta":{"ngg_post_thumbnail":0,"footnotes":""},"categories":[8],"tags":[228,157,227],"yoast_head":"<!-- This site is optimized with the Yoast SEO plugin v23.5 - https:\/\/yoast.com\/wordpress\/plugins\/seo\/ -->\n<title>Mensagem do Papa para a Quaresma - O Arcanjo no ar<\/title>\n<meta name=\"robots\" content=\"index, follow, max-snippet:-1, max-image-preview:large, max-video-preview:-1\" \/>\n<link rel=\"canonical\" href=\"https:\/\/www.oarcanjo.net\/site\/mensagem-do-papa-para-a-quaresma\/\" \/>\n<meta property=\"og:locale\" content=\"pt_BR\" \/>\n<meta property=\"og:type\" content=\"article\" \/>\n<meta property=\"og:title\" content=\"Mensagem do Papa para a Quaresma - O Arcanjo no ar\" \/>\n<meta property=\"og:description\" content=\"Queridos irm\u00e3os e irm\u00e3s! No in\u00edcio da Quaresma, que constitui um caminho de treino espiritual mais intenso, a Liturgia prop\u00f5e-nos tr\u00eas pr\u00e1ticas penitenciais muito queridas \u00e0 tradi\u00e7\u00e3o b\u00edblica e crist\u00e3 \u2013 a ora\u00e7\u00e3o, a esmola, o jejum \u2013 a fim de nos predispormos para celebrar melhor a P\u00e1scoa e deste modo fazer experi\u00eancia do poder [&hellip;]\" \/>\n<meta property=\"og:url\" content=\"https:\/\/www.oarcanjo.net\/site\/mensagem-do-papa-para-a-quaresma\/\" \/>\n<meta property=\"og:site_name\" content=\"O Arcanjo no ar\" \/>\n<meta property=\"article:publisher\" content=\"https:\/\/www.facebook.com\/OArcanjoNoAr\/\" \/>\n<meta property=\"article:published_time\" content=\"2009-02-04T16:00:36+00:00\" \/>\n<meta property=\"article:modified_time\" content=\"2009-02-04T01:41:53+00:00\" \/>\n<meta property=\"og:image\" content=\"https:\/\/www.oarcanjo.net\/site\/wp-content\/uploads\/logo-o-arcanjo-no-ar-facebook.png\" \/>\n\t<meta property=\"og:image:width\" content=\"300\" \/>\n\t<meta property=\"og:image:height\" content=\"300\" \/>\n\t<meta property=\"og:image:type\" content=\"image\/png\" \/>\n<meta name=\"author\" content=\"editor\" \/>\n<meta name=\"twitter:card\" content=\"summary_large_image\" \/>\n<meta name=\"twitter:label1\" content=\"Escrito por\" \/>\n\t<meta name=\"twitter:data1\" content=\"editor\" \/>\n\t<meta name=\"twitter:label2\" content=\"Est. tempo de leitura\" \/>\n\t<meta name=\"twitter:data2\" content=\"9 minutos\" \/>\n<script type=\"application\/ld+json\" class=\"yoast-schema-graph\">{\"@context\":\"https:\/\/schema.org\",\"@graph\":[{\"@type\":\"Article\",\"@id\":\"https:\/\/www.oarcanjo.net\/site\/mensagem-do-papa-para-a-quaresma\/#article\",\"isPartOf\":{\"@id\":\"https:\/\/www.oarcanjo.net\/site\/mensagem-do-papa-para-a-quaresma\/\"},\"author\":{\"name\":\"editor\",\"@id\":\"https:\/\/www.oarcanjo.net\/site\/#\/schema\/person\/f7024d007863202483a31326673a0838\"},\"headline\":\"Mensagem do Papa para a Quaresma\",\"datePublished\":\"2009-02-04T16:00:36+00:00\",\"dateModified\":\"2009-02-04T01:41:53+00:00\",\"mainEntityOfPage\":{\"@id\":\"https:\/\/www.oarcanjo.net\/site\/mensagem-do-papa-para-a-quaresma\/\"},\"wordCount\":1712,\"commentCount\":0,\"publisher\":{\"@id\":\"https:\/\/www.oarcanjo.net\/site\/#organization\"},\"keywords\":[\"jejum\",\"papa\",\"Quaresma\"],\"articleSection\":[\"Not\u00edcias\"],\"inLanguage\":\"pt-BR\",\"potentialAction\":[{\"@type\":\"CommentAction\",\"name\":\"Comment\",\"target\":[\"https:\/\/www.oarcanjo.net\/site\/mensagem-do-papa-para-a-quaresma\/#respond\"]}]},{\"@type\":\"WebPage\",\"@id\":\"https:\/\/www.oarcanjo.net\/site\/mensagem-do-papa-para-a-quaresma\/\",\"url\":\"https:\/\/www.oarcanjo.net\/site\/mensagem-do-papa-para-a-quaresma\/\",\"name\":\"Mensagem do Papa para a Quaresma - O Arcanjo no ar\",\"isPartOf\":{\"@id\":\"https:\/\/www.oarcanjo.net\/site\/#website\"},\"datePublished\":\"2009-02-04T16:00:36+00:00\",\"dateModified\":\"2009-02-04T01:41:53+00:00\",\"breadcrumb\":{\"@id\":\"https:\/\/www.oarcanjo.net\/site\/mensagem-do-papa-para-a-quaresma\/#breadcrumb\"},\"inLanguage\":\"pt-BR\",\"potentialAction\":[{\"@type\":\"ReadAction\",\"target\":[\"https:\/\/www.oarcanjo.net\/site\/mensagem-do-papa-para-a-quaresma\/\"]}]},{\"@type\":\"BreadcrumbList\",\"@id\":\"https:\/\/www.oarcanjo.net\/site\/mensagem-do-papa-para-a-quaresma\/#breadcrumb\",\"itemListElement\":[{\"@type\":\"ListItem\",\"position\":1,\"name\":\"In\u00edcio\",\"item\":\"https:\/\/www.oarcanjo.net\/site\/\"},{\"@type\":\"ListItem\",\"position\":2,\"name\":\"Mensagem do Papa para a Quaresma\"}]},{\"@type\":\"WebSite\",\"@id\":\"https:\/\/www.oarcanjo.net\/site\/#website\",\"url\":\"https:\/\/www.oarcanjo.net\/site\/\",\"name\":\"O Arcanjo no ar\",\"description\":\"Site da Par\u00f3quia S\u00e3o Miguel Arcanjo (Arquidiocese de SP)\",\"publisher\":{\"@id\":\"https:\/\/www.oarcanjo.net\/site\/#organization\"},\"potentialAction\":[{\"@type\":\"SearchAction\",\"target\":{\"@type\":\"EntryPoint\",\"urlTemplate\":\"https:\/\/www.oarcanjo.net\/site\/?s={search_term_string}\"},\"query-input\":{\"@type\":\"PropertyValueSpecification\",\"valueRequired\":true,\"valueName\":\"search_term_string\"}}],\"inLanguage\":\"pt-BR\"},{\"@type\":\"Organization\",\"@id\":\"https:\/\/www.oarcanjo.net\/site\/#organization\",\"name\":\"Par\u00f3quia S\u00e3o Miguel Arcanjo\",\"url\":\"https:\/\/www.oarcanjo.net\/site\/\",\"logo\":{\"@type\":\"ImageObject\",\"inLanguage\":\"pt-BR\",\"@id\":\"https:\/\/www.oarcanjo.net\/site\/#\/schema\/logo\/image\/\",\"url\":\"https:\/\/www.oarcanjo.net\/site\/wp-content\/uploads\/LogoOArcanjo.png\",\"contentUrl\":\"https:\/\/www.oarcanjo.net\/site\/wp-content\/uploads\/LogoOArcanjo.png\",\"width\":319,\"height\":99,\"caption\":\"Par\u00f3quia S\u00e3o Miguel Arcanjo\"},\"image\":{\"@id\":\"https:\/\/www.oarcanjo.net\/site\/#\/schema\/logo\/image\/\"},\"sameAs\":[\"https:\/\/www.facebook.com\/OArcanjoNoAr\/\"]},{\"@type\":\"Person\",\"@id\":\"https:\/\/www.oarcanjo.net\/site\/#\/schema\/person\/f7024d007863202483a31326673a0838\",\"name\":\"editor\",\"sameAs\":[\"http:\/\/www.oarcanjo.net\"]}]}<\/script>\n<!-- \/ Yoast SEO plugin. -->","yoast_head_json":{"title":"Mensagem do Papa para a Quaresma - O Arcanjo no ar","robots":{"index":"index","follow":"follow","max-snippet":"max-snippet:-1","max-image-preview":"max-image-preview:large","max-video-preview":"max-video-preview:-1"},"canonical":"https:\/\/www.oarcanjo.net\/site\/mensagem-do-papa-para-a-quaresma\/","og_locale":"pt_BR","og_type":"article","og_title":"Mensagem do Papa para a Quaresma - O Arcanjo no ar","og_description":"Queridos irm\u00e3os e irm\u00e3s! No in\u00edcio da Quaresma, que constitui um caminho de treino espiritual mais intenso, a Liturgia prop\u00f5e-nos tr\u00eas pr\u00e1ticas penitenciais muito queridas \u00e0 tradi\u00e7\u00e3o b\u00edblica e crist\u00e3 \u2013 a ora\u00e7\u00e3o, a esmola, o jejum \u2013 a fim de nos predispormos para celebrar melhor a P\u00e1scoa e deste modo fazer experi\u00eancia do poder [&hellip;]","og_url":"https:\/\/www.oarcanjo.net\/site\/mensagem-do-papa-para-a-quaresma\/","og_site_name":"O Arcanjo no ar","article_publisher":"https:\/\/www.facebook.com\/OArcanjoNoAr\/","article_published_time":"2009-02-04T16:00:36+00:00","article_modified_time":"2009-02-04T01:41:53+00:00","og_image":[{"width":300,"height":300,"url":"https:\/\/www.oarcanjo.net\/site\/wp-content\/uploads\/logo-o-arcanjo-no-ar-facebook.png","type":"image\/png"}],"author":"editor","twitter_card":"summary_large_image","twitter_misc":{"Escrito por":"editor","Est. tempo de leitura":"9 minutos"},"schema":{"@context":"https:\/\/schema.org","@graph":[{"@type":"Article","@id":"https:\/\/www.oarcanjo.net\/site\/mensagem-do-papa-para-a-quaresma\/#article","isPartOf":{"@id":"https:\/\/www.oarcanjo.net\/site\/mensagem-do-papa-para-a-quaresma\/"},"author":{"name":"editor","@id":"https:\/\/www.oarcanjo.net\/site\/#\/schema\/person\/f7024d007863202483a31326673a0838"},"headline":"Mensagem do Papa para a Quaresma","datePublished":"2009-02-04T16:00:36+00:00","dateModified":"2009-02-04T01:41:53+00:00","mainEntityOfPage":{"@id":"https:\/\/www.oarcanjo.net\/site\/mensagem-do-papa-para-a-quaresma\/"},"wordCount":1712,"commentCount":0,"publisher":{"@id":"https:\/\/www.oarcanjo.net\/site\/#organization"},"keywords":["jejum","papa","Quaresma"],"articleSection":["Not\u00edcias"],"inLanguage":"pt-BR","potentialAction":[{"@type":"CommentAction","name":"Comment","target":["https:\/\/www.oarcanjo.net\/site\/mensagem-do-papa-para-a-quaresma\/#respond"]}]},{"@type":"WebPage","@id":"https:\/\/www.oarcanjo.net\/site\/mensagem-do-papa-para-a-quaresma\/","url":"https:\/\/www.oarcanjo.net\/site\/mensagem-do-papa-para-a-quaresma\/","name":"Mensagem do Papa para a Quaresma - O Arcanjo no ar","isPartOf":{"@id":"https:\/\/www.oarcanjo.net\/site\/#website"},"datePublished":"2009-02-04T16:00:36+00:00","dateModified":"2009-02-04T01:41:53+00:00","breadcrumb":{"@id":"https:\/\/www.oarcanjo.net\/site\/mensagem-do-papa-para-a-quaresma\/#breadcrumb"},"inLanguage":"pt-BR","potentialAction":[{"@type":"ReadAction","target":["https:\/\/www.oarcanjo.net\/site\/mensagem-do-papa-para-a-quaresma\/"]}]},{"@type":"BreadcrumbList","@id":"https:\/\/www.oarcanjo.net\/site\/mensagem-do-papa-para-a-quaresma\/#breadcrumb","itemListElement":[{"@type":"ListItem","position":1,"name":"In\u00edcio","item":"https:\/\/www.oarcanjo.net\/site\/"},{"@type":"ListItem","position":2,"name":"Mensagem do Papa para a Quaresma"}]},{"@type":"WebSite","@id":"https:\/\/www.oarcanjo.net\/site\/#website","url":"https:\/\/www.oarcanjo.net\/site\/","name":"O Arcanjo no ar","description":"Site da Par\u00f3quia S\u00e3o Miguel Arcanjo (Arquidiocese de SP)","publisher":{"@id":"https:\/\/www.oarcanjo.net\/site\/#organization"},"potentialAction":[{"@type":"SearchAction","target":{"@type":"EntryPoint","urlTemplate":"https:\/\/www.oarcanjo.net\/site\/?s={search_term_string}"},"query-input":{"@type":"PropertyValueSpecification","valueRequired":true,"valueName":"search_term_string"}}],"inLanguage":"pt-BR"},{"@type":"Organization","@id":"https:\/\/www.oarcanjo.net\/site\/#organization","name":"Par\u00f3quia S\u00e3o Miguel Arcanjo","url":"https:\/\/www.oarcanjo.net\/site\/","logo":{"@type":"ImageObject","inLanguage":"pt-BR","@id":"https:\/\/www.oarcanjo.net\/site\/#\/schema\/logo\/image\/","url":"https:\/\/www.oarcanjo.net\/site\/wp-content\/uploads\/LogoOArcanjo.png","contentUrl":"https:\/\/www.oarcanjo.net\/site\/wp-content\/uploads\/LogoOArcanjo.png","width":319,"height":99,"caption":"Par\u00f3quia S\u00e3o Miguel Arcanjo"},"image":{"@id":"https:\/\/www.oarcanjo.net\/site\/#\/schema\/logo\/image\/"},"sameAs":["https:\/\/www.facebook.com\/OArcanjoNoAr\/"]},{"@type":"Person","@id":"https:\/\/www.oarcanjo.net\/site\/#\/schema\/person\/f7024d007863202483a31326673a0838","name":"editor","sameAs":["http:\/\/www.oarcanjo.net"]}]}},"publishpress_future_action":{"enabled":false,"date":"2026-05-08 18:06:59","action":"category","newStatus":"draft","terms":[],"taxonomy":"category"},"publishpress_future_workflow_manual_trigger":{"enabledWorkflows":[]},"_links":{"self":[{"href":"https:\/\/www.oarcanjo.net\/site\/wp-json\/wp\/v2\/posts\/1727"}],"collection":[{"href":"https:\/\/www.oarcanjo.net\/site\/wp-json\/wp\/v2\/posts"}],"about":[{"href":"https:\/\/www.oarcanjo.net\/site\/wp-json\/wp\/v2\/types\/post"}],"author":[{"embeddable":true,"href":"https:\/\/www.oarcanjo.net\/site\/wp-json\/wp\/v2\/users\/5"}],"replies":[{"embeddable":true,"href":"https:\/\/www.oarcanjo.net\/site\/wp-json\/wp\/v2\/comments?post=1727"}],"version-history":[{"count":0,"href":"https:\/\/www.oarcanjo.net\/site\/wp-json\/wp\/v2\/posts\/1727\/revisions"}],"wp:attachment":[{"href":"https:\/\/www.oarcanjo.net\/site\/wp-json\/wp\/v2\/media?parent=1727"}],"wp:term":[{"taxonomy":"category","embeddable":true,"href":"https:\/\/www.oarcanjo.net\/site\/wp-json\/wp\/v2\/categories?post=1727"},{"taxonomy":"post_tag","embeddable":true,"href":"https:\/\/www.oarcanjo.net\/site\/wp-json\/wp\/v2\/tags?post=1727"}],"curies":[{"name":"wp","href":"https:\/\/api.w.org\/{rel}","templated":true}]}}