
{"id":1729,"date":"2009-02-06T00:00:41","date_gmt":"2009-02-06T02:00:41","guid":{"rendered":"http:\/\/www.oarcanjo.net\/site\/?p=1729"},"modified":"2009-02-24T11:07:37","modified_gmt":"2009-02-24T14:07:37","slug":"a-paz-e-fruto-da-justica","status":"publish","type":"post","link":"https:\/\/www.oarcanjo.net\/site\/a-paz-e-fruto-da-justica\/","title":{"rendered":"A paz \u00e9 fruto da justi\u00e7a"},"content":{"rendered":"<p><object width=\"480\" height=\"385\"><param name=\"movie\" value=\"http:\/\/www.youtube.com\/v\/5WT8ian9HJA&#038;hl=pt-br&#038;fs=1&#038;color1=0xe1600f&#038;color2=0xfebd01\"><\/param><param name=\"allowFullScreen\" value=\"true\"><\/param><param name=\"allowscriptaccess\" value=\"always\"><\/param><embed src=\"http:\/\/www.youtube.com\/v\/5WT8ian9HJA&#038;hl=pt-br&#038;fs=1&#038;color1=0xe1600f&#038;color2=0xfebd01\" type=\"application\/x-shockwave-flash\" allowscriptaccess=\"always\" allowfullscreen=\"true\" width=\"480\" height=\"385\"><\/embed><\/object><\/p>\n<p>D. Dimas Lara Barbosa, secret\u00e1rio-geral da CNBB<\/p>\n<p><img loading=\"lazy\" decoding=\"async\" src=\"http:\/\/www.oarcanjo.net\/site\/wp-content\/uploads\/selocf2009.png\" alt=\"A paz \u00e9 fruto da justi\u00e7a\" title=\"Campanha da Fraternidade 2009\" width=\"120\" height=\"168\" class=\"size-full wp-image-1731\" align=\"right\" hspace=\"5\"\/>O TEMPO da Quaresma, a Igreja Cat\u00f3lica prop\u00f5e a seus fi\u00e9is que seja marcado por um esfor\u00e7o pessoal e comunit\u00e1rio de convers\u00e3o, em vista da supera\u00e7\u00e3o do pecado e de uma melhor viv\u00eancia do sacramento do batismo. Isso significa dar passos concretos no sentido de uma uni\u00e3o cada vez mais perfeita \u00e0 pessoa de Jesus Cristo, assumindo os valores por ele pregados.<\/p>\n<p>Com vistas a uma melhor viv\u00eancia da dimens\u00e3o comunit\u00e1ria da convers\u00e3o, a CNBB (Confer\u00eancia Nacional dos Bispos do Brasil) realiza todos os anos a Campanha da Fraternidade, que tem como objetivos permanentes: despertar o esp\u00edrito comunit\u00e1rio no povo de Deus, comprometendo, em particular, os crist\u00e3os na busca do bem comum; educar para a vida em fraternidade, a partir da justi\u00e7a e do amor, exig\u00eancia central do Evangelho; e renovar a consci\u00eancia da responsabilidade de todos pela a\u00e7\u00e3o da igreja na evangeliza\u00e7\u00e3o, na promo\u00e7\u00e3o humana, em vista de uma sociedade justa e solid\u00e1ria.<\/p>\n<p>Cada Campanha da Fraternidade gira em torno de um tema e de um lema que, desenvolvidos em diversos tipos de subs\u00eddios (c\u00edrculos b\u00edblicos, celebra\u00e7\u00f5es penitenciais, encontros para fam\u00edlias, encontros para jovens, encontros nas escolas, roteiros para homilias, dentre outros), tornam-se refer\u00eancia para a an\u00e1lise da realidade concreta em que se vive, julgada \u00e0 luz da palavra de Deus, al\u00e9m de apresentar pistas concretas para a a\u00e7\u00e3o.<\/p>\n<p>Para este ano de 2009, o tema proposto \u00e9 &#8220;Fraternidade e Seguran\u00e7a P\u00fablica&#8221;, e o lema, &#8220;A Paz \u00e9 Fruto da Justi\u00e7a (Is 32,17)&#8221;.<\/p>\n<p>De fato, diariamente, chegam de todos os cantos do pa\u00eds not\u00edcias de injusti\u00e7as e viol\u00eancias as mais diversas.<\/p>\n<p>Nossa sociedade se torna cada vez mais insegura, e a conviv\u00eancia entre as pessoas \u00e9 cada vez mais dif\u00edcil e delicada. A CNBB quer contribuir para que esse processo seja revertido por meio da for\u00e7a transformadora do Evangelho.<\/p>\n<p>O objetivo geral da Campanha da Fraternidade de 2009 \u00e9 suscitar o debate sobre a seguran\u00e7a p\u00fablica e contribuir para a promo\u00e7\u00e3o da cultura da paz nas pessoas, nas fam\u00edlias, na comunidade e na sociedade.<\/p>\n<p>A paz buscada nessa campanha \u00e9 a paz positiva, orientada por valores humanos, como a solidariedade, a fraternidade, o respeito ao &#8220;outro&#8221; e a media\u00e7\u00e3o pac\u00edfica dos conflitos, e n\u00e3o a paz negativa, orientada pelo uso da for\u00e7a das armas, a intoler\u00e2ncia com os &#8220;diferentes&#8221; e tendo como foco os bens materiais.<\/p>\n<p>Para que isso seja poss\u00edvel, alguns passos s\u00e3o necess\u00e1rios. O primeiro deles \u00e9 desenvolver nas pessoas a capacidade de reconhecer a viol\u00eancia em sua realidade pessoal e social para que assumam a pr\u00f3pria responsabilidade diante dela.<\/p>\n<p>O exerc\u00edcio da cidadania tamb\u00e9m \u00e9 importante. Da\u00ed a necessidade de favorecer a cria\u00e7\u00e3o e a articula\u00e7\u00e3o de redes sociais populares e de pol\u00edticas p\u00fablicas, desenvolver a\u00e7\u00f5es que visem \u00e0 supera\u00e7\u00e3o das causas e dos fatores da inseguran\u00e7a, despertar o agir solid\u00e1rio para com as v\u00edtimas da viol\u00eancia e apoiar as pol\u00edticas governamentais valorizadoras dos direitos humanos.<\/p>\n<p>O caminho para a supera\u00e7\u00e3o da inseguran\u00e7a passa, assim, pelo cultivo da cultura da paz, que supera a vis\u00e3o de guerra, segundo a qual viol\u00eancia se vence com viol\u00eancia.<\/p>\n<p>A cultura da paz exige novos crit\u00e9rios para o relacionamento humano:<\/p>\n<p>a viv\u00eancia da n\u00e3o-viol\u00eancia ativa, a supera\u00e7\u00e3o da vingan\u00e7a, a gratuidade, o perd\u00e3o e a miseric\u00f3rdia. A prioridade tem que ser o valor da pessoa humana e sua dignidade.<\/p>\n<div id=\"themify_builder_content-1729\" data-postid=\"1729\" class=\"themify_builder_content themify_builder_content-1729 themify_builder themify_builder_front\">\n\t<\/div>\n<!-- \/themify_builder_content -->","protected":false},"excerpt":{"rendered":"<p>D. Dimas Lara Barbosa, secret\u00e1rio-geral da CNBB O TEMPO da Quaresma, a Igreja Cat\u00f3lica prop\u00f5e a seus fi\u00e9is que seja marcado por um esfor\u00e7o pessoal e comunit\u00e1rio de convers\u00e3o, em vista da supera\u00e7\u00e3o do pecado e de uma melhor viv\u00eancia do sacramento do batismo. Isso significa dar passos concretos no sentido de uma uni\u00e3o cada [&hellip;]<\/p>\n","protected":false},"author":5,"featured_media":0,"comment_status":"open","ping_status":"open","sticky":false,"template":"","format":"standard","meta":{"ngg_post_thumbnail":0,"footnotes":""},"categories":[241,8,280],"tags":[229,230,167,231,20],"yoast_head":"<!-- This site is optimized with the Yoast SEO plugin v23.5 - https:\/\/yoast.com\/wordpress\/plugins\/seo\/ -->\n<title>A paz \u00e9 fruto da justi\u00e7a - O Arcanjo no ar<\/title>\n<meta name=\"robots\" content=\"index, follow, max-snippet:-1, max-image-preview:large, max-video-preview:-1\" \/>\n<link rel=\"canonical\" href=\"https:\/\/www.oarcanjo.net\/site\/a-paz-e-fruto-da-justica\/\" \/>\n<meta property=\"og:locale\" content=\"pt_BR\" \/>\n<meta property=\"og:type\" content=\"article\" \/>\n<meta property=\"og:title\" content=\"A paz \u00e9 fruto da justi\u00e7a - O Arcanjo no ar\" \/>\n<meta property=\"og:description\" content=\"D. Dimas Lara Barbosa, secret\u00e1rio-geral da CNBB O TEMPO da Quaresma, a Igreja Cat\u00f3lica prop\u00f5e a seus fi\u00e9is que seja marcado por um esfor\u00e7o pessoal e comunit\u00e1rio de convers\u00e3o, em vista da supera\u00e7\u00e3o do pecado e de uma melhor viv\u00eancia do sacramento do batismo. Isso significa dar passos concretos no sentido de uma uni\u00e3o cada [&hellip;]\" \/>\n<meta property=\"og:url\" content=\"https:\/\/www.oarcanjo.net\/site\/a-paz-e-fruto-da-justica\/\" \/>\n<meta property=\"og:site_name\" content=\"O Arcanjo no ar\" \/>\n<meta property=\"article:publisher\" content=\"https:\/\/www.facebook.com\/OArcanjoNoAr\/\" \/>\n<meta property=\"article:published_time\" content=\"2009-02-06T02:00:41+00:00\" \/>\n<meta property=\"article:modified_time\" content=\"2009-02-24T14:07:37+00:00\" \/>\n<meta property=\"og:image\" content=\"http:\/\/www.oarcanjo.net\/site\/wp-content\/uploads\/selocf2009.png\" \/>\n<meta name=\"author\" content=\"editor\" \/>\n<meta name=\"twitter:card\" content=\"summary_large_image\" \/>\n<meta name=\"twitter:label1\" content=\"Escrito por\" \/>\n\t<meta name=\"twitter:data1\" content=\"editor\" \/>\n\t<meta name=\"twitter:label2\" content=\"Est. tempo de leitura\" \/>\n\t<meta name=\"twitter:data2\" content=\"3 minutos\" \/>\n<script type=\"application\/ld+json\" class=\"yoast-schema-graph\">{\"@context\":\"https:\/\/schema.org\",\"@graph\":[{\"@type\":\"Article\",\"@id\":\"https:\/\/www.oarcanjo.net\/site\/a-paz-e-fruto-da-justica\/#article\",\"isPartOf\":{\"@id\":\"https:\/\/www.oarcanjo.net\/site\/a-paz-e-fruto-da-justica\/\"},\"author\":{\"name\":\"editor\",\"@id\":\"https:\/\/www.oarcanjo.net\/site\/#\/schema\/person\/f7024d007863202483a31326673a0838\"},\"headline\":\"A paz \u00e9 fruto da justi\u00e7a\",\"datePublished\":\"2009-02-06T02:00:41+00:00\",\"dateModified\":\"2009-02-24T14:07:37+00:00\",\"mainEntityOfPage\":{\"@id\":\"https:\/\/www.oarcanjo.net\/site\/a-paz-e-fruto-da-justica\/\"},\"wordCount\":633,\"commentCount\":4,\"publisher\":{\"@id\":\"https:\/\/www.oarcanjo.net\/site\/#organization\"},\"image\":{\"@id\":\"https:\/\/www.oarcanjo.net\/site\/a-paz-e-fruto-da-justica\/#primaryimage\"},\"thumbnailUrl\":\"http:\/\/www.oarcanjo.net\/site\/wp-content\/uploads\/selocf2009.png\",\"keywords\":[\"Campanha da Fraternidade\",\"justi\u00e7a\",\"paz\",\"seguran\u00e7a\",\"viol\u00eancia\"],\"articleSection\":[\"CF\",\"Not\u00edcias\",\"V\u00eddeos\"],\"inLanguage\":\"pt-BR\",\"potentialAction\":[{\"@type\":\"CommentAction\",\"name\":\"Comment\",\"target\":[\"https:\/\/www.oarcanjo.net\/site\/a-paz-e-fruto-da-justica\/#respond\"]}]},{\"@type\":\"WebPage\",\"@id\":\"https:\/\/www.oarcanjo.net\/site\/a-paz-e-fruto-da-justica\/\",\"url\":\"https:\/\/www.oarcanjo.net\/site\/a-paz-e-fruto-da-justica\/\",\"name\":\"A paz \u00e9 fruto da justi\u00e7a - O Arcanjo no ar\",\"isPartOf\":{\"@id\":\"https:\/\/www.oarcanjo.net\/site\/#website\"},\"primaryImageOfPage\":{\"@id\":\"https:\/\/www.oarcanjo.net\/site\/a-paz-e-fruto-da-justica\/#primaryimage\"},\"image\":{\"@id\":\"https:\/\/www.oarcanjo.net\/site\/a-paz-e-fruto-da-justica\/#primaryimage\"},\"thumbnailUrl\":\"http:\/\/www.oarcanjo.net\/site\/wp-content\/uploads\/selocf2009.png\",\"datePublished\":\"2009-02-06T02:00:41+00:00\",\"dateModified\":\"2009-02-24T14:07:37+00:00\",\"breadcrumb\":{\"@id\":\"https:\/\/www.oarcanjo.net\/site\/a-paz-e-fruto-da-justica\/#breadcrumb\"},\"inLanguage\":\"pt-BR\",\"potentialAction\":[{\"@type\":\"ReadAction\",\"target\":[\"https:\/\/www.oarcanjo.net\/site\/a-paz-e-fruto-da-justica\/\"]}]},{\"@type\":\"ImageObject\",\"inLanguage\":\"pt-BR\",\"@id\":\"https:\/\/www.oarcanjo.net\/site\/a-paz-e-fruto-da-justica\/#primaryimage\",\"url\":\"https:\/\/www.oarcanjo.net\/site\/wp-content\/uploads\/selocf2009.png\",\"contentUrl\":\"https:\/\/www.oarcanjo.net\/site\/wp-content\/uploads\/selocf2009.png\",\"width\":120,\"height\":168,\"caption\":\"A paz \u00e9 fruto da justi\u00e7a\"},{\"@type\":\"BreadcrumbList\",\"@id\":\"https:\/\/www.oarcanjo.net\/site\/a-paz-e-fruto-da-justica\/#breadcrumb\",\"itemListElement\":[{\"@type\":\"ListItem\",\"position\":1,\"name\":\"In\u00edcio\",\"item\":\"https:\/\/www.oarcanjo.net\/site\/\"},{\"@type\":\"ListItem\",\"position\":2,\"name\":\"A paz \u00e9 fruto da justi\u00e7a\"}]},{\"@type\":\"WebSite\",\"@id\":\"https:\/\/www.oarcanjo.net\/site\/#website\",\"url\":\"https:\/\/www.oarcanjo.net\/site\/\",\"name\":\"O Arcanjo no ar\",\"description\":\"Site da Par\u00f3quia S\u00e3o Miguel Arcanjo (Arquidiocese de SP)\",\"publisher\":{\"@id\":\"https:\/\/www.oarcanjo.net\/site\/#organization\"},\"potentialAction\":[{\"@type\":\"SearchAction\",\"target\":{\"@type\":\"EntryPoint\",\"urlTemplate\":\"https:\/\/www.oarcanjo.net\/site\/?s={search_term_string}\"},\"query-input\":{\"@type\":\"PropertyValueSpecification\",\"valueRequired\":true,\"valueName\":\"search_term_string\"}}],\"inLanguage\":\"pt-BR\"},{\"@type\":\"Organization\",\"@id\":\"https:\/\/www.oarcanjo.net\/site\/#organization\",\"name\":\"Par\u00f3quia S\u00e3o Miguel Arcanjo\",\"url\":\"https:\/\/www.oarcanjo.net\/site\/\",\"logo\":{\"@type\":\"ImageObject\",\"inLanguage\":\"pt-BR\",\"@id\":\"https:\/\/www.oarcanjo.net\/site\/#\/schema\/logo\/image\/\",\"url\":\"https:\/\/www.oarcanjo.net\/site\/wp-content\/uploads\/LogoOArcanjo.png\",\"contentUrl\":\"https:\/\/www.oarcanjo.net\/site\/wp-content\/uploads\/LogoOArcanjo.png\",\"width\":319,\"height\":99,\"caption\":\"Par\u00f3quia S\u00e3o Miguel Arcanjo\"},\"image\":{\"@id\":\"https:\/\/www.oarcanjo.net\/site\/#\/schema\/logo\/image\/\"},\"sameAs\":[\"https:\/\/www.facebook.com\/OArcanjoNoAr\/\"]},{\"@type\":\"Person\",\"@id\":\"https:\/\/www.oarcanjo.net\/site\/#\/schema\/person\/f7024d007863202483a31326673a0838\",\"name\":\"editor\",\"sameAs\":[\"http:\/\/www.oarcanjo.net\"]}]}<\/script>\n<!-- \/ Yoast SEO plugin. -->","yoast_head_json":{"title":"A paz \u00e9 fruto da justi\u00e7a - O Arcanjo no ar","robots":{"index":"index","follow":"follow","max-snippet":"max-snippet:-1","max-image-preview":"max-image-preview:large","max-video-preview":"max-video-preview:-1"},"canonical":"https:\/\/www.oarcanjo.net\/site\/a-paz-e-fruto-da-justica\/","og_locale":"pt_BR","og_type":"article","og_title":"A paz \u00e9 fruto da justi\u00e7a - O Arcanjo no ar","og_description":"D. Dimas Lara Barbosa, secret\u00e1rio-geral da CNBB O TEMPO da Quaresma, a Igreja Cat\u00f3lica prop\u00f5e a seus fi\u00e9is que seja marcado por um esfor\u00e7o pessoal e comunit\u00e1rio de convers\u00e3o, em vista da supera\u00e7\u00e3o do pecado e de uma melhor viv\u00eancia do sacramento do batismo. Isso significa dar passos concretos no sentido de uma uni\u00e3o cada [&hellip;]","og_url":"https:\/\/www.oarcanjo.net\/site\/a-paz-e-fruto-da-justica\/","og_site_name":"O Arcanjo no ar","article_publisher":"https:\/\/www.facebook.com\/OArcanjoNoAr\/","article_published_time":"2009-02-06T02:00:41+00:00","article_modified_time":"2009-02-24T14:07:37+00:00","og_image":[{"url":"http:\/\/www.oarcanjo.net\/site\/wp-content\/uploads\/selocf2009.png"}],"author":"editor","twitter_card":"summary_large_image","twitter_misc":{"Escrito por":"editor","Est. tempo de leitura":"3 minutos"},"schema":{"@context":"https:\/\/schema.org","@graph":[{"@type":"Article","@id":"https:\/\/www.oarcanjo.net\/site\/a-paz-e-fruto-da-justica\/#article","isPartOf":{"@id":"https:\/\/www.oarcanjo.net\/site\/a-paz-e-fruto-da-justica\/"},"author":{"name":"editor","@id":"https:\/\/www.oarcanjo.net\/site\/#\/schema\/person\/f7024d007863202483a31326673a0838"},"headline":"A paz \u00e9 fruto da justi\u00e7a","datePublished":"2009-02-06T02:00:41+00:00","dateModified":"2009-02-24T14:07:37+00:00","mainEntityOfPage":{"@id":"https:\/\/www.oarcanjo.net\/site\/a-paz-e-fruto-da-justica\/"},"wordCount":633,"commentCount":4,"publisher":{"@id":"https:\/\/www.oarcanjo.net\/site\/#organization"},"image":{"@id":"https:\/\/www.oarcanjo.net\/site\/a-paz-e-fruto-da-justica\/#primaryimage"},"thumbnailUrl":"http:\/\/www.oarcanjo.net\/site\/wp-content\/uploads\/selocf2009.png","keywords":["Campanha da Fraternidade","justi\u00e7a","paz","seguran\u00e7a","viol\u00eancia"],"articleSection":["CF","Not\u00edcias","V\u00eddeos"],"inLanguage":"pt-BR","potentialAction":[{"@type":"CommentAction","name":"Comment","target":["https:\/\/www.oarcanjo.net\/site\/a-paz-e-fruto-da-justica\/#respond"]}]},{"@type":"WebPage","@id":"https:\/\/www.oarcanjo.net\/site\/a-paz-e-fruto-da-justica\/","url":"https:\/\/www.oarcanjo.net\/site\/a-paz-e-fruto-da-justica\/","name":"A paz \u00e9 fruto da justi\u00e7a - O Arcanjo no ar","isPartOf":{"@id":"https:\/\/www.oarcanjo.net\/site\/#website"},"primaryImageOfPage":{"@id":"https:\/\/www.oarcanjo.net\/site\/a-paz-e-fruto-da-justica\/#primaryimage"},"image":{"@id":"https:\/\/www.oarcanjo.net\/site\/a-paz-e-fruto-da-justica\/#primaryimage"},"thumbnailUrl":"http:\/\/www.oarcanjo.net\/site\/wp-content\/uploads\/selocf2009.png","datePublished":"2009-02-06T02:00:41+00:00","dateModified":"2009-02-24T14:07:37+00:00","breadcrumb":{"@id":"https:\/\/www.oarcanjo.net\/site\/a-paz-e-fruto-da-justica\/#breadcrumb"},"inLanguage":"pt-BR","potentialAction":[{"@type":"ReadAction","target":["https:\/\/www.oarcanjo.net\/site\/a-paz-e-fruto-da-justica\/"]}]},{"@type":"ImageObject","inLanguage":"pt-BR","@id":"https:\/\/www.oarcanjo.net\/site\/a-paz-e-fruto-da-justica\/#primaryimage","url":"https:\/\/www.oarcanjo.net\/site\/wp-content\/uploads\/selocf2009.png","contentUrl":"https:\/\/www.oarcanjo.net\/site\/wp-content\/uploads\/selocf2009.png","width":120,"height":168,"caption":"A paz \u00e9 fruto da justi\u00e7a"},{"@type":"BreadcrumbList","@id":"https:\/\/www.oarcanjo.net\/site\/a-paz-e-fruto-da-justica\/#breadcrumb","itemListElement":[{"@type":"ListItem","position":1,"name":"In\u00edcio","item":"https:\/\/www.oarcanjo.net\/site\/"},{"@type":"ListItem","position":2,"name":"A paz \u00e9 fruto da justi\u00e7a"}]},{"@type":"WebSite","@id":"https:\/\/www.oarcanjo.net\/site\/#website","url":"https:\/\/www.oarcanjo.net\/site\/","name":"O Arcanjo no ar","description":"Site da Par\u00f3quia S\u00e3o Miguel Arcanjo (Arquidiocese de SP)","publisher":{"@id":"https:\/\/www.oarcanjo.net\/site\/#organization"},"potentialAction":[{"@type":"SearchAction","target":{"@type":"EntryPoint","urlTemplate":"https:\/\/www.oarcanjo.net\/site\/?s={search_term_string}"},"query-input":{"@type":"PropertyValueSpecification","valueRequired":true,"valueName":"search_term_string"}}],"inLanguage":"pt-BR"},{"@type":"Organization","@id":"https:\/\/www.oarcanjo.net\/site\/#organization","name":"Par\u00f3quia S\u00e3o Miguel Arcanjo","url":"https:\/\/www.oarcanjo.net\/site\/","logo":{"@type":"ImageObject","inLanguage":"pt-BR","@id":"https:\/\/www.oarcanjo.net\/site\/#\/schema\/logo\/image\/","url":"https:\/\/www.oarcanjo.net\/site\/wp-content\/uploads\/LogoOArcanjo.png","contentUrl":"https:\/\/www.oarcanjo.net\/site\/wp-content\/uploads\/LogoOArcanjo.png","width":319,"height":99,"caption":"Par\u00f3quia S\u00e3o Miguel Arcanjo"},"image":{"@id":"https:\/\/www.oarcanjo.net\/site\/#\/schema\/logo\/image\/"},"sameAs":["https:\/\/www.facebook.com\/OArcanjoNoAr\/"]},{"@type":"Person","@id":"https:\/\/www.oarcanjo.net\/site\/#\/schema\/person\/f7024d007863202483a31326673a0838","name":"editor","sameAs":["http:\/\/www.oarcanjo.net"]}]}},"publishpress_future_action":{"enabled":false,"date":"2026-05-08 18:00:56","action":"category","newStatus":"draft","terms":[],"taxonomy":"category"},"publishpress_future_workflow_manual_trigger":{"enabledWorkflows":[]},"_links":{"self":[{"href":"https:\/\/www.oarcanjo.net\/site\/wp-json\/wp\/v2\/posts\/1729"}],"collection":[{"href":"https:\/\/www.oarcanjo.net\/site\/wp-json\/wp\/v2\/posts"}],"about":[{"href":"https:\/\/www.oarcanjo.net\/site\/wp-json\/wp\/v2\/types\/post"}],"author":[{"embeddable":true,"href":"https:\/\/www.oarcanjo.net\/site\/wp-json\/wp\/v2\/users\/5"}],"replies":[{"embeddable":true,"href":"https:\/\/www.oarcanjo.net\/site\/wp-json\/wp\/v2\/comments?post=1729"}],"version-history":[{"count":0,"href":"https:\/\/www.oarcanjo.net\/site\/wp-json\/wp\/v2\/posts\/1729\/revisions"}],"wp:attachment":[{"href":"https:\/\/www.oarcanjo.net\/site\/wp-json\/wp\/v2\/media?parent=1729"}],"wp:term":[{"taxonomy":"category","embeddable":true,"href":"https:\/\/www.oarcanjo.net\/site\/wp-json\/wp\/v2\/categories?post=1729"},{"taxonomy":"post_tag","embeddable":true,"href":"https:\/\/www.oarcanjo.net\/site\/wp-json\/wp\/v2\/tags?post=1729"}],"curies":[{"name":"wp","href":"https:\/\/api.w.org\/{rel}","templated":true}]}}