
{"id":17326,"date":"2012-02-13T06:40:18","date_gmt":"2012-02-13T08:40:18","guid":{"rendered":"http:\/\/www.oarcanjo.net\/site\/?p=17326"},"modified":"2012-02-13T06:40:18","modified_gmt":"2012-02-13T08:40:18","slug":"videos-abertas-as-inscricoes-para-primeira-eucaristia-e-crisma","status":"publish","type":"post","link":"https:\/\/www.oarcanjo.net\/site\/videos-abertas-as-inscricoes-para-primeira-eucaristia-e-crisma\/","title":{"rendered":"V\u00cdDEOS: Abertas as inscri\u00e7\u00f5es para Primeira Eucaristia e Crisma"},"content":{"rendered":"<p>Est\u00e3o abertas as inscri\u00e7\u00f5es para Primeira Eucaristia e Crisma na igreja S\u00e3o Miguel Arcanjo. Os jovens crismandos v\u00e3o participar dos preparativos para a Jornada Mundial da Juventude, que deve reunir dois milh\u00f5es de pessoas no Rio em 2013 e contar\u00e1 com a presen\u00e7a do Papa Bento XVI. Nos avisos paroquiais da semana, o Pe. Julio lembrou tamb\u00e9m que dia 22 come\u00e7a a Campanha da Fraternidade, sobre sa\u00fade p\u00fablica:<\/p>\n<p><iframe loading=\"lazy\" frameborder=\"0\" height=\"315\" src=\"http:\/\/www.youtube.com\/embed\/v6f9D-IFcmc?rel=0\" width=\"560\"><\/iframe><\/p>\n<p>No final da missa de domingo, 12\/02\/2012, a comunidade cantou &#8220;Povo novo&#8221;, de Z\u00e9 Vicente:<\/p>\n<p><iframe loading=\"lazy\" frameborder=\"0\" height=\"315\" src=\"http:\/\/www.youtube.com\/embed\/k5YRFP6CUO4?rel=0\" width=\"560\"><\/iframe><\/p>\n<p>Letra da m\u00fasica &#8220;Povo novo&#8221;, de Z\u00e9 Vicente:<\/p>\n<p><em>Quando o espirito de Deus soprou,<br \/>\no mundo inteiro se iluminou.<br \/>\nA esperan\u00e7a na terra brotou<br \/>\ne o povo novo deu-se as m\u00e3os e caminhou&#8230;<\/em><\/p>\n<p><em>Lutar e crer, vencer a dor, louvar ao Criador!<br \/>\nJusti\u00e7a e Paz h\u00e3o de reinar e viva o amor!<\/p>\n<p>Quando Jesus a terra visitou, a Boa Nova da<br \/>\njusti\u00e7a anunciou: o gego viu, o surdo escutou<br \/>\ne os oprimidos das correntes libertou&#8230;<\/p>\n<p>Nosso poder esta na uni\u00e3o, o ,undo novo vem<br \/>\nde Deus e dos irm\u00e3os vamos lutando contra a<br \/>\ndivis\u00e3o e preparando a festa da liberta\u00e7\u00e3o!<\/p>\n<p><\/em><\/p>\n<p><em>Cidade e campo se transformaram, jovens<br \/>\nunidos na esperan\u00e7a girtar\u00e3o. A for\u00e7a nova<br \/>\n\u00e9 o poder do amor,nossa fraqueza \u00e9 for\u00e7a<br \/>\nem Deus libertador!<\/em><\/p>\n<div id=\"themify_builder_content-17326\" data-postid=\"17326\" class=\"themify_builder_content themify_builder_content-17326 themify_builder themify_builder_front\">\n\t<\/div>\n<!-- \/themify_builder_content -->","protected":false},"excerpt":{"rendered":"<p>Est\u00e3o abertas as inscri\u00e7\u00f5es para Primeira Eucaristia e Crisma na igreja S\u00e3o Miguel Arcanjo. Os jovens crismandos v\u00e3o participar dos preparativos para a Jornada Mundial da Juventude, que deve reunir dois milh\u00f5es de pessoas no Rio em 2013 e contar\u00e1 com a presen\u00e7a do Papa Bento XVI. Nos avisos paroquiais da semana, o Pe. Julio [&hellip;]<\/p>\n","protected":false},"author":5,"featured_media":0,"comment_status":"open","ping_status":"open","sticky":false,"template":"","format":"standard","meta":{"ngg_post_thumbnail":0,"footnotes":""},"categories":[476,8],"tags":[229,142,1937,1938,225,213,2170,554,580,2171],"yoast_head":"<!-- This site is optimized with the Yoast SEO plugin v23.5 - https:\/\/yoast.com\/wordpress\/plugins\/seo\/ -->\n<title>V\u00cdDEOS: Abertas as inscri\u00e7\u00f5es para Primeira Eucaristia e Crisma - O Arcanjo no ar<\/title>\n<meta name=\"robots\" content=\"index, follow, max-snippet:-1, max-image-preview:large, max-video-preview:-1\" \/>\n<link rel=\"canonical\" href=\"https:\/\/www.oarcanjo.net\/site\/videos-abertas-as-inscricoes-para-primeira-eucaristia-e-crisma\/\" \/>\n<meta property=\"og:locale\" content=\"pt_BR\" \/>\n<meta property=\"og:type\" content=\"article\" \/>\n<meta property=\"og:title\" content=\"V\u00cdDEOS: Abertas as inscri\u00e7\u00f5es para Primeira Eucaristia e Crisma - O Arcanjo no ar\" \/>\n<meta property=\"og:description\" content=\"Est\u00e3o abertas as inscri\u00e7\u00f5es para Primeira Eucaristia e Crisma na igreja S\u00e3o Miguel Arcanjo. Os jovens crismandos v\u00e3o participar dos preparativos para a Jornada Mundial da Juventude, que deve reunir dois milh\u00f5es de pessoas no Rio em 2013 e contar\u00e1 com a presen\u00e7a do Papa Bento XVI. Nos avisos paroquiais da semana, o Pe. Julio [&hellip;]\" \/>\n<meta property=\"og:url\" content=\"https:\/\/www.oarcanjo.net\/site\/videos-abertas-as-inscricoes-para-primeira-eucaristia-e-crisma\/\" \/>\n<meta property=\"og:site_name\" content=\"O Arcanjo no ar\" \/>\n<meta property=\"article:publisher\" content=\"https:\/\/www.facebook.com\/OArcanjoNoAr\/\" \/>\n<meta property=\"article:published_time\" content=\"2012-02-13T08:40:18+00:00\" \/>\n<meta property=\"og:image\" content=\"https:\/\/www.oarcanjo.net\/site\/wp-content\/uploads\/logo-o-arcanjo-no-ar-facebook.png\" \/>\n\t<meta property=\"og:image:width\" content=\"300\" \/>\n\t<meta property=\"og:image:height\" content=\"300\" \/>\n\t<meta property=\"og:image:type\" content=\"image\/png\" \/>\n<meta name=\"author\" content=\"editor\" \/>\n<meta name=\"twitter:card\" content=\"summary_large_image\" \/>\n<meta name=\"twitter:label1\" content=\"Escrito por\" \/>\n\t<meta name=\"twitter:data1\" content=\"editor\" \/>\n\t<meta name=\"twitter:label2\" content=\"Est. tempo de leitura\" \/>\n\t<meta name=\"twitter:data2\" content=\"1 minuto\" \/>\n<script type=\"application\/ld+json\" class=\"yoast-schema-graph\">{\"@context\":\"https:\/\/schema.org\",\"@graph\":[{\"@type\":\"Article\",\"@id\":\"https:\/\/www.oarcanjo.net\/site\/videos-abertas-as-inscricoes-para-primeira-eucaristia-e-crisma\/#article\",\"isPartOf\":{\"@id\":\"https:\/\/www.oarcanjo.net\/site\/videos-abertas-as-inscricoes-para-primeira-eucaristia-e-crisma\/\"},\"author\":{\"name\":\"editor\",\"@id\":\"https:\/\/www.oarcanjo.net\/site\/#\/schema\/person\/f7024d007863202483a31326673a0838\"},\"headline\":\"V\u00cdDEOS: Abertas as inscri\u00e7\u00f5es para Primeira Eucaristia e Crisma\",\"datePublished\":\"2012-02-13T08:40:18+00:00\",\"dateModified\":\"2012-02-13T08:40:18+00:00\",\"mainEntityOfPage\":{\"@id\":\"https:\/\/www.oarcanjo.net\/site\/videos-abertas-as-inscricoes-para-primeira-eucaristia-e-crisma\/\"},\"wordCount\":238,\"commentCount\":0,\"publisher\":{\"@id\":\"https:\/\/www.oarcanjo.net\/site\/#organization\"},\"keywords\":[\"Campanha da Fraternidade\",\"Crisma\",\"JMJ\",\"Jornada Mundial da Juventude\",\"juventude\",\"m\u00fasica\",\"Povo novo\",\"primeira eucaristia\",\"sa\u00fade p\u00fablica\",\"Z\u00e9 Vicente\"],\"articleSection\":[\"Avisos\",\"Not\u00edcias\"],\"inLanguage\":\"pt-BR\",\"potentialAction\":[{\"@type\":\"CommentAction\",\"name\":\"Comment\",\"target\":[\"https:\/\/www.oarcanjo.net\/site\/videos-abertas-as-inscricoes-para-primeira-eucaristia-e-crisma\/#respond\"]}]},{\"@type\":\"WebPage\",\"@id\":\"https:\/\/www.oarcanjo.net\/site\/videos-abertas-as-inscricoes-para-primeira-eucaristia-e-crisma\/\",\"url\":\"https:\/\/www.oarcanjo.net\/site\/videos-abertas-as-inscricoes-para-primeira-eucaristia-e-crisma\/\",\"name\":\"V\u00cdDEOS: Abertas as inscri\u00e7\u00f5es para Primeira Eucaristia e Crisma - O Arcanjo no ar\",\"isPartOf\":{\"@id\":\"https:\/\/www.oarcanjo.net\/site\/#website\"},\"datePublished\":\"2012-02-13T08:40:18+00:00\",\"dateModified\":\"2012-02-13T08:40:18+00:00\",\"breadcrumb\":{\"@id\":\"https:\/\/www.oarcanjo.net\/site\/videos-abertas-as-inscricoes-para-primeira-eucaristia-e-crisma\/#breadcrumb\"},\"inLanguage\":\"pt-BR\",\"potentialAction\":[{\"@type\":\"ReadAction\",\"target\":[\"https:\/\/www.oarcanjo.net\/site\/videos-abertas-as-inscricoes-para-primeira-eucaristia-e-crisma\/\"]}]},{\"@type\":\"BreadcrumbList\",\"@id\":\"https:\/\/www.oarcanjo.net\/site\/videos-abertas-as-inscricoes-para-primeira-eucaristia-e-crisma\/#breadcrumb\",\"itemListElement\":[{\"@type\":\"ListItem\",\"position\":1,\"name\":\"In\u00edcio\",\"item\":\"https:\/\/www.oarcanjo.net\/site\/\"},{\"@type\":\"ListItem\",\"position\":2,\"name\":\"V\u00cdDEOS: Abertas as inscri\u00e7\u00f5es para Primeira Eucaristia e Crisma\"}]},{\"@type\":\"WebSite\",\"@id\":\"https:\/\/www.oarcanjo.net\/site\/#website\",\"url\":\"https:\/\/www.oarcanjo.net\/site\/\",\"name\":\"O Arcanjo no ar\",\"description\":\"Site da Par\u00f3quia S\u00e3o Miguel Arcanjo (Arquidiocese de SP)\",\"publisher\":{\"@id\":\"https:\/\/www.oarcanjo.net\/site\/#organization\"},\"potentialAction\":[{\"@type\":\"SearchAction\",\"target\":{\"@type\":\"EntryPoint\",\"urlTemplate\":\"https:\/\/www.oarcanjo.net\/site\/?s={search_term_string}\"},\"query-input\":{\"@type\":\"PropertyValueSpecification\",\"valueRequired\":true,\"valueName\":\"search_term_string\"}}],\"inLanguage\":\"pt-BR\"},{\"@type\":\"Organization\",\"@id\":\"https:\/\/www.oarcanjo.net\/site\/#organization\",\"name\":\"Par\u00f3quia S\u00e3o Miguel Arcanjo\",\"url\":\"https:\/\/www.oarcanjo.net\/site\/\",\"logo\":{\"@type\":\"ImageObject\",\"inLanguage\":\"pt-BR\",\"@id\":\"https:\/\/www.oarcanjo.net\/site\/#\/schema\/logo\/image\/\",\"url\":\"https:\/\/www.oarcanjo.net\/site\/wp-content\/uploads\/LogoOArcanjo.png\",\"contentUrl\":\"https:\/\/www.oarcanjo.net\/site\/wp-content\/uploads\/LogoOArcanjo.png\",\"width\":319,\"height\":99,\"caption\":\"Par\u00f3quia S\u00e3o Miguel Arcanjo\"},\"image\":{\"@id\":\"https:\/\/www.oarcanjo.net\/site\/#\/schema\/logo\/image\/\"},\"sameAs\":[\"https:\/\/www.facebook.com\/OArcanjoNoAr\/\"]},{\"@type\":\"Person\",\"@id\":\"https:\/\/www.oarcanjo.net\/site\/#\/schema\/person\/f7024d007863202483a31326673a0838\",\"name\":\"editor\",\"sameAs\":[\"http:\/\/www.oarcanjo.net\"]}]}<\/script>\n<!-- \/ Yoast SEO plugin. -->","yoast_head_json":{"title":"V\u00cdDEOS: Abertas as inscri\u00e7\u00f5es para Primeira Eucaristia e Crisma - O Arcanjo no ar","robots":{"index":"index","follow":"follow","max-snippet":"max-snippet:-1","max-image-preview":"max-image-preview:large","max-video-preview":"max-video-preview:-1"},"canonical":"https:\/\/www.oarcanjo.net\/site\/videos-abertas-as-inscricoes-para-primeira-eucaristia-e-crisma\/","og_locale":"pt_BR","og_type":"article","og_title":"V\u00cdDEOS: Abertas as inscri\u00e7\u00f5es para Primeira Eucaristia e Crisma - O Arcanjo no ar","og_description":"Est\u00e3o abertas as inscri\u00e7\u00f5es para Primeira Eucaristia e Crisma na igreja S\u00e3o Miguel Arcanjo. Os jovens crismandos v\u00e3o participar dos preparativos para a Jornada Mundial da Juventude, que deve reunir dois milh\u00f5es de pessoas no Rio em 2013 e contar\u00e1 com a presen\u00e7a do Papa Bento XVI. Nos avisos paroquiais da semana, o Pe. Julio [&hellip;]","og_url":"https:\/\/www.oarcanjo.net\/site\/videos-abertas-as-inscricoes-para-primeira-eucaristia-e-crisma\/","og_site_name":"O Arcanjo no ar","article_publisher":"https:\/\/www.facebook.com\/OArcanjoNoAr\/","article_published_time":"2012-02-13T08:40:18+00:00","og_image":[{"width":300,"height":300,"url":"https:\/\/www.oarcanjo.net\/site\/wp-content\/uploads\/logo-o-arcanjo-no-ar-facebook.png","type":"image\/png"}],"author":"editor","twitter_card":"summary_large_image","twitter_misc":{"Escrito por":"editor","Est. tempo de leitura":"1 minuto"},"schema":{"@context":"https:\/\/schema.org","@graph":[{"@type":"Article","@id":"https:\/\/www.oarcanjo.net\/site\/videos-abertas-as-inscricoes-para-primeira-eucaristia-e-crisma\/#article","isPartOf":{"@id":"https:\/\/www.oarcanjo.net\/site\/videos-abertas-as-inscricoes-para-primeira-eucaristia-e-crisma\/"},"author":{"name":"editor","@id":"https:\/\/www.oarcanjo.net\/site\/#\/schema\/person\/f7024d007863202483a31326673a0838"},"headline":"V\u00cdDEOS: Abertas as inscri\u00e7\u00f5es para Primeira Eucaristia e Crisma","datePublished":"2012-02-13T08:40:18+00:00","dateModified":"2012-02-13T08:40:18+00:00","mainEntityOfPage":{"@id":"https:\/\/www.oarcanjo.net\/site\/videos-abertas-as-inscricoes-para-primeira-eucaristia-e-crisma\/"},"wordCount":238,"commentCount":0,"publisher":{"@id":"https:\/\/www.oarcanjo.net\/site\/#organization"},"keywords":["Campanha da Fraternidade","Crisma","JMJ","Jornada Mundial da Juventude","juventude","m\u00fasica","Povo novo","primeira eucaristia","sa\u00fade p\u00fablica","Z\u00e9 Vicente"],"articleSection":["Avisos","Not\u00edcias"],"inLanguage":"pt-BR","potentialAction":[{"@type":"CommentAction","name":"Comment","target":["https:\/\/www.oarcanjo.net\/site\/videos-abertas-as-inscricoes-para-primeira-eucaristia-e-crisma\/#respond"]}]},{"@type":"WebPage","@id":"https:\/\/www.oarcanjo.net\/site\/videos-abertas-as-inscricoes-para-primeira-eucaristia-e-crisma\/","url":"https:\/\/www.oarcanjo.net\/site\/videos-abertas-as-inscricoes-para-primeira-eucaristia-e-crisma\/","name":"V\u00cdDEOS: Abertas as inscri\u00e7\u00f5es para Primeira Eucaristia e Crisma - O Arcanjo no ar","isPartOf":{"@id":"https:\/\/www.oarcanjo.net\/site\/#website"},"datePublished":"2012-02-13T08:40:18+00:00","dateModified":"2012-02-13T08:40:18+00:00","breadcrumb":{"@id":"https:\/\/www.oarcanjo.net\/site\/videos-abertas-as-inscricoes-para-primeira-eucaristia-e-crisma\/#breadcrumb"},"inLanguage":"pt-BR","potentialAction":[{"@type":"ReadAction","target":["https:\/\/www.oarcanjo.net\/site\/videos-abertas-as-inscricoes-para-primeira-eucaristia-e-crisma\/"]}]},{"@type":"BreadcrumbList","@id":"https:\/\/www.oarcanjo.net\/site\/videos-abertas-as-inscricoes-para-primeira-eucaristia-e-crisma\/#breadcrumb","itemListElement":[{"@type":"ListItem","position":1,"name":"In\u00edcio","item":"https:\/\/www.oarcanjo.net\/site\/"},{"@type":"ListItem","position":2,"name":"V\u00cdDEOS: Abertas as inscri\u00e7\u00f5es para Primeira Eucaristia e Crisma"}]},{"@type":"WebSite","@id":"https:\/\/www.oarcanjo.net\/site\/#website","url":"https:\/\/www.oarcanjo.net\/site\/","name":"O Arcanjo no ar","description":"Site da Par\u00f3quia S\u00e3o Miguel Arcanjo (Arquidiocese de SP)","publisher":{"@id":"https:\/\/www.oarcanjo.net\/site\/#organization"},"potentialAction":[{"@type":"SearchAction","target":{"@type":"EntryPoint","urlTemplate":"https:\/\/www.oarcanjo.net\/site\/?s={search_term_string}"},"query-input":{"@type":"PropertyValueSpecification","valueRequired":true,"valueName":"search_term_string"}}],"inLanguage":"pt-BR"},{"@type":"Organization","@id":"https:\/\/www.oarcanjo.net\/site\/#organization","name":"Par\u00f3quia S\u00e3o Miguel Arcanjo","url":"https:\/\/www.oarcanjo.net\/site\/","logo":{"@type":"ImageObject","inLanguage":"pt-BR","@id":"https:\/\/www.oarcanjo.net\/site\/#\/schema\/logo\/image\/","url":"https:\/\/www.oarcanjo.net\/site\/wp-content\/uploads\/LogoOArcanjo.png","contentUrl":"https:\/\/www.oarcanjo.net\/site\/wp-content\/uploads\/LogoOArcanjo.png","width":319,"height":99,"caption":"Par\u00f3quia S\u00e3o Miguel Arcanjo"},"image":{"@id":"https:\/\/www.oarcanjo.net\/site\/#\/schema\/logo\/image\/"},"sameAs":["https:\/\/www.facebook.com\/OArcanjoNoAr\/"]},{"@type":"Person","@id":"https:\/\/www.oarcanjo.net\/site\/#\/schema\/person\/f7024d007863202483a31326673a0838","name":"editor","sameAs":["http:\/\/www.oarcanjo.net"]}]}},"publishpress_future_action":{"enabled":false,"date":"2026-05-07 08:09:34","action":"category","newStatus":"draft","terms":[],"taxonomy":"category"},"publishpress_future_workflow_manual_trigger":{"enabledWorkflows":[]},"_links":{"self":[{"href":"https:\/\/www.oarcanjo.net\/site\/wp-json\/wp\/v2\/posts\/17326"}],"collection":[{"href":"https:\/\/www.oarcanjo.net\/site\/wp-json\/wp\/v2\/posts"}],"about":[{"href":"https:\/\/www.oarcanjo.net\/site\/wp-json\/wp\/v2\/types\/post"}],"author":[{"embeddable":true,"href":"https:\/\/www.oarcanjo.net\/site\/wp-json\/wp\/v2\/users\/5"}],"replies":[{"embeddable":true,"href":"https:\/\/www.oarcanjo.net\/site\/wp-json\/wp\/v2\/comments?post=17326"}],"version-history":[{"count":0,"href":"https:\/\/www.oarcanjo.net\/site\/wp-json\/wp\/v2\/posts\/17326\/revisions"}],"wp:attachment":[{"href":"https:\/\/www.oarcanjo.net\/site\/wp-json\/wp\/v2\/media?parent=17326"}],"wp:term":[{"taxonomy":"category","embeddable":true,"href":"https:\/\/www.oarcanjo.net\/site\/wp-json\/wp\/v2\/categories?post=17326"},{"taxonomy":"post_tag","embeddable":true,"href":"https:\/\/www.oarcanjo.net\/site\/wp-json\/wp\/v2\/tags?post=17326"}],"curies":[{"name":"wp","href":"https:\/\/api.w.org\/{rel}","templated":true}]}}