
{"id":17329,"date":"2012-02-09T06:50:13","date_gmt":"2012-02-09T08:50:13","guid":{"rendered":"http:\/\/www.oarcanjo.net\/site\/?p=17329"},"modified":"2012-02-13T07:16:25","modified_gmt":"2012-02-13T09:16:25","slug":"conheca-a-logomarca-oficial-da-jornada-mundial-da-juventude-jmj","status":"publish","type":"post","link":"https:\/\/www.oarcanjo.net\/site\/conheca-a-logomarca-oficial-da-jornada-mundial-da-juventude-jmj\/","title":{"rendered":"Conhe\u00e7a a logomarca oficial da Jornada Mundial da Juventude (JMJ)"},"content":{"rendered":"<p><a href=\"http:\/\/www.oarcanjo.net\/site\/wp-content\/uploads\/logoJM2013.jpg\"><img loading=\"lazy\" decoding=\"async\" class=\"alignnone size-full wp-image-17330\" title=\"Logomarca JM2013\" src=\"http:\/\/www.oarcanjo.net\/site\/wp-content\/uploads\/logoJM2013.jpg\" alt=\"Logomarca oficial da JMJ2013\" width=\"560\" height=\"297\" srcset=\"https:\/\/www.oarcanjo.net\/site\/wp-content\/uploads\/logoJM2013.jpg 660w, https:\/\/www.oarcanjo.net\/site\/wp-content\/uploads\/logoJM2013-300x159.jpg 300w\" sizes=\"(max-width: 560px) 100vw, 560px\" \/><\/a><\/p>\n<p>A Igreja apresentou no dia 07\/02 a logomarca oficial da Jornada Mundial da Juventude, que ser\u00e1 realizada no Rio de Janeiro em 2013 e contar\u00e1 com a presen\u00e7a do Papa Bento XVI. \u00a0Segundo Dom Orani Tempesta, arcebispo do Rio, \u00a0a\u00a0marca escolhida \u00e9 alegre, colorida e representa as cores do Brasil juntamente com um de seus mais conhecidos s\u00edmbolos, o Cristo Redentor.<\/p>\n<p>O autor \u00e9 o jovem\u00a0Gustavo Huguenin, 25 anos, natural da cidade de Cantagalo, regi\u00e3o Serrana do Rio. Ele participa da\u00a0par\u00f3quia Sant\u00edssimo Sacramento, da diocese de Nova Friburgo. Formado em Design Gr\u00e1fico pelo Instituto Federal Fluminense (IFF), trabalha como designer gr\u00e1fico e webdesigner.<\/p>\n<p>&#8220;Para mim \u00e9 alegria imensa saber que o meu trabalho vai ser usado no maior evento cat\u00f3lico do mundo, ainda mais com Santo Padre, e que essa imagem estar\u00e1 associada ao encontro pessoal que os jovens do mundo inteiro ter\u00e3o com Jesus Cristo na JMJ Rio2013&#8221;, destacou Gustavo.<\/p>\n<p>Conhe\u00e7a abaixo o conceito da logomarca:<\/p>\n<p><em>Com base no trecho da Palavra do Evangelho de S\u00e3o Mateus, percebe-se a necessidade de expressar uma refer\u00eancia direta \u00e0 imagem de Jesus e ao sentido do disc\u00edpulo. Neste epis\u00f3dio, Jesus se encontrou com seus disc\u00edpulos em uma montanha, ap\u00f3s sua ressurrei\u00e7\u00e3o. Como s\u00edmbolo da cidade do Rio de Janeiro, o Cristo Redentor tamb\u00e9m se encontra em uma montanha e \u00e9 um monumento reconhecido no mundo inteiro. O tema \u00e9 uma palavra de ordem proclamada pelo pr\u00f3prio Senhor Jesus, e assim a Sua imagem possui destaque no centro do s\u00edmbolo.<\/em><\/p>\n<p><em>Os elementos do s\u00edmbolo formam a imagem de um cora\u00e7\u00e3o. Na f\u00e9 dos povos o cora\u00e7\u00e3o assumiu papel central, assim como o Brasil ser\u00e1 o centro da juventude na Jornada Mundial. Tamb\u00e9m designa o homem interno por inteiro, se tornando nesta composi\u00e7\u00e3o a refer\u00eancia aos disc\u00edpulos que possuem Jesus em seus cora\u00e7\u00f5es.<\/em><\/p>\n<p><em>Os bra\u00e7os do Cristo Redentor ultrapassam a figura do cora\u00e7\u00e3o, como o abra\u00e7o acolhedor de Deus aos povos e jovens que estar\u00e3o no Brasil. Representa nossa acolhida, como povo de cora\u00e7\u00e3o generoso e hospitaleiro.<\/em><\/p>\n<p><em>A parte superior (em verde) foi inspirada nos tra\u00e7os do P\u00e3o de A\u00e7\u00facar, s\u00edmbolo universal da cidade do Rio de Janeiro, e a cruz contida nela refor\u00e7a o sentido do territ\u00f3rio brasileiro conhecido por Terra de Santa Cruz. As formas que finalizam a imagem do cora\u00e7\u00e3o possuem a cor azul, representando o litoral, somada ao verde e amarelo que transmitem a brasilidade das cores da bandeira nacional.<\/em><\/p>\n<p><iframe loading=\"lazy\" width=\"560\" height=\"315\" src=\"http:\/\/www.youtube.com\/embed\/ECw3jwxsqYg\" frameborder=\"0\" allowfullscreen><\/iframe><\/p>\n<p><a title=\"Site da JMJ 2013\" href=\"http:\/\/www.rio2013.com\/pt\" target=\"_blank\">Mais informa\u00e7\u00f5es no site do evento:\u00a0http:\/\/www.rio2013.com\/pt<\/a><\/p>\n<div id=\"themify_builder_content-17329\" data-postid=\"17329\" class=\"themify_builder_content themify_builder_content-17329 themify_builder themify_builder_front\">\n\t<\/div>\n<!-- \/themify_builder_content -->","protected":false},"excerpt":{"rendered":"<p>A Igreja apresentou no dia 07\/02 a logomarca oficial da Jornada Mundial da Juventude, que ser\u00e1 realizada no Rio de Janeiro em 2013 e contar\u00e1 com a presen\u00e7a do Papa Bento XVI. \u00a0Segundo Dom Orani Tempesta, arcebispo do Rio, \u00a0a\u00a0marca escolhida \u00e9 alegre, colorida e representa as cores do Brasil juntamente com um de seus [&hellip;]<\/p>\n","protected":false},"author":5,"featured_media":0,"comment_status":"open","ping_status":"open","sticky":false,"template":"","format":"standard","meta":{"ngg_post_thumbnail":0,"footnotes":""},"categories":[395,8,280],"tags":[206,1937,225,2172],"yoast_head":"<!-- This site is optimized with the Yoast SEO plugin v23.5 - https:\/\/yoast.com\/wordpress\/plugins\/seo\/ -->\n<title>Conhe\u00e7a a logomarca oficial da Jornada Mundial da Juventude (JMJ) - O Arcanjo no ar<\/title>\n<meta name=\"robots\" content=\"index, follow, max-snippet:-1, max-image-preview:large, max-video-preview:-1\" \/>\n<link rel=\"canonical\" href=\"https:\/\/www.oarcanjo.net\/site\/conheca-a-logomarca-oficial-da-jornada-mundial-da-juventude-jmj\/\" \/>\n<meta property=\"og:locale\" content=\"pt_BR\" \/>\n<meta property=\"og:type\" content=\"article\" \/>\n<meta property=\"og:title\" content=\"Conhe\u00e7a a logomarca oficial da Jornada Mundial da Juventude (JMJ) - O Arcanjo no ar\" \/>\n<meta property=\"og:description\" content=\"A Igreja apresentou no dia 07\/02 a logomarca oficial da Jornada Mundial da Juventude, que ser\u00e1 realizada no Rio de Janeiro em 2013 e contar\u00e1 com a presen\u00e7a do Papa Bento XVI. \u00a0Segundo Dom Orani Tempesta, arcebispo do Rio, \u00a0a\u00a0marca escolhida \u00e9 alegre, colorida e representa as cores do Brasil juntamente com um de seus [&hellip;]\" \/>\n<meta property=\"og:url\" content=\"https:\/\/www.oarcanjo.net\/site\/conheca-a-logomarca-oficial-da-jornada-mundial-da-juventude-jmj\/\" \/>\n<meta property=\"og:site_name\" content=\"O Arcanjo no ar\" \/>\n<meta property=\"article:publisher\" content=\"https:\/\/www.facebook.com\/OArcanjoNoAr\/\" \/>\n<meta property=\"article:published_time\" content=\"2012-02-09T08:50:13+00:00\" \/>\n<meta property=\"article:modified_time\" content=\"2012-02-13T09:16:25+00:00\" \/>\n<meta property=\"og:image\" content=\"http:\/\/www.oarcanjo.net\/site\/wp-content\/uploads\/logoJM2013.jpg\" \/>\n<meta name=\"author\" content=\"editor\" \/>\n<meta name=\"twitter:card\" content=\"summary_large_image\" \/>\n<meta name=\"twitter:label1\" content=\"Escrito por\" \/>\n\t<meta name=\"twitter:data1\" content=\"editor\" \/>\n\t<meta name=\"twitter:label2\" content=\"Est. tempo de leitura\" \/>\n\t<meta name=\"twitter:data2\" content=\"2 minutos\" \/>\n<script type=\"application\/ld+json\" class=\"yoast-schema-graph\">{\"@context\":\"https:\/\/schema.org\",\"@graph\":[{\"@type\":\"Article\",\"@id\":\"https:\/\/www.oarcanjo.net\/site\/conheca-a-logomarca-oficial-da-jornada-mundial-da-juventude-jmj\/#article\",\"isPartOf\":{\"@id\":\"https:\/\/www.oarcanjo.net\/site\/conheca-a-logomarca-oficial-da-jornada-mundial-da-juventude-jmj\/\"},\"author\":{\"name\":\"editor\",\"@id\":\"https:\/\/www.oarcanjo.net\/site\/#\/schema\/person\/f7024d007863202483a31326673a0838\"},\"headline\":\"Conhe\u00e7a a logomarca oficial da Jornada Mundial da Juventude (JMJ)\",\"datePublished\":\"2012-02-09T08:50:13+00:00\",\"dateModified\":\"2012-02-13T09:16:25+00:00\",\"mainEntityOfPage\":{\"@id\":\"https:\/\/www.oarcanjo.net\/site\/conheca-a-logomarca-oficial-da-jornada-mundial-da-juventude-jmj\/\"},\"wordCount\":458,\"commentCount\":3,\"publisher\":{\"@id\":\"https:\/\/www.oarcanjo.net\/site\/#organization\"},\"image\":{\"@id\":\"https:\/\/www.oarcanjo.net\/site\/conheca-a-logomarca-oficial-da-jornada-mundial-da-juventude-jmj\/#primaryimage\"},\"thumbnailUrl\":\"http:\/\/www.oarcanjo.net\/site\/wp-content\/uploads\/logoJM2013.jpg\",\"keywords\":[\"Bento XVI\",\"JMJ\",\"juventude\",\"Rio2013\"],\"articleSection\":[\"Jovens\",\"Not\u00edcias\",\"V\u00eddeos\"],\"inLanguage\":\"pt-BR\",\"potentialAction\":[{\"@type\":\"CommentAction\",\"name\":\"Comment\",\"target\":[\"https:\/\/www.oarcanjo.net\/site\/conheca-a-logomarca-oficial-da-jornada-mundial-da-juventude-jmj\/#respond\"]}]},{\"@type\":\"WebPage\",\"@id\":\"https:\/\/www.oarcanjo.net\/site\/conheca-a-logomarca-oficial-da-jornada-mundial-da-juventude-jmj\/\",\"url\":\"https:\/\/www.oarcanjo.net\/site\/conheca-a-logomarca-oficial-da-jornada-mundial-da-juventude-jmj\/\",\"name\":\"Conhe\u00e7a a logomarca oficial da Jornada Mundial da Juventude (JMJ) - O Arcanjo no ar\",\"isPartOf\":{\"@id\":\"https:\/\/www.oarcanjo.net\/site\/#website\"},\"primaryImageOfPage\":{\"@id\":\"https:\/\/www.oarcanjo.net\/site\/conheca-a-logomarca-oficial-da-jornada-mundial-da-juventude-jmj\/#primaryimage\"},\"image\":{\"@id\":\"https:\/\/www.oarcanjo.net\/site\/conheca-a-logomarca-oficial-da-jornada-mundial-da-juventude-jmj\/#primaryimage\"},\"thumbnailUrl\":\"http:\/\/www.oarcanjo.net\/site\/wp-content\/uploads\/logoJM2013.jpg\",\"datePublished\":\"2012-02-09T08:50:13+00:00\",\"dateModified\":\"2012-02-13T09:16:25+00:00\",\"breadcrumb\":{\"@id\":\"https:\/\/www.oarcanjo.net\/site\/conheca-a-logomarca-oficial-da-jornada-mundial-da-juventude-jmj\/#breadcrumb\"},\"inLanguage\":\"pt-BR\",\"potentialAction\":[{\"@type\":\"ReadAction\",\"target\":[\"https:\/\/www.oarcanjo.net\/site\/conheca-a-logomarca-oficial-da-jornada-mundial-da-juventude-jmj\/\"]}]},{\"@type\":\"ImageObject\",\"inLanguage\":\"pt-BR\",\"@id\":\"https:\/\/www.oarcanjo.net\/site\/conheca-a-logomarca-oficial-da-jornada-mundial-da-juventude-jmj\/#primaryimage\",\"url\":\"http:\/\/www.oarcanjo.net\/site\/wp-content\/uploads\/logoJM2013.jpg\",\"contentUrl\":\"http:\/\/www.oarcanjo.net\/site\/wp-content\/uploads\/logoJM2013.jpg\"},{\"@type\":\"BreadcrumbList\",\"@id\":\"https:\/\/www.oarcanjo.net\/site\/conheca-a-logomarca-oficial-da-jornada-mundial-da-juventude-jmj\/#breadcrumb\",\"itemListElement\":[{\"@type\":\"ListItem\",\"position\":1,\"name\":\"In\u00edcio\",\"item\":\"https:\/\/www.oarcanjo.net\/site\/\"},{\"@type\":\"ListItem\",\"position\":2,\"name\":\"Conhe\u00e7a a logomarca oficial da Jornada Mundial da Juventude (JMJ)\"}]},{\"@type\":\"WebSite\",\"@id\":\"https:\/\/www.oarcanjo.net\/site\/#website\",\"url\":\"https:\/\/www.oarcanjo.net\/site\/\",\"name\":\"O Arcanjo no ar\",\"description\":\"Site da Par\u00f3quia S\u00e3o Miguel Arcanjo (Arquidiocese de SP)\",\"publisher\":{\"@id\":\"https:\/\/www.oarcanjo.net\/site\/#organization\"},\"potentialAction\":[{\"@type\":\"SearchAction\",\"target\":{\"@type\":\"EntryPoint\",\"urlTemplate\":\"https:\/\/www.oarcanjo.net\/site\/?s={search_term_string}\"},\"query-input\":{\"@type\":\"PropertyValueSpecification\",\"valueRequired\":true,\"valueName\":\"search_term_string\"}}],\"inLanguage\":\"pt-BR\"},{\"@type\":\"Organization\",\"@id\":\"https:\/\/www.oarcanjo.net\/site\/#organization\",\"name\":\"Par\u00f3quia S\u00e3o Miguel Arcanjo\",\"url\":\"https:\/\/www.oarcanjo.net\/site\/\",\"logo\":{\"@type\":\"ImageObject\",\"inLanguage\":\"pt-BR\",\"@id\":\"https:\/\/www.oarcanjo.net\/site\/#\/schema\/logo\/image\/\",\"url\":\"https:\/\/www.oarcanjo.net\/site\/wp-content\/uploads\/LogoOArcanjo.png\",\"contentUrl\":\"https:\/\/www.oarcanjo.net\/site\/wp-content\/uploads\/LogoOArcanjo.png\",\"width\":319,\"height\":99,\"caption\":\"Par\u00f3quia S\u00e3o Miguel Arcanjo\"},\"image\":{\"@id\":\"https:\/\/www.oarcanjo.net\/site\/#\/schema\/logo\/image\/\"},\"sameAs\":[\"https:\/\/www.facebook.com\/OArcanjoNoAr\/\"]},{\"@type\":\"Person\",\"@id\":\"https:\/\/www.oarcanjo.net\/site\/#\/schema\/person\/f7024d007863202483a31326673a0838\",\"name\":\"editor\",\"sameAs\":[\"http:\/\/www.oarcanjo.net\"]}]}<\/script>\n<!-- \/ Yoast SEO plugin. -->","yoast_head_json":{"title":"Conhe\u00e7a a logomarca oficial da Jornada Mundial da Juventude (JMJ) - O Arcanjo no ar","robots":{"index":"index","follow":"follow","max-snippet":"max-snippet:-1","max-image-preview":"max-image-preview:large","max-video-preview":"max-video-preview:-1"},"canonical":"https:\/\/www.oarcanjo.net\/site\/conheca-a-logomarca-oficial-da-jornada-mundial-da-juventude-jmj\/","og_locale":"pt_BR","og_type":"article","og_title":"Conhe\u00e7a a logomarca oficial da Jornada Mundial da Juventude (JMJ) - O Arcanjo no ar","og_description":"A Igreja apresentou no dia 07\/02 a logomarca oficial da Jornada Mundial da Juventude, que ser\u00e1 realizada no Rio de Janeiro em 2013 e contar\u00e1 com a presen\u00e7a do Papa Bento XVI. \u00a0Segundo Dom Orani Tempesta, arcebispo do Rio, \u00a0a\u00a0marca escolhida \u00e9 alegre, colorida e representa as cores do Brasil juntamente com um de seus [&hellip;]","og_url":"https:\/\/www.oarcanjo.net\/site\/conheca-a-logomarca-oficial-da-jornada-mundial-da-juventude-jmj\/","og_site_name":"O Arcanjo no ar","article_publisher":"https:\/\/www.facebook.com\/OArcanjoNoAr\/","article_published_time":"2012-02-09T08:50:13+00:00","article_modified_time":"2012-02-13T09:16:25+00:00","og_image":[{"url":"http:\/\/www.oarcanjo.net\/site\/wp-content\/uploads\/logoJM2013.jpg"}],"author":"editor","twitter_card":"summary_large_image","twitter_misc":{"Escrito por":"editor","Est. tempo de leitura":"2 minutos"},"schema":{"@context":"https:\/\/schema.org","@graph":[{"@type":"Article","@id":"https:\/\/www.oarcanjo.net\/site\/conheca-a-logomarca-oficial-da-jornada-mundial-da-juventude-jmj\/#article","isPartOf":{"@id":"https:\/\/www.oarcanjo.net\/site\/conheca-a-logomarca-oficial-da-jornada-mundial-da-juventude-jmj\/"},"author":{"name":"editor","@id":"https:\/\/www.oarcanjo.net\/site\/#\/schema\/person\/f7024d007863202483a31326673a0838"},"headline":"Conhe\u00e7a a logomarca oficial da Jornada Mundial da Juventude (JMJ)","datePublished":"2012-02-09T08:50:13+00:00","dateModified":"2012-02-13T09:16:25+00:00","mainEntityOfPage":{"@id":"https:\/\/www.oarcanjo.net\/site\/conheca-a-logomarca-oficial-da-jornada-mundial-da-juventude-jmj\/"},"wordCount":458,"commentCount":3,"publisher":{"@id":"https:\/\/www.oarcanjo.net\/site\/#organization"},"image":{"@id":"https:\/\/www.oarcanjo.net\/site\/conheca-a-logomarca-oficial-da-jornada-mundial-da-juventude-jmj\/#primaryimage"},"thumbnailUrl":"http:\/\/www.oarcanjo.net\/site\/wp-content\/uploads\/logoJM2013.jpg","keywords":["Bento XVI","JMJ","juventude","Rio2013"],"articleSection":["Jovens","Not\u00edcias","V\u00eddeos"],"inLanguage":"pt-BR","potentialAction":[{"@type":"CommentAction","name":"Comment","target":["https:\/\/www.oarcanjo.net\/site\/conheca-a-logomarca-oficial-da-jornada-mundial-da-juventude-jmj\/#respond"]}]},{"@type":"WebPage","@id":"https:\/\/www.oarcanjo.net\/site\/conheca-a-logomarca-oficial-da-jornada-mundial-da-juventude-jmj\/","url":"https:\/\/www.oarcanjo.net\/site\/conheca-a-logomarca-oficial-da-jornada-mundial-da-juventude-jmj\/","name":"Conhe\u00e7a a logomarca oficial da Jornada Mundial da Juventude (JMJ) - O Arcanjo no ar","isPartOf":{"@id":"https:\/\/www.oarcanjo.net\/site\/#website"},"primaryImageOfPage":{"@id":"https:\/\/www.oarcanjo.net\/site\/conheca-a-logomarca-oficial-da-jornada-mundial-da-juventude-jmj\/#primaryimage"},"image":{"@id":"https:\/\/www.oarcanjo.net\/site\/conheca-a-logomarca-oficial-da-jornada-mundial-da-juventude-jmj\/#primaryimage"},"thumbnailUrl":"http:\/\/www.oarcanjo.net\/site\/wp-content\/uploads\/logoJM2013.jpg","datePublished":"2012-02-09T08:50:13+00:00","dateModified":"2012-02-13T09:16:25+00:00","breadcrumb":{"@id":"https:\/\/www.oarcanjo.net\/site\/conheca-a-logomarca-oficial-da-jornada-mundial-da-juventude-jmj\/#breadcrumb"},"inLanguage":"pt-BR","potentialAction":[{"@type":"ReadAction","target":["https:\/\/www.oarcanjo.net\/site\/conheca-a-logomarca-oficial-da-jornada-mundial-da-juventude-jmj\/"]}]},{"@type":"ImageObject","inLanguage":"pt-BR","@id":"https:\/\/www.oarcanjo.net\/site\/conheca-a-logomarca-oficial-da-jornada-mundial-da-juventude-jmj\/#primaryimage","url":"http:\/\/www.oarcanjo.net\/site\/wp-content\/uploads\/logoJM2013.jpg","contentUrl":"http:\/\/www.oarcanjo.net\/site\/wp-content\/uploads\/logoJM2013.jpg"},{"@type":"BreadcrumbList","@id":"https:\/\/www.oarcanjo.net\/site\/conheca-a-logomarca-oficial-da-jornada-mundial-da-juventude-jmj\/#breadcrumb","itemListElement":[{"@type":"ListItem","position":1,"name":"In\u00edcio","item":"https:\/\/www.oarcanjo.net\/site\/"},{"@type":"ListItem","position":2,"name":"Conhe\u00e7a a logomarca oficial da Jornada Mundial da Juventude (JMJ)"}]},{"@type":"WebSite","@id":"https:\/\/www.oarcanjo.net\/site\/#website","url":"https:\/\/www.oarcanjo.net\/site\/","name":"O Arcanjo no ar","description":"Site da Par\u00f3quia S\u00e3o Miguel Arcanjo (Arquidiocese de SP)","publisher":{"@id":"https:\/\/www.oarcanjo.net\/site\/#organization"},"potentialAction":[{"@type":"SearchAction","target":{"@type":"EntryPoint","urlTemplate":"https:\/\/www.oarcanjo.net\/site\/?s={search_term_string}"},"query-input":{"@type":"PropertyValueSpecification","valueRequired":true,"valueName":"search_term_string"}}],"inLanguage":"pt-BR"},{"@type":"Organization","@id":"https:\/\/www.oarcanjo.net\/site\/#organization","name":"Par\u00f3quia S\u00e3o Miguel Arcanjo","url":"https:\/\/www.oarcanjo.net\/site\/","logo":{"@type":"ImageObject","inLanguage":"pt-BR","@id":"https:\/\/www.oarcanjo.net\/site\/#\/schema\/logo\/image\/","url":"https:\/\/www.oarcanjo.net\/site\/wp-content\/uploads\/LogoOArcanjo.png","contentUrl":"https:\/\/www.oarcanjo.net\/site\/wp-content\/uploads\/LogoOArcanjo.png","width":319,"height":99,"caption":"Par\u00f3quia S\u00e3o Miguel Arcanjo"},"image":{"@id":"https:\/\/www.oarcanjo.net\/site\/#\/schema\/logo\/image\/"},"sameAs":["https:\/\/www.facebook.com\/OArcanjoNoAr\/"]},{"@type":"Person","@id":"https:\/\/www.oarcanjo.net\/site\/#\/schema\/person\/f7024d007863202483a31326673a0838","name":"editor","sameAs":["http:\/\/www.oarcanjo.net"]}]}},"publishpress_future_action":{"enabled":false,"date":"2026-05-07 06:31:09","action":"category","newStatus":"draft","terms":[],"taxonomy":"category"},"publishpress_future_workflow_manual_trigger":{"enabledWorkflows":[]},"_links":{"self":[{"href":"https:\/\/www.oarcanjo.net\/site\/wp-json\/wp\/v2\/posts\/17329"}],"collection":[{"href":"https:\/\/www.oarcanjo.net\/site\/wp-json\/wp\/v2\/posts"}],"about":[{"href":"https:\/\/www.oarcanjo.net\/site\/wp-json\/wp\/v2\/types\/post"}],"author":[{"embeddable":true,"href":"https:\/\/www.oarcanjo.net\/site\/wp-json\/wp\/v2\/users\/5"}],"replies":[{"embeddable":true,"href":"https:\/\/www.oarcanjo.net\/site\/wp-json\/wp\/v2\/comments?post=17329"}],"version-history":[{"count":0,"href":"https:\/\/www.oarcanjo.net\/site\/wp-json\/wp\/v2\/posts\/17329\/revisions"}],"wp:attachment":[{"href":"https:\/\/www.oarcanjo.net\/site\/wp-json\/wp\/v2\/media?parent=17329"}],"wp:term":[{"taxonomy":"category","embeddable":true,"href":"https:\/\/www.oarcanjo.net\/site\/wp-json\/wp\/v2\/categories?post=17329"},{"taxonomy":"post_tag","embeddable":true,"href":"https:\/\/www.oarcanjo.net\/site\/wp-json\/wp\/v2\/tags?post=17329"}],"curies":[{"name":"wp","href":"https:\/\/api.w.org\/{rel}","templated":true}]}}