
{"id":17343,"date":"2012-02-15T23:23:23","date_gmt":"2012-02-16T01:23:23","guid":{"rendered":"http:\/\/www.oarcanjo.net\/site\/?p=17343"},"modified":"2012-02-15T23:23:23","modified_gmt":"2012-02-16T01:23:23","slug":"martirio-e-profecia-na-igreja","status":"publish","type":"post","link":"https:\/\/www.oarcanjo.net\/site\/martirio-e-profecia-na-igreja\/","title":{"rendered":"Mart\u00edrio e profecia na Igreja"},"content":{"rendered":"<p>Pe. Geovane Saraiva<\/p>\n<p>&#8220;Ningu\u00e9m tem maior amor do aquele que d\u00e1 a vida por seus amigos&#8221; (Jo 15, 13). Dar a vida se pode traduzir por generosidade, ren\u00fancia, doa\u00e7\u00e3o e testemunho. No amor a Deus e ao pr\u00f3ximo est\u00e1 o eixo central do cristianismo; tudo a partir do cora\u00e7\u00e3o, por ser o centro da personalidade, onde se encontra seu fundamento, na busca da dignidade, da justi\u00e7a e da solidariedade.<\/p>\n<p>Neste sentido, j\u00e1 se passaram sete anos do assassinato da Irm\u00e3 Dorothy Stang. Temos consci\u00eancia de que o testemunho prof\u00e9tico e a m\u00edstica dessa fiel e corajosa disc\u00edpula de Jesus de Nazar\u00e9, com seu sangue derramado na floresta amaz\u00f4nica, ainda ir\u00e1 produzir frutos, muitos bons frutos.<\/p>\n<p>Irm\u00e3 Dorothy afirmou, no momento em que foi imolada: &#8220;Eis a minha alma&#8221; e mostrou a B\u00edblia Sagrada. Leu ainda alguns trechos das Sagradas Escrituras para aquele que, logo em seguida, iria assassin\u00e1-la. Morta com sete tiros, aos 73 anos de idade, no dia 12 de fevereiro de 2005, em Anapu, no Estado do Par\u00e1, Brasil.<\/p>\n<p>Diante do contexto da morte brutal da irm\u00e3 Dorothy, fica muito presente a frase de Tertuliano, dita no s\u00e9culo terceiro: &#8220;Sangue de m\u00e1rtires \u00e9 sementes de crist\u00e3os&#8221;. &#8220;Evangelizar constitui, com efeito, o destino e a voca\u00e7\u00e3o pr\u00f3pria da Igreja, sua identidade mais profunda. Ela existe para Evangelizar&#8221; (Evangelli Nuntiandi, 14), n\u00e3o fugindo da profecia e do testemunho, se for o caso, do mart\u00edrio.<\/p>\n<p>O modelo capitalista no Brasil, marcado pela desigualdade social e estrutural entrou com toda sua for\u00e7a tamb\u00e9m na Amaz\u00f4nia. Para a floresta amaz\u00f4nica, foi por op\u00e7\u00e3o de vida, a inesquec\u00edvel Irm\u00e3 Dorothy. L\u00e1 ela abra\u00e7ou a proposta do Evangelho, vivido na simplicidade, mas com grande e profunda coer\u00eancia. Uma mulher forte e determinada, no seu estilo de vida e com uma m\u00edstica a causar medo e contrariar os que desejavam outro projeto para floresta, longe e distante do projeto de Nosso Senhor Jesus Cristo. Por isso mesmo tramaram: &#8220;Vamos mat\u00e1-la&#8221;.<\/p>\n<p>Irm\u00e3 Dorothy est\u00e1 viva e presente da vida do seu povo, com sua vida oferecida em sacrif\u00edcio, num verdadeiro hino de louvor a Deus, com sua coragem prof\u00e9tica. Ela continua mais amada e admirada, tornando-se refer\u00eancia, s\u00edmbolo e patrim\u00f4nio do povo brasileiro, que sonha com uma nova realidade, aos olhos da f\u00e9.<\/p>\n<p>Vivemos uma f\u00e9 em que se afirma muito a dimens\u00e3o do louvor e somos inteiramente favor\u00e1veis e temos plena convic\u00e7\u00e3o de que o nosso Deus \u00e9 Senhor da vida e da hist\u00f3ria. Agora viver o mandamento maior: &#8220;Amar\u00e1s o Senhor teu Deus de todo cora\u00e7\u00e3o e a teu pr\u00f3ximo como a ti mesmo&#8221; (MT 22, 37), significa ser uma Igreja pascal, na generosidade, na ren\u00fancia, na doa\u00e7\u00e3o, no testemunho e na profecia, a exemplo de irm\u00e3 Dorothy, no seu desejo de assemelhar-se ao Filho de Deus, ao doar sua pr\u00f3pria vida pela floresta amaz\u00f4nica. Fica a pergunta: quando \u00e9 que teremos uma Igreja verdadeiramente pascal, testemunhando sua f\u00e9 no Senhor ressuscitado, segundo o pensamento de Tertuliano?<\/p>\n<div id=\"themify_builder_content-17343\" data-postid=\"17343\" class=\"themify_builder_content themify_builder_content-17343 themify_builder themify_builder_front\">\n\t<\/div>\n<!-- \/themify_builder_content -->","protected":false},"excerpt":{"rendered":"<p>Pe. Geovane Saraiva &#8220;Ningu\u00e9m tem maior amor do aquele que d\u00e1 a vida por seus amigos&#8221; (Jo 15, 13). Dar a vida se pode traduzir por generosidade, ren\u00fancia, doa\u00e7\u00e3o e testemunho. No amor a Deus e ao pr\u00f3ximo est\u00e1 o eixo central do cristianismo; tudo a partir do cora\u00e7\u00e3o, por ser o centro da personalidade, [&hellip;]<\/p>\n","protected":false},"author":5,"featured_media":0,"comment_status":"open","ping_status":"open","sticky":false,"template":"","format":"standard","meta":{"ngg_post_thumbnail":0,"footnotes":""},"categories":[769,9],"tags":[2173,2174,497,1153,252,293],"yoast_head":"<!-- This site is optimized with the Yoast SEO plugin v23.5 - https:\/\/yoast.com\/wordpress\/plugins\/seo\/ -->\n<title>Mart\u00edrio e profecia na Igreja - O Arcanjo no ar<\/title>\n<meta name=\"robots\" content=\"index, follow, max-snippet:-1, max-image-preview:large, max-video-preview:-1\" \/>\n<link rel=\"canonical\" href=\"https:\/\/www.oarcanjo.net\/site\/martirio-e-profecia-na-igreja\/\" \/>\n<meta property=\"og:locale\" content=\"pt_BR\" \/>\n<meta property=\"og:type\" content=\"article\" \/>\n<meta property=\"og:title\" content=\"Mart\u00edrio e profecia na Igreja - O Arcanjo no ar\" \/>\n<meta property=\"og:description\" content=\"Pe. Geovane Saraiva &#8220;Ningu\u00e9m tem maior amor do aquele que d\u00e1 a vida por seus amigos&#8221; (Jo 15, 13). Dar a vida se pode traduzir por generosidade, ren\u00fancia, doa\u00e7\u00e3o e testemunho. No amor a Deus e ao pr\u00f3ximo est\u00e1 o eixo central do cristianismo; tudo a partir do cora\u00e7\u00e3o, por ser o centro da personalidade, [&hellip;]\" \/>\n<meta property=\"og:url\" content=\"https:\/\/www.oarcanjo.net\/site\/martirio-e-profecia-na-igreja\/\" \/>\n<meta property=\"og:site_name\" content=\"O Arcanjo no ar\" \/>\n<meta property=\"article:publisher\" content=\"https:\/\/www.facebook.com\/OArcanjoNoAr\/\" \/>\n<meta property=\"article:published_time\" content=\"2012-02-16T01:23:23+00:00\" \/>\n<meta property=\"og:image\" content=\"https:\/\/www.oarcanjo.net\/site\/wp-content\/uploads\/logo-o-arcanjo-no-ar-facebook.png\" \/>\n\t<meta property=\"og:image:width\" content=\"300\" \/>\n\t<meta property=\"og:image:height\" content=\"300\" \/>\n\t<meta property=\"og:image:type\" content=\"image\/png\" \/>\n<meta name=\"author\" content=\"editor\" \/>\n<meta name=\"twitter:card\" content=\"summary_large_image\" \/>\n<meta name=\"twitter:label1\" content=\"Escrito por\" \/>\n\t<meta name=\"twitter:data1\" content=\"editor\" \/>\n\t<meta name=\"twitter:label2\" content=\"Est. tempo de leitura\" \/>\n\t<meta name=\"twitter:data2\" content=\"3 minutos\" \/>\n<script type=\"application\/ld+json\" class=\"yoast-schema-graph\">{\"@context\":\"https:\/\/schema.org\",\"@graph\":[{\"@type\":\"Article\",\"@id\":\"https:\/\/www.oarcanjo.net\/site\/martirio-e-profecia-na-igreja\/#article\",\"isPartOf\":{\"@id\":\"https:\/\/www.oarcanjo.net\/site\/martirio-e-profecia-na-igreja\/\"},\"author\":{\"name\":\"editor\",\"@id\":\"https:\/\/www.oarcanjo.net\/site\/#\/schema\/person\/f7024d007863202483a31326673a0838\"},\"headline\":\"Mart\u00edrio e profecia na Igreja\",\"datePublished\":\"2012-02-16T01:23:23+00:00\",\"dateModified\":\"2012-02-16T01:23:23+00:00\",\"mainEntityOfPage\":{\"@id\":\"https:\/\/www.oarcanjo.net\/site\/martirio-e-profecia-na-igreja\/\"},\"wordCount\":533,\"commentCount\":0,\"publisher\":{\"@id\":\"https:\/\/www.oarcanjo.net\/site\/#organization\"},\"keywords\":[\"Anapu\",\"conflito agr\u00e1rio\",\"Ir. Dorothy Stang\",\"luta pela terra\",\"m\u00e1rtir\",\"Reforma agr\u00e1ria\"],\"articleSection\":[\"Ir. Dorothy Stang\",\"Reflex\u00f5es\"],\"inLanguage\":\"pt-BR\",\"potentialAction\":[{\"@type\":\"CommentAction\",\"name\":\"Comment\",\"target\":[\"https:\/\/www.oarcanjo.net\/site\/martirio-e-profecia-na-igreja\/#respond\"]}]},{\"@type\":\"WebPage\",\"@id\":\"https:\/\/www.oarcanjo.net\/site\/martirio-e-profecia-na-igreja\/\",\"url\":\"https:\/\/www.oarcanjo.net\/site\/martirio-e-profecia-na-igreja\/\",\"name\":\"Mart\u00edrio e profecia na Igreja - O Arcanjo no ar\",\"isPartOf\":{\"@id\":\"https:\/\/www.oarcanjo.net\/site\/#website\"},\"datePublished\":\"2012-02-16T01:23:23+00:00\",\"dateModified\":\"2012-02-16T01:23:23+00:00\",\"breadcrumb\":{\"@id\":\"https:\/\/www.oarcanjo.net\/site\/martirio-e-profecia-na-igreja\/#breadcrumb\"},\"inLanguage\":\"pt-BR\",\"potentialAction\":[{\"@type\":\"ReadAction\",\"target\":[\"https:\/\/www.oarcanjo.net\/site\/martirio-e-profecia-na-igreja\/\"]}]},{\"@type\":\"BreadcrumbList\",\"@id\":\"https:\/\/www.oarcanjo.net\/site\/martirio-e-profecia-na-igreja\/#breadcrumb\",\"itemListElement\":[{\"@type\":\"ListItem\",\"position\":1,\"name\":\"In\u00edcio\",\"item\":\"https:\/\/www.oarcanjo.net\/site\/\"},{\"@type\":\"ListItem\",\"position\":2,\"name\":\"Mart\u00edrio e profecia na Igreja\"}]},{\"@type\":\"WebSite\",\"@id\":\"https:\/\/www.oarcanjo.net\/site\/#website\",\"url\":\"https:\/\/www.oarcanjo.net\/site\/\",\"name\":\"O Arcanjo no ar\",\"description\":\"Site da Par\u00f3quia S\u00e3o Miguel Arcanjo (Arquidiocese de SP)\",\"publisher\":{\"@id\":\"https:\/\/www.oarcanjo.net\/site\/#organization\"},\"potentialAction\":[{\"@type\":\"SearchAction\",\"target\":{\"@type\":\"EntryPoint\",\"urlTemplate\":\"https:\/\/www.oarcanjo.net\/site\/?s={search_term_string}\"},\"query-input\":{\"@type\":\"PropertyValueSpecification\",\"valueRequired\":true,\"valueName\":\"search_term_string\"}}],\"inLanguage\":\"pt-BR\"},{\"@type\":\"Organization\",\"@id\":\"https:\/\/www.oarcanjo.net\/site\/#organization\",\"name\":\"Par\u00f3quia S\u00e3o Miguel Arcanjo\",\"url\":\"https:\/\/www.oarcanjo.net\/site\/\",\"logo\":{\"@type\":\"ImageObject\",\"inLanguage\":\"pt-BR\",\"@id\":\"https:\/\/www.oarcanjo.net\/site\/#\/schema\/logo\/image\/\",\"url\":\"https:\/\/www.oarcanjo.net\/site\/wp-content\/uploads\/LogoOArcanjo.png\",\"contentUrl\":\"https:\/\/www.oarcanjo.net\/site\/wp-content\/uploads\/LogoOArcanjo.png\",\"width\":319,\"height\":99,\"caption\":\"Par\u00f3quia S\u00e3o Miguel Arcanjo\"},\"image\":{\"@id\":\"https:\/\/www.oarcanjo.net\/site\/#\/schema\/logo\/image\/\"},\"sameAs\":[\"https:\/\/www.facebook.com\/OArcanjoNoAr\/\"]},{\"@type\":\"Person\",\"@id\":\"https:\/\/www.oarcanjo.net\/site\/#\/schema\/person\/f7024d007863202483a31326673a0838\",\"name\":\"editor\",\"sameAs\":[\"http:\/\/www.oarcanjo.net\"]}]}<\/script>\n<!-- \/ Yoast SEO plugin. -->","yoast_head_json":{"title":"Mart\u00edrio e profecia na Igreja - O Arcanjo no ar","robots":{"index":"index","follow":"follow","max-snippet":"max-snippet:-1","max-image-preview":"max-image-preview:large","max-video-preview":"max-video-preview:-1"},"canonical":"https:\/\/www.oarcanjo.net\/site\/martirio-e-profecia-na-igreja\/","og_locale":"pt_BR","og_type":"article","og_title":"Mart\u00edrio e profecia na Igreja - O Arcanjo no ar","og_description":"Pe. Geovane Saraiva &#8220;Ningu\u00e9m tem maior amor do aquele que d\u00e1 a vida por seus amigos&#8221; (Jo 15, 13). Dar a vida se pode traduzir por generosidade, ren\u00fancia, doa\u00e7\u00e3o e testemunho. No amor a Deus e ao pr\u00f3ximo est\u00e1 o eixo central do cristianismo; tudo a partir do cora\u00e7\u00e3o, por ser o centro da personalidade, [&hellip;]","og_url":"https:\/\/www.oarcanjo.net\/site\/martirio-e-profecia-na-igreja\/","og_site_name":"O Arcanjo no ar","article_publisher":"https:\/\/www.facebook.com\/OArcanjoNoAr\/","article_published_time":"2012-02-16T01:23:23+00:00","og_image":[{"width":300,"height":300,"url":"https:\/\/www.oarcanjo.net\/site\/wp-content\/uploads\/logo-o-arcanjo-no-ar-facebook.png","type":"image\/png"}],"author":"editor","twitter_card":"summary_large_image","twitter_misc":{"Escrito por":"editor","Est. tempo de leitura":"3 minutos"},"schema":{"@context":"https:\/\/schema.org","@graph":[{"@type":"Article","@id":"https:\/\/www.oarcanjo.net\/site\/martirio-e-profecia-na-igreja\/#article","isPartOf":{"@id":"https:\/\/www.oarcanjo.net\/site\/martirio-e-profecia-na-igreja\/"},"author":{"name":"editor","@id":"https:\/\/www.oarcanjo.net\/site\/#\/schema\/person\/f7024d007863202483a31326673a0838"},"headline":"Mart\u00edrio e profecia na Igreja","datePublished":"2012-02-16T01:23:23+00:00","dateModified":"2012-02-16T01:23:23+00:00","mainEntityOfPage":{"@id":"https:\/\/www.oarcanjo.net\/site\/martirio-e-profecia-na-igreja\/"},"wordCount":533,"commentCount":0,"publisher":{"@id":"https:\/\/www.oarcanjo.net\/site\/#organization"},"keywords":["Anapu","conflito agr\u00e1rio","Ir. Dorothy Stang","luta pela terra","m\u00e1rtir","Reforma agr\u00e1ria"],"articleSection":["Ir. Dorothy Stang","Reflex\u00f5es"],"inLanguage":"pt-BR","potentialAction":[{"@type":"CommentAction","name":"Comment","target":["https:\/\/www.oarcanjo.net\/site\/martirio-e-profecia-na-igreja\/#respond"]}]},{"@type":"WebPage","@id":"https:\/\/www.oarcanjo.net\/site\/martirio-e-profecia-na-igreja\/","url":"https:\/\/www.oarcanjo.net\/site\/martirio-e-profecia-na-igreja\/","name":"Mart\u00edrio e profecia na Igreja - O Arcanjo no ar","isPartOf":{"@id":"https:\/\/www.oarcanjo.net\/site\/#website"},"datePublished":"2012-02-16T01:23:23+00:00","dateModified":"2012-02-16T01:23:23+00:00","breadcrumb":{"@id":"https:\/\/www.oarcanjo.net\/site\/martirio-e-profecia-na-igreja\/#breadcrumb"},"inLanguage":"pt-BR","potentialAction":[{"@type":"ReadAction","target":["https:\/\/www.oarcanjo.net\/site\/martirio-e-profecia-na-igreja\/"]}]},{"@type":"BreadcrumbList","@id":"https:\/\/www.oarcanjo.net\/site\/martirio-e-profecia-na-igreja\/#breadcrumb","itemListElement":[{"@type":"ListItem","position":1,"name":"In\u00edcio","item":"https:\/\/www.oarcanjo.net\/site\/"},{"@type":"ListItem","position":2,"name":"Mart\u00edrio e profecia na Igreja"}]},{"@type":"WebSite","@id":"https:\/\/www.oarcanjo.net\/site\/#website","url":"https:\/\/www.oarcanjo.net\/site\/","name":"O Arcanjo no ar","description":"Site da Par\u00f3quia S\u00e3o Miguel Arcanjo (Arquidiocese de SP)","publisher":{"@id":"https:\/\/www.oarcanjo.net\/site\/#organization"},"potentialAction":[{"@type":"SearchAction","target":{"@type":"EntryPoint","urlTemplate":"https:\/\/www.oarcanjo.net\/site\/?s={search_term_string}"},"query-input":{"@type":"PropertyValueSpecification","valueRequired":true,"valueName":"search_term_string"}}],"inLanguage":"pt-BR"},{"@type":"Organization","@id":"https:\/\/www.oarcanjo.net\/site\/#organization","name":"Par\u00f3quia S\u00e3o Miguel Arcanjo","url":"https:\/\/www.oarcanjo.net\/site\/","logo":{"@type":"ImageObject","inLanguage":"pt-BR","@id":"https:\/\/www.oarcanjo.net\/site\/#\/schema\/logo\/image\/","url":"https:\/\/www.oarcanjo.net\/site\/wp-content\/uploads\/LogoOArcanjo.png","contentUrl":"https:\/\/www.oarcanjo.net\/site\/wp-content\/uploads\/LogoOArcanjo.png","width":319,"height":99,"caption":"Par\u00f3quia S\u00e3o Miguel Arcanjo"},"image":{"@id":"https:\/\/www.oarcanjo.net\/site\/#\/schema\/logo\/image\/"},"sameAs":["https:\/\/www.facebook.com\/OArcanjoNoAr\/"]},{"@type":"Person","@id":"https:\/\/www.oarcanjo.net\/site\/#\/schema\/person\/f7024d007863202483a31326673a0838","name":"editor","sameAs":["http:\/\/www.oarcanjo.net"]}]}},"publishpress_future_action":{"enabled":false,"date":"2026-05-09 07:56:12","action":"category","newStatus":"draft","terms":[],"taxonomy":"category"},"publishpress_future_workflow_manual_trigger":{"enabledWorkflows":[]},"_links":{"self":[{"href":"https:\/\/www.oarcanjo.net\/site\/wp-json\/wp\/v2\/posts\/17343"}],"collection":[{"href":"https:\/\/www.oarcanjo.net\/site\/wp-json\/wp\/v2\/posts"}],"about":[{"href":"https:\/\/www.oarcanjo.net\/site\/wp-json\/wp\/v2\/types\/post"}],"author":[{"embeddable":true,"href":"https:\/\/www.oarcanjo.net\/site\/wp-json\/wp\/v2\/users\/5"}],"replies":[{"embeddable":true,"href":"https:\/\/www.oarcanjo.net\/site\/wp-json\/wp\/v2\/comments?post=17343"}],"version-history":[{"count":0,"href":"https:\/\/www.oarcanjo.net\/site\/wp-json\/wp\/v2\/posts\/17343\/revisions"}],"wp:attachment":[{"href":"https:\/\/www.oarcanjo.net\/site\/wp-json\/wp\/v2\/media?parent=17343"}],"wp:term":[{"taxonomy":"category","embeddable":true,"href":"https:\/\/www.oarcanjo.net\/site\/wp-json\/wp\/v2\/categories?post=17343"},{"taxonomy":"post_tag","embeddable":true,"href":"https:\/\/www.oarcanjo.net\/site\/wp-json\/wp\/v2\/tags?post=17343"}],"curies":[{"name":"wp","href":"https:\/\/api.w.org\/{rel}","templated":true}]}}