
{"id":17349,"date":"2012-02-17T09:03:38","date_gmt":"2012-02-17T11:03:38","guid":{"rendered":"http:\/\/www.oarcanjo.net\/site\/?p=17349"},"modified":"2012-02-17T09:03:38","modified_gmt":"2012-02-17T11:03:38","slug":"carnaval-com-que-roupa","status":"publish","type":"post","link":"https:\/\/www.oarcanjo.net\/site\/carnaval-com-que-roupa\/","title":{"rendered":"Carnaval: com que roupa?"},"content":{"rendered":"<p>Maria Clara Lucchetti Bingemer<\/p>\n<p>Sou do tempo em que no carnaval nossas m\u00e3es  soltavam a criatividade e faziam para cada um de n\u00f3s a mais linda e diferente fantasia: \u201c de rei ou de pirata ou jardineira\u201d&#8230; diz a can\u00e7\u00e3o do poeta Vinicius de Moraes.  E  de camponesa russa, de bailarina, de ursinho etc. etc.  Quem j\u00e1 n\u00e3o vestiu cada uma dessas fantasias e foi para o baile sentindo-se rainha ou pelo menos princesa, com todos os olhares postos na sua pessoa?<\/p>\n<p>Havia tamb\u00e9m os grupos.  E eu participei de v\u00e1rios.  Uma vez \u00e9ramos 26 palha\u00e7os, rapazes e mocinhas, todos de cara pintada, bata de seda, meias pretas.  Em outra, 17 tiroleses.  Eu fui de saia, a \u00fanica.  E a mancha verde se confundia com os confetes e serpentinas.  Naquele tempo, a maior preocupa\u00e7\u00e3o das m\u00e3es era um de n\u00f3s engolir confete e ter de parar no hospital. Ou  escorregar no ch\u00e3o cheio de serpentinas molhadas e quebrar uma perna.<\/p>\n<p>Sim, senhoras e senhores, a gente vai ficando velha.  Lan\u00e7a-perfume era s\u00f3 uma deliciosa sensa\u00e7\u00e3o de geladinho na perna, nas costas, na m\u00e3o.  E disputar quase a tapa a linda garrafa dourada para brincar de casinha no dia seguinte.  Em nossa inoc\u00eancia jamais soubemos o que Rita Lee sabia. E que os garotos mais velhos que iam ao baile noturno dos clubes tamb\u00e9m sabiam.<\/p>\n<p>Para n\u00f3s, pequenas, era brincar em roda, fazer cord\u00e3o, cantar e suar at\u00e9 se acabar. E quando a adolesc\u00eancia come\u00e7ava a espreitar na porta, sentir o cora\u00e7\u00e3o bater e o rosto corar, sem precisar de maquiagem.  Ser\u00e1 que o namorado ou \u201cpaquerado\u201d viria ao baile?  Ser\u00e1 que ia dan\u00e7ar conosco? Coisas que enchiam a imagina\u00e7\u00e3o, o afeto, o cora\u00e7\u00e3o.<\/p>\n<p>Hoje, fantasia, quando \u00e9 anunciada nos desfiles e concursos a vontade \u00e9 perguntar: onde est\u00e1?  Porque quando n\u00e3o se resume a uma lantejoula estrategicamente colocada na parte inferior do tronco, chega a, no m\u00e1ximo, algumas pluminhas que balan\u00e7am ao som da m\u00fasica e deixam adivinhar tudo que, ali\u00e1s, ningu\u00e9m estava tentando esconder. A nudez \u00e9 a fantasia na maioria das vezes.  Pois para isso aquele corpo foi submetido \u00e0 mais rigorosa \u201cmalha\u00e7\u00e3o\u201d ao longo de todo o ano, a fim de poder ser exibido sem cuidado nem pudor, mas, ao contr\u00e1rio, orgulhosamente, aos olhares todos.<\/p>\n<p>N\u00e3o cabe aqui ser moralista.  Fica at\u00e9 meio rid\u00edculo.  Cabe, por\u00e9m, tentar refletir.  A realidade est\u00e1 a\u00ed para isso mesmo: ser ruminada, digerida, refletida, mastigada. Reflitamos ent\u00e3o.  N\u00e3o estaremos indo na contram\u00e3o da civiliza\u00e7\u00e3o que levamos mil\u00eanios para construir e edificar?  Pois na raiz da mesma est\u00e1 uma combina\u00e7\u00e3o dos dois elementos: a nudez e a veste.<\/p>\n<p>A primeira era apan\u00e1gio dos gregos.  Na nudez estava o apan\u00e1gio da est\u00e9tica.  E por isso as gravuras da \u00e9poca cuidaram bem que ficasse material para que os artistas renascentistas imortalizassem a beleza nua das deusas do Olimpo, como V\u00eanus e Afrodite, que deixavam ver o esplendor de seus corpos perfeitos para sempre escavados no alv\u00edssimo m\u00e1rmore.  At\u00e9 hoje peregrinamos pelos museus europeus extasiando-nos diante dessas maravilhas.<\/p>\n<p>Mas n\u00e3o s\u00f3 de Atenas vive a nossa cultura.  N\u00e3o podemos nos esquecer de Jerusal\u00e9m, longe de n\u00f3s.  E nesta cultura, a veste era a coisa mais importante. Era a \u201ccarteira de identidade\u201d da pessoa, pois revelava a que meio social pertencia.  E era igualmente sinal de respeito.  Apresentar-se em algum lugar, sobretudo em um ritual ou uma festa, com a veste inadequada era uma falta de respeito pass\u00edvel de ser punida com a expuls\u00e3o ou a rejei\u00e7\u00e3o mais radical.<\/p>\n<p>Foi nesse terreno plural e rico que aterrissou a mensagem crist\u00e3.  E foi t\u00e3o natural como o desabrochar de uma flor identificar a nova vida em Cristo, que a comunidade proclamava com entusiasmo e alegria com uma nova veste que devia ser revestida e nunca retirada, a fim de fazer parte da personalidade da pessoa.  Assim \u00e9 que o ap\u00f3stolo diz uma e outra vez: \u201cPois todos v\u00f3s que fostes batizados em Cristo, vos revestistes de Cristo\u201d(Gal 3,27).  Ou ainda \u201c&#8230; e vos revestistes do novo, que se vai restaurando constantemente \u00e0 imagem daquele que o criou, at\u00e9 atingir o perfeito conhecimento.\u201d(Col 3,10).<\/p>\n<p>Assim, no pr\u00f3ximo carnaval, vamos brincar de ir vestidos.  N\u00e3o s\u00f3 vai ser coisa nova, que vai chamar a aten\u00e7\u00e3o.  Mas pode ser inclusive testemunho de que estamos cheios de alegria justamente porque fomos revestidos d\u2019Aquele que \u00e9 a fonte da vida e da alegria.  Um bom e sadio carnaval para todos e todas!<\/p>\n<div id=\"themify_builder_content-17349\" data-postid=\"17349\" class=\"themify_builder_content themify_builder_content-17349 themify_builder themify_builder_front\">\n\t<\/div>\n<!-- \/themify_builder_content -->","protected":false},"excerpt":{"rendered":"<p>Maria Clara Lucchetti Bingemer Sou do tempo em que no carnaval nossas m\u00e3es soltavam a criatividade e faziam para cada um de n\u00f3s a mais linda e diferente fantasia: \u201c de rei ou de pirata ou jardineira\u201d&#8230; diz a can\u00e7\u00e3o do poeta Vinicius de Moraes. E de camponesa russa, de bailarina, de ursinho etc. etc. [&hellip;]<\/p>\n","protected":false},"author":5,"featured_media":0,"comment_status":"open","ping_status":"open","sticky":false,"template":"","format":"standard","meta":{"ngg_post_thumbnail":0,"footnotes":""},"categories":[9],"tags":[270,222,2175,2176],"yoast_head":"<!-- This site is optimized with the Yoast SEO plugin v23.5 - https:\/\/yoast.com\/wordpress\/plugins\/seo\/ -->\n<title>Carnaval: com que roupa? - O Arcanjo no ar<\/title>\n<meta name=\"robots\" content=\"index, follow, max-snippet:-1, max-image-preview:large, max-video-preview:-1\" \/>\n<link rel=\"canonical\" href=\"https:\/\/www.oarcanjo.net\/site\/carnaval-com-que-roupa\/\" \/>\n<meta property=\"og:locale\" content=\"pt_BR\" \/>\n<meta property=\"og:type\" content=\"article\" \/>\n<meta property=\"og:title\" content=\"Carnaval: com que roupa? - O Arcanjo no ar\" \/>\n<meta property=\"og:description\" content=\"Maria Clara Lucchetti Bingemer Sou do tempo em que no carnaval nossas m\u00e3es soltavam a criatividade e faziam para cada um de n\u00f3s a mais linda e diferente fantasia: \u201c de rei ou de pirata ou jardineira\u201d&#8230; diz a can\u00e7\u00e3o do poeta Vinicius de Moraes. E de camponesa russa, de bailarina, de ursinho etc. etc. [&hellip;]\" \/>\n<meta property=\"og:url\" content=\"https:\/\/www.oarcanjo.net\/site\/carnaval-com-que-roupa\/\" \/>\n<meta property=\"og:site_name\" content=\"O Arcanjo no ar\" \/>\n<meta property=\"article:publisher\" content=\"https:\/\/www.facebook.com\/OArcanjoNoAr\/\" \/>\n<meta property=\"article:published_time\" content=\"2012-02-17T11:03:38+00:00\" \/>\n<meta property=\"og:image\" content=\"https:\/\/www.oarcanjo.net\/site\/wp-content\/uploads\/logo-o-arcanjo-no-ar-facebook.png\" \/>\n\t<meta property=\"og:image:width\" content=\"300\" \/>\n\t<meta property=\"og:image:height\" content=\"300\" \/>\n\t<meta property=\"og:image:type\" content=\"image\/png\" \/>\n<meta name=\"author\" content=\"editor\" \/>\n<meta name=\"twitter:card\" content=\"summary_large_image\" \/>\n<meta name=\"twitter:label1\" content=\"Escrito por\" \/>\n\t<meta name=\"twitter:data1\" content=\"editor\" \/>\n\t<meta name=\"twitter:label2\" content=\"Est. tempo de leitura\" \/>\n\t<meta name=\"twitter:data2\" content=\"4 minutos\" \/>\n<script type=\"application\/ld+json\" class=\"yoast-schema-graph\">{\"@context\":\"https:\/\/schema.org\",\"@graph\":[{\"@type\":\"Article\",\"@id\":\"https:\/\/www.oarcanjo.net\/site\/carnaval-com-que-roupa\/#article\",\"isPartOf\":{\"@id\":\"https:\/\/www.oarcanjo.net\/site\/carnaval-com-que-roupa\/\"},\"author\":{\"name\":\"editor\",\"@id\":\"https:\/\/www.oarcanjo.net\/site\/#\/schema\/person\/f7024d007863202483a31326673a0838\"},\"headline\":\"Carnaval: com que roupa?\",\"datePublished\":\"2012-02-17T11:03:38+00:00\",\"dateModified\":\"2012-02-17T11:03:38+00:00\",\"mainEntityOfPage\":{\"@id\":\"https:\/\/www.oarcanjo.net\/site\/carnaval-com-que-roupa\/\"},\"wordCount\":793,\"commentCount\":0,\"publisher\":{\"@id\":\"https:\/\/www.oarcanjo.net\/site\/#organization\"},\"keywords\":[\"carnaval\",\"cristianismo\",\"nudez\",\"veste\"],\"articleSection\":[\"Reflex\u00f5es\"],\"inLanguage\":\"pt-BR\",\"potentialAction\":[{\"@type\":\"CommentAction\",\"name\":\"Comment\",\"target\":[\"https:\/\/www.oarcanjo.net\/site\/carnaval-com-que-roupa\/#respond\"]}]},{\"@type\":\"WebPage\",\"@id\":\"https:\/\/www.oarcanjo.net\/site\/carnaval-com-que-roupa\/\",\"url\":\"https:\/\/www.oarcanjo.net\/site\/carnaval-com-que-roupa\/\",\"name\":\"Carnaval: com que roupa? - O Arcanjo no ar\",\"isPartOf\":{\"@id\":\"https:\/\/www.oarcanjo.net\/site\/#website\"},\"datePublished\":\"2012-02-17T11:03:38+00:00\",\"dateModified\":\"2012-02-17T11:03:38+00:00\",\"breadcrumb\":{\"@id\":\"https:\/\/www.oarcanjo.net\/site\/carnaval-com-que-roupa\/#breadcrumb\"},\"inLanguage\":\"pt-BR\",\"potentialAction\":[{\"@type\":\"ReadAction\",\"target\":[\"https:\/\/www.oarcanjo.net\/site\/carnaval-com-que-roupa\/\"]}]},{\"@type\":\"BreadcrumbList\",\"@id\":\"https:\/\/www.oarcanjo.net\/site\/carnaval-com-que-roupa\/#breadcrumb\",\"itemListElement\":[{\"@type\":\"ListItem\",\"position\":1,\"name\":\"In\u00edcio\",\"item\":\"https:\/\/www.oarcanjo.net\/site\/\"},{\"@type\":\"ListItem\",\"position\":2,\"name\":\"Carnaval: com que roupa?\"}]},{\"@type\":\"WebSite\",\"@id\":\"https:\/\/www.oarcanjo.net\/site\/#website\",\"url\":\"https:\/\/www.oarcanjo.net\/site\/\",\"name\":\"O Arcanjo no ar\",\"description\":\"Site da Par\u00f3quia S\u00e3o Miguel Arcanjo (Arquidiocese de SP)\",\"publisher\":{\"@id\":\"https:\/\/www.oarcanjo.net\/site\/#organization\"},\"potentialAction\":[{\"@type\":\"SearchAction\",\"target\":{\"@type\":\"EntryPoint\",\"urlTemplate\":\"https:\/\/www.oarcanjo.net\/site\/?s={search_term_string}\"},\"query-input\":{\"@type\":\"PropertyValueSpecification\",\"valueRequired\":true,\"valueName\":\"search_term_string\"}}],\"inLanguage\":\"pt-BR\"},{\"@type\":\"Organization\",\"@id\":\"https:\/\/www.oarcanjo.net\/site\/#organization\",\"name\":\"Par\u00f3quia S\u00e3o Miguel Arcanjo\",\"url\":\"https:\/\/www.oarcanjo.net\/site\/\",\"logo\":{\"@type\":\"ImageObject\",\"inLanguage\":\"pt-BR\",\"@id\":\"https:\/\/www.oarcanjo.net\/site\/#\/schema\/logo\/image\/\",\"url\":\"https:\/\/www.oarcanjo.net\/site\/wp-content\/uploads\/LogoOArcanjo.png\",\"contentUrl\":\"https:\/\/www.oarcanjo.net\/site\/wp-content\/uploads\/LogoOArcanjo.png\",\"width\":319,\"height\":99,\"caption\":\"Par\u00f3quia S\u00e3o Miguel Arcanjo\"},\"image\":{\"@id\":\"https:\/\/www.oarcanjo.net\/site\/#\/schema\/logo\/image\/\"},\"sameAs\":[\"https:\/\/www.facebook.com\/OArcanjoNoAr\/\"]},{\"@type\":\"Person\",\"@id\":\"https:\/\/www.oarcanjo.net\/site\/#\/schema\/person\/f7024d007863202483a31326673a0838\",\"name\":\"editor\",\"sameAs\":[\"http:\/\/www.oarcanjo.net\"]}]}<\/script>\n<!-- \/ Yoast SEO plugin. -->","yoast_head_json":{"title":"Carnaval: com que roupa? - O Arcanjo no ar","robots":{"index":"index","follow":"follow","max-snippet":"max-snippet:-1","max-image-preview":"max-image-preview:large","max-video-preview":"max-video-preview:-1"},"canonical":"https:\/\/www.oarcanjo.net\/site\/carnaval-com-que-roupa\/","og_locale":"pt_BR","og_type":"article","og_title":"Carnaval: com que roupa? - O Arcanjo no ar","og_description":"Maria Clara Lucchetti Bingemer Sou do tempo em que no carnaval nossas m\u00e3es soltavam a criatividade e faziam para cada um de n\u00f3s a mais linda e diferente fantasia: \u201c de rei ou de pirata ou jardineira\u201d&#8230; diz a can\u00e7\u00e3o do poeta Vinicius de Moraes. E de camponesa russa, de bailarina, de ursinho etc. etc. [&hellip;]","og_url":"https:\/\/www.oarcanjo.net\/site\/carnaval-com-que-roupa\/","og_site_name":"O Arcanjo no ar","article_publisher":"https:\/\/www.facebook.com\/OArcanjoNoAr\/","article_published_time":"2012-02-17T11:03:38+00:00","og_image":[{"width":300,"height":300,"url":"https:\/\/www.oarcanjo.net\/site\/wp-content\/uploads\/logo-o-arcanjo-no-ar-facebook.png","type":"image\/png"}],"author":"editor","twitter_card":"summary_large_image","twitter_misc":{"Escrito por":"editor","Est. tempo de leitura":"4 minutos"},"schema":{"@context":"https:\/\/schema.org","@graph":[{"@type":"Article","@id":"https:\/\/www.oarcanjo.net\/site\/carnaval-com-que-roupa\/#article","isPartOf":{"@id":"https:\/\/www.oarcanjo.net\/site\/carnaval-com-que-roupa\/"},"author":{"name":"editor","@id":"https:\/\/www.oarcanjo.net\/site\/#\/schema\/person\/f7024d007863202483a31326673a0838"},"headline":"Carnaval: com que roupa?","datePublished":"2012-02-17T11:03:38+00:00","dateModified":"2012-02-17T11:03:38+00:00","mainEntityOfPage":{"@id":"https:\/\/www.oarcanjo.net\/site\/carnaval-com-que-roupa\/"},"wordCount":793,"commentCount":0,"publisher":{"@id":"https:\/\/www.oarcanjo.net\/site\/#organization"},"keywords":["carnaval","cristianismo","nudez","veste"],"articleSection":["Reflex\u00f5es"],"inLanguage":"pt-BR","potentialAction":[{"@type":"CommentAction","name":"Comment","target":["https:\/\/www.oarcanjo.net\/site\/carnaval-com-que-roupa\/#respond"]}]},{"@type":"WebPage","@id":"https:\/\/www.oarcanjo.net\/site\/carnaval-com-que-roupa\/","url":"https:\/\/www.oarcanjo.net\/site\/carnaval-com-que-roupa\/","name":"Carnaval: com que roupa? - O Arcanjo no ar","isPartOf":{"@id":"https:\/\/www.oarcanjo.net\/site\/#website"},"datePublished":"2012-02-17T11:03:38+00:00","dateModified":"2012-02-17T11:03:38+00:00","breadcrumb":{"@id":"https:\/\/www.oarcanjo.net\/site\/carnaval-com-que-roupa\/#breadcrumb"},"inLanguage":"pt-BR","potentialAction":[{"@type":"ReadAction","target":["https:\/\/www.oarcanjo.net\/site\/carnaval-com-que-roupa\/"]}]},{"@type":"BreadcrumbList","@id":"https:\/\/www.oarcanjo.net\/site\/carnaval-com-que-roupa\/#breadcrumb","itemListElement":[{"@type":"ListItem","position":1,"name":"In\u00edcio","item":"https:\/\/www.oarcanjo.net\/site\/"},{"@type":"ListItem","position":2,"name":"Carnaval: com que roupa?"}]},{"@type":"WebSite","@id":"https:\/\/www.oarcanjo.net\/site\/#website","url":"https:\/\/www.oarcanjo.net\/site\/","name":"O Arcanjo no ar","description":"Site da Par\u00f3quia S\u00e3o Miguel Arcanjo (Arquidiocese de SP)","publisher":{"@id":"https:\/\/www.oarcanjo.net\/site\/#organization"},"potentialAction":[{"@type":"SearchAction","target":{"@type":"EntryPoint","urlTemplate":"https:\/\/www.oarcanjo.net\/site\/?s={search_term_string}"},"query-input":{"@type":"PropertyValueSpecification","valueRequired":true,"valueName":"search_term_string"}}],"inLanguage":"pt-BR"},{"@type":"Organization","@id":"https:\/\/www.oarcanjo.net\/site\/#organization","name":"Par\u00f3quia S\u00e3o Miguel Arcanjo","url":"https:\/\/www.oarcanjo.net\/site\/","logo":{"@type":"ImageObject","inLanguage":"pt-BR","@id":"https:\/\/www.oarcanjo.net\/site\/#\/schema\/logo\/image\/","url":"https:\/\/www.oarcanjo.net\/site\/wp-content\/uploads\/LogoOArcanjo.png","contentUrl":"https:\/\/www.oarcanjo.net\/site\/wp-content\/uploads\/LogoOArcanjo.png","width":319,"height":99,"caption":"Par\u00f3quia S\u00e3o Miguel Arcanjo"},"image":{"@id":"https:\/\/www.oarcanjo.net\/site\/#\/schema\/logo\/image\/"},"sameAs":["https:\/\/www.facebook.com\/OArcanjoNoAr\/"]},{"@type":"Person","@id":"https:\/\/www.oarcanjo.net\/site\/#\/schema\/person\/f7024d007863202483a31326673a0838","name":"editor","sameAs":["http:\/\/www.oarcanjo.net"]}]}},"publishpress_future_action":{"enabled":false,"date":"2026-05-09 09:19:03","action":"category","newStatus":"draft","terms":[],"taxonomy":"category"},"publishpress_future_workflow_manual_trigger":{"enabledWorkflows":[]},"_links":{"self":[{"href":"https:\/\/www.oarcanjo.net\/site\/wp-json\/wp\/v2\/posts\/17349"}],"collection":[{"href":"https:\/\/www.oarcanjo.net\/site\/wp-json\/wp\/v2\/posts"}],"about":[{"href":"https:\/\/www.oarcanjo.net\/site\/wp-json\/wp\/v2\/types\/post"}],"author":[{"embeddable":true,"href":"https:\/\/www.oarcanjo.net\/site\/wp-json\/wp\/v2\/users\/5"}],"replies":[{"embeddable":true,"href":"https:\/\/www.oarcanjo.net\/site\/wp-json\/wp\/v2\/comments?post=17349"}],"version-history":[{"count":0,"href":"https:\/\/www.oarcanjo.net\/site\/wp-json\/wp\/v2\/posts\/17349\/revisions"}],"wp:attachment":[{"href":"https:\/\/www.oarcanjo.net\/site\/wp-json\/wp\/v2\/media?parent=17349"}],"wp:term":[{"taxonomy":"category","embeddable":true,"href":"https:\/\/www.oarcanjo.net\/site\/wp-json\/wp\/v2\/categories?post=17349"},{"taxonomy":"post_tag","embeddable":true,"href":"https:\/\/www.oarcanjo.net\/site\/wp-json\/wp\/v2\/tags?post=17349"}],"curies":[{"name":"wp","href":"https:\/\/api.w.org\/{rel}","templated":true}]}}