
{"id":1736,"date":"2009-02-05T08:45:19","date_gmt":"2009-02-05T10:45:19","guid":{"rendered":"http:\/\/www.oarcanjo.net\/site\/?p=1736"},"modified":"2009-02-05T08:45:19","modified_gmt":"2009-02-05T10:45:19","slug":"centenario-de-dom-helder","status":"publish","type":"post","link":"https:\/\/www.oarcanjo.net\/site\/centenario-de-dom-helder\/","title":{"rendered":"Centen\u00e1rio de Dom Helder"},"content":{"rendered":"<p>Dom Dem\u00e9trio Valentini<\/p>\n<p>Nesta semana temos uma data especial a agendar. No dia 07 de fevereiro se completam cem anos do nascimento de D. Helder Camara. Para personagens com dimens\u00e3o hist\u00f3rica, a roupagem adequada \u00e9 a dos s\u00e9culos. <\/p>\n<p>De fato, o arco de um s\u00e9culo situa melhor a import\u00e2ncia e a grandeza de D. Helder. \u00c9 muito acertada a iniciativa de se promover um &#8220;ano centen\u00e1rio&#8221;, para recolher a grande heran\u00e7a deixada por ele.<br \/>\nA iniciativa parte de diversas institui\u00e7\u00f5es, a come\u00e7ar pela CNBB, com a presen\u00e7a do seu atual Presidente, D. Lyrio Rocha, na missa de abertura do &#8220;ano centen\u00e1rio&#8221;, em Recife, defronte \u00e0 Igreja das Fronteiras.<\/p>\n<p>A C\u00e1ritas Brasileira se sente particularmente ligada \u00e0 pessoa de D. Helder, que foi o seu fundador, no ano de 1956. Por isto, ela se antecipa, e promove uma homenagem especial ao seu primeiro secret\u00e1rio geral e presidente no dia 06 \u00e0 noite. Quando a liturgia tem uma data especial a celebrar, ela come\u00e7a no dia anterior, com as &#8220;primeiras v\u00e9speras&#8221;. A C\u00e1ritas se incumbe de entoar os primeiros louvores, sinalizando que a celebra\u00e7\u00e3o \u00e9 de &#8220;primeira classe&#8221;!<\/p>\n<p>Entre tantos predicados, D. Helder foi indiscutivelmente um grande profeta e um sonhador das grandes utopias humanas e crist\u00e3s.<\/p>\n<p>Para descortinar os amplos horizontes suscitados pelo centen\u00e1rio do seu nascimento, podemos lembrar os dois grandes sonhos de D. Helder. Ambos em vista da passagem do mil\u00eanio, que ele nem p\u00f4de ver. Como Mois\u00e9s que n\u00e3o chegou a pisar a terra prometida, s\u00f3 a enxergando do alto do Monte Nebo, assim D. Helder deixou este mundo em 1999, antes da chegada do novo mil\u00eanio, que ele sonhou com a generosidade de suas grandes utopias.<\/p>\n<p>Pois bem, para o mundo, D. Helder sonhou o fim da mis\u00e9ria e da fome. Um mundo justo, em paz, reconciliado e fraterno, onde ningu\u00e9m precisasse viver na mis\u00e9ria e passando fome. Este o mundo que D. Helder sonhou para o mil\u00eanio que j\u00e1 estamos vivendo!<\/p>\n<p>Para a Igreja, D. Helder sonhou, e divulgou, sua grande utopia, carregada de profundo simbolismo: a convoca\u00e7\u00e3o do Segundo Conc\u00edlio de Jerusal\u00e9m!  Para entender a for\u00e7a deste sonho, \u00e9 preciso saber o que foi o primeiro conc\u00edlio, descrito na B\u00edblia e realizado no come\u00e7o da Igreja. Os ap\u00f3stolos se congregaram em Jerusal\u00e9m e perceberam a universalidade do Evangelho de Cristo, que precisava romper os limites estreitos do juda\u00edsmo e de quaisquer outras amarras culturais e religiosas, para ser levado a toda a humanidade, que o aguardava como terra sedenta de verdade e de amor, pronta para produzir os frutos do Reino de Deus.<\/p>\n<p>Agora, um segundo &#8220;conc\u00edlio de Jerusal\u00e9m&#8221; implicaria a predisposi\u00e7\u00e3o da Igreja em rever sua caminhada, e o convite ao mundo para se abrir ao Evangelho de Cristo, superando preconceitos e confrontos in\u00fateis, e abrindo caminho para um novo tempo de reconcilia\u00e7\u00e3o e de paz mundial.<\/p>\n<p>Assim sonhava D. Helder. Ele vinculava seus sonhos a uma data, carregada de simbolismo, para dizer que estes sonhos ultrapassam as possibilidades concretas do nosso dia a dia, mas ao mesmo tempo come\u00e7am a acontecer se lhes damos abrigo em nossas mentes e em nossos cora\u00e7\u00f5es.  Ele insistia na dimens\u00e3o comunit\u00e1ria das utopias, alertando que um sonho que se sonha s\u00f3, fica na ilus\u00e3o, mas um sonho que sonhamos juntos, come\u00e7a sua encarna\u00e7\u00e3o.<\/p>\n<p>O &#8220;Ano centen\u00e1rio&#8221; \u00e9 para voltarmos a sonhar como D. Helder, para nos comprometer com a realiza\u00e7\u00e3o concreta de suas grandes utopias. Apesar das nuvens carregadas de pessimismo que se abateram sobre o mundo no alvorecer deste novo mil\u00eanio.<\/p>\n<p>Em temos de borrascas os profetas precisam anunciar a bonan\u00e7a!<\/p>\n<div id=\"themify_builder_content-1736\" data-postid=\"1736\" class=\"themify_builder_content themify_builder_content-1736 themify_builder themify_builder_front\">\n\t<\/div>\n<!-- \/themify_builder_content -->","protected":false},"excerpt":{"rendered":"<p>Dom Dem\u00e9trio Valentini Nesta semana temos uma data especial a agendar. No dia 07 de fevereiro se completam cem anos do nascimento de D. Helder Camara. Para personagens com dimens\u00e3o hist\u00f3rica, a roupagem adequada \u00e9 a dos s\u00e9culos. De fato, o arco de um s\u00e9culo situa melhor a import\u00e2ncia e a grandeza de D. Helder. [&hellip;]<\/p>\n","protected":false},"author":5,"featured_media":0,"comment_status":"open","ping_status":"open","sticky":false,"template":"","format":"standard","meta":{"ngg_post_thumbnail":0,"footnotes":""},"categories":[192],"tags":[210,187],"yoast_head":"<!-- This site is optimized with the Yoast SEO plugin v23.5 - https:\/\/yoast.com\/wordpress\/plugins\/seo\/ -->\n<title>Centen\u00e1rio de Dom Helder - O Arcanjo no ar<\/title>\n<meta name=\"robots\" content=\"index, follow, max-snippet:-1, max-image-preview:large, max-video-preview:-1\" \/>\n<link rel=\"canonical\" href=\"https:\/\/www.oarcanjo.net\/site\/centenario-de-dom-helder\/\" \/>\n<meta property=\"og:locale\" content=\"pt_BR\" \/>\n<meta property=\"og:type\" content=\"article\" \/>\n<meta property=\"og:title\" content=\"Centen\u00e1rio de Dom Helder - O Arcanjo no ar\" \/>\n<meta property=\"og:description\" content=\"Dom Dem\u00e9trio Valentini Nesta semana temos uma data especial a agendar. No dia 07 de fevereiro se completam cem anos do nascimento de D. Helder Camara. Para personagens com dimens\u00e3o hist\u00f3rica, a roupagem adequada \u00e9 a dos s\u00e9culos. De fato, o arco de um s\u00e9culo situa melhor a import\u00e2ncia e a grandeza de D. Helder. [&hellip;]\" \/>\n<meta property=\"og:url\" content=\"https:\/\/www.oarcanjo.net\/site\/centenario-de-dom-helder\/\" \/>\n<meta property=\"og:site_name\" content=\"O Arcanjo no ar\" \/>\n<meta property=\"article:publisher\" content=\"https:\/\/www.facebook.com\/OArcanjoNoAr\/\" \/>\n<meta property=\"article:published_time\" content=\"2009-02-05T10:45:19+00:00\" \/>\n<meta property=\"og:image\" content=\"https:\/\/www.oarcanjo.net\/site\/wp-content\/uploads\/logo-o-arcanjo-no-ar-facebook.png\" \/>\n\t<meta property=\"og:image:width\" content=\"300\" \/>\n\t<meta property=\"og:image:height\" content=\"300\" \/>\n\t<meta property=\"og:image:type\" content=\"image\/png\" \/>\n<meta name=\"author\" content=\"editor\" \/>\n<meta name=\"twitter:card\" content=\"summary_large_image\" \/>\n<meta name=\"twitter:label1\" content=\"Escrito por\" \/>\n\t<meta name=\"twitter:data1\" content=\"editor\" \/>\n\t<meta name=\"twitter:label2\" content=\"Est. tempo de leitura\" \/>\n\t<meta name=\"twitter:data2\" content=\"3 minutos\" \/>\n<script type=\"application\/ld+json\" class=\"yoast-schema-graph\">{\"@context\":\"https:\/\/schema.org\",\"@graph\":[{\"@type\":\"Article\",\"@id\":\"https:\/\/www.oarcanjo.net\/site\/centenario-de-dom-helder\/#article\",\"isPartOf\":{\"@id\":\"https:\/\/www.oarcanjo.net\/site\/centenario-de-dom-helder\/\"},\"author\":{\"name\":\"editor\",\"@id\":\"https:\/\/www.oarcanjo.net\/site\/#\/schema\/person\/f7024d007863202483a31326673a0838\"},\"headline\":\"Centen\u00e1rio de Dom Helder\",\"datePublished\":\"2009-02-05T10:45:19+00:00\",\"dateModified\":\"2009-02-05T10:45:19+00:00\",\"mainEntityOfPage\":{\"@id\":\"https:\/\/www.oarcanjo.net\/site\/centenario-de-dom-helder\/\"},\"wordCount\":643,\"commentCount\":1,\"publisher\":{\"@id\":\"https:\/\/www.oarcanjo.net\/site\/#organization\"},\"keywords\":[\"Dom Helder Camara\",\"profeta\"],\"articleSection\":[\"D. Helder C\u00e2mara\"],\"inLanguage\":\"pt-BR\",\"potentialAction\":[{\"@type\":\"CommentAction\",\"name\":\"Comment\",\"target\":[\"https:\/\/www.oarcanjo.net\/site\/centenario-de-dom-helder\/#respond\"]}]},{\"@type\":\"WebPage\",\"@id\":\"https:\/\/www.oarcanjo.net\/site\/centenario-de-dom-helder\/\",\"url\":\"https:\/\/www.oarcanjo.net\/site\/centenario-de-dom-helder\/\",\"name\":\"Centen\u00e1rio de Dom Helder - O Arcanjo no ar\",\"isPartOf\":{\"@id\":\"https:\/\/www.oarcanjo.net\/site\/#website\"},\"datePublished\":\"2009-02-05T10:45:19+00:00\",\"dateModified\":\"2009-02-05T10:45:19+00:00\",\"breadcrumb\":{\"@id\":\"https:\/\/www.oarcanjo.net\/site\/centenario-de-dom-helder\/#breadcrumb\"},\"inLanguage\":\"pt-BR\",\"potentialAction\":[{\"@type\":\"ReadAction\",\"target\":[\"https:\/\/www.oarcanjo.net\/site\/centenario-de-dom-helder\/\"]}]},{\"@type\":\"BreadcrumbList\",\"@id\":\"https:\/\/www.oarcanjo.net\/site\/centenario-de-dom-helder\/#breadcrumb\",\"itemListElement\":[{\"@type\":\"ListItem\",\"position\":1,\"name\":\"In\u00edcio\",\"item\":\"https:\/\/www.oarcanjo.net\/site\/\"},{\"@type\":\"ListItem\",\"position\":2,\"name\":\"Centen\u00e1rio de Dom Helder\"}]},{\"@type\":\"WebSite\",\"@id\":\"https:\/\/www.oarcanjo.net\/site\/#website\",\"url\":\"https:\/\/www.oarcanjo.net\/site\/\",\"name\":\"O Arcanjo no ar\",\"description\":\"Site da Par\u00f3quia S\u00e3o Miguel Arcanjo (Arquidiocese de SP)\",\"publisher\":{\"@id\":\"https:\/\/www.oarcanjo.net\/site\/#organization\"},\"potentialAction\":[{\"@type\":\"SearchAction\",\"target\":{\"@type\":\"EntryPoint\",\"urlTemplate\":\"https:\/\/www.oarcanjo.net\/site\/?s={search_term_string}\"},\"query-input\":{\"@type\":\"PropertyValueSpecification\",\"valueRequired\":true,\"valueName\":\"search_term_string\"}}],\"inLanguage\":\"pt-BR\"},{\"@type\":\"Organization\",\"@id\":\"https:\/\/www.oarcanjo.net\/site\/#organization\",\"name\":\"Par\u00f3quia S\u00e3o Miguel Arcanjo\",\"url\":\"https:\/\/www.oarcanjo.net\/site\/\",\"logo\":{\"@type\":\"ImageObject\",\"inLanguage\":\"pt-BR\",\"@id\":\"https:\/\/www.oarcanjo.net\/site\/#\/schema\/logo\/image\/\",\"url\":\"https:\/\/www.oarcanjo.net\/site\/wp-content\/uploads\/LogoOArcanjo.png\",\"contentUrl\":\"https:\/\/www.oarcanjo.net\/site\/wp-content\/uploads\/LogoOArcanjo.png\",\"width\":319,\"height\":99,\"caption\":\"Par\u00f3quia S\u00e3o Miguel Arcanjo\"},\"image\":{\"@id\":\"https:\/\/www.oarcanjo.net\/site\/#\/schema\/logo\/image\/\"},\"sameAs\":[\"https:\/\/www.facebook.com\/OArcanjoNoAr\/\"]},{\"@type\":\"Person\",\"@id\":\"https:\/\/www.oarcanjo.net\/site\/#\/schema\/person\/f7024d007863202483a31326673a0838\",\"name\":\"editor\",\"sameAs\":[\"http:\/\/www.oarcanjo.net\"]}]}<\/script>\n<!-- \/ Yoast SEO plugin. -->","yoast_head_json":{"title":"Centen\u00e1rio de Dom Helder - O Arcanjo no ar","robots":{"index":"index","follow":"follow","max-snippet":"max-snippet:-1","max-image-preview":"max-image-preview:large","max-video-preview":"max-video-preview:-1"},"canonical":"https:\/\/www.oarcanjo.net\/site\/centenario-de-dom-helder\/","og_locale":"pt_BR","og_type":"article","og_title":"Centen\u00e1rio de Dom Helder - O Arcanjo no ar","og_description":"Dom Dem\u00e9trio Valentini Nesta semana temos uma data especial a agendar. No dia 07 de fevereiro se completam cem anos do nascimento de D. Helder Camara. Para personagens com dimens\u00e3o hist\u00f3rica, a roupagem adequada \u00e9 a dos s\u00e9culos. De fato, o arco de um s\u00e9culo situa melhor a import\u00e2ncia e a grandeza de D. Helder. [&hellip;]","og_url":"https:\/\/www.oarcanjo.net\/site\/centenario-de-dom-helder\/","og_site_name":"O Arcanjo no ar","article_publisher":"https:\/\/www.facebook.com\/OArcanjoNoAr\/","article_published_time":"2009-02-05T10:45:19+00:00","og_image":[{"width":300,"height":300,"url":"https:\/\/www.oarcanjo.net\/site\/wp-content\/uploads\/logo-o-arcanjo-no-ar-facebook.png","type":"image\/png"}],"author":"editor","twitter_card":"summary_large_image","twitter_misc":{"Escrito por":"editor","Est. tempo de leitura":"3 minutos"},"schema":{"@context":"https:\/\/schema.org","@graph":[{"@type":"Article","@id":"https:\/\/www.oarcanjo.net\/site\/centenario-de-dom-helder\/#article","isPartOf":{"@id":"https:\/\/www.oarcanjo.net\/site\/centenario-de-dom-helder\/"},"author":{"name":"editor","@id":"https:\/\/www.oarcanjo.net\/site\/#\/schema\/person\/f7024d007863202483a31326673a0838"},"headline":"Centen\u00e1rio de Dom Helder","datePublished":"2009-02-05T10:45:19+00:00","dateModified":"2009-02-05T10:45:19+00:00","mainEntityOfPage":{"@id":"https:\/\/www.oarcanjo.net\/site\/centenario-de-dom-helder\/"},"wordCount":643,"commentCount":1,"publisher":{"@id":"https:\/\/www.oarcanjo.net\/site\/#organization"},"keywords":["Dom Helder Camara","profeta"],"articleSection":["D. Helder C\u00e2mara"],"inLanguage":"pt-BR","potentialAction":[{"@type":"CommentAction","name":"Comment","target":["https:\/\/www.oarcanjo.net\/site\/centenario-de-dom-helder\/#respond"]}]},{"@type":"WebPage","@id":"https:\/\/www.oarcanjo.net\/site\/centenario-de-dom-helder\/","url":"https:\/\/www.oarcanjo.net\/site\/centenario-de-dom-helder\/","name":"Centen\u00e1rio de Dom Helder - O Arcanjo no ar","isPartOf":{"@id":"https:\/\/www.oarcanjo.net\/site\/#website"},"datePublished":"2009-02-05T10:45:19+00:00","dateModified":"2009-02-05T10:45:19+00:00","breadcrumb":{"@id":"https:\/\/www.oarcanjo.net\/site\/centenario-de-dom-helder\/#breadcrumb"},"inLanguage":"pt-BR","potentialAction":[{"@type":"ReadAction","target":["https:\/\/www.oarcanjo.net\/site\/centenario-de-dom-helder\/"]}]},{"@type":"BreadcrumbList","@id":"https:\/\/www.oarcanjo.net\/site\/centenario-de-dom-helder\/#breadcrumb","itemListElement":[{"@type":"ListItem","position":1,"name":"In\u00edcio","item":"https:\/\/www.oarcanjo.net\/site\/"},{"@type":"ListItem","position":2,"name":"Centen\u00e1rio de Dom Helder"}]},{"@type":"WebSite","@id":"https:\/\/www.oarcanjo.net\/site\/#website","url":"https:\/\/www.oarcanjo.net\/site\/","name":"O Arcanjo no ar","description":"Site da Par\u00f3quia S\u00e3o Miguel Arcanjo (Arquidiocese de SP)","publisher":{"@id":"https:\/\/www.oarcanjo.net\/site\/#organization"},"potentialAction":[{"@type":"SearchAction","target":{"@type":"EntryPoint","urlTemplate":"https:\/\/www.oarcanjo.net\/site\/?s={search_term_string}"},"query-input":{"@type":"PropertyValueSpecification","valueRequired":true,"valueName":"search_term_string"}}],"inLanguage":"pt-BR"},{"@type":"Organization","@id":"https:\/\/www.oarcanjo.net\/site\/#organization","name":"Par\u00f3quia S\u00e3o Miguel Arcanjo","url":"https:\/\/www.oarcanjo.net\/site\/","logo":{"@type":"ImageObject","inLanguage":"pt-BR","@id":"https:\/\/www.oarcanjo.net\/site\/#\/schema\/logo\/image\/","url":"https:\/\/www.oarcanjo.net\/site\/wp-content\/uploads\/LogoOArcanjo.png","contentUrl":"https:\/\/www.oarcanjo.net\/site\/wp-content\/uploads\/LogoOArcanjo.png","width":319,"height":99,"caption":"Par\u00f3quia S\u00e3o Miguel Arcanjo"},"image":{"@id":"https:\/\/www.oarcanjo.net\/site\/#\/schema\/logo\/image\/"},"sameAs":["https:\/\/www.facebook.com\/OArcanjoNoAr\/"]},{"@type":"Person","@id":"https:\/\/www.oarcanjo.net\/site\/#\/schema\/person\/f7024d007863202483a31326673a0838","name":"editor","sameAs":["http:\/\/www.oarcanjo.net"]}]}},"publishpress_future_action":{"enabled":false,"date":"2026-05-07 20:25:29","action":"category","newStatus":"draft","terms":[],"taxonomy":"category"},"publishpress_future_workflow_manual_trigger":{"enabledWorkflows":[]},"_links":{"self":[{"href":"https:\/\/www.oarcanjo.net\/site\/wp-json\/wp\/v2\/posts\/1736"}],"collection":[{"href":"https:\/\/www.oarcanjo.net\/site\/wp-json\/wp\/v2\/posts"}],"about":[{"href":"https:\/\/www.oarcanjo.net\/site\/wp-json\/wp\/v2\/types\/post"}],"author":[{"embeddable":true,"href":"https:\/\/www.oarcanjo.net\/site\/wp-json\/wp\/v2\/users\/5"}],"replies":[{"embeddable":true,"href":"https:\/\/www.oarcanjo.net\/site\/wp-json\/wp\/v2\/comments?post=1736"}],"version-history":[{"count":0,"href":"https:\/\/www.oarcanjo.net\/site\/wp-json\/wp\/v2\/posts\/1736\/revisions"}],"wp:attachment":[{"href":"https:\/\/www.oarcanjo.net\/site\/wp-json\/wp\/v2\/media?parent=1736"}],"wp:term":[{"taxonomy":"category","embeddable":true,"href":"https:\/\/www.oarcanjo.net\/site\/wp-json\/wp\/v2\/categories?post=1736"},{"taxonomy":"post_tag","embeddable":true,"href":"https:\/\/www.oarcanjo.net\/site\/wp-json\/wp\/v2\/tags?post=1736"}],"curies":[{"name":"wp","href":"https:\/\/api.w.org\/{rel}","templated":true}]}}