
{"id":17369,"date":"2012-02-23T23:37:24","date_gmt":"2012-02-24T01:37:24","guid":{"rendered":"http:\/\/www.oarcanjo.net\/site\/?p=17369"},"modified":"2012-02-23T23:37:24","modified_gmt":"2012-02-24T01:37:24","slug":"saude-e-salvacao-duas-irmas-inseparaveis","status":"publish","type":"post","link":"https:\/\/www.oarcanjo.net\/site\/saude-e-salvacao-duas-irmas-inseparaveis\/","title":{"rendered":"Sa\u00fade e salva\u00e7\u00e3o: duas irm\u00e3s insepar\u00e1veis"},"content":{"rendered":"<p>Maria Clara Lucchetti Bingemer<\/p>\n<p>E  chegou a Quarta-Feira de cinzas e parece que finalmente o ano vai come\u00e7ar.   No Brasil, o Carnaval \u00e9 o marco que finaliza a s\u00e9rie de festas, f\u00e9rias e  viagens iniciadas no Natal.  O Carnaval \u00e9 o selo que diz: \u201cAo trabalho\u201d.  Mas, para n\u00f3s, que vivemos a f\u00e9 em Jesus Cristo, diz algo mais: \u201cConvertei-vos  e crede no  Evangelho\u201d.<\/p>\n<p>Ao  receber a cruz feita de cinzas sobre a testa, milhares, milh\u00f5es de cat\u00f3licos  no mundo inteiro est\u00e3o comprometendo-se a entrar num caminho de convers\u00e3o, na  penit\u00eancia, na pr\u00e1tica mais intensa da ascese e das virtudes, no deixar para  tr\u00e1s os velhos h\u00e1bitos e revestir-se dos novos em Cristo.<\/p>\n<p>A  Confer\u00eancia dos Bispos do Brasil a cada ano procura marcar esse tempo  qualificado de viver a convers\u00e3o ao Evangelho com a Campanha da Fraternidade.   Com um tema central e materiais diversos dispon\u00edveis para os fi\u00e9is  refletirem e se aprofundarem \u00e9 um servi\u00e7o inestim\u00e1vel ao povo de Deus, para  viver melhor e mais qualificadamente os 40 dias que o separam da P\u00e1scoa,  mist\u00e9rio maior da sua f\u00e9.<\/p>\n<p>Este  ano o tema \u00e9 a sa\u00fade. E pode-se pensar: o que tem a Igreja a ver com o tema da  sa\u00fade?  \u00c9 algo que compete ao governo e \u00e0 iniciativa privada.  Com  todo respeito, sa\u00fade \u00e9 um dos temas mais teol\u00f3gicos que existem.  E isso  radica em sua pr\u00f3pria etimologia.  A palavra latina para dizer sa\u00fade \u00e9  \u201csalus\u201d que se traduz por \u201csalva\u00e7\u00e3o, conserva\u00e7\u00e3o da vida\u201d.<\/p>\n<p>O  tema da sa\u00fade nos conduz de maneira bela e profunda a entender o cora\u00e7\u00e3o da  nossa f\u00e9.  Aprendemos no Catecismo que Jesus Cristo \u00e9 nosso salvador, que  veio nos trazer a salva\u00e7\u00e3o.  Mas quantas vezes nossa compreens\u00e3o do que  seja salva\u00e7\u00e3o \u00e9 algo meio curto e mec\u00e2nico.  Parece que Deus criou tudo  bem, n\u00f3s estragamos e o Verbo se encarnou para \u201cremendar\u201d nosso estrago.<\/p>\n<p>N\u00e3o  \u00e9 isso, n\u00e3o \u00e9 s\u00f3 isso e gra\u00e7as a Deus \u00e9 muito mais que isso! A Encarna\u00e7\u00e3o,  centro indiscut\u00edvel de nossa f\u00e9, \u00e9 mist\u00e9rio de vida e vida em plenitude.   N\u00e3o foi apenas para reparar estragos ou lacunas que Deus enviou seu  filho na plenitude dos tempos, nascido de mulher.  Foi para revelar-nos  que o desejo mais profundo desse Deus que Ele nos ensinou a chamar de Pai \u00e9  conduzir-nos \u00e0 vida e vida em abund\u00e2ncia.<\/p>\n<p>E  essa vida abundantem, que jorra generosamente do cora\u00e7\u00e3o de Deus, toca e  integra todas as dimens\u00f5es do ser: corporeidade, psiquismo, sensibilidade,  espiritualidade. N\u00e3o se trata, pois do fato de que cuidar da sa\u00fade f\u00edsica \u00e9  algo material que n\u00e3o interfere nada com a sa\u00fade espiritual.  Pelo  contr\u00e1rio, todas essas dimens\u00f5es devem ser cultivadas com igual carinho,  dedica\u00e7\u00e3o, para que n\u00e3o sejamos pessoas hipertrofiadas em um dos p\u00f3los do ser  e atrofiadas em outro.<\/p>\n<p>Isso  \u00e9 mais importante ainda quando vivemos uma \u00e9poca que tem como obsess\u00e3o certa  concep\u00e7\u00e3o de sa\u00fade. O culto ao corpo, a malha\u00e7\u00e3o incessante nas academias e  gin\u00e1sios, a busca exaustiva pela forma perfeita, na verdade n\u00e3o conduz \u00e0 sa\u00fade  plena. Pelo contr\u00e1rio, leva \u00e0 atrofia de outras partes do ser que ficam  reduzidas e diminu\u00eddas.  N\u00e3o leva, pois \u00e0 sa\u00fade plena, por mais que  pare\u00e7a o  contr\u00e1rio.<\/p>\n<p>Da  mesma forma, o n\u00e3o cuidado do corpo, \u00e0s vezes por negligencia pr\u00f3pria, mas \u00e0s  vezes por n\u00e3o encontrar no atendimento p\u00fablico de sa\u00fade condi\u00e7\u00f5es dignas e  mesmo m\u00ednimas de manter a sa\u00fade, \u00e9  desastroso.<\/p>\n<p>A  Campanha da Fraternidade enfoca todos estes aspectos.  N\u00e3o apenas deseja  \u201cdisseminar o conceito de bem viver e sensibilizar para a pr\u00e1tica de  h\u00e1bitos de vida saud\u00e1vel\u201d, como tamb\u00e9m \u201cdespertar nas comunidades a discuss\u00e3o  sobre a realidade da  sa\u00fade p\u00fablica, visando \u00e0 defesa do  SUS e a reivindica\u00e7\u00e3o do seu justo  financiamento\u201d.<\/p>\n<p>Buscando  uma sa\u00fade que se entenda n\u00e3o apenas, nem somente, nem principalmente como  aus\u00eancia de doen\u00e7as ou como padr\u00e3o est\u00e9tico, chega-se mais perto da salva\u00e7\u00e3o.  N\u00e3o \u00e9 a-toa que o Evangelho nos mostra por muitas vezes Jesus muito pr\u00f3ximo  dos doentes, dando-lhes conforto e curando-os de suas enfermidades.  Mas  sua pr\u00e1tica n\u00e3o se detinha a\u00ed. A partir da cura, ensinava-lhes que Deus, al\u00e9m  de curar doen\u00e7as, perdoa pecados; al\u00e9m de restaurar a sa\u00fade corporal, restaura  tamb\u00e9m a totalidade da pessoa, reintegrando-a na comunidade para que possa  louv\u00e1-Lo e servi-Lo plenamente.<\/p>\n<p>Sa\u00fade e salva\u00e7\u00e3o s\u00e3o, portanto,  duas irm\u00e3s insepar\u00e1veis.  N\u00e3o se busca uma sem buscar a outra, e n\u00e3o se  alcan\u00e7a verdadeiramente uma sem, ao mesmo tempo e inseparavelmente, ser  alcan\u00e7ado pela outra.<\/p>\n<div id=\"themify_builder_content-17369\" data-postid=\"17369\" class=\"themify_builder_content themify_builder_content-17369 themify_builder themify_builder_front\">\n\t<\/div>\n<!-- \/themify_builder_content -->","protected":false},"excerpt":{"rendered":"<p>Maria Clara Lucchetti Bingemer E chegou a Quarta-Feira de cinzas e parece que finalmente o ano vai come\u00e7ar. No Brasil, o Carnaval \u00e9 o marco que finaliza a s\u00e9rie de festas, f\u00e9rias e viagens iniciadas no Natal. O Carnaval \u00e9 o selo que diz: \u201cAo trabalho\u201d. Mas, para n\u00f3s, que vivemos a f\u00e9 em Jesus [&hellip;]<\/p>\n","protected":false},"author":5,"featured_media":0,"comment_status":"open","ping_status":"open","sticky":false,"template":"","format":"standard","meta":{"ngg_post_thumbnail":0,"footnotes":""},"categories":[241,9],"tags":[229,3206,275,227,437],"yoast_head":"<!-- This site is optimized with the Yoast SEO plugin v23.5 - https:\/\/yoast.com\/wordpress\/plugins\/seo\/ -->\n<title>Sa\u00fade e salva\u00e7\u00e3o: duas irm\u00e3s insepar\u00e1veis - O Arcanjo no ar<\/title>\n<meta name=\"robots\" content=\"index, follow, max-snippet:-1, max-image-preview:large, max-video-preview:-1\" \/>\n<link rel=\"canonical\" href=\"https:\/\/www.oarcanjo.net\/site\/saude-e-salvacao-duas-irmas-inseparaveis\/\" \/>\n<meta property=\"og:locale\" content=\"pt_BR\" \/>\n<meta property=\"og:type\" content=\"article\" \/>\n<meta property=\"og:title\" content=\"Sa\u00fade e salva\u00e7\u00e3o: duas irm\u00e3s insepar\u00e1veis - O Arcanjo no ar\" \/>\n<meta property=\"og:description\" content=\"Maria Clara Lucchetti Bingemer E chegou a Quarta-Feira de cinzas e parece que finalmente o ano vai come\u00e7ar. No Brasil, o Carnaval \u00e9 o marco que finaliza a s\u00e9rie de festas, f\u00e9rias e viagens iniciadas no Natal. O Carnaval \u00e9 o selo que diz: \u201cAo trabalho\u201d. Mas, para n\u00f3s, que vivemos a f\u00e9 em Jesus [&hellip;]\" \/>\n<meta property=\"og:url\" content=\"https:\/\/www.oarcanjo.net\/site\/saude-e-salvacao-duas-irmas-inseparaveis\/\" \/>\n<meta property=\"og:site_name\" content=\"O Arcanjo no ar\" \/>\n<meta property=\"article:publisher\" content=\"https:\/\/www.facebook.com\/OArcanjoNoAr\/\" \/>\n<meta property=\"article:published_time\" content=\"2012-02-24T01:37:24+00:00\" \/>\n<meta property=\"og:image\" content=\"https:\/\/www.oarcanjo.net\/site\/wp-content\/uploads\/logo-o-arcanjo-no-ar-facebook.png\" \/>\n\t<meta property=\"og:image:width\" content=\"300\" \/>\n\t<meta property=\"og:image:height\" content=\"300\" \/>\n\t<meta property=\"og:image:type\" content=\"image\/png\" \/>\n<meta name=\"author\" content=\"editor\" \/>\n<meta name=\"twitter:card\" content=\"summary_large_image\" \/>\n<meta name=\"twitter:label1\" content=\"Escrito por\" \/>\n\t<meta name=\"twitter:data1\" content=\"editor\" \/>\n\t<meta name=\"twitter:label2\" content=\"Est. tempo de leitura\" \/>\n\t<meta name=\"twitter:data2\" content=\"4 minutos\" \/>\n<script type=\"application\/ld+json\" class=\"yoast-schema-graph\">{\"@context\":\"https:\/\/schema.org\",\"@graph\":[{\"@type\":\"Article\",\"@id\":\"https:\/\/www.oarcanjo.net\/site\/saude-e-salvacao-duas-irmas-inseparaveis\/#article\",\"isPartOf\":{\"@id\":\"https:\/\/www.oarcanjo.net\/site\/saude-e-salvacao-duas-irmas-inseparaveis\/\"},\"author\":{\"name\":\"editor\",\"@id\":\"https:\/\/www.oarcanjo.net\/site\/#\/schema\/person\/f7024d007863202483a31326673a0838\"},\"headline\":\"Sa\u00fade e salva\u00e7\u00e3o: duas irm\u00e3s insepar\u00e1veis\",\"datePublished\":\"2012-02-24T01:37:24+00:00\",\"dateModified\":\"2012-02-24T01:37:24+00:00\",\"mainEntityOfPage\":{\"@id\":\"https:\/\/www.oarcanjo.net\/site\/saude-e-salvacao-duas-irmas-inseparaveis\/\"},\"wordCount\":836,\"commentCount\":0,\"publisher\":{\"@id\":\"https:\/\/www.oarcanjo.net\/site\/#organization\"},\"keywords\":[\"Campanha da Fraternidade\",\"CF\",\"cinzas\",\"Quaresma\",\"sa\u00fade\"],\"articleSection\":[\"CF\",\"Reflex\u00f5es\"],\"inLanguage\":\"pt-BR\",\"potentialAction\":[{\"@type\":\"CommentAction\",\"name\":\"Comment\",\"target\":[\"https:\/\/www.oarcanjo.net\/site\/saude-e-salvacao-duas-irmas-inseparaveis\/#respond\"]}]},{\"@type\":\"WebPage\",\"@id\":\"https:\/\/www.oarcanjo.net\/site\/saude-e-salvacao-duas-irmas-inseparaveis\/\",\"url\":\"https:\/\/www.oarcanjo.net\/site\/saude-e-salvacao-duas-irmas-inseparaveis\/\",\"name\":\"Sa\u00fade e salva\u00e7\u00e3o: duas irm\u00e3s insepar\u00e1veis - O Arcanjo no ar\",\"isPartOf\":{\"@id\":\"https:\/\/www.oarcanjo.net\/site\/#website\"},\"datePublished\":\"2012-02-24T01:37:24+00:00\",\"dateModified\":\"2012-02-24T01:37:24+00:00\",\"breadcrumb\":{\"@id\":\"https:\/\/www.oarcanjo.net\/site\/saude-e-salvacao-duas-irmas-inseparaveis\/#breadcrumb\"},\"inLanguage\":\"pt-BR\",\"potentialAction\":[{\"@type\":\"ReadAction\",\"target\":[\"https:\/\/www.oarcanjo.net\/site\/saude-e-salvacao-duas-irmas-inseparaveis\/\"]}]},{\"@type\":\"BreadcrumbList\",\"@id\":\"https:\/\/www.oarcanjo.net\/site\/saude-e-salvacao-duas-irmas-inseparaveis\/#breadcrumb\",\"itemListElement\":[{\"@type\":\"ListItem\",\"position\":1,\"name\":\"In\u00edcio\",\"item\":\"https:\/\/www.oarcanjo.net\/site\/\"},{\"@type\":\"ListItem\",\"position\":2,\"name\":\"Sa\u00fade e salva\u00e7\u00e3o: duas irm\u00e3s insepar\u00e1veis\"}]},{\"@type\":\"WebSite\",\"@id\":\"https:\/\/www.oarcanjo.net\/site\/#website\",\"url\":\"https:\/\/www.oarcanjo.net\/site\/\",\"name\":\"O Arcanjo no ar\",\"description\":\"Site da Par\u00f3quia S\u00e3o Miguel Arcanjo (Arquidiocese de SP)\",\"publisher\":{\"@id\":\"https:\/\/www.oarcanjo.net\/site\/#organization\"},\"potentialAction\":[{\"@type\":\"SearchAction\",\"target\":{\"@type\":\"EntryPoint\",\"urlTemplate\":\"https:\/\/www.oarcanjo.net\/site\/?s={search_term_string}\"},\"query-input\":{\"@type\":\"PropertyValueSpecification\",\"valueRequired\":true,\"valueName\":\"search_term_string\"}}],\"inLanguage\":\"pt-BR\"},{\"@type\":\"Organization\",\"@id\":\"https:\/\/www.oarcanjo.net\/site\/#organization\",\"name\":\"Par\u00f3quia S\u00e3o Miguel Arcanjo\",\"url\":\"https:\/\/www.oarcanjo.net\/site\/\",\"logo\":{\"@type\":\"ImageObject\",\"inLanguage\":\"pt-BR\",\"@id\":\"https:\/\/www.oarcanjo.net\/site\/#\/schema\/logo\/image\/\",\"url\":\"https:\/\/www.oarcanjo.net\/site\/wp-content\/uploads\/LogoOArcanjo.png\",\"contentUrl\":\"https:\/\/www.oarcanjo.net\/site\/wp-content\/uploads\/LogoOArcanjo.png\",\"width\":319,\"height\":99,\"caption\":\"Par\u00f3quia S\u00e3o Miguel Arcanjo\"},\"image\":{\"@id\":\"https:\/\/www.oarcanjo.net\/site\/#\/schema\/logo\/image\/\"},\"sameAs\":[\"https:\/\/www.facebook.com\/OArcanjoNoAr\/\"]},{\"@type\":\"Person\",\"@id\":\"https:\/\/www.oarcanjo.net\/site\/#\/schema\/person\/f7024d007863202483a31326673a0838\",\"name\":\"editor\",\"sameAs\":[\"http:\/\/www.oarcanjo.net\"]}]}<\/script>\n<!-- \/ Yoast SEO plugin. -->","yoast_head_json":{"title":"Sa\u00fade e salva\u00e7\u00e3o: duas irm\u00e3s insepar\u00e1veis - O Arcanjo no ar","robots":{"index":"index","follow":"follow","max-snippet":"max-snippet:-1","max-image-preview":"max-image-preview:large","max-video-preview":"max-video-preview:-1"},"canonical":"https:\/\/www.oarcanjo.net\/site\/saude-e-salvacao-duas-irmas-inseparaveis\/","og_locale":"pt_BR","og_type":"article","og_title":"Sa\u00fade e salva\u00e7\u00e3o: duas irm\u00e3s insepar\u00e1veis - O Arcanjo no ar","og_description":"Maria Clara Lucchetti Bingemer E chegou a Quarta-Feira de cinzas e parece que finalmente o ano vai come\u00e7ar. No Brasil, o Carnaval \u00e9 o marco que finaliza a s\u00e9rie de festas, f\u00e9rias e viagens iniciadas no Natal. O Carnaval \u00e9 o selo que diz: \u201cAo trabalho\u201d. Mas, para n\u00f3s, que vivemos a f\u00e9 em Jesus [&hellip;]","og_url":"https:\/\/www.oarcanjo.net\/site\/saude-e-salvacao-duas-irmas-inseparaveis\/","og_site_name":"O Arcanjo no ar","article_publisher":"https:\/\/www.facebook.com\/OArcanjoNoAr\/","article_published_time":"2012-02-24T01:37:24+00:00","og_image":[{"width":300,"height":300,"url":"https:\/\/www.oarcanjo.net\/site\/wp-content\/uploads\/logo-o-arcanjo-no-ar-facebook.png","type":"image\/png"}],"author":"editor","twitter_card":"summary_large_image","twitter_misc":{"Escrito por":"editor","Est. tempo de leitura":"4 minutos"},"schema":{"@context":"https:\/\/schema.org","@graph":[{"@type":"Article","@id":"https:\/\/www.oarcanjo.net\/site\/saude-e-salvacao-duas-irmas-inseparaveis\/#article","isPartOf":{"@id":"https:\/\/www.oarcanjo.net\/site\/saude-e-salvacao-duas-irmas-inseparaveis\/"},"author":{"name":"editor","@id":"https:\/\/www.oarcanjo.net\/site\/#\/schema\/person\/f7024d007863202483a31326673a0838"},"headline":"Sa\u00fade e salva\u00e7\u00e3o: duas irm\u00e3s insepar\u00e1veis","datePublished":"2012-02-24T01:37:24+00:00","dateModified":"2012-02-24T01:37:24+00:00","mainEntityOfPage":{"@id":"https:\/\/www.oarcanjo.net\/site\/saude-e-salvacao-duas-irmas-inseparaveis\/"},"wordCount":836,"commentCount":0,"publisher":{"@id":"https:\/\/www.oarcanjo.net\/site\/#organization"},"keywords":["Campanha da Fraternidade","CF","cinzas","Quaresma","sa\u00fade"],"articleSection":["CF","Reflex\u00f5es"],"inLanguage":"pt-BR","potentialAction":[{"@type":"CommentAction","name":"Comment","target":["https:\/\/www.oarcanjo.net\/site\/saude-e-salvacao-duas-irmas-inseparaveis\/#respond"]}]},{"@type":"WebPage","@id":"https:\/\/www.oarcanjo.net\/site\/saude-e-salvacao-duas-irmas-inseparaveis\/","url":"https:\/\/www.oarcanjo.net\/site\/saude-e-salvacao-duas-irmas-inseparaveis\/","name":"Sa\u00fade e salva\u00e7\u00e3o: duas irm\u00e3s insepar\u00e1veis - O Arcanjo no ar","isPartOf":{"@id":"https:\/\/www.oarcanjo.net\/site\/#website"},"datePublished":"2012-02-24T01:37:24+00:00","dateModified":"2012-02-24T01:37:24+00:00","breadcrumb":{"@id":"https:\/\/www.oarcanjo.net\/site\/saude-e-salvacao-duas-irmas-inseparaveis\/#breadcrumb"},"inLanguage":"pt-BR","potentialAction":[{"@type":"ReadAction","target":["https:\/\/www.oarcanjo.net\/site\/saude-e-salvacao-duas-irmas-inseparaveis\/"]}]},{"@type":"BreadcrumbList","@id":"https:\/\/www.oarcanjo.net\/site\/saude-e-salvacao-duas-irmas-inseparaveis\/#breadcrumb","itemListElement":[{"@type":"ListItem","position":1,"name":"In\u00edcio","item":"https:\/\/www.oarcanjo.net\/site\/"},{"@type":"ListItem","position":2,"name":"Sa\u00fade e salva\u00e7\u00e3o: duas irm\u00e3s insepar\u00e1veis"}]},{"@type":"WebSite","@id":"https:\/\/www.oarcanjo.net\/site\/#website","url":"https:\/\/www.oarcanjo.net\/site\/","name":"O Arcanjo no ar","description":"Site da Par\u00f3quia S\u00e3o Miguel Arcanjo (Arquidiocese de SP)","publisher":{"@id":"https:\/\/www.oarcanjo.net\/site\/#organization"},"potentialAction":[{"@type":"SearchAction","target":{"@type":"EntryPoint","urlTemplate":"https:\/\/www.oarcanjo.net\/site\/?s={search_term_string}"},"query-input":{"@type":"PropertyValueSpecification","valueRequired":true,"valueName":"search_term_string"}}],"inLanguage":"pt-BR"},{"@type":"Organization","@id":"https:\/\/www.oarcanjo.net\/site\/#organization","name":"Par\u00f3quia S\u00e3o Miguel Arcanjo","url":"https:\/\/www.oarcanjo.net\/site\/","logo":{"@type":"ImageObject","inLanguage":"pt-BR","@id":"https:\/\/www.oarcanjo.net\/site\/#\/schema\/logo\/image\/","url":"https:\/\/www.oarcanjo.net\/site\/wp-content\/uploads\/LogoOArcanjo.png","contentUrl":"https:\/\/www.oarcanjo.net\/site\/wp-content\/uploads\/LogoOArcanjo.png","width":319,"height":99,"caption":"Par\u00f3quia S\u00e3o Miguel Arcanjo"},"image":{"@id":"https:\/\/www.oarcanjo.net\/site\/#\/schema\/logo\/image\/"},"sameAs":["https:\/\/www.facebook.com\/OArcanjoNoAr\/"]},{"@type":"Person","@id":"https:\/\/www.oarcanjo.net\/site\/#\/schema\/person\/f7024d007863202483a31326673a0838","name":"editor","sameAs":["http:\/\/www.oarcanjo.net"]}]}},"publishpress_future_action":{"enabled":false,"date":"2026-05-09 09:32:59","action":"category","newStatus":"draft","terms":[],"taxonomy":"category"},"publishpress_future_workflow_manual_trigger":{"enabledWorkflows":[]},"_links":{"self":[{"href":"https:\/\/www.oarcanjo.net\/site\/wp-json\/wp\/v2\/posts\/17369"}],"collection":[{"href":"https:\/\/www.oarcanjo.net\/site\/wp-json\/wp\/v2\/posts"}],"about":[{"href":"https:\/\/www.oarcanjo.net\/site\/wp-json\/wp\/v2\/types\/post"}],"author":[{"embeddable":true,"href":"https:\/\/www.oarcanjo.net\/site\/wp-json\/wp\/v2\/users\/5"}],"replies":[{"embeddable":true,"href":"https:\/\/www.oarcanjo.net\/site\/wp-json\/wp\/v2\/comments?post=17369"}],"version-history":[{"count":0,"href":"https:\/\/www.oarcanjo.net\/site\/wp-json\/wp\/v2\/posts\/17369\/revisions"}],"wp:attachment":[{"href":"https:\/\/www.oarcanjo.net\/site\/wp-json\/wp\/v2\/media?parent=17369"}],"wp:term":[{"taxonomy":"category","embeddable":true,"href":"https:\/\/www.oarcanjo.net\/site\/wp-json\/wp\/v2\/categories?post=17369"},{"taxonomy":"post_tag","embeddable":true,"href":"https:\/\/www.oarcanjo.net\/site\/wp-json\/wp\/v2\/tags?post=17369"}],"curies":[{"name":"wp","href":"https:\/\/api.w.org\/{rel}","templated":true}]}}