
{"id":1740,"date":"2009-02-04T23:01:20","date_gmt":"2009-02-05T01:01:20","guid":{"rendered":"http:\/\/www.oarcanjo.net\/site\/?p=1740"},"modified":"2009-02-05T09:02:51","modified_gmt":"2009-02-05T11:02:51","slug":"as-aguas-e-a-humanidade","status":"publish","type":"post","link":"https:\/\/www.oarcanjo.net\/site\/as-aguas-e-a-humanidade\/","title":{"rendered":"As \u00e1guas e a humanidade"},"content":{"rendered":"<p>Marcelo Barros *<\/p>\n<p>Temos observado, em Bel\u00e9m, 123 mil pessoas de todos os continentes do mundo se reunirem para formular propostas sobre como tirar dos rios da Amaz\u00f4nia o n\u00edvel de merc\u00fario, que est\u00e1 amea\u00e7ando permanentemente povos na sua sobreviv\u00eancia. Por mais que os problemas sejam grav\u00edssimos, a maioria da juventude \u00e9 de uma cultura cuja press\u00e3o que faz \u00e9 por causa da multid\u00e3o, e estes expressam pela dan\u00e7a e pelos rituais da terra.<\/p>\n<p>A \u00e1gua se tornou a mais delicada quest\u00e3o pol\u00edtica e estrat\u00e9gica do mundo. \u00c9 assunto central em todos os encontros internacionais e f\u00f3runs sociais. Kofi Annan, secret\u00e1rio-geral da ONU, alerta que a \u00e1gua se torna motivo de graves conflitos internacionais. <\/p>\n<p>&#8220;Um relat\u00f3rio secreto, feito por consultores do Pent\u00e1gono, teve sua divulga\u00e7\u00e3o proibida pelo presidente Bush e, por isso, foi retirado de circula\u00e7\u00e3o pelos chefes da Defesa norte-americana. Mas, o jornal ingl\u00eas Observer o obteve e divulgou. Esse documento adverte que, dentro de poucos anos, grandes cidades europ\u00e9ias ficar\u00e3o submergidas pelos mares, enquanto a Gr\u00e3-Bretanha ter\u00e1 um clima &#8220;siberiano&#8221;. Conflitos nucleares, grandes secas, fome e tumultos generalizados acontecer\u00e3o ao redor do mundo. (&#8230;) O acesso \u00e0 \u00e1gua se tornar\u00e1 um campo de batalha. O Nilo, o Dan\u00fabio e o Amazonas s\u00e3o mencionados como sendo de alto risco. <\/p>\n<p>Para n\u00e3o desgostar a ind\u00fastria automobil\u00edstica e as empresas de petr\u00f3leo, o governo norte-americano deixou de assinar o Protocolo de Kyoto que se propunha a reduzir, em apenas 7%, as emiss\u00f5es de gases t\u00f3xicos que destroem a camada de oz\u00f4nio e provocam tantos desastres ecol\u00f3gicos. Agora, para n\u00e3o mudar o rumo da civiliza\u00e7\u00e3o da guerra e do lucro, o presidente Bush esconde a realidade debaixo do tapete e p\u00f5e todo o planeta em risco. Ser\u00e1 que este terrorismo de Estado n\u00e3o \u00e9 t\u00e3o terr\u00edvel ou pior do que a loucura dos fan\u00e1ticos que cometem atos criminosos contra a sociedade civil? <\/p>\n<p>Ainda bem, cada vez mais, uma por\u00e7\u00e3o maior da sociedade internacional se conscientiza e se mobiliza para cuidar da \u00e1gua como dom da vida e bem comum de toda a humanidade. No Brasil se formam comit\u00eas de defesa das bacias e volunt\u00e1rios se especializam em recuperar nascentes, antes consideradas destru\u00eddas. Entretanto, de nada valer\u00e1 estes esfor\u00e7os se n\u00e3o transformarmos a cultura vigente. H\u00e1 muitos que sabem o pre\u00e7o de todas as coisas, mas desconhecem o verdadeiro valor que elas t\u00eam. H\u00e1 os que acreditam que at\u00e9 todas as pessoas t\u00eam seu pre\u00e7o e, com dinheiro, conseguem aprova\u00e7\u00e3o para projetos anti-ecol\u00f3gicos que nunca deveriam ser permitidos. Diante disso, temos de testemunhar: a \u00e1gua n\u00e3o \u00e9 elemento banal e menos ainda mercadoria. \u00c9 constitutiva de nossas culturas e espiritualidade. Somos parte integrante do ciclo global da \u00e1gua. Atrav\u00e9s do sangue e do l\u00edquido amni\u00f3tico, como de todos os fluidos do corpo, a \u00e1gua nos liga \u00e0 terra e ao universo. J\u00e1 no s\u00e9culo XIV, no Ir\u00e3, dizia um poeta isl\u00e2mico: &#8220;Se deixas que apenas uma gota d\u2019\u00e1gua possa penetrar nas fendas do teu cora\u00e7\u00e3o, dali emergir\u00e3o cem oceanos de \u00e1guas l\u00edmpidas e benfazejas&#8221;.<\/p>\n<p>Nestes mesmos dias, em Bruxellas, Riccardo Petrellla, cientista europeu, coordena um grupo internacional de peritos para pedir \u00e0 ONU uma lei que criminalize poluir um rio, castigue quem desmate floresta<\/p>\n<p>Nestas c\u00fapulas nosso futuro \u00e9 garantido.<\/p>\n<p>Vamos cuidar de fechar mais nossa \u00e1gua do banheiro e procure selecionar o lixo org\u00e2nico, do outro, porque impediremos que isso v\u00e1 para os rios. <\/p>\n<p>* Monge beneditino e escritor<\/p>\n<div id=\"themify_builder_content-1740\" data-postid=\"1740\" class=\"themify_builder_content themify_builder_content-1740 themify_builder themify_builder_front\">\n\t<\/div>\n<!-- \/themify_builder_content -->","protected":false},"excerpt":{"rendered":"<p>Marcelo Barros * Temos observado, em Bel\u00e9m, 123 mil pessoas de todos os continentes do mundo se reunirem para formular propostas sobre como tirar dos rios da Amaz\u00f4nia o n\u00edvel de merc\u00fario, que est\u00e1 amea\u00e7ando permanentemente povos na sua sobreviv\u00eancia. Por mais que os problemas sejam grav\u00edssimos, a maioria da juventude \u00e9 de uma cultura [&hellip;]<\/p>\n","protected":false},"author":5,"featured_media":0,"comment_status":"open","ping_status":"open","sticky":false,"template":"","format":"standard","meta":{"ngg_post_thumbnail":0,"footnotes":""},"categories":[9],"tags":[232,208],"yoast_head":"<!-- This site is optimized with the Yoast SEO plugin v23.5 - https:\/\/yoast.com\/wordpress\/plugins\/seo\/ -->\n<title>As \u00e1guas e a humanidade - O Arcanjo no ar<\/title>\n<meta name=\"robots\" content=\"index, follow, max-snippet:-1, max-image-preview:large, max-video-preview:-1\" \/>\n<link rel=\"canonical\" href=\"https:\/\/www.oarcanjo.net\/site\/as-aguas-e-a-humanidade\/\" \/>\n<meta property=\"og:locale\" content=\"pt_BR\" \/>\n<meta property=\"og:type\" content=\"article\" \/>\n<meta property=\"og:title\" content=\"As \u00e1guas e a humanidade - O Arcanjo no ar\" \/>\n<meta property=\"og:description\" content=\"Marcelo Barros * Temos observado, em Bel\u00e9m, 123 mil pessoas de todos os continentes do mundo se reunirem para formular propostas sobre como tirar dos rios da Amaz\u00f4nia o n\u00edvel de merc\u00fario, que est\u00e1 amea\u00e7ando permanentemente povos na sua sobreviv\u00eancia. Por mais que os problemas sejam grav\u00edssimos, a maioria da juventude \u00e9 de uma cultura [&hellip;]\" \/>\n<meta property=\"og:url\" content=\"https:\/\/www.oarcanjo.net\/site\/as-aguas-e-a-humanidade\/\" \/>\n<meta property=\"og:site_name\" content=\"O Arcanjo no ar\" \/>\n<meta property=\"article:publisher\" content=\"https:\/\/www.facebook.com\/OArcanjoNoAr\/\" \/>\n<meta property=\"article:published_time\" content=\"2009-02-05T01:01:20+00:00\" \/>\n<meta property=\"article:modified_time\" content=\"2009-02-05T11:02:51+00:00\" \/>\n<meta property=\"og:image\" content=\"https:\/\/www.oarcanjo.net\/site\/wp-content\/uploads\/logo-o-arcanjo-no-ar-facebook.png\" \/>\n\t<meta property=\"og:image:width\" content=\"300\" \/>\n\t<meta property=\"og:image:height\" content=\"300\" \/>\n\t<meta property=\"og:image:type\" content=\"image\/png\" \/>\n<meta name=\"author\" content=\"editor\" \/>\n<meta name=\"twitter:card\" content=\"summary_large_image\" \/>\n<meta name=\"twitter:label1\" content=\"Escrito por\" \/>\n\t<meta name=\"twitter:data1\" content=\"editor\" \/>\n\t<meta name=\"twitter:label2\" content=\"Est. tempo de leitura\" \/>\n\t<meta name=\"twitter:data2\" content=\"3 minutos\" \/>\n<script type=\"application\/ld+json\" class=\"yoast-schema-graph\">{\"@context\":\"https:\/\/schema.org\",\"@graph\":[{\"@type\":\"Article\",\"@id\":\"https:\/\/www.oarcanjo.net\/site\/as-aguas-e-a-humanidade\/#article\",\"isPartOf\":{\"@id\":\"https:\/\/www.oarcanjo.net\/site\/as-aguas-e-a-humanidade\/\"},\"author\":{\"name\":\"editor\",\"@id\":\"https:\/\/www.oarcanjo.net\/site\/#\/schema\/person\/f7024d007863202483a31326673a0838\"},\"headline\":\"As \u00e1guas e a humanidade\",\"datePublished\":\"2009-02-05T01:01:20+00:00\",\"dateModified\":\"2009-02-05T11:02:51+00:00\",\"mainEntityOfPage\":{\"@id\":\"https:\/\/www.oarcanjo.net\/site\/as-aguas-e-a-humanidade\/\"},\"wordCount\":622,\"commentCount\":0,\"publisher\":{\"@id\":\"https:\/\/www.oarcanjo.net\/site\/#organization\"},\"keywords\":[\"\u00e1gua\",\"FSM\"],\"articleSection\":[\"Reflex\u00f5es\"],\"inLanguage\":\"pt-BR\",\"potentialAction\":[{\"@type\":\"CommentAction\",\"name\":\"Comment\",\"target\":[\"https:\/\/www.oarcanjo.net\/site\/as-aguas-e-a-humanidade\/#respond\"]}]},{\"@type\":\"WebPage\",\"@id\":\"https:\/\/www.oarcanjo.net\/site\/as-aguas-e-a-humanidade\/\",\"url\":\"https:\/\/www.oarcanjo.net\/site\/as-aguas-e-a-humanidade\/\",\"name\":\"As \u00e1guas e a humanidade - O Arcanjo no ar\",\"isPartOf\":{\"@id\":\"https:\/\/www.oarcanjo.net\/site\/#website\"},\"datePublished\":\"2009-02-05T01:01:20+00:00\",\"dateModified\":\"2009-02-05T11:02:51+00:00\",\"breadcrumb\":{\"@id\":\"https:\/\/www.oarcanjo.net\/site\/as-aguas-e-a-humanidade\/#breadcrumb\"},\"inLanguage\":\"pt-BR\",\"potentialAction\":[{\"@type\":\"ReadAction\",\"target\":[\"https:\/\/www.oarcanjo.net\/site\/as-aguas-e-a-humanidade\/\"]}]},{\"@type\":\"BreadcrumbList\",\"@id\":\"https:\/\/www.oarcanjo.net\/site\/as-aguas-e-a-humanidade\/#breadcrumb\",\"itemListElement\":[{\"@type\":\"ListItem\",\"position\":1,\"name\":\"In\u00edcio\",\"item\":\"https:\/\/www.oarcanjo.net\/site\/\"},{\"@type\":\"ListItem\",\"position\":2,\"name\":\"As \u00e1guas e a humanidade\"}]},{\"@type\":\"WebSite\",\"@id\":\"https:\/\/www.oarcanjo.net\/site\/#website\",\"url\":\"https:\/\/www.oarcanjo.net\/site\/\",\"name\":\"O Arcanjo no ar\",\"description\":\"Site da Par\u00f3quia S\u00e3o Miguel Arcanjo (Arquidiocese de SP)\",\"publisher\":{\"@id\":\"https:\/\/www.oarcanjo.net\/site\/#organization\"},\"potentialAction\":[{\"@type\":\"SearchAction\",\"target\":{\"@type\":\"EntryPoint\",\"urlTemplate\":\"https:\/\/www.oarcanjo.net\/site\/?s={search_term_string}\"},\"query-input\":{\"@type\":\"PropertyValueSpecification\",\"valueRequired\":true,\"valueName\":\"search_term_string\"}}],\"inLanguage\":\"pt-BR\"},{\"@type\":\"Organization\",\"@id\":\"https:\/\/www.oarcanjo.net\/site\/#organization\",\"name\":\"Par\u00f3quia S\u00e3o Miguel Arcanjo\",\"url\":\"https:\/\/www.oarcanjo.net\/site\/\",\"logo\":{\"@type\":\"ImageObject\",\"inLanguage\":\"pt-BR\",\"@id\":\"https:\/\/www.oarcanjo.net\/site\/#\/schema\/logo\/image\/\",\"url\":\"https:\/\/www.oarcanjo.net\/site\/wp-content\/uploads\/LogoOArcanjo.png\",\"contentUrl\":\"https:\/\/www.oarcanjo.net\/site\/wp-content\/uploads\/LogoOArcanjo.png\",\"width\":319,\"height\":99,\"caption\":\"Par\u00f3quia S\u00e3o Miguel Arcanjo\"},\"image\":{\"@id\":\"https:\/\/www.oarcanjo.net\/site\/#\/schema\/logo\/image\/\"},\"sameAs\":[\"https:\/\/www.facebook.com\/OArcanjoNoAr\/\"]},{\"@type\":\"Person\",\"@id\":\"https:\/\/www.oarcanjo.net\/site\/#\/schema\/person\/f7024d007863202483a31326673a0838\",\"name\":\"editor\",\"sameAs\":[\"http:\/\/www.oarcanjo.net\"]}]}<\/script>\n<!-- \/ Yoast SEO plugin. -->","yoast_head_json":{"title":"As \u00e1guas e a humanidade - O Arcanjo no ar","robots":{"index":"index","follow":"follow","max-snippet":"max-snippet:-1","max-image-preview":"max-image-preview:large","max-video-preview":"max-video-preview:-1"},"canonical":"https:\/\/www.oarcanjo.net\/site\/as-aguas-e-a-humanidade\/","og_locale":"pt_BR","og_type":"article","og_title":"As \u00e1guas e a humanidade - O Arcanjo no ar","og_description":"Marcelo Barros * Temos observado, em Bel\u00e9m, 123 mil pessoas de todos os continentes do mundo se reunirem para formular propostas sobre como tirar dos rios da Amaz\u00f4nia o n\u00edvel de merc\u00fario, que est\u00e1 amea\u00e7ando permanentemente povos na sua sobreviv\u00eancia. Por mais que os problemas sejam grav\u00edssimos, a maioria da juventude \u00e9 de uma cultura [&hellip;]","og_url":"https:\/\/www.oarcanjo.net\/site\/as-aguas-e-a-humanidade\/","og_site_name":"O Arcanjo no ar","article_publisher":"https:\/\/www.facebook.com\/OArcanjoNoAr\/","article_published_time":"2009-02-05T01:01:20+00:00","article_modified_time":"2009-02-05T11:02:51+00:00","og_image":[{"width":300,"height":300,"url":"https:\/\/www.oarcanjo.net\/site\/wp-content\/uploads\/logo-o-arcanjo-no-ar-facebook.png","type":"image\/png"}],"author":"editor","twitter_card":"summary_large_image","twitter_misc":{"Escrito por":"editor","Est. tempo de leitura":"3 minutos"},"schema":{"@context":"https:\/\/schema.org","@graph":[{"@type":"Article","@id":"https:\/\/www.oarcanjo.net\/site\/as-aguas-e-a-humanidade\/#article","isPartOf":{"@id":"https:\/\/www.oarcanjo.net\/site\/as-aguas-e-a-humanidade\/"},"author":{"name":"editor","@id":"https:\/\/www.oarcanjo.net\/site\/#\/schema\/person\/f7024d007863202483a31326673a0838"},"headline":"As \u00e1guas e a humanidade","datePublished":"2009-02-05T01:01:20+00:00","dateModified":"2009-02-05T11:02:51+00:00","mainEntityOfPage":{"@id":"https:\/\/www.oarcanjo.net\/site\/as-aguas-e-a-humanidade\/"},"wordCount":622,"commentCount":0,"publisher":{"@id":"https:\/\/www.oarcanjo.net\/site\/#organization"},"keywords":["\u00e1gua","FSM"],"articleSection":["Reflex\u00f5es"],"inLanguage":"pt-BR","potentialAction":[{"@type":"CommentAction","name":"Comment","target":["https:\/\/www.oarcanjo.net\/site\/as-aguas-e-a-humanidade\/#respond"]}]},{"@type":"WebPage","@id":"https:\/\/www.oarcanjo.net\/site\/as-aguas-e-a-humanidade\/","url":"https:\/\/www.oarcanjo.net\/site\/as-aguas-e-a-humanidade\/","name":"As \u00e1guas e a humanidade - O Arcanjo no ar","isPartOf":{"@id":"https:\/\/www.oarcanjo.net\/site\/#website"},"datePublished":"2009-02-05T01:01:20+00:00","dateModified":"2009-02-05T11:02:51+00:00","breadcrumb":{"@id":"https:\/\/www.oarcanjo.net\/site\/as-aguas-e-a-humanidade\/#breadcrumb"},"inLanguage":"pt-BR","potentialAction":[{"@type":"ReadAction","target":["https:\/\/www.oarcanjo.net\/site\/as-aguas-e-a-humanidade\/"]}]},{"@type":"BreadcrumbList","@id":"https:\/\/www.oarcanjo.net\/site\/as-aguas-e-a-humanidade\/#breadcrumb","itemListElement":[{"@type":"ListItem","position":1,"name":"In\u00edcio","item":"https:\/\/www.oarcanjo.net\/site\/"},{"@type":"ListItem","position":2,"name":"As \u00e1guas e a humanidade"}]},{"@type":"WebSite","@id":"https:\/\/www.oarcanjo.net\/site\/#website","url":"https:\/\/www.oarcanjo.net\/site\/","name":"O Arcanjo no ar","description":"Site da Par\u00f3quia S\u00e3o Miguel Arcanjo (Arquidiocese de SP)","publisher":{"@id":"https:\/\/www.oarcanjo.net\/site\/#organization"},"potentialAction":[{"@type":"SearchAction","target":{"@type":"EntryPoint","urlTemplate":"https:\/\/www.oarcanjo.net\/site\/?s={search_term_string}"},"query-input":{"@type":"PropertyValueSpecification","valueRequired":true,"valueName":"search_term_string"}}],"inLanguage":"pt-BR"},{"@type":"Organization","@id":"https:\/\/www.oarcanjo.net\/site\/#organization","name":"Par\u00f3quia S\u00e3o Miguel Arcanjo","url":"https:\/\/www.oarcanjo.net\/site\/","logo":{"@type":"ImageObject","inLanguage":"pt-BR","@id":"https:\/\/www.oarcanjo.net\/site\/#\/schema\/logo\/image\/","url":"https:\/\/www.oarcanjo.net\/site\/wp-content\/uploads\/LogoOArcanjo.png","contentUrl":"https:\/\/www.oarcanjo.net\/site\/wp-content\/uploads\/LogoOArcanjo.png","width":319,"height":99,"caption":"Par\u00f3quia S\u00e3o Miguel Arcanjo"},"image":{"@id":"https:\/\/www.oarcanjo.net\/site\/#\/schema\/logo\/image\/"},"sameAs":["https:\/\/www.facebook.com\/OArcanjoNoAr\/"]},{"@type":"Person","@id":"https:\/\/www.oarcanjo.net\/site\/#\/schema\/person\/f7024d007863202483a31326673a0838","name":"editor","sameAs":["http:\/\/www.oarcanjo.net"]}]}},"publishpress_future_action":{"enabled":false,"date":"2026-05-08 21:43:48","action":"category","newStatus":"draft","terms":[],"taxonomy":"category"},"publishpress_future_workflow_manual_trigger":{"enabledWorkflows":[]},"_links":{"self":[{"href":"https:\/\/www.oarcanjo.net\/site\/wp-json\/wp\/v2\/posts\/1740"}],"collection":[{"href":"https:\/\/www.oarcanjo.net\/site\/wp-json\/wp\/v2\/posts"}],"about":[{"href":"https:\/\/www.oarcanjo.net\/site\/wp-json\/wp\/v2\/types\/post"}],"author":[{"embeddable":true,"href":"https:\/\/www.oarcanjo.net\/site\/wp-json\/wp\/v2\/users\/5"}],"replies":[{"embeddable":true,"href":"https:\/\/www.oarcanjo.net\/site\/wp-json\/wp\/v2\/comments?post=1740"}],"version-history":[{"count":0,"href":"https:\/\/www.oarcanjo.net\/site\/wp-json\/wp\/v2\/posts\/1740\/revisions"}],"wp:attachment":[{"href":"https:\/\/www.oarcanjo.net\/site\/wp-json\/wp\/v2\/media?parent=1740"}],"wp:term":[{"taxonomy":"category","embeddable":true,"href":"https:\/\/www.oarcanjo.net\/site\/wp-json\/wp\/v2\/categories?post=1740"},{"taxonomy":"post_tag","embeddable":true,"href":"https:\/\/www.oarcanjo.net\/site\/wp-json\/wp\/v2\/tags?post=1740"}],"curies":[{"name":"wp","href":"https:\/\/api.w.org\/{rel}","templated":true}]}}