
{"id":17402,"date":"2012-03-04T06:00:25","date_gmt":"2012-03-04T09:00:25","guid":{"rendered":"http:\/\/www.oarcanjo.net\/site\/?p=17402"},"modified":"2012-03-03T14:21:04","modified_gmt":"2012-03-03T17:21:04","slug":"fraternidade-e-saude-publica-2","status":"publish","type":"post","link":"https:\/\/www.oarcanjo.net\/site\/fraternidade-e-saude-publica-2\/","title":{"rendered":"Fraternidade e sa\u00fade p\u00fablica"},"content":{"rendered":"<p>Frei Betto<\/p>\n<p>O t\u00edtulo deste artigo \u00e9 o tema da Campanha da Fraternidade 2012, promovida pela CNBB (Confer\u00eancia Nacional dos Bispos do Brasil). Iniciada na Quarta-Feira de Cinzas, a campanha se estende at\u00e9 o domingo de P\u00e1scoa e tem como lema um vers\u00edculo do livro do Eclesi\u00e1stico: \u201cQue a sa\u00fade se difunda sobre a Terra\u201d (38, 8).<\/p>\n<p>Sa\u00fade e tradi\u00e7\u00e3o crist\u00e3 est\u00e3o intimamente associadas. Nos evangelhos, Jesus prima por curar f\u00edsica, ps\u00edquica e espiritualmente. Ao longo da hist\u00f3ria ocidental, a Igreja se destacou como provedora da sa\u00fade. De sua iniciativa surgiram os primeiros hospitais, sanat\u00f3rios e, no Brasil, Santas Casas de Miseric\u00f3rdia.<\/p>\n<p>Nos santu\u00e1rios, de Aparecida a Juazeiro do Norte, a manifesta\u00e7\u00e3o de f\u00e9 do povo na cura &#8211; b\u00ean\u00e7\u00e3o de Deus por intercess\u00e3o de santos -, aparece das \u201csalas dos milagres\u201d, onde se enfileiram os ex-votos.<\/p>\n<p>Os bispos reconhecem os avan\u00e7os da sa\u00fade no Brasil, como a redu\u00e7\u00e3o da mortalidade infantil (na qual a Pastoral da Crian\u00e7a, iniciativa da Dra. Zilda Arns, desempenha papel fundamental). Em 1980, eram registrados 69,12 \u00f3bitos por 1.000 nascidos vivos. Em 2010, o \u00edndice caiu para 19,88.<\/p>\n<p>A expectativa de vida no Brasil apresenta evolu\u00e7\u00e3o significativa nas \u00faltimas d\u00e9cadas. Em 2008, a esperan\u00e7a de vida dos brasileiros, ao nascer, chegou a 72 anos, 10 meses e 10 dias. A m\u00e9dia entre homens \u00e9 de 69,11 anos e, entre mulheres, 76,71.<\/p>\n<p>De 1980 a 2000, a popula\u00e7\u00e3o de idosos cresceu 107%, enquanto a dos jovens de at\u00e9 14 anos apenas 14% (Minist\u00e9rio da Sa\u00fade, 2011). Em 1980, as crian\u00e7as de 0 a 14 anos correspondiam a 38,25% da popula\u00e7\u00e3o e, em 2009, representavam 26,04%. Entretanto, o contingente com 65 anos ou mais de idade pulou de 4,01% para 6,67% no mesmo per\u00edodo. Em 2050, o primeiro grupo representar\u00e1 13,15%, ao passo que os idosos ultrapassar\u00e3o os 22,17% da popula\u00e7\u00e3o total.<\/p>\n<p>A melhoria, no Brasil, das condi\u00e7\u00f5es de vida em geral trouxe maior longevidade \u00e0 popula\u00e7\u00e3o. O n\u00famero de idosos j\u00e1 chega a 21 milh\u00f5es de pessoas. As proje\u00e7\u00f5es apontam para a duplica\u00e7\u00e3o deste contingente nos pr\u00f3ximos 20 anos, ou seja, amplia\u00e7\u00e3o de 8% para 15%. Por\u00e9m, o percentual de crian\u00e7as e jovens est\u00e1 em queda. Uma das causas \u00e9 a diminui\u00e7\u00e3o do \u00edndice de fecundidade por casal, que, em 2008, caiu para 1,8 filhos, o que aproxima o Brasil dos pa\u00edses com as menores taxas de fecundidade.<\/p>\n<p>Como a mortalidade infantil ainda \u00e9 alta em rela\u00e7\u00e3o aos melhores indicadores &#8211; 19,88\/1.000 &#8211; verifica-se a preocupante diminui\u00e7\u00e3o percentual da faixa et\u00e1ria mais jovem. Portanto, uma impactante transi\u00e7\u00e3o demogr\u00e1fica est\u00e1 em curso no pa\u00eds.<\/p>\n<p>A julgar pelas proje\u00e7\u00f5es, essa transi\u00e7\u00e3o demogr\u00e1fica mudar\u00e1 a face da popula\u00e7\u00e3o brasileira. Segundo estimativas, em 2050, haver\u00e1 100 milh\u00f5es de indiv\u00edduos com mais de 50 anos, causando reflexos diretos no campo da sa\u00fade. Hoje, a hipertens\u00e3o afeta metade dos idosos. Dores na coluna, artrite, reumatismo s\u00e3o doen\u00e7as muito comuns entre as pessoas de 60 anos ou mais.<\/p>\n<p>O consumismo e a falta de educa\u00e7\u00e3o nutricional mudam, agora, o padr\u00e3o f\u00edsico do brasileiro. O excesso de peso ou sobrepeso e a obesidade explodiram. Segundo o IBGE, em 2009, o sobrepeso atingiu mais de 30% das crian\u00e7as entre 5 e 9 anos de idade; cerca de 20% da popula\u00e7\u00e3o entre 10 e 19 anos; 48% das mulheres; 50,1% dos homens acima de 20 anos. Em suma, 48,1% da popula\u00e7\u00e3o brasileira est\u00e3o acima do peso, e 15% s\u00e3o obesos.<\/p>\n<p>Trata-se de verdadeira epidemia. Desde 2003, a POF (Pesquisa Or\u00e7ament\u00e1ria Familiar) indica que as fam\u00edlias est\u00e3o substituindo a alimenta\u00e7\u00e3o tradicional na dieta do brasileiro (arroz, feij\u00e3o, hortali\u00e7as) pela industrializada, mais cal\u00f3rica e menos nutritiva, com reflexos no equil\u00edbrio do organismo, podendo resultar em enfermidades como o descontrole da press\u00e3o arterial e o diabetes.<\/p>\n<p>Apesar dos avan\u00e7os, a Campanha da Fraternidade considera o SUS um \u201ccaos, sobretudo perante os olhos dos mais necessitados de seus servi\u00e7os\u201d.<\/p>\n<p>Garantir para a popula\u00e7\u00e3o direitos e recursos previstos na Constitui\u00e7\u00e3o sobre a Seguridade Social (Assist\u00eancia Social, Previd\u00eancia Social e Sa\u00fade) \u00e9 um dos principais desafios na atualidade. Na contram\u00e3o do que prev\u00ea a Constitui\u00e7\u00e3o, s\u00e3o as fam\u00edlias que mais gastam com sa\u00fade.<\/p>\n<p>Dados do IBGE mostram que o gasto com a sa\u00fade representou 8,4% do Produto Interno Bruto (PIB) do pa\u00eds, em 2007. Do total registrado, 58,4% (ou R$ 128,9 bilh\u00f5es) foram gastos pelas fam\u00edlias, enquanto 41,6% (R$ 93,4 bilh\u00f5es) ficaram a cargo do setor p\u00fablico.<\/p>\n<p>Nos pa\u00edses ricos, 70% dos gastos com sa\u00fade s\u00e3o cobertos pelo governo e apenas 30% pelas fam\u00edlias. Para especialistas na \u00e1rea de Sa\u00fade P\u00fablica, o gasto total com a sa\u00fade, em 2009, foi de R$ 270 bilh\u00f5es (8,5% do PIB), sendo R$ 127 bilh\u00f5es (47% dos recursos ou 4% do PIB) de recursos p\u00fablicos e R$ 143 bilh\u00f5es (53% dos recursos ou 4,5% do PIB) de recursos privados.<\/p>\n<p>O or\u00e7amento da Uni\u00e3o para a Sa\u00fade, em 2011, foi de R$ 68,8 bilh\u00f5es. Deste total, somente R$ 12 bilh\u00f5es foram investidos na aten\u00e7\u00e3o b\u00e1sica \u00e0 sa\u00fade, por meio de programas do Minist\u00e9rio da Sa\u00fade.<\/p>\n<p>O Brasil conta com mais de 192 milh\u00f5es de habitantes e 5.565 munic\u00edpios. Entretanto, v\u00e1rios munic\u00edpios, principalmente das regi\u00f5es Norte, Nordeste e Centro Oeste, n\u00e3o disp\u00f5em de profissionais de sa\u00fade para os cuidados b\u00e1sicos, sendo que, em centenas deles, n\u00e3o h\u00e1 m\u00e9dicos para atendimento di\u00e1rio \u00e0 popula\u00e7\u00e3o.<\/p>\n<p>Cerca de 150 (78% da popula\u00e7\u00e3o) milh\u00f5es de brasileiros dependem do SUS para ter acesso aos servi\u00e7os de sa\u00fade. Pois n\u00e3o t\u00eam o privil\u00e9gio da parcela de 40 milh\u00f5es que pagam planos privados de sa\u00fade, com medo da inefici\u00eancia do SUS.<\/p>\n<p>\u201cVim para que todos tenham vida e vida em abund\u00e2ncia\u201d, disse Jesus (Jo\u00e3o 10, 10). Se assim n\u00e3o ocorre, resta-nos fazer de nosso voto e cidadania press\u00e3o e exig\u00eancia de uma na\u00e7\u00e3o saud\u00e1vel.<\/p>\n<div id=\"themify_builder_content-17402\" data-postid=\"17402\" class=\"themify_builder_content themify_builder_content-17402 themify_builder themify_builder_front\">\n\t<\/div>\n<!-- \/themify_builder_content -->","protected":false},"excerpt":{"rendered":"<p>Frei Betto: Garantir para a popula\u00e7\u00e3o direitos e recursos previstos na Constitui\u00e7\u00e3o sobre a Seguridade Social \u00e9 um dos principais desafios na atualidade<\/p>\n","protected":false},"author":5,"featured_media":0,"comment_status":"open","ping_status":"open","sticky":false,"template":"","format":"standard","meta":{"ngg_post_thumbnail":0,"footnotes":""},"categories":[241,9],"tags":[229,3206,63,2184,2183,2182,2185,580,2149],"yoast_head":"<!-- This site is optimized with the Yoast SEO plugin v23.5 - https:\/\/yoast.com\/wordpress\/plugins\/seo\/ -->\n<title>Fraternidade e sa\u00fade p\u00fablica - O Arcanjo no ar<\/title>\n<meta name=\"robots\" content=\"index, follow, max-snippet:-1, max-image-preview:large, max-video-preview:-1\" \/>\n<link rel=\"canonical\" href=\"https:\/\/www.oarcanjo.net\/site\/fraternidade-e-saude-publica-2\/\" \/>\n<meta property=\"og:locale\" content=\"pt_BR\" \/>\n<meta property=\"og:type\" content=\"article\" \/>\n<meta property=\"og:title\" content=\"Fraternidade e sa\u00fade p\u00fablica - O Arcanjo no ar\" \/>\n<meta property=\"og:description\" content=\"Frei Betto: Garantir para a popula\u00e7\u00e3o direitos e recursos previstos na Constitui\u00e7\u00e3o sobre a Seguridade Social \u00e9 um dos principais desafios na atualidade\" \/>\n<meta property=\"og:url\" content=\"https:\/\/www.oarcanjo.net\/site\/fraternidade-e-saude-publica-2\/\" \/>\n<meta property=\"og:site_name\" content=\"O Arcanjo no ar\" \/>\n<meta property=\"article:publisher\" content=\"https:\/\/www.facebook.com\/OArcanjoNoAr\/\" \/>\n<meta property=\"article:published_time\" content=\"2012-03-04T09:00:25+00:00\" \/>\n<meta property=\"article:modified_time\" content=\"2012-03-03T17:21:04+00:00\" \/>\n<meta property=\"og:image\" content=\"https:\/\/www.oarcanjo.net\/site\/wp-content\/uploads\/logo-o-arcanjo-no-ar-facebook.png\" \/>\n\t<meta property=\"og:image:width\" content=\"300\" \/>\n\t<meta property=\"og:image:height\" content=\"300\" \/>\n\t<meta property=\"og:image:type\" content=\"image\/png\" \/>\n<meta name=\"author\" content=\"editor\" \/>\n<meta name=\"twitter:card\" content=\"summary_large_image\" \/>\n<meta name=\"twitter:label1\" content=\"Escrito por\" \/>\n\t<meta name=\"twitter:data1\" content=\"editor\" \/>\n\t<meta name=\"twitter:label2\" content=\"Est. tempo de leitura\" \/>\n\t<meta name=\"twitter:data2\" content=\"5 minutos\" \/>\n<script type=\"application\/ld+json\" class=\"yoast-schema-graph\">{\"@context\":\"https:\/\/schema.org\",\"@graph\":[{\"@type\":\"Article\",\"@id\":\"https:\/\/www.oarcanjo.net\/site\/fraternidade-e-saude-publica-2\/#article\",\"isPartOf\":{\"@id\":\"https:\/\/www.oarcanjo.net\/site\/fraternidade-e-saude-publica-2\/\"},\"author\":{\"name\":\"editor\",\"@id\":\"https:\/\/www.oarcanjo.net\/site\/#\/schema\/person\/f7024d007863202483a31326673a0838\"},\"headline\":\"Fraternidade e sa\u00fade p\u00fablica\",\"datePublished\":\"2012-03-04T09:00:25+00:00\",\"dateModified\":\"2012-03-03T17:21:04+00:00\",\"mainEntityOfPage\":{\"@id\":\"https:\/\/www.oarcanjo.net\/site\/fraternidade-e-saude-publica-2\/\"},\"wordCount\":1015,\"commentCount\":0,\"publisher\":{\"@id\":\"https:\/\/www.oarcanjo.net\/site\/#organization\"},\"keywords\":[\"Campanha da Fraternidade\",\"CF\",\"CNBB\",\"hipertens\u00e3o\",\"nutri\u00e7\u00e3o\",\"obesidade\",\"reumatismo\",\"sa\u00fade p\u00fablica\",\"SUS\"],\"articleSection\":[\"CF\",\"Reflex\u00f5es\"],\"inLanguage\":\"pt-BR\",\"potentialAction\":[{\"@type\":\"CommentAction\",\"name\":\"Comment\",\"target\":[\"https:\/\/www.oarcanjo.net\/site\/fraternidade-e-saude-publica-2\/#respond\"]}]},{\"@type\":\"WebPage\",\"@id\":\"https:\/\/www.oarcanjo.net\/site\/fraternidade-e-saude-publica-2\/\",\"url\":\"https:\/\/www.oarcanjo.net\/site\/fraternidade-e-saude-publica-2\/\",\"name\":\"Fraternidade e sa\u00fade p\u00fablica - O Arcanjo no ar\",\"isPartOf\":{\"@id\":\"https:\/\/www.oarcanjo.net\/site\/#website\"},\"datePublished\":\"2012-03-04T09:00:25+00:00\",\"dateModified\":\"2012-03-03T17:21:04+00:00\",\"breadcrumb\":{\"@id\":\"https:\/\/www.oarcanjo.net\/site\/fraternidade-e-saude-publica-2\/#breadcrumb\"},\"inLanguage\":\"pt-BR\",\"potentialAction\":[{\"@type\":\"ReadAction\",\"target\":[\"https:\/\/www.oarcanjo.net\/site\/fraternidade-e-saude-publica-2\/\"]}]},{\"@type\":\"BreadcrumbList\",\"@id\":\"https:\/\/www.oarcanjo.net\/site\/fraternidade-e-saude-publica-2\/#breadcrumb\",\"itemListElement\":[{\"@type\":\"ListItem\",\"position\":1,\"name\":\"In\u00edcio\",\"item\":\"https:\/\/www.oarcanjo.net\/site\/\"},{\"@type\":\"ListItem\",\"position\":2,\"name\":\"Fraternidade e sa\u00fade p\u00fablica\"}]},{\"@type\":\"WebSite\",\"@id\":\"https:\/\/www.oarcanjo.net\/site\/#website\",\"url\":\"https:\/\/www.oarcanjo.net\/site\/\",\"name\":\"O Arcanjo no ar\",\"description\":\"Site da Par\u00f3quia S\u00e3o Miguel Arcanjo (Arquidiocese de SP)\",\"publisher\":{\"@id\":\"https:\/\/www.oarcanjo.net\/site\/#organization\"},\"potentialAction\":[{\"@type\":\"SearchAction\",\"target\":{\"@type\":\"EntryPoint\",\"urlTemplate\":\"https:\/\/www.oarcanjo.net\/site\/?s={search_term_string}\"},\"query-input\":{\"@type\":\"PropertyValueSpecification\",\"valueRequired\":true,\"valueName\":\"search_term_string\"}}],\"inLanguage\":\"pt-BR\"},{\"@type\":\"Organization\",\"@id\":\"https:\/\/www.oarcanjo.net\/site\/#organization\",\"name\":\"Par\u00f3quia S\u00e3o Miguel Arcanjo\",\"url\":\"https:\/\/www.oarcanjo.net\/site\/\",\"logo\":{\"@type\":\"ImageObject\",\"inLanguage\":\"pt-BR\",\"@id\":\"https:\/\/www.oarcanjo.net\/site\/#\/schema\/logo\/image\/\",\"url\":\"https:\/\/www.oarcanjo.net\/site\/wp-content\/uploads\/LogoOArcanjo.png\",\"contentUrl\":\"https:\/\/www.oarcanjo.net\/site\/wp-content\/uploads\/LogoOArcanjo.png\",\"width\":319,\"height\":99,\"caption\":\"Par\u00f3quia S\u00e3o Miguel Arcanjo\"},\"image\":{\"@id\":\"https:\/\/www.oarcanjo.net\/site\/#\/schema\/logo\/image\/\"},\"sameAs\":[\"https:\/\/www.facebook.com\/OArcanjoNoAr\/\"]},{\"@type\":\"Person\",\"@id\":\"https:\/\/www.oarcanjo.net\/site\/#\/schema\/person\/f7024d007863202483a31326673a0838\",\"name\":\"editor\",\"sameAs\":[\"http:\/\/www.oarcanjo.net\"]}]}<\/script>\n<!-- \/ Yoast SEO plugin. -->","yoast_head_json":{"title":"Fraternidade e sa\u00fade p\u00fablica - O Arcanjo no ar","robots":{"index":"index","follow":"follow","max-snippet":"max-snippet:-1","max-image-preview":"max-image-preview:large","max-video-preview":"max-video-preview:-1"},"canonical":"https:\/\/www.oarcanjo.net\/site\/fraternidade-e-saude-publica-2\/","og_locale":"pt_BR","og_type":"article","og_title":"Fraternidade e sa\u00fade p\u00fablica - O Arcanjo no ar","og_description":"Frei Betto: Garantir para a popula\u00e7\u00e3o direitos e recursos previstos na Constitui\u00e7\u00e3o sobre a Seguridade Social \u00e9 um dos principais desafios na atualidade","og_url":"https:\/\/www.oarcanjo.net\/site\/fraternidade-e-saude-publica-2\/","og_site_name":"O Arcanjo no ar","article_publisher":"https:\/\/www.facebook.com\/OArcanjoNoAr\/","article_published_time":"2012-03-04T09:00:25+00:00","article_modified_time":"2012-03-03T17:21:04+00:00","og_image":[{"width":300,"height":300,"url":"https:\/\/www.oarcanjo.net\/site\/wp-content\/uploads\/logo-o-arcanjo-no-ar-facebook.png","type":"image\/png"}],"author":"editor","twitter_card":"summary_large_image","twitter_misc":{"Escrito por":"editor","Est. tempo de leitura":"5 minutos"},"schema":{"@context":"https:\/\/schema.org","@graph":[{"@type":"Article","@id":"https:\/\/www.oarcanjo.net\/site\/fraternidade-e-saude-publica-2\/#article","isPartOf":{"@id":"https:\/\/www.oarcanjo.net\/site\/fraternidade-e-saude-publica-2\/"},"author":{"name":"editor","@id":"https:\/\/www.oarcanjo.net\/site\/#\/schema\/person\/f7024d007863202483a31326673a0838"},"headline":"Fraternidade e sa\u00fade p\u00fablica","datePublished":"2012-03-04T09:00:25+00:00","dateModified":"2012-03-03T17:21:04+00:00","mainEntityOfPage":{"@id":"https:\/\/www.oarcanjo.net\/site\/fraternidade-e-saude-publica-2\/"},"wordCount":1015,"commentCount":0,"publisher":{"@id":"https:\/\/www.oarcanjo.net\/site\/#organization"},"keywords":["Campanha da Fraternidade","CF","CNBB","hipertens\u00e3o","nutri\u00e7\u00e3o","obesidade","reumatismo","sa\u00fade p\u00fablica","SUS"],"articleSection":["CF","Reflex\u00f5es"],"inLanguage":"pt-BR","potentialAction":[{"@type":"CommentAction","name":"Comment","target":["https:\/\/www.oarcanjo.net\/site\/fraternidade-e-saude-publica-2\/#respond"]}]},{"@type":"WebPage","@id":"https:\/\/www.oarcanjo.net\/site\/fraternidade-e-saude-publica-2\/","url":"https:\/\/www.oarcanjo.net\/site\/fraternidade-e-saude-publica-2\/","name":"Fraternidade e sa\u00fade p\u00fablica - O Arcanjo no ar","isPartOf":{"@id":"https:\/\/www.oarcanjo.net\/site\/#website"},"datePublished":"2012-03-04T09:00:25+00:00","dateModified":"2012-03-03T17:21:04+00:00","breadcrumb":{"@id":"https:\/\/www.oarcanjo.net\/site\/fraternidade-e-saude-publica-2\/#breadcrumb"},"inLanguage":"pt-BR","potentialAction":[{"@type":"ReadAction","target":["https:\/\/www.oarcanjo.net\/site\/fraternidade-e-saude-publica-2\/"]}]},{"@type":"BreadcrumbList","@id":"https:\/\/www.oarcanjo.net\/site\/fraternidade-e-saude-publica-2\/#breadcrumb","itemListElement":[{"@type":"ListItem","position":1,"name":"In\u00edcio","item":"https:\/\/www.oarcanjo.net\/site\/"},{"@type":"ListItem","position":2,"name":"Fraternidade e sa\u00fade p\u00fablica"}]},{"@type":"WebSite","@id":"https:\/\/www.oarcanjo.net\/site\/#website","url":"https:\/\/www.oarcanjo.net\/site\/","name":"O Arcanjo no ar","description":"Site da Par\u00f3quia S\u00e3o Miguel Arcanjo (Arquidiocese de SP)","publisher":{"@id":"https:\/\/www.oarcanjo.net\/site\/#organization"},"potentialAction":[{"@type":"SearchAction","target":{"@type":"EntryPoint","urlTemplate":"https:\/\/www.oarcanjo.net\/site\/?s={search_term_string}"},"query-input":{"@type":"PropertyValueSpecification","valueRequired":true,"valueName":"search_term_string"}}],"inLanguage":"pt-BR"},{"@type":"Organization","@id":"https:\/\/www.oarcanjo.net\/site\/#organization","name":"Par\u00f3quia S\u00e3o Miguel Arcanjo","url":"https:\/\/www.oarcanjo.net\/site\/","logo":{"@type":"ImageObject","inLanguage":"pt-BR","@id":"https:\/\/www.oarcanjo.net\/site\/#\/schema\/logo\/image\/","url":"https:\/\/www.oarcanjo.net\/site\/wp-content\/uploads\/LogoOArcanjo.png","contentUrl":"https:\/\/www.oarcanjo.net\/site\/wp-content\/uploads\/LogoOArcanjo.png","width":319,"height":99,"caption":"Par\u00f3quia S\u00e3o Miguel Arcanjo"},"image":{"@id":"https:\/\/www.oarcanjo.net\/site\/#\/schema\/logo\/image\/"},"sameAs":["https:\/\/www.facebook.com\/OArcanjoNoAr\/"]},{"@type":"Person","@id":"https:\/\/www.oarcanjo.net\/site\/#\/schema\/person\/f7024d007863202483a31326673a0838","name":"editor","sameAs":["http:\/\/www.oarcanjo.net"]}]}},"publishpress_future_action":{"enabled":false,"date":"2026-05-09 09:32:00","action":"category","newStatus":"draft","terms":[],"taxonomy":"category"},"publishpress_future_workflow_manual_trigger":{"enabledWorkflows":[]},"_links":{"self":[{"href":"https:\/\/www.oarcanjo.net\/site\/wp-json\/wp\/v2\/posts\/17402"}],"collection":[{"href":"https:\/\/www.oarcanjo.net\/site\/wp-json\/wp\/v2\/posts"}],"about":[{"href":"https:\/\/www.oarcanjo.net\/site\/wp-json\/wp\/v2\/types\/post"}],"author":[{"embeddable":true,"href":"https:\/\/www.oarcanjo.net\/site\/wp-json\/wp\/v2\/users\/5"}],"replies":[{"embeddable":true,"href":"https:\/\/www.oarcanjo.net\/site\/wp-json\/wp\/v2\/comments?post=17402"}],"version-history":[{"count":0,"href":"https:\/\/www.oarcanjo.net\/site\/wp-json\/wp\/v2\/posts\/17402\/revisions"}],"wp:attachment":[{"href":"https:\/\/www.oarcanjo.net\/site\/wp-json\/wp\/v2\/media?parent=17402"}],"wp:term":[{"taxonomy":"category","embeddable":true,"href":"https:\/\/www.oarcanjo.net\/site\/wp-json\/wp\/v2\/categories?post=17402"},{"taxonomy":"post_tag","embeddable":true,"href":"https:\/\/www.oarcanjo.net\/site\/wp-json\/wp\/v2\/tags?post=17402"}],"curies":[{"name":"wp","href":"https:\/\/api.w.org\/{rel}","templated":true}]}}