
{"id":17414,"date":"2012-03-05T06:39:21","date_gmt":"2012-03-05T09:39:21","guid":{"rendered":"http:\/\/www.oarcanjo.net\/site\/?p=17414"},"modified":"2012-03-15T01:43:08","modified_gmt":"2012-03-15T04:43:08","slug":"cf-2012-igreja-faz-pesquisa-sobre-a-realidade-da-saude-publica","status":"publish","type":"post","link":"https:\/\/www.oarcanjo.net\/site\/cf-2012-igreja-faz-pesquisa-sobre-a-realidade-da-saude-publica\/","title":{"rendered":"CF 2012: igreja faz pesquisa sobre a realidade da sa\u00fade p\u00fablica"},"content":{"rendered":"<p>A igreja S\u00e3o Miguel Arcanjo quer conhecer a realidade da sa\u00fade p\u00fablica. Se voc\u00ea mora na \u00e1rea da par\u00f3quia, est\u00e1 convidado a responder \u00e0 pesquisa clicando no link abaixo:<\/p>\n<p><a href=\"https:\/\/docs.google.com\/spreadsheet\/viewform?formkey=dFRkMDNiN2FJdEEwT3NxSnpGN3hwaXc6MQ\" target=\"_blank\"><img loading=\"lazy\" decoding=\"async\" class=\"alignleft size-full wp-image-17463\" title=\"botao-pesquisa\" src=\"http:\/\/www.oarcanjo.net\/site\/wp-content\/uploads\/botao-pesquisa.png\" alt=\"Pesquisa sobre a sa\u00fade\" width=\"200\" height=\"46\" \/><\/a><\/p>\n<p>O resultado do levantamento ser\u00e1 analisado por especialistas da Universidade S\u00e3o Judas Tadeu. A comunidade ter\u00e1 tamb\u00e9m outras atividades, como exames, oficinas e orienta\u00e7\u00e3o nutricional &#8211; veja nos avisos da semana:<\/p>\n<p><iframe loading=\"lazy\" frameborder=\"0\" height=\"315\" src=\"http:\/\/www.youtube.com\/embed\/WcBe8aP7PXQ\" width=\"560\"><\/iframe><\/p>\n<p>Os exames anunciados pelo Pe. Julio ser\u00e3o realizados no domingo, 18\/03, em tr\u00eas hor\u00e1rios:<\/p>\n<p>* Ap\u00f3s a missa das 7h30 na igreja S\u00e3o Miguel Arcanjo<br \/>\n* A partir das 9h30 na capela da Universidade S\u00e3o Judas<br \/>\n* A partir das 17h na igreja S\u00e3o Miguel<\/p>\n<div id=\"themify_builder_content-17414\" data-postid=\"17414\" class=\"themify_builder_content themify_builder_content-17414 themify_builder themify_builder_front\">\n\t<\/div>\n<!-- \/themify_builder_content -->","protected":false},"excerpt":{"rendered":"<p>A igreja S\u00e3o Miguel Arcanjo quer conhecer a realidade da sa\u00fade p\u00fablica. Se voc\u00ea mora na \u00e1rea da par\u00f3quia, est\u00e1 convidado a responder \u00e0 pesquisa clicando no link abaixo: O resultado do levantamento ser\u00e1 analisado por especialistas da Universidade S\u00e3o Judas Tadeu. A comunidade ter\u00e1 tamb\u00e9m outras atividades, como exames, oficinas e orienta\u00e7\u00e3o nutricional &#8211; [&hellip;]<\/p>\n","protected":false},"author":5,"featured_media":0,"comment_status":"open","ping_status":"open","sticky":false,"template":"","format":"standard","meta":{"ngg_post_thumbnail":0,"footnotes":""},"categories":[476,241,3,8],"tags":[229,3206,437],"yoast_head":"<!-- This site is optimized with the Yoast SEO plugin v23.5 - https:\/\/yoast.com\/wordpress\/plugins\/seo\/ -->\n<title>CF 2012: igreja faz pesquisa sobre a realidade da sa\u00fade p\u00fablica - O Arcanjo no ar<\/title>\n<meta name=\"robots\" content=\"index, follow, max-snippet:-1, max-image-preview:large, max-video-preview:-1\" \/>\n<link rel=\"canonical\" href=\"https:\/\/www.oarcanjo.net\/site\/cf-2012-igreja-faz-pesquisa-sobre-a-realidade-da-saude-publica\/\" \/>\n<meta property=\"og:locale\" content=\"pt_BR\" \/>\n<meta property=\"og:type\" content=\"article\" \/>\n<meta property=\"og:title\" content=\"CF 2012: igreja faz pesquisa sobre a realidade da sa\u00fade p\u00fablica - O Arcanjo no ar\" \/>\n<meta property=\"og:description\" content=\"A igreja S\u00e3o Miguel Arcanjo quer conhecer a realidade da sa\u00fade p\u00fablica. Se voc\u00ea mora na \u00e1rea da par\u00f3quia, est\u00e1 convidado a responder \u00e0 pesquisa clicando no link abaixo: O resultado do levantamento ser\u00e1 analisado por especialistas da Universidade S\u00e3o Judas Tadeu. A comunidade ter\u00e1 tamb\u00e9m outras atividades, como exames, oficinas e orienta\u00e7\u00e3o nutricional &#8211; [&hellip;]\" \/>\n<meta property=\"og:url\" content=\"https:\/\/www.oarcanjo.net\/site\/cf-2012-igreja-faz-pesquisa-sobre-a-realidade-da-saude-publica\/\" \/>\n<meta property=\"og:site_name\" content=\"O Arcanjo no ar\" \/>\n<meta property=\"article:publisher\" content=\"https:\/\/www.facebook.com\/OArcanjoNoAr\/\" \/>\n<meta property=\"article:published_time\" content=\"2012-03-05T09:39:21+00:00\" \/>\n<meta property=\"article:modified_time\" content=\"2012-03-15T04:43:08+00:00\" \/>\n<meta property=\"og:image\" content=\"http:\/\/www.oarcanjo.net\/site\/wp-content\/uploads\/botao-pesquisa.png\" \/>\n<meta name=\"author\" content=\"editor\" \/>\n<meta name=\"twitter:card\" content=\"summary_large_image\" \/>\n<meta name=\"twitter:label1\" content=\"Escrito por\" \/>\n\t<meta name=\"twitter:data1\" content=\"editor\" \/>\n\t<meta name=\"twitter:label2\" content=\"Est. tempo de leitura\" \/>\n\t<meta name=\"twitter:data2\" content=\"1 minuto\" \/>\n<script type=\"application\/ld+json\" class=\"yoast-schema-graph\">{\"@context\":\"https:\/\/schema.org\",\"@graph\":[{\"@type\":\"Article\",\"@id\":\"https:\/\/www.oarcanjo.net\/site\/cf-2012-igreja-faz-pesquisa-sobre-a-realidade-da-saude-publica\/#article\",\"isPartOf\":{\"@id\":\"https:\/\/www.oarcanjo.net\/site\/cf-2012-igreja-faz-pesquisa-sobre-a-realidade-da-saude-publica\/\"},\"author\":{\"name\":\"editor\",\"@id\":\"https:\/\/www.oarcanjo.net\/site\/#\/schema\/person\/f7024d007863202483a31326673a0838\"},\"headline\":\"CF 2012: igreja faz pesquisa sobre a realidade da sa\u00fade p\u00fablica\",\"datePublished\":\"2012-03-05T09:39:21+00:00\",\"dateModified\":\"2012-03-15T04:43:08+00:00\",\"mainEntityOfPage\":{\"@id\":\"https:\/\/www.oarcanjo.net\/site\/cf-2012-igreja-faz-pesquisa-sobre-a-realidade-da-saude-publica\/\"},\"wordCount\":126,\"commentCount\":1,\"publisher\":{\"@id\":\"https:\/\/www.oarcanjo.net\/site\/#organization\"},\"image\":{\"@id\":\"https:\/\/www.oarcanjo.net\/site\/cf-2012-igreja-faz-pesquisa-sobre-a-realidade-da-saude-publica\/#primaryimage\"},\"thumbnailUrl\":\"http:\/\/www.oarcanjo.net\/site\/wp-content\/uploads\/botao-pesquisa.png\",\"keywords\":[\"Campanha da Fraternidade\",\"CF\",\"sa\u00fade\"],\"articleSection\":[\"Avisos\",\"CF\",\"Destaques\",\"Not\u00edcias\"],\"inLanguage\":\"pt-BR\",\"potentialAction\":[{\"@type\":\"CommentAction\",\"name\":\"Comment\",\"target\":[\"https:\/\/www.oarcanjo.net\/site\/cf-2012-igreja-faz-pesquisa-sobre-a-realidade-da-saude-publica\/#respond\"]}]},{\"@type\":\"WebPage\",\"@id\":\"https:\/\/www.oarcanjo.net\/site\/cf-2012-igreja-faz-pesquisa-sobre-a-realidade-da-saude-publica\/\",\"url\":\"https:\/\/www.oarcanjo.net\/site\/cf-2012-igreja-faz-pesquisa-sobre-a-realidade-da-saude-publica\/\",\"name\":\"CF 2012: igreja faz pesquisa sobre a realidade da sa\u00fade p\u00fablica - O Arcanjo no ar\",\"isPartOf\":{\"@id\":\"https:\/\/www.oarcanjo.net\/site\/#website\"},\"primaryImageOfPage\":{\"@id\":\"https:\/\/www.oarcanjo.net\/site\/cf-2012-igreja-faz-pesquisa-sobre-a-realidade-da-saude-publica\/#primaryimage\"},\"image\":{\"@id\":\"https:\/\/www.oarcanjo.net\/site\/cf-2012-igreja-faz-pesquisa-sobre-a-realidade-da-saude-publica\/#primaryimage\"},\"thumbnailUrl\":\"http:\/\/www.oarcanjo.net\/site\/wp-content\/uploads\/botao-pesquisa.png\",\"datePublished\":\"2012-03-05T09:39:21+00:00\",\"dateModified\":\"2012-03-15T04:43:08+00:00\",\"breadcrumb\":{\"@id\":\"https:\/\/www.oarcanjo.net\/site\/cf-2012-igreja-faz-pesquisa-sobre-a-realidade-da-saude-publica\/#breadcrumb\"},\"inLanguage\":\"pt-BR\",\"potentialAction\":[{\"@type\":\"ReadAction\",\"target\":[\"https:\/\/www.oarcanjo.net\/site\/cf-2012-igreja-faz-pesquisa-sobre-a-realidade-da-saude-publica\/\"]}]},{\"@type\":\"ImageObject\",\"inLanguage\":\"pt-BR\",\"@id\":\"https:\/\/www.oarcanjo.net\/site\/cf-2012-igreja-faz-pesquisa-sobre-a-realidade-da-saude-publica\/#primaryimage\",\"url\":\"https:\/\/www.oarcanjo.net\/site\/wp-content\/uploads\/botao-pesquisa.png\",\"contentUrl\":\"https:\/\/www.oarcanjo.net\/site\/wp-content\/uploads\/botao-pesquisa.png\",\"width\":\"200\",\"height\":\"46\"},{\"@type\":\"BreadcrumbList\",\"@id\":\"https:\/\/www.oarcanjo.net\/site\/cf-2012-igreja-faz-pesquisa-sobre-a-realidade-da-saude-publica\/#breadcrumb\",\"itemListElement\":[{\"@type\":\"ListItem\",\"position\":1,\"name\":\"In\u00edcio\",\"item\":\"https:\/\/www.oarcanjo.net\/site\/\"},{\"@type\":\"ListItem\",\"position\":2,\"name\":\"CF 2012: igreja faz pesquisa sobre a realidade da sa\u00fade p\u00fablica\"}]},{\"@type\":\"WebSite\",\"@id\":\"https:\/\/www.oarcanjo.net\/site\/#website\",\"url\":\"https:\/\/www.oarcanjo.net\/site\/\",\"name\":\"O Arcanjo no ar\",\"description\":\"Site da Par\u00f3quia S\u00e3o Miguel Arcanjo (Arquidiocese de SP)\",\"publisher\":{\"@id\":\"https:\/\/www.oarcanjo.net\/site\/#organization\"},\"potentialAction\":[{\"@type\":\"SearchAction\",\"target\":{\"@type\":\"EntryPoint\",\"urlTemplate\":\"https:\/\/www.oarcanjo.net\/site\/?s={search_term_string}\"},\"query-input\":{\"@type\":\"PropertyValueSpecification\",\"valueRequired\":true,\"valueName\":\"search_term_string\"}}],\"inLanguage\":\"pt-BR\"},{\"@type\":\"Organization\",\"@id\":\"https:\/\/www.oarcanjo.net\/site\/#organization\",\"name\":\"Par\u00f3quia S\u00e3o Miguel Arcanjo\",\"url\":\"https:\/\/www.oarcanjo.net\/site\/\",\"logo\":{\"@type\":\"ImageObject\",\"inLanguage\":\"pt-BR\",\"@id\":\"https:\/\/www.oarcanjo.net\/site\/#\/schema\/logo\/image\/\",\"url\":\"https:\/\/www.oarcanjo.net\/site\/wp-content\/uploads\/LogoOArcanjo.png\",\"contentUrl\":\"https:\/\/www.oarcanjo.net\/site\/wp-content\/uploads\/LogoOArcanjo.png\",\"width\":319,\"height\":99,\"caption\":\"Par\u00f3quia S\u00e3o Miguel Arcanjo\"},\"image\":{\"@id\":\"https:\/\/www.oarcanjo.net\/site\/#\/schema\/logo\/image\/\"},\"sameAs\":[\"https:\/\/www.facebook.com\/OArcanjoNoAr\/\"]},{\"@type\":\"Person\",\"@id\":\"https:\/\/www.oarcanjo.net\/site\/#\/schema\/person\/f7024d007863202483a31326673a0838\",\"name\":\"editor\",\"sameAs\":[\"http:\/\/www.oarcanjo.net\"]}]}<\/script>\n<!-- \/ Yoast SEO plugin. -->","yoast_head_json":{"title":"CF 2012: igreja faz pesquisa sobre a realidade da sa\u00fade p\u00fablica - O Arcanjo no ar","robots":{"index":"index","follow":"follow","max-snippet":"max-snippet:-1","max-image-preview":"max-image-preview:large","max-video-preview":"max-video-preview:-1"},"canonical":"https:\/\/www.oarcanjo.net\/site\/cf-2012-igreja-faz-pesquisa-sobre-a-realidade-da-saude-publica\/","og_locale":"pt_BR","og_type":"article","og_title":"CF 2012: igreja faz pesquisa sobre a realidade da sa\u00fade p\u00fablica - O Arcanjo no ar","og_description":"A igreja S\u00e3o Miguel Arcanjo quer conhecer a realidade da sa\u00fade p\u00fablica. Se voc\u00ea mora na \u00e1rea da par\u00f3quia, est\u00e1 convidado a responder \u00e0 pesquisa clicando no link abaixo: O resultado do levantamento ser\u00e1 analisado por especialistas da Universidade S\u00e3o Judas Tadeu. A comunidade ter\u00e1 tamb\u00e9m outras atividades, como exames, oficinas e orienta\u00e7\u00e3o nutricional &#8211; [&hellip;]","og_url":"https:\/\/www.oarcanjo.net\/site\/cf-2012-igreja-faz-pesquisa-sobre-a-realidade-da-saude-publica\/","og_site_name":"O Arcanjo no ar","article_publisher":"https:\/\/www.facebook.com\/OArcanjoNoAr\/","article_published_time":"2012-03-05T09:39:21+00:00","article_modified_time":"2012-03-15T04:43:08+00:00","og_image":[{"url":"http:\/\/www.oarcanjo.net\/site\/wp-content\/uploads\/botao-pesquisa.png"}],"author":"editor","twitter_card":"summary_large_image","twitter_misc":{"Escrito por":"editor","Est. tempo de leitura":"1 minuto"},"schema":{"@context":"https:\/\/schema.org","@graph":[{"@type":"Article","@id":"https:\/\/www.oarcanjo.net\/site\/cf-2012-igreja-faz-pesquisa-sobre-a-realidade-da-saude-publica\/#article","isPartOf":{"@id":"https:\/\/www.oarcanjo.net\/site\/cf-2012-igreja-faz-pesquisa-sobre-a-realidade-da-saude-publica\/"},"author":{"name":"editor","@id":"https:\/\/www.oarcanjo.net\/site\/#\/schema\/person\/f7024d007863202483a31326673a0838"},"headline":"CF 2012: igreja faz pesquisa sobre a realidade da sa\u00fade p\u00fablica","datePublished":"2012-03-05T09:39:21+00:00","dateModified":"2012-03-15T04:43:08+00:00","mainEntityOfPage":{"@id":"https:\/\/www.oarcanjo.net\/site\/cf-2012-igreja-faz-pesquisa-sobre-a-realidade-da-saude-publica\/"},"wordCount":126,"commentCount":1,"publisher":{"@id":"https:\/\/www.oarcanjo.net\/site\/#organization"},"image":{"@id":"https:\/\/www.oarcanjo.net\/site\/cf-2012-igreja-faz-pesquisa-sobre-a-realidade-da-saude-publica\/#primaryimage"},"thumbnailUrl":"http:\/\/www.oarcanjo.net\/site\/wp-content\/uploads\/botao-pesquisa.png","keywords":["Campanha da Fraternidade","CF","sa\u00fade"],"articleSection":["Avisos","CF","Destaques","Not\u00edcias"],"inLanguage":"pt-BR","potentialAction":[{"@type":"CommentAction","name":"Comment","target":["https:\/\/www.oarcanjo.net\/site\/cf-2012-igreja-faz-pesquisa-sobre-a-realidade-da-saude-publica\/#respond"]}]},{"@type":"WebPage","@id":"https:\/\/www.oarcanjo.net\/site\/cf-2012-igreja-faz-pesquisa-sobre-a-realidade-da-saude-publica\/","url":"https:\/\/www.oarcanjo.net\/site\/cf-2012-igreja-faz-pesquisa-sobre-a-realidade-da-saude-publica\/","name":"CF 2012: igreja faz pesquisa sobre a realidade da sa\u00fade p\u00fablica - O Arcanjo no ar","isPartOf":{"@id":"https:\/\/www.oarcanjo.net\/site\/#website"},"primaryImageOfPage":{"@id":"https:\/\/www.oarcanjo.net\/site\/cf-2012-igreja-faz-pesquisa-sobre-a-realidade-da-saude-publica\/#primaryimage"},"image":{"@id":"https:\/\/www.oarcanjo.net\/site\/cf-2012-igreja-faz-pesquisa-sobre-a-realidade-da-saude-publica\/#primaryimage"},"thumbnailUrl":"http:\/\/www.oarcanjo.net\/site\/wp-content\/uploads\/botao-pesquisa.png","datePublished":"2012-03-05T09:39:21+00:00","dateModified":"2012-03-15T04:43:08+00:00","breadcrumb":{"@id":"https:\/\/www.oarcanjo.net\/site\/cf-2012-igreja-faz-pesquisa-sobre-a-realidade-da-saude-publica\/#breadcrumb"},"inLanguage":"pt-BR","potentialAction":[{"@type":"ReadAction","target":["https:\/\/www.oarcanjo.net\/site\/cf-2012-igreja-faz-pesquisa-sobre-a-realidade-da-saude-publica\/"]}]},{"@type":"ImageObject","inLanguage":"pt-BR","@id":"https:\/\/www.oarcanjo.net\/site\/cf-2012-igreja-faz-pesquisa-sobre-a-realidade-da-saude-publica\/#primaryimage","url":"https:\/\/www.oarcanjo.net\/site\/wp-content\/uploads\/botao-pesquisa.png","contentUrl":"https:\/\/www.oarcanjo.net\/site\/wp-content\/uploads\/botao-pesquisa.png","width":"200","height":"46"},{"@type":"BreadcrumbList","@id":"https:\/\/www.oarcanjo.net\/site\/cf-2012-igreja-faz-pesquisa-sobre-a-realidade-da-saude-publica\/#breadcrumb","itemListElement":[{"@type":"ListItem","position":1,"name":"In\u00edcio","item":"https:\/\/www.oarcanjo.net\/site\/"},{"@type":"ListItem","position":2,"name":"CF 2012: igreja faz pesquisa sobre a realidade da sa\u00fade p\u00fablica"}]},{"@type":"WebSite","@id":"https:\/\/www.oarcanjo.net\/site\/#website","url":"https:\/\/www.oarcanjo.net\/site\/","name":"O Arcanjo no ar","description":"Site da Par\u00f3quia S\u00e3o Miguel Arcanjo (Arquidiocese de SP)","publisher":{"@id":"https:\/\/www.oarcanjo.net\/site\/#organization"},"potentialAction":[{"@type":"SearchAction","target":{"@type":"EntryPoint","urlTemplate":"https:\/\/www.oarcanjo.net\/site\/?s={search_term_string}"},"query-input":{"@type":"PropertyValueSpecification","valueRequired":true,"valueName":"search_term_string"}}],"inLanguage":"pt-BR"},{"@type":"Organization","@id":"https:\/\/www.oarcanjo.net\/site\/#organization","name":"Par\u00f3quia S\u00e3o Miguel Arcanjo","url":"https:\/\/www.oarcanjo.net\/site\/","logo":{"@type":"ImageObject","inLanguage":"pt-BR","@id":"https:\/\/www.oarcanjo.net\/site\/#\/schema\/logo\/image\/","url":"https:\/\/www.oarcanjo.net\/site\/wp-content\/uploads\/LogoOArcanjo.png","contentUrl":"https:\/\/www.oarcanjo.net\/site\/wp-content\/uploads\/LogoOArcanjo.png","width":319,"height":99,"caption":"Par\u00f3quia S\u00e3o Miguel Arcanjo"},"image":{"@id":"https:\/\/www.oarcanjo.net\/site\/#\/schema\/logo\/image\/"},"sameAs":["https:\/\/www.facebook.com\/OArcanjoNoAr\/"]},{"@type":"Person","@id":"https:\/\/www.oarcanjo.net\/site\/#\/schema\/person\/f7024d007863202483a31326673a0838","name":"editor","sameAs":["http:\/\/www.oarcanjo.net"]}]}},"publishpress_future_action":{"enabled":false,"date":"2026-05-09 07:56:12","action":"category","newStatus":"draft","terms":[],"taxonomy":"category"},"publishpress_future_workflow_manual_trigger":{"enabledWorkflows":[]},"_links":{"self":[{"href":"https:\/\/www.oarcanjo.net\/site\/wp-json\/wp\/v2\/posts\/17414"}],"collection":[{"href":"https:\/\/www.oarcanjo.net\/site\/wp-json\/wp\/v2\/posts"}],"about":[{"href":"https:\/\/www.oarcanjo.net\/site\/wp-json\/wp\/v2\/types\/post"}],"author":[{"embeddable":true,"href":"https:\/\/www.oarcanjo.net\/site\/wp-json\/wp\/v2\/users\/5"}],"replies":[{"embeddable":true,"href":"https:\/\/www.oarcanjo.net\/site\/wp-json\/wp\/v2\/comments?post=17414"}],"version-history":[{"count":0,"href":"https:\/\/www.oarcanjo.net\/site\/wp-json\/wp\/v2\/posts\/17414\/revisions"}],"wp:attachment":[{"href":"https:\/\/www.oarcanjo.net\/site\/wp-json\/wp\/v2\/media?parent=17414"}],"wp:term":[{"taxonomy":"category","embeddable":true,"href":"https:\/\/www.oarcanjo.net\/site\/wp-json\/wp\/v2\/categories?post=17414"},{"taxonomy":"post_tag","embeddable":true,"href":"https:\/\/www.oarcanjo.net\/site\/wp-json\/wp\/v2\/tags?post=17414"}],"curies":[{"name":"wp","href":"https:\/\/api.w.org\/{rel}","templated":true}]}}