
{"id":1743,"date":"2009-02-05T17:40:17","date_gmt":"2009-02-05T19:40:17","guid":{"rendered":"http:\/\/www.oarcanjo.net\/site\/?p=1743"},"modified":"2009-02-07T06:31:06","modified_gmt":"2009-02-07T08:31:06","slug":"sexta-feira-6","status":"publish","type":"post","link":"https:\/\/www.oarcanjo.net\/site\/sexta-feira-6\/","title":{"rendered":"Sexta-Feira 6!"},"content":{"rendered":"<p>Neste dia 6 de fevereiro estaremos celebrando a primeira sexta-feira do m\u00eas, que a nossa comunidade e toda a Igreja celebram em honra ao Sagrado Cora\u00e7\u00e3o de Jesus. Para n\u00f3s \u00e9 sempre o momento de renovarmos o compromisso do seguimento e fidelidade. Ser fiel \u00e9 sempre um desafio num mundo cheio de solicita\u00e7\u00f5es e brilhos que nos seduzem. Facilmente nos deixamos levar pelo imediatismo, pela utiliza\u00e7\u00e3o da f\u00e9 em proveito individual perdendo o senso comunit\u00e1rio de tudo o que acreditamos na constru\u00e7\u00e3o do Reino de Deus.<\/p>\n<p>O Reino de Deus \u00e9 facilmente trocado pelo  nosso pr\u00f3prio Reino onde os nossos interesses se sobrep\u00f5em a tudo e a todos. O Cora\u00e7\u00e3o de Jesus nos ensina a dar prioridade aos fracos e aos pequenos, aos que n\u00e3o t\u00eam for\u00e7as por si mesmos, a n\u00e3o buscarmos outra for\u00e7a a n\u00e3o ser a do Amor que serve e n\u00e3o \u00e9 servido.<\/p>\n<p>O Cora\u00e7\u00e3o de Jesus \u00e9 aberto pela lan\u00e7a e n\u00e3o fechado pelo ego\u00edsmo! Cora\u00e7\u00e3o que sabe que o amor pode lhe trazer dor e mesmo assim n\u00e3o recua pelo medo.<\/p>\n<p>Nesta sexa-feira pela manh\u00e3 celebraremos a Eucaristia e \u00e0 noite o Ter\u00e7o dos Homens.<\/p>\n<p>Nesta cidade marcada pela viol\u00eancia encontremos, tamb\u00e9m, sinais de Esperan\u00e7a e Vida!<\/p>\n<div id=\"themify_builder_content-1743\" data-postid=\"1743\" class=\"themify_builder_content themify_builder_content-1743 themify_builder themify_builder_front\">\n\t<\/div>\n<!-- \/themify_builder_content -->","protected":false},"excerpt":{"rendered":"<p>Neste dia 6 de fevereiro estaremos celebrando a primeira sexta-feira do m\u00eas, que a nossa comunidade e toda a Igreja celebram em honra ao Sagrado Cora\u00e7\u00e3o de Jesus. Para n\u00f3s \u00e9 sempre o momento de renovarmos o compromisso do seguimento e fidelidade. Ser fiel \u00e9 sempre um desafio num mundo cheio de solicita\u00e7\u00f5es e brilhos [&hellip;]<\/p>\n","protected":false},"author":4,"featured_media":0,"comment_status":"open","ping_status":"open","sticky":false,"template":"","format":"standard","meta":{"ngg_post_thumbnail":0,"footnotes":""},"categories":[4],"tags":[233,45],"yoast_head":"<!-- This site is optimized with the Yoast SEO plugin v23.5 - https:\/\/yoast.com\/wordpress\/plugins\/seo\/ -->\n<title>Sexta-Feira 6! - O Arcanjo no ar<\/title>\n<meta name=\"robots\" content=\"index, follow, max-snippet:-1, max-image-preview:large, max-video-preview:-1\" \/>\n<link rel=\"canonical\" href=\"https:\/\/www.oarcanjo.net\/site\/sexta-feira-6\/\" \/>\n<meta property=\"og:locale\" content=\"pt_BR\" \/>\n<meta property=\"og:type\" content=\"article\" \/>\n<meta property=\"og:title\" content=\"Sexta-Feira 6! - O Arcanjo no ar\" \/>\n<meta property=\"og:description\" content=\"Neste dia 6 de fevereiro estaremos celebrando a primeira sexta-feira do m\u00eas, que a nossa comunidade e toda a Igreja celebram em honra ao Sagrado Cora\u00e7\u00e3o de Jesus. Para n\u00f3s \u00e9 sempre o momento de renovarmos o compromisso do seguimento e fidelidade. Ser fiel \u00e9 sempre um desafio num mundo cheio de solicita\u00e7\u00f5es e brilhos [&hellip;]\" \/>\n<meta property=\"og:url\" content=\"https:\/\/www.oarcanjo.net\/site\/sexta-feira-6\/\" \/>\n<meta property=\"og:site_name\" content=\"O Arcanjo no ar\" \/>\n<meta property=\"article:publisher\" content=\"https:\/\/www.facebook.com\/OArcanjoNoAr\/\" \/>\n<meta property=\"article:published_time\" content=\"2009-02-05T19:40:17+00:00\" \/>\n<meta property=\"article:modified_time\" content=\"2009-02-07T08:31:06+00:00\" \/>\n<meta property=\"og:image\" content=\"https:\/\/www.oarcanjo.net\/site\/wp-content\/uploads\/logo-o-arcanjo-no-ar-facebook.png\" \/>\n\t<meta property=\"og:image:width\" content=\"300\" \/>\n\t<meta property=\"og:image:height\" content=\"300\" \/>\n\t<meta property=\"og:image:type\" content=\"image\/png\" \/>\n<meta name=\"author\" content=\"julio\" \/>\n<meta name=\"twitter:card\" content=\"summary_large_image\" \/>\n<meta name=\"twitter:label1\" content=\"Escrito por\" \/>\n\t<meta name=\"twitter:data1\" content=\"julio\" \/>\n\t<meta name=\"twitter:label2\" content=\"Est. tempo de leitura\" \/>\n\t<meta name=\"twitter:data2\" content=\"1 minuto\" \/>\n<script type=\"application\/ld+json\" class=\"yoast-schema-graph\">{\"@context\":\"https:\/\/schema.org\",\"@graph\":[{\"@type\":\"Article\",\"@id\":\"https:\/\/www.oarcanjo.net\/site\/sexta-feira-6\/#article\",\"isPartOf\":{\"@id\":\"https:\/\/www.oarcanjo.net\/site\/sexta-feira-6\/\"},\"author\":{\"name\":\"julio\",\"@id\":\"https:\/\/www.oarcanjo.net\/site\/#\/schema\/person\/d78ea01c648c91e29c364b516767079e\"},\"headline\":\"Sexta-Feira 6!\",\"datePublished\":\"2009-02-05T19:40:17+00:00\",\"dateModified\":\"2009-02-07T08:31:06+00:00\",\"mainEntityOfPage\":{\"@id\":\"https:\/\/www.oarcanjo.net\/site\/sexta-feira-6\/\"},\"wordCount\":224,\"commentCount\":1,\"publisher\":{\"@id\":\"https:\/\/www.oarcanjo.net\/site\/#organization\"},\"keywords\":[\"Sagrado Cora\u00e7\u00e3o de Jesus\",\"ter\u00e7o\"],\"articleSection\":[\"Blog\"],\"inLanguage\":\"pt-BR\",\"potentialAction\":[{\"@type\":\"CommentAction\",\"name\":\"Comment\",\"target\":[\"https:\/\/www.oarcanjo.net\/site\/sexta-feira-6\/#respond\"]}]},{\"@type\":\"WebPage\",\"@id\":\"https:\/\/www.oarcanjo.net\/site\/sexta-feira-6\/\",\"url\":\"https:\/\/www.oarcanjo.net\/site\/sexta-feira-6\/\",\"name\":\"Sexta-Feira 6! - O Arcanjo no ar\",\"isPartOf\":{\"@id\":\"https:\/\/www.oarcanjo.net\/site\/#website\"},\"datePublished\":\"2009-02-05T19:40:17+00:00\",\"dateModified\":\"2009-02-07T08:31:06+00:00\",\"breadcrumb\":{\"@id\":\"https:\/\/www.oarcanjo.net\/site\/sexta-feira-6\/#breadcrumb\"},\"inLanguage\":\"pt-BR\",\"potentialAction\":[{\"@type\":\"ReadAction\",\"target\":[\"https:\/\/www.oarcanjo.net\/site\/sexta-feira-6\/\"]}]},{\"@type\":\"BreadcrumbList\",\"@id\":\"https:\/\/www.oarcanjo.net\/site\/sexta-feira-6\/#breadcrumb\",\"itemListElement\":[{\"@type\":\"ListItem\",\"position\":1,\"name\":\"In\u00edcio\",\"item\":\"https:\/\/www.oarcanjo.net\/site\/\"},{\"@type\":\"ListItem\",\"position\":2,\"name\":\"Sexta-Feira 6!\"}]},{\"@type\":\"WebSite\",\"@id\":\"https:\/\/www.oarcanjo.net\/site\/#website\",\"url\":\"https:\/\/www.oarcanjo.net\/site\/\",\"name\":\"O Arcanjo no ar\",\"description\":\"Site da Par\u00f3quia S\u00e3o Miguel Arcanjo (Arquidiocese de SP)\",\"publisher\":{\"@id\":\"https:\/\/www.oarcanjo.net\/site\/#organization\"},\"potentialAction\":[{\"@type\":\"SearchAction\",\"target\":{\"@type\":\"EntryPoint\",\"urlTemplate\":\"https:\/\/www.oarcanjo.net\/site\/?s={search_term_string}\"},\"query-input\":{\"@type\":\"PropertyValueSpecification\",\"valueRequired\":true,\"valueName\":\"search_term_string\"}}],\"inLanguage\":\"pt-BR\"},{\"@type\":\"Organization\",\"@id\":\"https:\/\/www.oarcanjo.net\/site\/#organization\",\"name\":\"Par\u00f3quia S\u00e3o Miguel Arcanjo\",\"url\":\"https:\/\/www.oarcanjo.net\/site\/\",\"logo\":{\"@type\":\"ImageObject\",\"inLanguage\":\"pt-BR\",\"@id\":\"https:\/\/www.oarcanjo.net\/site\/#\/schema\/logo\/image\/\",\"url\":\"https:\/\/www.oarcanjo.net\/site\/wp-content\/uploads\/LogoOArcanjo.png\",\"contentUrl\":\"https:\/\/www.oarcanjo.net\/site\/wp-content\/uploads\/LogoOArcanjo.png\",\"width\":319,\"height\":99,\"caption\":\"Par\u00f3quia S\u00e3o Miguel Arcanjo\"},\"image\":{\"@id\":\"https:\/\/www.oarcanjo.net\/site\/#\/schema\/logo\/image\/\"},\"sameAs\":[\"https:\/\/www.facebook.com\/OArcanjoNoAr\/\"]},{\"@type\":\"Person\",\"@id\":\"https:\/\/www.oarcanjo.net\/site\/#\/schema\/person\/d78ea01c648c91e29c364b516767079e\",\"name\":\"julio\",\"sameAs\":[\"http:\/\/www.oarcanjo.net\"]}]}<\/script>\n<!-- \/ Yoast SEO plugin. -->","yoast_head_json":{"title":"Sexta-Feira 6! - O Arcanjo no ar","robots":{"index":"index","follow":"follow","max-snippet":"max-snippet:-1","max-image-preview":"max-image-preview:large","max-video-preview":"max-video-preview:-1"},"canonical":"https:\/\/www.oarcanjo.net\/site\/sexta-feira-6\/","og_locale":"pt_BR","og_type":"article","og_title":"Sexta-Feira 6! - O Arcanjo no ar","og_description":"Neste dia 6 de fevereiro estaremos celebrando a primeira sexta-feira do m\u00eas, que a nossa comunidade e toda a Igreja celebram em honra ao Sagrado Cora\u00e7\u00e3o de Jesus. Para n\u00f3s \u00e9 sempre o momento de renovarmos o compromisso do seguimento e fidelidade. Ser fiel \u00e9 sempre um desafio num mundo cheio de solicita\u00e7\u00f5es e brilhos [&hellip;]","og_url":"https:\/\/www.oarcanjo.net\/site\/sexta-feira-6\/","og_site_name":"O Arcanjo no ar","article_publisher":"https:\/\/www.facebook.com\/OArcanjoNoAr\/","article_published_time":"2009-02-05T19:40:17+00:00","article_modified_time":"2009-02-07T08:31:06+00:00","og_image":[{"width":300,"height":300,"url":"https:\/\/www.oarcanjo.net\/site\/wp-content\/uploads\/logo-o-arcanjo-no-ar-facebook.png","type":"image\/png"}],"author":"julio","twitter_card":"summary_large_image","twitter_misc":{"Escrito por":"julio","Est. tempo de leitura":"1 minuto"},"schema":{"@context":"https:\/\/schema.org","@graph":[{"@type":"Article","@id":"https:\/\/www.oarcanjo.net\/site\/sexta-feira-6\/#article","isPartOf":{"@id":"https:\/\/www.oarcanjo.net\/site\/sexta-feira-6\/"},"author":{"name":"julio","@id":"https:\/\/www.oarcanjo.net\/site\/#\/schema\/person\/d78ea01c648c91e29c364b516767079e"},"headline":"Sexta-Feira 6!","datePublished":"2009-02-05T19:40:17+00:00","dateModified":"2009-02-07T08:31:06+00:00","mainEntityOfPage":{"@id":"https:\/\/www.oarcanjo.net\/site\/sexta-feira-6\/"},"wordCount":224,"commentCount":1,"publisher":{"@id":"https:\/\/www.oarcanjo.net\/site\/#organization"},"keywords":["Sagrado Cora\u00e7\u00e3o de Jesus","ter\u00e7o"],"articleSection":["Blog"],"inLanguage":"pt-BR","potentialAction":[{"@type":"CommentAction","name":"Comment","target":["https:\/\/www.oarcanjo.net\/site\/sexta-feira-6\/#respond"]}]},{"@type":"WebPage","@id":"https:\/\/www.oarcanjo.net\/site\/sexta-feira-6\/","url":"https:\/\/www.oarcanjo.net\/site\/sexta-feira-6\/","name":"Sexta-Feira 6! - O Arcanjo no ar","isPartOf":{"@id":"https:\/\/www.oarcanjo.net\/site\/#website"},"datePublished":"2009-02-05T19:40:17+00:00","dateModified":"2009-02-07T08:31:06+00:00","breadcrumb":{"@id":"https:\/\/www.oarcanjo.net\/site\/sexta-feira-6\/#breadcrumb"},"inLanguage":"pt-BR","potentialAction":[{"@type":"ReadAction","target":["https:\/\/www.oarcanjo.net\/site\/sexta-feira-6\/"]}]},{"@type":"BreadcrumbList","@id":"https:\/\/www.oarcanjo.net\/site\/sexta-feira-6\/#breadcrumb","itemListElement":[{"@type":"ListItem","position":1,"name":"In\u00edcio","item":"https:\/\/www.oarcanjo.net\/site\/"},{"@type":"ListItem","position":2,"name":"Sexta-Feira 6!"}]},{"@type":"WebSite","@id":"https:\/\/www.oarcanjo.net\/site\/#website","url":"https:\/\/www.oarcanjo.net\/site\/","name":"O Arcanjo no ar","description":"Site da Par\u00f3quia S\u00e3o Miguel Arcanjo (Arquidiocese de SP)","publisher":{"@id":"https:\/\/www.oarcanjo.net\/site\/#organization"},"potentialAction":[{"@type":"SearchAction","target":{"@type":"EntryPoint","urlTemplate":"https:\/\/www.oarcanjo.net\/site\/?s={search_term_string}"},"query-input":{"@type":"PropertyValueSpecification","valueRequired":true,"valueName":"search_term_string"}}],"inLanguage":"pt-BR"},{"@type":"Organization","@id":"https:\/\/www.oarcanjo.net\/site\/#organization","name":"Par\u00f3quia S\u00e3o Miguel Arcanjo","url":"https:\/\/www.oarcanjo.net\/site\/","logo":{"@type":"ImageObject","inLanguage":"pt-BR","@id":"https:\/\/www.oarcanjo.net\/site\/#\/schema\/logo\/image\/","url":"https:\/\/www.oarcanjo.net\/site\/wp-content\/uploads\/LogoOArcanjo.png","contentUrl":"https:\/\/www.oarcanjo.net\/site\/wp-content\/uploads\/LogoOArcanjo.png","width":319,"height":99,"caption":"Par\u00f3quia S\u00e3o Miguel Arcanjo"},"image":{"@id":"https:\/\/www.oarcanjo.net\/site\/#\/schema\/logo\/image\/"},"sameAs":["https:\/\/www.facebook.com\/OArcanjoNoAr\/"]},{"@type":"Person","@id":"https:\/\/www.oarcanjo.net\/site\/#\/schema\/person\/d78ea01c648c91e29c364b516767079e","name":"julio","sameAs":["http:\/\/www.oarcanjo.net"]}]}},"publishpress_future_action":{"enabled":false,"date":"2026-05-07 11:04:55","action":"category","newStatus":"draft","terms":[],"taxonomy":"category"},"publishpress_future_workflow_manual_trigger":{"enabledWorkflows":[]},"_links":{"self":[{"href":"https:\/\/www.oarcanjo.net\/site\/wp-json\/wp\/v2\/posts\/1743"}],"collection":[{"href":"https:\/\/www.oarcanjo.net\/site\/wp-json\/wp\/v2\/posts"}],"about":[{"href":"https:\/\/www.oarcanjo.net\/site\/wp-json\/wp\/v2\/types\/post"}],"author":[{"embeddable":true,"href":"https:\/\/www.oarcanjo.net\/site\/wp-json\/wp\/v2\/users\/4"}],"replies":[{"embeddable":true,"href":"https:\/\/www.oarcanjo.net\/site\/wp-json\/wp\/v2\/comments?post=1743"}],"version-history":[{"count":0,"href":"https:\/\/www.oarcanjo.net\/site\/wp-json\/wp\/v2\/posts\/1743\/revisions"}],"wp:attachment":[{"href":"https:\/\/www.oarcanjo.net\/site\/wp-json\/wp\/v2\/media?parent=1743"}],"wp:term":[{"taxonomy":"category","embeddable":true,"href":"https:\/\/www.oarcanjo.net\/site\/wp-json\/wp\/v2\/categories?post=1743"},{"taxonomy":"post_tag","embeddable":true,"href":"https:\/\/www.oarcanjo.net\/site\/wp-json\/wp\/v2\/tags?post=1743"}],"curies":[{"name":"wp","href":"https:\/\/api.w.org\/{rel}","templated":true}]}}