
{"id":17444,"date":"2012-03-08T08:18:48","date_gmt":"2012-03-08T11:18:48","guid":{"rendered":"http:\/\/www.oarcanjo.net\/site\/?p=17444"},"modified":"2012-03-12T07:21:10","modified_gmt":"2012-03-12T10:21:10","slug":"nota-da-cnbb-pelo-dia-internacional-da-mulher","status":"publish","type":"post","link":"https:\/\/www.oarcanjo.net\/site\/nota-da-cnbb-pelo-dia-internacional-da-mulher\/","title":{"rendered":"Nota da CNBB pelo Dia Internacional da Mulher"},"content":{"rendered":"<p>N\u00f3s, bispos do Conselho Permanente da Confer\u00eancia Nacional dos Bispos do Brasil-CNBB, reunidos em Bras\u00edlia-DF, de 7 a 9 de mar\u00e7o, saudamos todas as mulheres pela celebra\u00e7\u00e3o do Dia Internacional da Mulher. Alegra-nos perceber que, cada dia mais, cresce a consci\u00eancia da dignidade da mulher e de sua espec\u00edfica contribui\u00e7\u00e3o na constru\u00e7\u00e3o de uma sociedade justa, fraterna e solid\u00e1ria.<\/p>\n<p>Esta data hist\u00f3rica nos convida, antes de tudo, a agradecer \u00e0s mulheres por sua voca\u00e7\u00e3o e miss\u00e3o na Igreja e no mundo.<\/p>\n<p>Servimo-nos, assim, da Carta \u00e0s Mulheres, do Beato Jo\u00e3o Paulo II, para dizer nosso obrigado \u00e0 mulher-m\u00e3e, que se faz ventre do ser humano na alegria e no sofrimento de uma experi\u00eancia \u00fanica e que se torna o sorriso de Deus pela criatura que \u00e9 dada \u00e0 luz; \u00e0 mulher-esposa, que une o seu destino ao de um homem, numa rela\u00e7\u00e3o de rec\u00edproco dom, ao servi\u00e7o da comunh\u00e3o e da vida; \u00e0 mulher-filha e mulher-irm\u00e3, que levam ao n\u00facleo familiar, e depois \u00e0 inteira vida social, as riquezas da sua sensibilidade, intui\u00e7\u00e3o, generosidade e const\u00e2ncia; \u00e0 mulher-trabalhadora, empenhada em todos os \u00e2mbitos da vida social, econ\u00f4mica, cultural, art\u00edstica, pol\u00edtica, pela contribui\u00e7\u00e3o indispens\u00e1vel que d\u00e1 \u00e0 elabora\u00e7\u00e3o de uma cultura capaz de conjugar raz\u00e3o e sentimento, \u00e0 edifica\u00e7\u00e3o de estruturas econ\u00f4micas e pol\u00edticas mais ricas de humanidade; \u00e0 mulher-consagrada, que se abre com docilidade e fidelidade ao amor de Deus; \u00e0 mulher, pelo simples fato de ser mulher que, com a percep\u00e7\u00e3o que \u00e9 pr\u00f3pria da sua feminilidade, enriquece a compreens\u00e3o do mundo e contribui para a verdade plena das rela\u00e7\u00f5es humanas (cf. Carta \u00e0s Mulheres. Jo\u00e3o Paulo II, 1995).<\/p>\n<p>Nosso agradecimento se estende tamb\u00e9m \u00e0s mulheres cuja presen\u00e7a e atua\u00e7\u00e3o marcam fortemente a vida da nossa Igreja. Sua voca\u00e7\u00e3o evangelizadora, vivida no exerc\u00edcio dos v\u00e1rios minist\u00e9rios, \u00e9 fundamental \u00e0 Igreja no desempenho de sua miss\u00e3o de tornar presente entre n\u00f3s o Reino de Deus.<\/p>\n<p>O Dia Internacional da Mulher nos conclama, ainda, a aplaudir as mulheres por suas conquistas ao longo de uma hist\u00f3ria marcada pela discrimina\u00e7\u00e3o e pelo preconceito. \u00c9 cada vez mais forte sua presen\u00e7a na fam\u00edlia, no mundo do trabalho, na ci\u00eancia, na educa\u00e7\u00e3o, na pol\u00edtica, na Igreja e na sociedade. Somos testemunhas do papel decisivo da mulher no processo da redemocratiza\u00e7\u00e3o do Pa\u00eds. N\u00e3o sem raz\u00e3o, comemoramos em 2012 os 80 anos do voto feminino, uma conquista hist\u00f3rica.<\/p>\n<p>Apesar dos grandes avan\u00e7os obtidos pelas mulheres, o Dia 8 de mar\u00e7o continua a ser uma data para recordar e denunciar as in\u00fameras situa\u00e7\u00f5es de viola\u00e7\u00e3o de seus direitos e de sua dignidade. Milhares delas s\u00e3o vitimas da discrimina\u00e7\u00e3o, do desrespeito \u00e9tnico-cultural, do tr\u00e1fico para explora\u00e7\u00e3o sexual e laboral e de in\u00fameras outras formas de viol\u00eancia. Para muitas, o lar, lugar sagrado de prote\u00e7\u00e3o, converteu-se em espa\u00e7o de dor e sofrimento. A Lei Maria da Penha \u00e9 outra vit\u00f3ria das mulheres, que vem combater esta viol\u00eancia dom\u00e9stica de que s\u00e3o v\u00edtimas.<\/p>\n<p>Neste contexto, a CNBB reafirma o apelo do Documento de Aparecida: \u201c\u00c9 urgente escutar o clamor, muitas vezes silenciado, de mulheres que s\u00e3o submetidas a muitas maneiras de exclus\u00e3o e viol\u00eancias em todas as suas formas e em todas as etapas de suas vidas\u201d (Documento de Aparecida n. 454).<\/p>\n<p>Que Maria, modelo de mulher, seja sempre inspira\u00e7\u00e3o para todas as mulheres na viv\u00eancia de sua voca\u00e7\u00e3o ao amor e ao cuidado da vida, em todas as suas dimens\u00f5es, lutando por uma sociedade igualit\u00e1ria, de fraternidade e de paz.<\/p>\n<p>Bras\u00edlia \u2013 DF, 8 de mar\u00e7o de 2012<\/p>\n<p>Cardeal Raymundo Damasceno Assis<br \/>\nArcebispo de Aparecida<br \/>\nPresidente da CNBB<\/p>\n<p>Dom Jos\u00e9 Belis\u00e1rio da Silva<br \/>\nArcebispo de S\u00e3o Lu\u00eds do Maranh\u00e3o<br \/>\nVice-Presidente da CNBB<\/p>\n<p>Dom Leonardo Ulrich Steiner<br \/>\nBispo Auxiliar de Bras\u00edlia<br \/>\nSecret\u00e1rio Geral da CNBB<\/p>\n<p>&nbsp;<\/p>\n<div id=\"themify_builder_content-17444\" data-postid=\"17444\" class=\"themify_builder_content themify_builder_content-17444 themify_builder themify_builder_front\">\n\t<\/div>\n<!-- \/themify_builder_content -->","protected":false},"excerpt":{"rendered":"<p>N\u00f3s, bispos do Conselho Permanente da Confer\u00eancia Nacional dos Bispos do Brasil-CNBB, reunidos em Bras\u00edlia-DF, de 7 a 9 de mar\u00e7o, saudamos todas as mulheres pela celebra\u00e7\u00e3o do Dia Internacional da Mulher. Alegra-nos perceber que, cada dia mais, cresce a consci\u00eancia da dignidade da mulher e de sua espec\u00edfica contribui\u00e7\u00e3o na constru\u00e7\u00e3o de uma sociedade [&hellip;]<\/p>\n","protected":false},"author":5,"featured_media":0,"comment_status":"open","ping_status":"open","sticky":false,"template":"","format":"standard","meta":{"ngg_post_thumbnail":0,"footnotes":""},"categories":[8],"tags":[309,63,1670,349,307],"yoast_head":"<!-- This site is optimized with the Yoast SEO plugin v23.5 - https:\/\/yoast.com\/wordpress\/plugins\/seo\/ -->\n<title>Nota da CNBB pelo Dia Internacional da Mulher - O Arcanjo no ar<\/title>\n<meta name=\"robots\" content=\"index, follow, max-snippet:-1, max-image-preview:large, max-video-preview:-1\" \/>\n<link rel=\"canonical\" href=\"https:\/\/www.oarcanjo.net\/site\/nota-da-cnbb-pelo-dia-internacional-da-mulher\/\" \/>\n<meta property=\"og:locale\" content=\"pt_BR\" \/>\n<meta property=\"og:type\" content=\"article\" \/>\n<meta property=\"og:title\" content=\"Nota da CNBB pelo Dia Internacional da Mulher - O Arcanjo no ar\" \/>\n<meta property=\"og:description\" content=\"N\u00f3s, bispos do Conselho Permanente da Confer\u00eancia Nacional dos Bispos do Brasil-CNBB, reunidos em Bras\u00edlia-DF, de 7 a 9 de mar\u00e7o, saudamos todas as mulheres pela celebra\u00e7\u00e3o do Dia Internacional da Mulher. Alegra-nos perceber que, cada dia mais, cresce a consci\u00eancia da dignidade da mulher e de sua espec\u00edfica contribui\u00e7\u00e3o na constru\u00e7\u00e3o de uma sociedade [&hellip;]\" \/>\n<meta property=\"og:url\" content=\"https:\/\/www.oarcanjo.net\/site\/nota-da-cnbb-pelo-dia-internacional-da-mulher\/\" \/>\n<meta property=\"og:site_name\" content=\"O Arcanjo no ar\" \/>\n<meta property=\"article:publisher\" content=\"https:\/\/www.facebook.com\/OArcanjoNoAr\/\" \/>\n<meta property=\"article:published_time\" content=\"2012-03-08T11:18:48+00:00\" \/>\n<meta property=\"article:modified_time\" content=\"2012-03-12T10:21:10+00:00\" \/>\n<meta property=\"og:image\" content=\"https:\/\/www.oarcanjo.net\/site\/wp-content\/uploads\/logo-o-arcanjo-no-ar-facebook.png\" \/>\n\t<meta property=\"og:image:width\" content=\"300\" \/>\n\t<meta property=\"og:image:height\" content=\"300\" \/>\n\t<meta property=\"og:image:type\" content=\"image\/png\" \/>\n<meta name=\"author\" content=\"editor\" \/>\n<meta name=\"twitter:card\" content=\"summary_large_image\" \/>\n<meta name=\"twitter:label1\" content=\"Escrito por\" \/>\n\t<meta name=\"twitter:data1\" content=\"editor\" \/>\n\t<meta name=\"twitter:label2\" content=\"Est. tempo de leitura\" \/>\n\t<meta name=\"twitter:data2\" content=\"3 minutos\" \/>\n<script type=\"application\/ld+json\" class=\"yoast-schema-graph\">{\"@context\":\"https:\/\/schema.org\",\"@graph\":[{\"@type\":\"Article\",\"@id\":\"https:\/\/www.oarcanjo.net\/site\/nota-da-cnbb-pelo-dia-internacional-da-mulher\/#article\",\"isPartOf\":{\"@id\":\"https:\/\/www.oarcanjo.net\/site\/nota-da-cnbb-pelo-dia-internacional-da-mulher\/\"},\"author\":{\"name\":\"editor\",\"@id\":\"https:\/\/www.oarcanjo.net\/site\/#\/schema\/person\/f7024d007863202483a31326673a0838\"},\"headline\":\"Nota da CNBB pelo Dia Internacional da Mulher\",\"datePublished\":\"2012-03-08T11:18:48+00:00\",\"dateModified\":\"2012-03-12T10:21:10+00:00\",\"mainEntityOfPage\":{\"@id\":\"https:\/\/www.oarcanjo.net\/site\/nota-da-cnbb-pelo-dia-internacional-da-mulher\/\"},\"wordCount\":691,\"commentCount\":0,\"publisher\":{\"@id\":\"https:\/\/www.oarcanjo.net\/site\/#organization\"},\"keywords\":[\"8 de mar\u00e7o\",\"CNBB\",\"Lei Maria da Penha\",\"Maria\",\"mulher\"],\"articleSection\":[\"Not\u00edcias\"],\"inLanguage\":\"pt-BR\",\"potentialAction\":[{\"@type\":\"CommentAction\",\"name\":\"Comment\",\"target\":[\"https:\/\/www.oarcanjo.net\/site\/nota-da-cnbb-pelo-dia-internacional-da-mulher\/#respond\"]}]},{\"@type\":\"WebPage\",\"@id\":\"https:\/\/www.oarcanjo.net\/site\/nota-da-cnbb-pelo-dia-internacional-da-mulher\/\",\"url\":\"https:\/\/www.oarcanjo.net\/site\/nota-da-cnbb-pelo-dia-internacional-da-mulher\/\",\"name\":\"Nota da CNBB pelo Dia Internacional da Mulher - O Arcanjo no ar\",\"isPartOf\":{\"@id\":\"https:\/\/www.oarcanjo.net\/site\/#website\"},\"datePublished\":\"2012-03-08T11:18:48+00:00\",\"dateModified\":\"2012-03-12T10:21:10+00:00\",\"breadcrumb\":{\"@id\":\"https:\/\/www.oarcanjo.net\/site\/nota-da-cnbb-pelo-dia-internacional-da-mulher\/#breadcrumb\"},\"inLanguage\":\"pt-BR\",\"potentialAction\":[{\"@type\":\"ReadAction\",\"target\":[\"https:\/\/www.oarcanjo.net\/site\/nota-da-cnbb-pelo-dia-internacional-da-mulher\/\"]}]},{\"@type\":\"BreadcrumbList\",\"@id\":\"https:\/\/www.oarcanjo.net\/site\/nota-da-cnbb-pelo-dia-internacional-da-mulher\/#breadcrumb\",\"itemListElement\":[{\"@type\":\"ListItem\",\"position\":1,\"name\":\"In\u00edcio\",\"item\":\"https:\/\/www.oarcanjo.net\/site\/\"},{\"@type\":\"ListItem\",\"position\":2,\"name\":\"Nota da CNBB pelo Dia Internacional da Mulher\"}]},{\"@type\":\"WebSite\",\"@id\":\"https:\/\/www.oarcanjo.net\/site\/#website\",\"url\":\"https:\/\/www.oarcanjo.net\/site\/\",\"name\":\"O Arcanjo no ar\",\"description\":\"Site da Par\u00f3quia S\u00e3o Miguel Arcanjo (Arquidiocese de SP)\",\"publisher\":{\"@id\":\"https:\/\/www.oarcanjo.net\/site\/#organization\"},\"potentialAction\":[{\"@type\":\"SearchAction\",\"target\":{\"@type\":\"EntryPoint\",\"urlTemplate\":\"https:\/\/www.oarcanjo.net\/site\/?s={search_term_string}\"},\"query-input\":{\"@type\":\"PropertyValueSpecification\",\"valueRequired\":true,\"valueName\":\"search_term_string\"}}],\"inLanguage\":\"pt-BR\"},{\"@type\":\"Organization\",\"@id\":\"https:\/\/www.oarcanjo.net\/site\/#organization\",\"name\":\"Par\u00f3quia S\u00e3o Miguel Arcanjo\",\"url\":\"https:\/\/www.oarcanjo.net\/site\/\",\"logo\":{\"@type\":\"ImageObject\",\"inLanguage\":\"pt-BR\",\"@id\":\"https:\/\/www.oarcanjo.net\/site\/#\/schema\/logo\/image\/\",\"url\":\"https:\/\/www.oarcanjo.net\/site\/wp-content\/uploads\/LogoOArcanjo.png\",\"contentUrl\":\"https:\/\/www.oarcanjo.net\/site\/wp-content\/uploads\/LogoOArcanjo.png\",\"width\":319,\"height\":99,\"caption\":\"Par\u00f3quia S\u00e3o Miguel Arcanjo\"},\"image\":{\"@id\":\"https:\/\/www.oarcanjo.net\/site\/#\/schema\/logo\/image\/\"},\"sameAs\":[\"https:\/\/www.facebook.com\/OArcanjoNoAr\/\"]},{\"@type\":\"Person\",\"@id\":\"https:\/\/www.oarcanjo.net\/site\/#\/schema\/person\/f7024d007863202483a31326673a0838\",\"name\":\"editor\",\"sameAs\":[\"http:\/\/www.oarcanjo.net\"]}]}<\/script>\n<!-- \/ Yoast SEO plugin. -->","yoast_head_json":{"title":"Nota da CNBB pelo Dia Internacional da Mulher - O Arcanjo no ar","robots":{"index":"index","follow":"follow","max-snippet":"max-snippet:-1","max-image-preview":"max-image-preview:large","max-video-preview":"max-video-preview:-1"},"canonical":"https:\/\/www.oarcanjo.net\/site\/nota-da-cnbb-pelo-dia-internacional-da-mulher\/","og_locale":"pt_BR","og_type":"article","og_title":"Nota da CNBB pelo Dia Internacional da Mulher - O Arcanjo no ar","og_description":"N\u00f3s, bispos do Conselho Permanente da Confer\u00eancia Nacional dos Bispos do Brasil-CNBB, reunidos em Bras\u00edlia-DF, de 7 a 9 de mar\u00e7o, saudamos todas as mulheres pela celebra\u00e7\u00e3o do Dia Internacional da Mulher. Alegra-nos perceber que, cada dia mais, cresce a consci\u00eancia da dignidade da mulher e de sua espec\u00edfica contribui\u00e7\u00e3o na constru\u00e7\u00e3o de uma sociedade [&hellip;]","og_url":"https:\/\/www.oarcanjo.net\/site\/nota-da-cnbb-pelo-dia-internacional-da-mulher\/","og_site_name":"O Arcanjo no ar","article_publisher":"https:\/\/www.facebook.com\/OArcanjoNoAr\/","article_published_time":"2012-03-08T11:18:48+00:00","article_modified_time":"2012-03-12T10:21:10+00:00","og_image":[{"width":300,"height":300,"url":"https:\/\/www.oarcanjo.net\/site\/wp-content\/uploads\/logo-o-arcanjo-no-ar-facebook.png","type":"image\/png"}],"author":"editor","twitter_card":"summary_large_image","twitter_misc":{"Escrito por":"editor","Est. tempo de leitura":"3 minutos"},"schema":{"@context":"https:\/\/schema.org","@graph":[{"@type":"Article","@id":"https:\/\/www.oarcanjo.net\/site\/nota-da-cnbb-pelo-dia-internacional-da-mulher\/#article","isPartOf":{"@id":"https:\/\/www.oarcanjo.net\/site\/nota-da-cnbb-pelo-dia-internacional-da-mulher\/"},"author":{"name":"editor","@id":"https:\/\/www.oarcanjo.net\/site\/#\/schema\/person\/f7024d007863202483a31326673a0838"},"headline":"Nota da CNBB pelo Dia Internacional da Mulher","datePublished":"2012-03-08T11:18:48+00:00","dateModified":"2012-03-12T10:21:10+00:00","mainEntityOfPage":{"@id":"https:\/\/www.oarcanjo.net\/site\/nota-da-cnbb-pelo-dia-internacional-da-mulher\/"},"wordCount":691,"commentCount":0,"publisher":{"@id":"https:\/\/www.oarcanjo.net\/site\/#organization"},"keywords":["8 de mar\u00e7o","CNBB","Lei Maria da Penha","Maria","mulher"],"articleSection":["Not\u00edcias"],"inLanguage":"pt-BR","potentialAction":[{"@type":"CommentAction","name":"Comment","target":["https:\/\/www.oarcanjo.net\/site\/nota-da-cnbb-pelo-dia-internacional-da-mulher\/#respond"]}]},{"@type":"WebPage","@id":"https:\/\/www.oarcanjo.net\/site\/nota-da-cnbb-pelo-dia-internacional-da-mulher\/","url":"https:\/\/www.oarcanjo.net\/site\/nota-da-cnbb-pelo-dia-internacional-da-mulher\/","name":"Nota da CNBB pelo Dia Internacional da Mulher - O Arcanjo no ar","isPartOf":{"@id":"https:\/\/www.oarcanjo.net\/site\/#website"},"datePublished":"2012-03-08T11:18:48+00:00","dateModified":"2012-03-12T10:21:10+00:00","breadcrumb":{"@id":"https:\/\/www.oarcanjo.net\/site\/nota-da-cnbb-pelo-dia-internacional-da-mulher\/#breadcrumb"},"inLanguage":"pt-BR","potentialAction":[{"@type":"ReadAction","target":["https:\/\/www.oarcanjo.net\/site\/nota-da-cnbb-pelo-dia-internacional-da-mulher\/"]}]},{"@type":"BreadcrumbList","@id":"https:\/\/www.oarcanjo.net\/site\/nota-da-cnbb-pelo-dia-internacional-da-mulher\/#breadcrumb","itemListElement":[{"@type":"ListItem","position":1,"name":"In\u00edcio","item":"https:\/\/www.oarcanjo.net\/site\/"},{"@type":"ListItem","position":2,"name":"Nota da CNBB pelo Dia Internacional da Mulher"}]},{"@type":"WebSite","@id":"https:\/\/www.oarcanjo.net\/site\/#website","url":"https:\/\/www.oarcanjo.net\/site\/","name":"O Arcanjo no ar","description":"Site da Par\u00f3quia S\u00e3o Miguel Arcanjo (Arquidiocese de SP)","publisher":{"@id":"https:\/\/www.oarcanjo.net\/site\/#organization"},"potentialAction":[{"@type":"SearchAction","target":{"@type":"EntryPoint","urlTemplate":"https:\/\/www.oarcanjo.net\/site\/?s={search_term_string}"},"query-input":{"@type":"PropertyValueSpecification","valueRequired":true,"valueName":"search_term_string"}}],"inLanguage":"pt-BR"},{"@type":"Organization","@id":"https:\/\/www.oarcanjo.net\/site\/#organization","name":"Par\u00f3quia S\u00e3o Miguel Arcanjo","url":"https:\/\/www.oarcanjo.net\/site\/","logo":{"@type":"ImageObject","inLanguage":"pt-BR","@id":"https:\/\/www.oarcanjo.net\/site\/#\/schema\/logo\/image\/","url":"https:\/\/www.oarcanjo.net\/site\/wp-content\/uploads\/LogoOArcanjo.png","contentUrl":"https:\/\/www.oarcanjo.net\/site\/wp-content\/uploads\/LogoOArcanjo.png","width":319,"height":99,"caption":"Par\u00f3quia S\u00e3o Miguel Arcanjo"},"image":{"@id":"https:\/\/www.oarcanjo.net\/site\/#\/schema\/logo\/image\/"},"sameAs":["https:\/\/www.facebook.com\/OArcanjoNoAr\/"]},{"@type":"Person","@id":"https:\/\/www.oarcanjo.net\/site\/#\/schema\/person\/f7024d007863202483a31326673a0838","name":"editor","sameAs":["http:\/\/www.oarcanjo.net"]}]}},"publishpress_future_action":{"enabled":false,"date":"2026-05-09 09:30:23","action":"category","newStatus":"draft","terms":[],"taxonomy":"category"},"publishpress_future_workflow_manual_trigger":{"enabledWorkflows":[]},"_links":{"self":[{"href":"https:\/\/www.oarcanjo.net\/site\/wp-json\/wp\/v2\/posts\/17444"}],"collection":[{"href":"https:\/\/www.oarcanjo.net\/site\/wp-json\/wp\/v2\/posts"}],"about":[{"href":"https:\/\/www.oarcanjo.net\/site\/wp-json\/wp\/v2\/types\/post"}],"author":[{"embeddable":true,"href":"https:\/\/www.oarcanjo.net\/site\/wp-json\/wp\/v2\/users\/5"}],"replies":[{"embeddable":true,"href":"https:\/\/www.oarcanjo.net\/site\/wp-json\/wp\/v2\/comments?post=17444"}],"version-history":[{"count":0,"href":"https:\/\/www.oarcanjo.net\/site\/wp-json\/wp\/v2\/posts\/17444\/revisions"}],"wp:attachment":[{"href":"https:\/\/www.oarcanjo.net\/site\/wp-json\/wp\/v2\/media?parent=17444"}],"wp:term":[{"taxonomy":"category","embeddable":true,"href":"https:\/\/www.oarcanjo.net\/site\/wp-json\/wp\/v2\/categories?post=17444"},{"taxonomy":"post_tag","embeddable":true,"href":"https:\/\/www.oarcanjo.net\/site\/wp-json\/wp\/v2\/tags?post=17444"}],"curies":[{"name":"wp","href":"https:\/\/api.w.org\/{rel}","templated":true}]}}