
{"id":17447,"date":"2012-03-12T07:45:58","date_gmt":"2012-03-12T10:45:58","guid":{"rendered":"http:\/\/www.oarcanjo.net\/site\/?p=17447"},"modified":"2012-03-15T03:04:42","modified_gmt":"2012-03-15T06:04:42","slug":"reportagem-de-tv-denuncia-moradores-de-rua-sofrem-violencia-e-desrespeito-em-sao-paulo","status":"publish","type":"post","link":"https:\/\/www.oarcanjo.net\/site\/reportagem-de-tv-denuncia-moradores-de-rua-sofrem-violencia-e-desrespeito-em-sao-paulo\/","title":{"rendered":"Reportagem denuncia: moradores de rua sofrem viol\u00eancia e desrespeito em S\u00e3o Paulo"},"content":{"rendered":"<p>Moradores de rua de S\u00e3o Paulo sofrem agress\u00f5es da Guarda Civil Metropolitana, s\u00e3o espancados por seguran\u00e7as particulares, desrespeitados e marginalizados. O Vig\u00e1rio Episcopal para o Povo da Rua da Arquidiocese de S\u00e3o Paulo, Pe. Julio Lancellotti, denuncia: essas a\u00e7\u00f5es fazem parte de uma pol\u00edtica de &#8220;limpeza&#8221;.<\/p>\n<p>Assista aos flagrantes de viol\u00eancia registrados pela s\u00e9rie <em>Homens sem Sobrenome<\/em>, no programa <em>Conex\u00e3o Rep\u00f3rter<\/em>, do SBT:<\/p>\n<p><strong>Parte 1:<\/strong><\/p>\n<p><iframe loading=\"lazy\" id=\"VideoIframe\" frameborder=\"0\" height=\"315\" scrolling=\"no\" src=\"http:\/\/www.sbt.com.br\/_bin\/videos\/iframe_single_player.asp?ph=25ce5b8513c18a9eae99a8af601d0943&amp;m=2c9f94b535e48d5e0135f40d9778106e&amp;width=560&amp;height=315&amp;src=%2Fconexaoreporter%2Fvideos%2FDefault%2Easp\" width=\"560\"><\/iframe><\/p>\n<p><strong>Parte 2:<\/strong><\/p>\n<p><iframe loading=\"lazy\" id=\"VideoIframe\" frameborder=\"0\" height=\"315\" scrolling=\"no\" src=\"http:\/\/www.sbt.com.br\/_bin\/videos\/iframe_single_player.asp?ph=25ce5b8513c18a9eae99a8af601d0943&amp;m=2c9f94b435d426f50135f3c9e9b31a26&amp;width=560&amp;height=315&amp;src=%2Fconexaoreporter%2Fvideos%2FDefault%2Easp\" width=\"560\"><\/iframe><\/p>\n<p><strong>Parte 3:<\/strong><\/p>\n<p><iframe loading=\"lazy\" id=\"VideoIframe\" frameborder=\"0\" height=\"315\" scrolling=\"no\" src=\"http:\/\/www.sbt.com.br\/_bin\/videos\/iframe_single_player.asp?ph=25ce5b8513c18a9eae99a8af601d0943&amp;m=2c9f94b535e48d5e0135f398c0bc0f7b&amp;width=560&amp;height=315&amp;src=%2Fconexaoreporter%2Fvideos%2FDefault%2Easp\" width=\"560\"><\/iframe><\/p>\n<div id=\"themify_builder_content-17447\" data-postid=\"17447\" class=\"themify_builder_content themify_builder_content-17447 themify_builder themify_builder_front\">\n\t<\/div>\n<!-- \/themify_builder_content -->","protected":false},"excerpt":{"rendered":"<p>S\u00e9rie de reportagens do SBT flagra agress\u00f5es contra moradores de rua, viol\u00eancia, desrespeito e marginaliza\u00e7\u00e3o. Pe. Julio Lancellotti denuncia: essas a\u00e7\u00f5es fazem parte de uma pol\u00edtica de &#8220;limpeza&#8221;.<\/p>\n","protected":false},"author":5,"featured_media":0,"comment_status":"open","ping_status":"open","sticky":false,"template":"","format":"standard","meta":{"ngg_post_thumbnail":0,"footnotes":""},"categories":[3,8],"tags":[2192,1546,466,2148,2189,246,2188,2190,2191,20],"yoast_head":"<!-- This site is optimized with the Yoast SEO plugin v23.5 - https:\/\/yoast.com\/wordpress\/plugins\/seo\/ -->\n<title>Reportagem denuncia: moradores de rua sofrem viol\u00eancia e desrespeito em S\u00e3o Paulo - O Arcanjo no ar<\/title>\n<meta name=\"robots\" content=\"index, follow, max-snippet:-1, max-image-preview:large, max-video-preview:-1\" \/>\n<link rel=\"canonical\" href=\"https:\/\/www.oarcanjo.net\/site\/reportagem-de-tv-denuncia-moradores-de-rua-sofrem-violencia-e-desrespeito-em-sao-paulo\/\" \/>\n<meta property=\"og:locale\" content=\"pt_BR\" \/>\n<meta property=\"og:type\" content=\"article\" \/>\n<meta property=\"og:title\" content=\"Reportagem denuncia: moradores de rua sofrem viol\u00eancia e desrespeito em S\u00e3o Paulo - O Arcanjo no ar\" \/>\n<meta property=\"og:description\" content=\"S\u00e9rie de reportagens do SBT flagra agress\u00f5es contra moradores de rua, viol\u00eancia, desrespeito e marginaliza\u00e7\u00e3o. Pe. Julio Lancellotti denuncia: essas a\u00e7\u00f5es fazem parte de uma pol\u00edtica de &quot;limpeza&quot;.\" \/>\n<meta property=\"og:url\" content=\"https:\/\/www.oarcanjo.net\/site\/reportagem-de-tv-denuncia-moradores-de-rua-sofrem-violencia-e-desrespeito-em-sao-paulo\/\" \/>\n<meta property=\"og:site_name\" content=\"O Arcanjo no ar\" \/>\n<meta property=\"article:publisher\" content=\"https:\/\/www.facebook.com\/OArcanjoNoAr\/\" \/>\n<meta property=\"article:published_time\" content=\"2012-03-12T10:45:58+00:00\" \/>\n<meta property=\"article:modified_time\" content=\"2012-03-15T06:04:42+00:00\" \/>\n<meta property=\"og:image\" content=\"https:\/\/www.oarcanjo.net\/site\/wp-content\/uploads\/logo-o-arcanjo-no-ar-facebook.png\" \/>\n\t<meta property=\"og:image:width\" content=\"300\" \/>\n\t<meta property=\"og:image:height\" content=\"300\" \/>\n\t<meta property=\"og:image:type\" content=\"image\/png\" \/>\n<meta name=\"author\" content=\"editor\" \/>\n<meta name=\"twitter:card\" content=\"summary_large_image\" \/>\n<meta name=\"twitter:label1\" content=\"Escrito por\" \/>\n\t<meta name=\"twitter:data1\" content=\"editor\" \/>\n<script type=\"application\/ld+json\" class=\"yoast-schema-graph\">{\"@context\":\"https:\/\/schema.org\",\"@graph\":[{\"@type\":\"Article\",\"@id\":\"https:\/\/www.oarcanjo.net\/site\/reportagem-de-tv-denuncia-moradores-de-rua-sofrem-violencia-e-desrespeito-em-sao-paulo\/#article\",\"isPartOf\":{\"@id\":\"https:\/\/www.oarcanjo.net\/site\/reportagem-de-tv-denuncia-moradores-de-rua-sofrem-violencia-e-desrespeito-em-sao-paulo\/\"},\"author\":{\"name\":\"editor\",\"@id\":\"https:\/\/www.oarcanjo.net\/site\/#\/schema\/person\/f7024d007863202483a31326673a0838\"},\"headline\":\"Reportagem denuncia: moradores de rua sofrem viol\u00eancia e desrespeito em S\u00e3o Paulo\",\"datePublished\":\"2012-03-12T10:45:58+00:00\",\"dateModified\":\"2012-03-15T06:04:42+00:00\",\"mainEntityOfPage\":{\"@id\":\"https:\/\/www.oarcanjo.net\/site\/reportagem-de-tv-denuncia-moradores-de-rua-sofrem-violencia-e-desrespeito-em-sao-paulo\/\"},\"wordCount\":92,\"commentCount\":2,\"publisher\":{\"@id\":\"https:\/\/www.oarcanjo.net\/site\/#organization\"},\"keywords\":[\"Conex\u00e3o Rep\u00f3rter\",\"den\u00fancia\",\"exclus\u00e3o\",\"higienismo\",\"mendigos\",\"povo de rua\",\"reportagem\",\"Roberto Cabrini\",\"SBT\",\"viol\u00eancia\"],\"articleSection\":[\"Destaques\",\"Not\u00edcias\"],\"inLanguage\":\"pt-BR\",\"potentialAction\":[{\"@type\":\"CommentAction\",\"name\":\"Comment\",\"target\":[\"https:\/\/www.oarcanjo.net\/site\/reportagem-de-tv-denuncia-moradores-de-rua-sofrem-violencia-e-desrespeito-em-sao-paulo\/#respond\"]}]},{\"@type\":\"WebPage\",\"@id\":\"https:\/\/www.oarcanjo.net\/site\/reportagem-de-tv-denuncia-moradores-de-rua-sofrem-violencia-e-desrespeito-em-sao-paulo\/\",\"url\":\"https:\/\/www.oarcanjo.net\/site\/reportagem-de-tv-denuncia-moradores-de-rua-sofrem-violencia-e-desrespeito-em-sao-paulo\/\",\"name\":\"Reportagem denuncia: moradores de rua sofrem viol\u00eancia e desrespeito em S\u00e3o Paulo - O Arcanjo no ar\",\"isPartOf\":{\"@id\":\"https:\/\/www.oarcanjo.net\/site\/#website\"},\"datePublished\":\"2012-03-12T10:45:58+00:00\",\"dateModified\":\"2012-03-15T06:04:42+00:00\",\"breadcrumb\":{\"@id\":\"https:\/\/www.oarcanjo.net\/site\/reportagem-de-tv-denuncia-moradores-de-rua-sofrem-violencia-e-desrespeito-em-sao-paulo\/#breadcrumb\"},\"inLanguage\":\"pt-BR\",\"potentialAction\":[{\"@type\":\"ReadAction\",\"target\":[\"https:\/\/www.oarcanjo.net\/site\/reportagem-de-tv-denuncia-moradores-de-rua-sofrem-violencia-e-desrespeito-em-sao-paulo\/\"]}]},{\"@type\":\"BreadcrumbList\",\"@id\":\"https:\/\/www.oarcanjo.net\/site\/reportagem-de-tv-denuncia-moradores-de-rua-sofrem-violencia-e-desrespeito-em-sao-paulo\/#breadcrumb\",\"itemListElement\":[{\"@type\":\"ListItem\",\"position\":1,\"name\":\"In\u00edcio\",\"item\":\"https:\/\/www.oarcanjo.net\/site\/\"},{\"@type\":\"ListItem\",\"position\":2,\"name\":\"Reportagem denuncia: moradores de rua sofrem viol\u00eancia e desrespeito em S\u00e3o Paulo\"}]},{\"@type\":\"WebSite\",\"@id\":\"https:\/\/www.oarcanjo.net\/site\/#website\",\"url\":\"https:\/\/www.oarcanjo.net\/site\/\",\"name\":\"O Arcanjo no ar\",\"description\":\"Site da Par\u00f3quia S\u00e3o Miguel Arcanjo (Arquidiocese de SP)\",\"publisher\":{\"@id\":\"https:\/\/www.oarcanjo.net\/site\/#organization\"},\"potentialAction\":[{\"@type\":\"SearchAction\",\"target\":{\"@type\":\"EntryPoint\",\"urlTemplate\":\"https:\/\/www.oarcanjo.net\/site\/?s={search_term_string}\"},\"query-input\":{\"@type\":\"PropertyValueSpecification\",\"valueRequired\":true,\"valueName\":\"search_term_string\"}}],\"inLanguage\":\"pt-BR\"},{\"@type\":\"Organization\",\"@id\":\"https:\/\/www.oarcanjo.net\/site\/#organization\",\"name\":\"Par\u00f3quia S\u00e3o Miguel Arcanjo\",\"url\":\"https:\/\/www.oarcanjo.net\/site\/\",\"logo\":{\"@type\":\"ImageObject\",\"inLanguage\":\"pt-BR\",\"@id\":\"https:\/\/www.oarcanjo.net\/site\/#\/schema\/logo\/image\/\",\"url\":\"https:\/\/www.oarcanjo.net\/site\/wp-content\/uploads\/LogoOArcanjo.png\",\"contentUrl\":\"https:\/\/www.oarcanjo.net\/site\/wp-content\/uploads\/LogoOArcanjo.png\",\"width\":319,\"height\":99,\"caption\":\"Par\u00f3quia S\u00e3o Miguel Arcanjo\"},\"image\":{\"@id\":\"https:\/\/www.oarcanjo.net\/site\/#\/schema\/logo\/image\/\"},\"sameAs\":[\"https:\/\/www.facebook.com\/OArcanjoNoAr\/\"]},{\"@type\":\"Person\",\"@id\":\"https:\/\/www.oarcanjo.net\/site\/#\/schema\/person\/f7024d007863202483a31326673a0838\",\"name\":\"editor\",\"sameAs\":[\"http:\/\/www.oarcanjo.net\"]}]}<\/script>\n<!-- \/ Yoast SEO plugin. -->","yoast_head_json":{"title":"Reportagem denuncia: moradores de rua sofrem viol\u00eancia e desrespeito em S\u00e3o Paulo - O Arcanjo no ar","robots":{"index":"index","follow":"follow","max-snippet":"max-snippet:-1","max-image-preview":"max-image-preview:large","max-video-preview":"max-video-preview:-1"},"canonical":"https:\/\/www.oarcanjo.net\/site\/reportagem-de-tv-denuncia-moradores-de-rua-sofrem-violencia-e-desrespeito-em-sao-paulo\/","og_locale":"pt_BR","og_type":"article","og_title":"Reportagem denuncia: moradores de rua sofrem viol\u00eancia e desrespeito em S\u00e3o Paulo - O Arcanjo no ar","og_description":"S\u00e9rie de reportagens do SBT flagra agress\u00f5es contra moradores de rua, viol\u00eancia, desrespeito e marginaliza\u00e7\u00e3o. Pe. Julio Lancellotti denuncia: essas a\u00e7\u00f5es fazem parte de uma pol\u00edtica de \"limpeza\".","og_url":"https:\/\/www.oarcanjo.net\/site\/reportagem-de-tv-denuncia-moradores-de-rua-sofrem-violencia-e-desrespeito-em-sao-paulo\/","og_site_name":"O Arcanjo no ar","article_publisher":"https:\/\/www.facebook.com\/OArcanjoNoAr\/","article_published_time":"2012-03-12T10:45:58+00:00","article_modified_time":"2012-03-15T06:04:42+00:00","og_image":[{"width":300,"height":300,"url":"https:\/\/www.oarcanjo.net\/site\/wp-content\/uploads\/logo-o-arcanjo-no-ar-facebook.png","type":"image\/png"}],"author":"editor","twitter_card":"summary_large_image","twitter_misc":{"Escrito por":"editor"},"schema":{"@context":"https:\/\/schema.org","@graph":[{"@type":"Article","@id":"https:\/\/www.oarcanjo.net\/site\/reportagem-de-tv-denuncia-moradores-de-rua-sofrem-violencia-e-desrespeito-em-sao-paulo\/#article","isPartOf":{"@id":"https:\/\/www.oarcanjo.net\/site\/reportagem-de-tv-denuncia-moradores-de-rua-sofrem-violencia-e-desrespeito-em-sao-paulo\/"},"author":{"name":"editor","@id":"https:\/\/www.oarcanjo.net\/site\/#\/schema\/person\/f7024d007863202483a31326673a0838"},"headline":"Reportagem denuncia: moradores de rua sofrem viol\u00eancia e desrespeito em S\u00e3o Paulo","datePublished":"2012-03-12T10:45:58+00:00","dateModified":"2012-03-15T06:04:42+00:00","mainEntityOfPage":{"@id":"https:\/\/www.oarcanjo.net\/site\/reportagem-de-tv-denuncia-moradores-de-rua-sofrem-violencia-e-desrespeito-em-sao-paulo\/"},"wordCount":92,"commentCount":2,"publisher":{"@id":"https:\/\/www.oarcanjo.net\/site\/#organization"},"keywords":["Conex\u00e3o Rep\u00f3rter","den\u00fancia","exclus\u00e3o","higienismo","mendigos","povo de rua","reportagem","Roberto Cabrini","SBT","viol\u00eancia"],"articleSection":["Destaques","Not\u00edcias"],"inLanguage":"pt-BR","potentialAction":[{"@type":"CommentAction","name":"Comment","target":["https:\/\/www.oarcanjo.net\/site\/reportagem-de-tv-denuncia-moradores-de-rua-sofrem-violencia-e-desrespeito-em-sao-paulo\/#respond"]}]},{"@type":"WebPage","@id":"https:\/\/www.oarcanjo.net\/site\/reportagem-de-tv-denuncia-moradores-de-rua-sofrem-violencia-e-desrespeito-em-sao-paulo\/","url":"https:\/\/www.oarcanjo.net\/site\/reportagem-de-tv-denuncia-moradores-de-rua-sofrem-violencia-e-desrespeito-em-sao-paulo\/","name":"Reportagem denuncia: moradores de rua sofrem viol\u00eancia e desrespeito em S\u00e3o Paulo - O Arcanjo no ar","isPartOf":{"@id":"https:\/\/www.oarcanjo.net\/site\/#website"},"datePublished":"2012-03-12T10:45:58+00:00","dateModified":"2012-03-15T06:04:42+00:00","breadcrumb":{"@id":"https:\/\/www.oarcanjo.net\/site\/reportagem-de-tv-denuncia-moradores-de-rua-sofrem-violencia-e-desrespeito-em-sao-paulo\/#breadcrumb"},"inLanguage":"pt-BR","potentialAction":[{"@type":"ReadAction","target":["https:\/\/www.oarcanjo.net\/site\/reportagem-de-tv-denuncia-moradores-de-rua-sofrem-violencia-e-desrespeito-em-sao-paulo\/"]}]},{"@type":"BreadcrumbList","@id":"https:\/\/www.oarcanjo.net\/site\/reportagem-de-tv-denuncia-moradores-de-rua-sofrem-violencia-e-desrespeito-em-sao-paulo\/#breadcrumb","itemListElement":[{"@type":"ListItem","position":1,"name":"In\u00edcio","item":"https:\/\/www.oarcanjo.net\/site\/"},{"@type":"ListItem","position":2,"name":"Reportagem denuncia: moradores de rua sofrem viol\u00eancia e desrespeito em S\u00e3o Paulo"}]},{"@type":"WebSite","@id":"https:\/\/www.oarcanjo.net\/site\/#website","url":"https:\/\/www.oarcanjo.net\/site\/","name":"O Arcanjo no ar","description":"Site da Par\u00f3quia S\u00e3o Miguel Arcanjo (Arquidiocese de SP)","publisher":{"@id":"https:\/\/www.oarcanjo.net\/site\/#organization"},"potentialAction":[{"@type":"SearchAction","target":{"@type":"EntryPoint","urlTemplate":"https:\/\/www.oarcanjo.net\/site\/?s={search_term_string}"},"query-input":{"@type":"PropertyValueSpecification","valueRequired":true,"valueName":"search_term_string"}}],"inLanguage":"pt-BR"},{"@type":"Organization","@id":"https:\/\/www.oarcanjo.net\/site\/#organization","name":"Par\u00f3quia S\u00e3o Miguel Arcanjo","url":"https:\/\/www.oarcanjo.net\/site\/","logo":{"@type":"ImageObject","inLanguage":"pt-BR","@id":"https:\/\/www.oarcanjo.net\/site\/#\/schema\/logo\/image\/","url":"https:\/\/www.oarcanjo.net\/site\/wp-content\/uploads\/LogoOArcanjo.png","contentUrl":"https:\/\/www.oarcanjo.net\/site\/wp-content\/uploads\/LogoOArcanjo.png","width":319,"height":99,"caption":"Par\u00f3quia S\u00e3o Miguel Arcanjo"},"image":{"@id":"https:\/\/www.oarcanjo.net\/site\/#\/schema\/logo\/image\/"},"sameAs":["https:\/\/www.facebook.com\/OArcanjoNoAr\/"]},{"@type":"Person","@id":"https:\/\/www.oarcanjo.net\/site\/#\/schema\/person\/f7024d007863202483a31326673a0838","name":"editor","sameAs":["http:\/\/www.oarcanjo.net"]}]}},"publishpress_future_action":{"enabled":false,"date":"2026-05-09 07:56:03","action":"category","newStatus":"draft","terms":[],"taxonomy":"category"},"publishpress_future_workflow_manual_trigger":{"enabledWorkflows":[]},"_links":{"self":[{"href":"https:\/\/www.oarcanjo.net\/site\/wp-json\/wp\/v2\/posts\/17447"}],"collection":[{"href":"https:\/\/www.oarcanjo.net\/site\/wp-json\/wp\/v2\/posts"}],"about":[{"href":"https:\/\/www.oarcanjo.net\/site\/wp-json\/wp\/v2\/types\/post"}],"author":[{"embeddable":true,"href":"https:\/\/www.oarcanjo.net\/site\/wp-json\/wp\/v2\/users\/5"}],"replies":[{"embeddable":true,"href":"https:\/\/www.oarcanjo.net\/site\/wp-json\/wp\/v2\/comments?post=17447"}],"version-history":[{"count":0,"href":"https:\/\/www.oarcanjo.net\/site\/wp-json\/wp\/v2\/posts\/17447\/revisions"}],"wp:attachment":[{"href":"https:\/\/www.oarcanjo.net\/site\/wp-json\/wp\/v2\/media?parent=17447"}],"wp:term":[{"taxonomy":"category","embeddable":true,"href":"https:\/\/www.oarcanjo.net\/site\/wp-json\/wp\/v2\/categories?post=17447"},{"taxonomy":"post_tag","embeddable":true,"href":"https:\/\/www.oarcanjo.net\/site\/wp-json\/wp\/v2\/tags?post=17447"}],"curies":[{"name":"wp","href":"https:\/\/api.w.org\/{rel}","templated":true}]}}