
{"id":17457,"date":"2021-03-19T00:00:48","date_gmt":"2021-03-19T03:00:48","guid":{"rendered":"http:\/\/www.oarcanjo.net\/site\/?p=17457"},"modified":"2021-03-20T18:55:38","modified_gmt":"2021-03-20T21:55:38","slug":"oracao-a-sao-jose-na-voz-do-pe-julio-lancellotti","status":"publish","type":"post","link":"https:\/\/www.oarcanjo.net\/site\/oracao-a-sao-jose-na-voz-do-pe-julio-lancellotti\/","title":{"rendered":"Ora\u00e7\u00e3o a S\u00e3o Jos\u00e9 (na voz do Pe. Julio Lancellotti)"},"content":{"rendered":"<p><img loading=\"lazy\" decoding=\"async\" class=\"alignnone size-full wp-image-69527\" src=\"http:\/\/www.oarcanjo.net\/site\/wp-content\/uploads\/saojose.png\" alt=\"S\u00e3o Jos\u00e9\" width=\"200\" height=\"275\"><\/p>\n<p>Em 19 de mar\u00e7o, celebra-se o dia de S\u00e3o Jos\u00e9, o capinteiro que assumiu a paternidade terrestre de Jesus. Ou\u00e7a a Ora\u00e7\u00e3o gravada pelo Pe. Julio Lancellotti nos est\u00fadios de r\u00e1dio da Universidade S\u00e3o Judas Tadeu:<\/p>\n<!--[if lt IE 9]><script>document.createElement('audio');<\/script><![endif]-->\n<audio class=\"wp-audio-shortcode\" id=\"audio-17457-1\" preload=\"none\" style=\"width: 100%;\" controls=\"controls\"><source type=\"audio\/mpeg\" src=\"https:\/\/www.oarcanjo.net\/site\/wp-content\/uploads\/2008\/audio\/OracaoSaoJose.mp3?_=1\" \/><a href=\"https:\/\/www.oarcanjo.net\/site\/wp-content\/uploads\/2008\/audio\/OracaoSaoJose.mp3\">https:\/\/www.oarcanjo.net\/site\/wp-content\/uploads\/2008\/audio\/OracaoSaoJose.mp3<\/a><\/audio>\n<div id=\"themify_builder_content-17457\" data-postid=\"17457\" class=\"themify_builder_content themify_builder_content-17457 themify_builder themify_builder_front\">\n\t<\/div>\n<!-- \/themify_builder_content -->","protected":false},"excerpt":{"rendered":"<p>Em 19 de mar\u00e7o, celebra-se o dia de S\u00e3o Jos\u00e9, o capinteiro que assumiu a paternidade terrestre de Jesus. Ou\u00e7a a Ora\u00e7\u00e3o gravada pelo Pe. Julio Lancellotti nos est\u00fadios de r\u00e1dio da Universidade S\u00e3o Judas Tadeu:<\/p>\n","protected":false},"author":5,"featured_media":59126,"comment_status":"open","ping_status":"open","sticky":false,"template":"","format":"standard","meta":{"ngg_post_thumbnail":0,"footnotes":""},"categories":[6,5],"tags":[14,310],"yoast_head":"<!-- This site is optimized with the Yoast SEO plugin v23.5 - https:\/\/yoast.com\/wordpress\/plugins\/seo\/ -->\n<title>Ora\u00e7\u00e3o a S\u00e3o Jos\u00e9 (na voz do Pe. Julio Lancellotti) - O Arcanjo no ar<\/title>\n<meta name=\"robots\" content=\"index, follow, max-snippet:-1, max-image-preview:large, max-video-preview:-1\" \/>\n<link rel=\"canonical\" href=\"https:\/\/www.oarcanjo.net\/site\/oracao-a-sao-jose-na-voz-do-pe-julio-lancellotti\/\" \/>\n<meta property=\"og:locale\" content=\"pt_BR\" \/>\n<meta property=\"og:type\" content=\"article\" \/>\n<meta property=\"og:title\" content=\"Ora\u00e7\u00e3o a S\u00e3o Jos\u00e9 (na voz do Pe. Julio Lancellotti) - O Arcanjo no ar\" \/>\n<meta property=\"og:description\" content=\"Em 19 de mar\u00e7o, celebra-se o dia de S\u00e3o Jos\u00e9, o capinteiro que assumiu a paternidade terrestre de Jesus. Ou\u00e7a a Ora\u00e7\u00e3o gravada pelo Pe. Julio Lancellotti nos est\u00fadios de r\u00e1dio da Universidade S\u00e3o Judas Tadeu:\" \/>\n<meta property=\"og:url\" content=\"https:\/\/www.oarcanjo.net\/site\/oracao-a-sao-jose-na-voz-do-pe-julio-lancellotti\/\" \/>\n<meta property=\"og:site_name\" content=\"O Arcanjo no ar\" \/>\n<meta property=\"article:publisher\" content=\"https:\/\/www.facebook.com\/OArcanjoNoAr\/\" \/>\n<meta property=\"article:published_time\" content=\"2021-03-19T03:00:48+00:00\" \/>\n<meta property=\"article:modified_time\" content=\"2021-03-20T21:55:38+00:00\" \/>\n<meta property=\"og:image\" content=\"https:\/\/www.oarcanjo.net\/site\/wp-content\/uploads\/banner-sao-jose-mar-2015.jpg\" \/>\n\t<meta property=\"og:image:width\" content=\"698\" \/>\n\t<meta property=\"og:image:height\" content=\"319\" \/>\n\t<meta property=\"og:image:type\" content=\"image\/jpeg\" \/>\n<meta name=\"author\" content=\"editor\" \/>\n<meta name=\"twitter:card\" content=\"summary_large_image\" \/>\n<meta name=\"twitter:label1\" content=\"Escrito por\" \/>\n\t<meta name=\"twitter:data1\" content=\"editor\" \/>\n<script type=\"application\/ld+json\" class=\"yoast-schema-graph\">{\"@context\":\"https:\/\/schema.org\",\"@graph\":[{\"@type\":\"Article\",\"@id\":\"https:\/\/www.oarcanjo.net\/site\/oracao-a-sao-jose-na-voz-do-pe-julio-lancellotti\/#article\",\"isPartOf\":{\"@id\":\"https:\/\/www.oarcanjo.net\/site\/oracao-a-sao-jose-na-voz-do-pe-julio-lancellotti\/\"},\"author\":{\"name\":\"editor\",\"@id\":\"https:\/\/www.oarcanjo.net\/site\/#\/schema\/person\/f7024d007863202483a31326673a0838\"},\"headline\":\"Ora\u00e7\u00e3o a S\u00e3o Jos\u00e9 (na voz do Pe. Julio Lancellotti)\",\"datePublished\":\"2021-03-19T03:00:48+00:00\",\"dateModified\":\"2021-03-20T21:55:38+00:00\",\"mainEntityOfPage\":{\"@id\":\"https:\/\/www.oarcanjo.net\/site\/oracao-a-sao-jose-na-voz-do-pe-julio-lancellotti\/\"},\"wordCount\":66,\"commentCount\":9,\"publisher\":{\"@id\":\"https:\/\/www.oarcanjo.net\/site\/#organization\"},\"image\":{\"@id\":\"https:\/\/www.oarcanjo.net\/site\/oracao-a-sao-jose-na-voz-do-pe-julio-lancellotti\/#primaryimage\"},\"thumbnailUrl\":\"https:\/\/www.oarcanjo.net\/site\/wp-content\/uploads\/banner-sao-jose-mar-2015.jpg\",\"keywords\":[\"ora\u00e7\u00e3o\",\"S\u00e3o Jos\u00e9\"],\"articleSection\":[\"Ora\u00e7\u00f5es\",\"Voz do Arcanjo\"],\"inLanguage\":\"pt-BR\",\"potentialAction\":[{\"@type\":\"CommentAction\",\"name\":\"Comment\",\"target\":[\"https:\/\/www.oarcanjo.net\/site\/oracao-a-sao-jose-na-voz-do-pe-julio-lancellotti\/#respond\"]}]},{\"@type\":\"WebPage\",\"@id\":\"https:\/\/www.oarcanjo.net\/site\/oracao-a-sao-jose-na-voz-do-pe-julio-lancellotti\/\",\"url\":\"https:\/\/www.oarcanjo.net\/site\/oracao-a-sao-jose-na-voz-do-pe-julio-lancellotti\/\",\"name\":\"Ora\u00e7\u00e3o a S\u00e3o Jos\u00e9 (na voz do Pe. Julio Lancellotti) - O Arcanjo no ar\",\"isPartOf\":{\"@id\":\"https:\/\/www.oarcanjo.net\/site\/#website\"},\"primaryImageOfPage\":{\"@id\":\"https:\/\/www.oarcanjo.net\/site\/oracao-a-sao-jose-na-voz-do-pe-julio-lancellotti\/#primaryimage\"},\"image\":{\"@id\":\"https:\/\/www.oarcanjo.net\/site\/oracao-a-sao-jose-na-voz-do-pe-julio-lancellotti\/#primaryimage\"},\"thumbnailUrl\":\"https:\/\/www.oarcanjo.net\/site\/wp-content\/uploads\/banner-sao-jose-mar-2015.jpg\",\"datePublished\":\"2021-03-19T03:00:48+00:00\",\"dateModified\":\"2021-03-20T21:55:38+00:00\",\"breadcrumb\":{\"@id\":\"https:\/\/www.oarcanjo.net\/site\/oracao-a-sao-jose-na-voz-do-pe-julio-lancellotti\/#breadcrumb\"},\"inLanguage\":\"pt-BR\",\"potentialAction\":[{\"@type\":\"ReadAction\",\"target\":[\"https:\/\/www.oarcanjo.net\/site\/oracao-a-sao-jose-na-voz-do-pe-julio-lancellotti\/\"]}]},{\"@type\":\"ImageObject\",\"inLanguage\":\"pt-BR\",\"@id\":\"https:\/\/www.oarcanjo.net\/site\/oracao-a-sao-jose-na-voz-do-pe-julio-lancellotti\/#primaryimage\",\"url\":\"https:\/\/www.oarcanjo.net\/site\/wp-content\/uploads\/banner-sao-jose-mar-2015.jpg\",\"contentUrl\":\"https:\/\/www.oarcanjo.net\/site\/wp-content\/uploads\/banner-sao-jose-mar-2015.jpg\",\"width\":698,\"height\":319},{\"@type\":\"BreadcrumbList\",\"@id\":\"https:\/\/www.oarcanjo.net\/site\/oracao-a-sao-jose-na-voz-do-pe-julio-lancellotti\/#breadcrumb\",\"itemListElement\":[{\"@type\":\"ListItem\",\"position\":1,\"name\":\"In\u00edcio\",\"item\":\"https:\/\/www.oarcanjo.net\/site\/\"},{\"@type\":\"ListItem\",\"position\":2,\"name\":\"Ora\u00e7\u00e3o a S\u00e3o Jos\u00e9 (na voz do Pe. Julio Lancellotti)\"}]},{\"@type\":\"WebSite\",\"@id\":\"https:\/\/www.oarcanjo.net\/site\/#website\",\"url\":\"https:\/\/www.oarcanjo.net\/site\/\",\"name\":\"O Arcanjo no ar\",\"description\":\"Site da Par\u00f3quia S\u00e3o Miguel Arcanjo (Arquidiocese de SP)\",\"publisher\":{\"@id\":\"https:\/\/www.oarcanjo.net\/site\/#organization\"},\"potentialAction\":[{\"@type\":\"SearchAction\",\"target\":{\"@type\":\"EntryPoint\",\"urlTemplate\":\"https:\/\/www.oarcanjo.net\/site\/?s={search_term_string}\"},\"query-input\":{\"@type\":\"PropertyValueSpecification\",\"valueRequired\":true,\"valueName\":\"search_term_string\"}}],\"inLanguage\":\"pt-BR\"},{\"@type\":\"Organization\",\"@id\":\"https:\/\/www.oarcanjo.net\/site\/#organization\",\"name\":\"Par\u00f3quia S\u00e3o Miguel Arcanjo\",\"url\":\"https:\/\/www.oarcanjo.net\/site\/\",\"logo\":{\"@type\":\"ImageObject\",\"inLanguage\":\"pt-BR\",\"@id\":\"https:\/\/www.oarcanjo.net\/site\/#\/schema\/logo\/image\/\",\"url\":\"https:\/\/www.oarcanjo.net\/site\/wp-content\/uploads\/LogoOArcanjo.png\",\"contentUrl\":\"https:\/\/www.oarcanjo.net\/site\/wp-content\/uploads\/LogoOArcanjo.png\",\"width\":319,\"height\":99,\"caption\":\"Par\u00f3quia S\u00e3o Miguel Arcanjo\"},\"image\":{\"@id\":\"https:\/\/www.oarcanjo.net\/site\/#\/schema\/logo\/image\/\"},\"sameAs\":[\"https:\/\/www.facebook.com\/OArcanjoNoAr\/\"]},{\"@type\":\"Person\",\"@id\":\"https:\/\/www.oarcanjo.net\/site\/#\/schema\/person\/f7024d007863202483a31326673a0838\",\"name\":\"editor\",\"sameAs\":[\"http:\/\/www.oarcanjo.net\"]}]}<\/script>\n<!-- \/ Yoast SEO plugin. -->","yoast_head_json":{"title":"Ora\u00e7\u00e3o a S\u00e3o Jos\u00e9 (na voz do Pe. Julio Lancellotti) - O Arcanjo no ar","robots":{"index":"index","follow":"follow","max-snippet":"max-snippet:-1","max-image-preview":"max-image-preview:large","max-video-preview":"max-video-preview:-1"},"canonical":"https:\/\/www.oarcanjo.net\/site\/oracao-a-sao-jose-na-voz-do-pe-julio-lancellotti\/","og_locale":"pt_BR","og_type":"article","og_title":"Ora\u00e7\u00e3o a S\u00e3o Jos\u00e9 (na voz do Pe. Julio Lancellotti) - O Arcanjo no ar","og_description":"Em 19 de mar\u00e7o, celebra-se o dia de S\u00e3o Jos\u00e9, o capinteiro que assumiu a paternidade terrestre de Jesus. Ou\u00e7a a Ora\u00e7\u00e3o gravada pelo Pe. Julio Lancellotti nos est\u00fadios de r\u00e1dio da Universidade S\u00e3o Judas Tadeu:","og_url":"https:\/\/www.oarcanjo.net\/site\/oracao-a-sao-jose-na-voz-do-pe-julio-lancellotti\/","og_site_name":"O Arcanjo no ar","article_publisher":"https:\/\/www.facebook.com\/OArcanjoNoAr\/","article_published_time":"2021-03-19T03:00:48+00:00","article_modified_time":"2021-03-20T21:55:38+00:00","og_image":[{"width":698,"height":319,"url":"https:\/\/www.oarcanjo.net\/site\/wp-content\/uploads\/banner-sao-jose-mar-2015.jpg","type":"image\/jpeg"}],"author":"editor","twitter_card":"summary_large_image","twitter_misc":{"Escrito por":"editor"},"schema":{"@context":"https:\/\/schema.org","@graph":[{"@type":"Article","@id":"https:\/\/www.oarcanjo.net\/site\/oracao-a-sao-jose-na-voz-do-pe-julio-lancellotti\/#article","isPartOf":{"@id":"https:\/\/www.oarcanjo.net\/site\/oracao-a-sao-jose-na-voz-do-pe-julio-lancellotti\/"},"author":{"name":"editor","@id":"https:\/\/www.oarcanjo.net\/site\/#\/schema\/person\/f7024d007863202483a31326673a0838"},"headline":"Ora\u00e7\u00e3o a S\u00e3o Jos\u00e9 (na voz do Pe. Julio Lancellotti)","datePublished":"2021-03-19T03:00:48+00:00","dateModified":"2021-03-20T21:55:38+00:00","mainEntityOfPage":{"@id":"https:\/\/www.oarcanjo.net\/site\/oracao-a-sao-jose-na-voz-do-pe-julio-lancellotti\/"},"wordCount":66,"commentCount":9,"publisher":{"@id":"https:\/\/www.oarcanjo.net\/site\/#organization"},"image":{"@id":"https:\/\/www.oarcanjo.net\/site\/oracao-a-sao-jose-na-voz-do-pe-julio-lancellotti\/#primaryimage"},"thumbnailUrl":"https:\/\/www.oarcanjo.net\/site\/wp-content\/uploads\/banner-sao-jose-mar-2015.jpg","keywords":["ora\u00e7\u00e3o","S\u00e3o Jos\u00e9"],"articleSection":["Ora\u00e7\u00f5es","Voz do Arcanjo"],"inLanguage":"pt-BR","potentialAction":[{"@type":"CommentAction","name":"Comment","target":["https:\/\/www.oarcanjo.net\/site\/oracao-a-sao-jose-na-voz-do-pe-julio-lancellotti\/#respond"]}]},{"@type":"WebPage","@id":"https:\/\/www.oarcanjo.net\/site\/oracao-a-sao-jose-na-voz-do-pe-julio-lancellotti\/","url":"https:\/\/www.oarcanjo.net\/site\/oracao-a-sao-jose-na-voz-do-pe-julio-lancellotti\/","name":"Ora\u00e7\u00e3o a S\u00e3o Jos\u00e9 (na voz do Pe. Julio Lancellotti) - O Arcanjo no ar","isPartOf":{"@id":"https:\/\/www.oarcanjo.net\/site\/#website"},"primaryImageOfPage":{"@id":"https:\/\/www.oarcanjo.net\/site\/oracao-a-sao-jose-na-voz-do-pe-julio-lancellotti\/#primaryimage"},"image":{"@id":"https:\/\/www.oarcanjo.net\/site\/oracao-a-sao-jose-na-voz-do-pe-julio-lancellotti\/#primaryimage"},"thumbnailUrl":"https:\/\/www.oarcanjo.net\/site\/wp-content\/uploads\/banner-sao-jose-mar-2015.jpg","datePublished":"2021-03-19T03:00:48+00:00","dateModified":"2021-03-20T21:55:38+00:00","breadcrumb":{"@id":"https:\/\/www.oarcanjo.net\/site\/oracao-a-sao-jose-na-voz-do-pe-julio-lancellotti\/#breadcrumb"},"inLanguage":"pt-BR","potentialAction":[{"@type":"ReadAction","target":["https:\/\/www.oarcanjo.net\/site\/oracao-a-sao-jose-na-voz-do-pe-julio-lancellotti\/"]}]},{"@type":"ImageObject","inLanguage":"pt-BR","@id":"https:\/\/www.oarcanjo.net\/site\/oracao-a-sao-jose-na-voz-do-pe-julio-lancellotti\/#primaryimage","url":"https:\/\/www.oarcanjo.net\/site\/wp-content\/uploads\/banner-sao-jose-mar-2015.jpg","contentUrl":"https:\/\/www.oarcanjo.net\/site\/wp-content\/uploads\/banner-sao-jose-mar-2015.jpg","width":698,"height":319},{"@type":"BreadcrumbList","@id":"https:\/\/www.oarcanjo.net\/site\/oracao-a-sao-jose-na-voz-do-pe-julio-lancellotti\/#breadcrumb","itemListElement":[{"@type":"ListItem","position":1,"name":"In\u00edcio","item":"https:\/\/www.oarcanjo.net\/site\/"},{"@type":"ListItem","position":2,"name":"Ora\u00e7\u00e3o a S\u00e3o Jos\u00e9 (na voz do Pe. Julio Lancellotti)"}]},{"@type":"WebSite","@id":"https:\/\/www.oarcanjo.net\/site\/#website","url":"https:\/\/www.oarcanjo.net\/site\/","name":"O Arcanjo no ar","description":"Site da Par\u00f3quia S\u00e3o Miguel Arcanjo (Arquidiocese de SP)","publisher":{"@id":"https:\/\/www.oarcanjo.net\/site\/#organization"},"potentialAction":[{"@type":"SearchAction","target":{"@type":"EntryPoint","urlTemplate":"https:\/\/www.oarcanjo.net\/site\/?s={search_term_string}"},"query-input":{"@type":"PropertyValueSpecification","valueRequired":true,"valueName":"search_term_string"}}],"inLanguage":"pt-BR"},{"@type":"Organization","@id":"https:\/\/www.oarcanjo.net\/site\/#organization","name":"Par\u00f3quia S\u00e3o Miguel Arcanjo","url":"https:\/\/www.oarcanjo.net\/site\/","logo":{"@type":"ImageObject","inLanguage":"pt-BR","@id":"https:\/\/www.oarcanjo.net\/site\/#\/schema\/logo\/image\/","url":"https:\/\/www.oarcanjo.net\/site\/wp-content\/uploads\/LogoOArcanjo.png","contentUrl":"https:\/\/www.oarcanjo.net\/site\/wp-content\/uploads\/LogoOArcanjo.png","width":319,"height":99,"caption":"Par\u00f3quia S\u00e3o Miguel Arcanjo"},"image":{"@id":"https:\/\/www.oarcanjo.net\/site\/#\/schema\/logo\/image\/"},"sameAs":["https:\/\/www.facebook.com\/OArcanjoNoAr\/"]},{"@type":"Person","@id":"https:\/\/www.oarcanjo.net\/site\/#\/schema\/person\/f7024d007863202483a31326673a0838","name":"editor","sameAs":["http:\/\/www.oarcanjo.net"]}]}},"publishpress_future_action":{"enabled":false,"date":"2026-05-06 11:33:19","action":"category","newStatus":"draft","terms":[],"taxonomy":"category"},"publishpress_future_workflow_manual_trigger":{"enabledWorkflows":[]},"_links":{"self":[{"href":"https:\/\/www.oarcanjo.net\/site\/wp-json\/wp\/v2\/posts\/17457"}],"collection":[{"href":"https:\/\/www.oarcanjo.net\/site\/wp-json\/wp\/v2\/posts"}],"about":[{"href":"https:\/\/www.oarcanjo.net\/site\/wp-json\/wp\/v2\/types\/post"}],"author":[{"embeddable":true,"href":"https:\/\/www.oarcanjo.net\/site\/wp-json\/wp\/v2\/users\/5"}],"replies":[{"embeddable":true,"href":"https:\/\/www.oarcanjo.net\/site\/wp-json\/wp\/v2\/comments?post=17457"}],"version-history":[{"count":2,"href":"https:\/\/www.oarcanjo.net\/site\/wp-json\/wp\/v2\/posts\/17457\/revisions"}],"predecessor-version":[{"id":93400,"href":"https:\/\/www.oarcanjo.net\/site\/wp-json\/wp\/v2\/posts\/17457\/revisions\/93400"}],"wp:featuredmedia":[{"embeddable":true,"href":"https:\/\/www.oarcanjo.net\/site\/wp-json\/wp\/v2\/media\/59126"}],"wp:attachment":[{"href":"https:\/\/www.oarcanjo.net\/site\/wp-json\/wp\/v2\/media?parent=17457"}],"wp:term":[{"taxonomy":"category","embeddable":true,"href":"https:\/\/www.oarcanjo.net\/site\/wp-json\/wp\/v2\/categories?post=17457"},{"taxonomy":"post_tag","embeddable":true,"href":"https:\/\/www.oarcanjo.net\/site\/wp-json\/wp\/v2\/tags?post=17457"}],"curies":[{"name":"wp","href":"https:\/\/api.w.org\/{rel}","templated":true}]}}