
{"id":1770,"date":"2009-02-08T13:03:18","date_gmt":"2009-02-08T15:03:18","guid":{"rendered":"http:\/\/www.oarcanjo.net\/site\/?p=1770"},"modified":"2009-04-10T13:33:55","modified_gmt":"2009-04-10T16:33:55","slug":"presidente-da-cnbb-preside-missa-pelo-centenario-de-dom-helder","status":"publish","type":"post","link":"https:\/\/www.oarcanjo.net\/site\/presidente-da-cnbb-preside-missa-pelo-centenario-de-dom-helder\/","title":{"rendered":"Presidente da CNBB celebra missa pelo centen\u00e1rio de Dom Helder"},"content":{"rendered":"<p><object width=\"480\" height=\"392\"><param value=\"http:\/\/video.globo.com\/Portal\/videos\/cda\/player\/player.swf\" name=\"movie\" \/><param value=\"high\" name=\"quality\" \/><param value=\"midiaId=961850&#038;autoStart=false&#038;width=480&#038;height=392\" name=\"FlashVars\" \/><embed width=\"480\" height=\"392\" flashvars=\"midiaId=961850&#038;autoStart=false&#038;width=480&#038;height=392\" type=\"application\/x-shockwave-flash\" quality=\"high\" src=\"http:\/\/video.globo.com\/Portal\/videos\/cda\/player\/player.swf\"><\/embed><\/object><\/p>\n<p>RECIFE, domingo, 8 de fevereiro de 2009 (ZENIT.org) &#8211; &#8220;Nesta comemora\u00e7\u00e3o do centen\u00e1rio de nascimento de Dom Helder Camara, damos gra\u00e7as a Deus pelo dom de sua vida, repleta de sabedoria, profetismo e doa\u00e7\u00e3o \u00e0 Igreja e aos irm\u00e3os.&#8221;<\/p>\n<p>Com essas palavras, o presidente da CNBB (Confer\u00eancia Nacional dos Bispos do Brasil), Dom Geraldo Lyrio Rocha, iniciou sua homilia na missa do centen\u00e1rio de nascimento do ex-arcebispo de Olinda e Recife, em frente \u00e0 igreja das Fronteiras, em Recife, ontem.<\/p>\n<p>&#8220;Aos 90 anos de idade, em 1999, Dom H\u00e9lder partiu para o encontro definitivo com o Pai. Mas, aqui na terra, ele j\u00e1 estava \u201cem suas m\u00e3os\u201d, conforme dizia seu lema episcopal&#8221;, afirmou Dom Geraldo.<\/p>\n<p>Dom Helder nasceu em Fortaleza, a 7 de fevereiro de 1909. Foi nomeado bispo auxiliar do Rio de Janeiro em 1952. Em 1964, foi nomeado arcebispo de Olinda e Recife.<\/p>\n<p>Segundo o presidente da CNBB, dois fatores significativos acentuavam a import\u00e2ncia fundamental da presen\u00e7a de Dom Helder naquele momento no Nordeste brasileiro.<\/p>\n<p>&#8220;No campo socioecon\u00f4mico, o golpe militar de 1964; no campo eclesial, o Conc\u00edlio Ecum\u00eanico Vaticano II em sua extraordin\u00e1ria perspectiva de renovar a Igreja diante dos grandes desafios dos tempos atuais.&#8221;<\/p>\n<p>Dom Geraldo Lyrio explicou que, para o regime militar, &#8220;eram j\u00e1 conhecidas as posi\u00e7\u00f5es de Dom Helder, tanto pela sua atua\u00e7\u00e3o na cidade do Rio de Janeiro, como pelos seus posicionamentos em n\u00edvel nacional, especialmente na defesa dos direitos dos pobres, na promo\u00e7\u00e3o da justi\u00e7a, da democracia e da liberdade de express\u00e3o&#8221;.<\/p>\n<p>&#8220;Ao chegar \u00e0 arquidiocese de Olinda e Recife, Dom Helder dirige sua mensagem de pastor, abre o cora\u00e7\u00e3o aos seus diocesanos e procura desarmar os esp\u00edritos.&#8221;<\/p>\n<p>&#8220;Seus pronunciamentos, homilias e iniciativas pastorais come\u00e7am a incomodar o regime militar que o condenou, em 1970, a ser silenciado pelos meios de comunica\u00e7\u00e3o de todo o pa\u00eds&#8221;, recorda.<\/p>\n<p>Se por um lado \u2013prossegue o presidente da CNBB\u2013, &#8220;a atitude dos militares limita sua a\u00e7\u00e3o de pastor diocesano, por outro lado, o lan\u00e7ava na miss\u00e3o prof\u00e9tica al\u00e9m das fronteiras do Brasil, com convites insistentes para fazer confer\u00eancias em muitas partes do mundo&#8221;.<\/p>\n<p>&#8220;Sua presen\u00e7a irradiava confian\u00e7a e suas palavras sedimentavam a m\u00edstica do compromisso evang\u00e9lico. Sendo por vezes sinal de contradi\u00e7\u00e3o, n\u00e3o deixava de ser sinal de esperan\u00e7a, sobretudo para os mais pobres e para todos aqueles que lutam pela justi\u00e7a e pela paz.&#8221;<\/p>\n<p>De acordo com Dom Geraldo Lyrio, durante o Vaticano II, Dom Helder soube aproveitar a oportunidade dos contatos com todos os episcopados do mundo.<\/p>\n<p>&#8220;Esse papel singular que soube desempenhar durante o Conc\u00edlio lhe oferecia a possibilidade de tornar-se mission\u00e1rio do mundo, como peregrino da justi\u00e7a e da paz.&#8221;<\/p>\n<p>Dom Geraldo prossegue explicando que Dom Helder travou um relacionamento especial de amizade com os bispos que tinham maior sensibilidade para a problem\u00e1tica do \u201cTerceiro Mundo\u201d.<\/p>\n<p>&#8220;Neste contexto, surge o famoso grupo de bispos, provenientes de todos os continentes, que se encontrava, a cada sexta-feira, para refletir sobre a miss\u00e3o da Igreja junto aos pobres e a necessidade de a Igreja ser sinal do Cristo pobre.&#8221;<\/p>\n<p>Ao final do Conc\u00edlio \u2013afirma o presidente da CNBB\u2013, &#8220;no dia 16 de novembro de 1965, quarenta bispos de v\u00e1rias partes do mundo reuniram-se numa catacumba em Roma e assinaram o Pacto das Catacumbas. Cada um assumia o compromisso de viver pobre, rejeitar as ins\u00edgnias, s\u00edmbolos e privil\u00e9gios do poder e a colocar os prediletos de Deus no centro de seu minist\u00e9rio episcopal, explicitando assim a evang\u00e9lica op\u00e7\u00e3o pelos pobres.&#8221;<\/p>\n<p>&#8220;Dom Helder tinha como lema mission\u00e1rio o vers\u00edculo da carta de S\u00e3o Paulo aos Romanos: \u201cesperando contra toda esperan\u00e7a, como Abra\u00e3o\u201d (Rm 4, 18). Para tanto, em suas viagens internacionais, estimulava as minorias abra\u00e2micas, &#8211; semeando grupos em todos os continentes.&#8221;<\/p>\n<p>&#8220;As minorias abra\u00e2micas eram formadas por aquelas pessoas que esperavam, apesar dos pesares, com firmeza permanente, se comprometendo com a constru\u00e7\u00e3o de uma sociedade justa e fraterna. Era a n\u00e3o viol\u00eancia ativa&#8221;, afirma.<\/p>\n<div id=\"themify_builder_content-1770\" data-postid=\"1770\" class=\"themify_builder_content themify_builder_content-1770 themify_builder themify_builder_front\">\n\t<\/div>\n<!-- \/themify_builder_content -->","protected":false},"excerpt":{"rendered":"<p>RECIFE, domingo, 8 de fevereiro de 2009 (ZENIT.org) &#8211; &#8220;Nesta comemora\u00e7\u00e3o do centen\u00e1rio de nascimento de Dom Helder Camara, damos gra\u00e7as a Deus pelo dom de sua vida, repleta de sabedoria, profetismo e doa\u00e7\u00e3o \u00e0 Igreja e aos irm\u00e3os.&#8221; Com essas palavras, o presidente da CNBB (Confer\u00eancia Nacional dos Bispos do Brasil), Dom Geraldo Lyrio [&hellip;]<\/p>\n","protected":false},"author":5,"featured_media":0,"comment_status":"open","ping_status":"open","sticky":false,"template":"","format":"standard","meta":{"ngg_post_thumbnail":0,"footnotes":""},"categories":[192,477],"tags":[63,210],"yoast_head":"<!-- This site is optimized with the Yoast SEO plugin v23.5 - https:\/\/yoast.com\/wordpress\/plugins\/seo\/ -->\n<title>Presidente da CNBB celebra missa pelo centen\u00e1rio de Dom Helder - O Arcanjo no ar<\/title>\n<meta name=\"robots\" content=\"index, follow, max-snippet:-1, max-image-preview:large, max-video-preview:-1\" \/>\n<link rel=\"canonical\" href=\"https:\/\/www.oarcanjo.net\/site\/presidente-da-cnbb-preside-missa-pelo-centenario-de-dom-helder\/\" \/>\n<meta property=\"og:locale\" content=\"pt_BR\" \/>\n<meta property=\"og:type\" content=\"article\" \/>\n<meta property=\"og:title\" content=\"Presidente da CNBB celebra missa pelo centen\u00e1rio de Dom Helder - O Arcanjo no ar\" \/>\n<meta property=\"og:description\" content=\"RECIFE, domingo, 8 de fevereiro de 2009 (ZENIT.org) &#8211; &#8220;Nesta comemora\u00e7\u00e3o do centen\u00e1rio de nascimento de Dom Helder Camara, damos gra\u00e7as a Deus pelo dom de sua vida, repleta de sabedoria, profetismo e doa\u00e7\u00e3o \u00e0 Igreja e aos irm\u00e3os.&#8221; Com essas palavras, o presidente da CNBB (Confer\u00eancia Nacional dos Bispos do Brasil), Dom Geraldo Lyrio [&hellip;]\" \/>\n<meta property=\"og:url\" content=\"https:\/\/www.oarcanjo.net\/site\/presidente-da-cnbb-preside-missa-pelo-centenario-de-dom-helder\/\" \/>\n<meta property=\"og:site_name\" content=\"O Arcanjo no ar\" \/>\n<meta property=\"article:publisher\" content=\"https:\/\/www.facebook.com\/OArcanjoNoAr\/\" \/>\n<meta property=\"article:published_time\" content=\"2009-02-08T15:03:18+00:00\" \/>\n<meta property=\"article:modified_time\" content=\"2009-04-10T16:33:55+00:00\" \/>\n<meta property=\"og:image\" content=\"https:\/\/www.oarcanjo.net\/site\/wp-content\/uploads\/logo-o-arcanjo-no-ar-facebook.png\" \/>\n\t<meta property=\"og:image:width\" content=\"300\" \/>\n\t<meta property=\"og:image:height\" content=\"300\" \/>\n\t<meta property=\"og:image:type\" content=\"image\/png\" \/>\n<meta name=\"author\" content=\"editor\" \/>\n<meta name=\"twitter:card\" content=\"summary_large_image\" \/>\n<meta name=\"twitter:label1\" content=\"Escrito por\" \/>\n\t<meta name=\"twitter:data1\" content=\"editor\" \/>\n\t<meta name=\"twitter:label2\" content=\"Est. tempo de leitura\" \/>\n\t<meta name=\"twitter:data2\" content=\"3 minutos\" \/>\n<script type=\"application\/ld+json\" class=\"yoast-schema-graph\">{\"@context\":\"https:\/\/schema.org\",\"@graph\":[{\"@type\":\"Article\",\"@id\":\"https:\/\/www.oarcanjo.net\/site\/presidente-da-cnbb-preside-missa-pelo-centenario-de-dom-helder\/#article\",\"isPartOf\":{\"@id\":\"https:\/\/www.oarcanjo.net\/site\/presidente-da-cnbb-preside-missa-pelo-centenario-de-dom-helder\/\"},\"author\":{\"name\":\"editor\",\"@id\":\"https:\/\/www.oarcanjo.net\/site\/#\/schema\/person\/f7024d007863202483a31326673a0838\"},\"headline\":\"Presidente da CNBB celebra missa pelo centen\u00e1rio de Dom Helder\",\"datePublished\":\"2009-02-08T15:03:18+00:00\",\"dateModified\":\"2009-04-10T16:33:55+00:00\",\"mainEntityOfPage\":{\"@id\":\"https:\/\/www.oarcanjo.net\/site\/presidente-da-cnbb-preside-missa-pelo-centenario-de-dom-helder\/\"},\"wordCount\":707,\"commentCount\":0,\"publisher\":{\"@id\":\"https:\/\/www.oarcanjo.net\/site\/#organization\"},\"keywords\":[\"CNBB\",\"Dom Helder Camara\"],\"articleSection\":[\"D. Helder C\u00e2mara\",\"Eventos\"],\"inLanguage\":\"pt-BR\",\"potentialAction\":[{\"@type\":\"CommentAction\",\"name\":\"Comment\",\"target\":[\"https:\/\/www.oarcanjo.net\/site\/presidente-da-cnbb-preside-missa-pelo-centenario-de-dom-helder\/#respond\"]}]},{\"@type\":\"WebPage\",\"@id\":\"https:\/\/www.oarcanjo.net\/site\/presidente-da-cnbb-preside-missa-pelo-centenario-de-dom-helder\/\",\"url\":\"https:\/\/www.oarcanjo.net\/site\/presidente-da-cnbb-preside-missa-pelo-centenario-de-dom-helder\/\",\"name\":\"Presidente da CNBB celebra missa pelo centen\u00e1rio de Dom Helder - O Arcanjo no ar\",\"isPartOf\":{\"@id\":\"https:\/\/www.oarcanjo.net\/site\/#website\"},\"datePublished\":\"2009-02-08T15:03:18+00:00\",\"dateModified\":\"2009-04-10T16:33:55+00:00\",\"breadcrumb\":{\"@id\":\"https:\/\/www.oarcanjo.net\/site\/presidente-da-cnbb-preside-missa-pelo-centenario-de-dom-helder\/#breadcrumb\"},\"inLanguage\":\"pt-BR\",\"potentialAction\":[{\"@type\":\"ReadAction\",\"target\":[\"https:\/\/www.oarcanjo.net\/site\/presidente-da-cnbb-preside-missa-pelo-centenario-de-dom-helder\/\"]}]},{\"@type\":\"BreadcrumbList\",\"@id\":\"https:\/\/www.oarcanjo.net\/site\/presidente-da-cnbb-preside-missa-pelo-centenario-de-dom-helder\/#breadcrumb\",\"itemListElement\":[{\"@type\":\"ListItem\",\"position\":1,\"name\":\"In\u00edcio\",\"item\":\"https:\/\/www.oarcanjo.net\/site\/\"},{\"@type\":\"ListItem\",\"position\":2,\"name\":\"Presidente da CNBB celebra missa pelo centen\u00e1rio de Dom Helder\"}]},{\"@type\":\"WebSite\",\"@id\":\"https:\/\/www.oarcanjo.net\/site\/#website\",\"url\":\"https:\/\/www.oarcanjo.net\/site\/\",\"name\":\"O Arcanjo no ar\",\"description\":\"Site da Par\u00f3quia S\u00e3o Miguel Arcanjo (Arquidiocese de SP)\",\"publisher\":{\"@id\":\"https:\/\/www.oarcanjo.net\/site\/#organization\"},\"potentialAction\":[{\"@type\":\"SearchAction\",\"target\":{\"@type\":\"EntryPoint\",\"urlTemplate\":\"https:\/\/www.oarcanjo.net\/site\/?s={search_term_string}\"},\"query-input\":{\"@type\":\"PropertyValueSpecification\",\"valueRequired\":true,\"valueName\":\"search_term_string\"}}],\"inLanguage\":\"pt-BR\"},{\"@type\":\"Organization\",\"@id\":\"https:\/\/www.oarcanjo.net\/site\/#organization\",\"name\":\"Par\u00f3quia S\u00e3o Miguel Arcanjo\",\"url\":\"https:\/\/www.oarcanjo.net\/site\/\",\"logo\":{\"@type\":\"ImageObject\",\"inLanguage\":\"pt-BR\",\"@id\":\"https:\/\/www.oarcanjo.net\/site\/#\/schema\/logo\/image\/\",\"url\":\"https:\/\/www.oarcanjo.net\/site\/wp-content\/uploads\/LogoOArcanjo.png\",\"contentUrl\":\"https:\/\/www.oarcanjo.net\/site\/wp-content\/uploads\/LogoOArcanjo.png\",\"width\":319,\"height\":99,\"caption\":\"Par\u00f3quia S\u00e3o Miguel Arcanjo\"},\"image\":{\"@id\":\"https:\/\/www.oarcanjo.net\/site\/#\/schema\/logo\/image\/\"},\"sameAs\":[\"https:\/\/www.facebook.com\/OArcanjoNoAr\/\"]},{\"@type\":\"Person\",\"@id\":\"https:\/\/www.oarcanjo.net\/site\/#\/schema\/person\/f7024d007863202483a31326673a0838\",\"name\":\"editor\",\"sameAs\":[\"http:\/\/www.oarcanjo.net\"]}]}<\/script>\n<!-- \/ Yoast SEO plugin. -->","yoast_head_json":{"title":"Presidente da CNBB celebra missa pelo centen\u00e1rio de Dom Helder - O Arcanjo no ar","robots":{"index":"index","follow":"follow","max-snippet":"max-snippet:-1","max-image-preview":"max-image-preview:large","max-video-preview":"max-video-preview:-1"},"canonical":"https:\/\/www.oarcanjo.net\/site\/presidente-da-cnbb-preside-missa-pelo-centenario-de-dom-helder\/","og_locale":"pt_BR","og_type":"article","og_title":"Presidente da CNBB celebra missa pelo centen\u00e1rio de Dom Helder - O Arcanjo no ar","og_description":"RECIFE, domingo, 8 de fevereiro de 2009 (ZENIT.org) &#8211; &#8220;Nesta comemora\u00e7\u00e3o do centen\u00e1rio de nascimento de Dom Helder Camara, damos gra\u00e7as a Deus pelo dom de sua vida, repleta de sabedoria, profetismo e doa\u00e7\u00e3o \u00e0 Igreja e aos irm\u00e3os.&#8221; Com essas palavras, o presidente da CNBB (Confer\u00eancia Nacional dos Bispos do Brasil), Dom Geraldo Lyrio [&hellip;]","og_url":"https:\/\/www.oarcanjo.net\/site\/presidente-da-cnbb-preside-missa-pelo-centenario-de-dom-helder\/","og_site_name":"O Arcanjo no ar","article_publisher":"https:\/\/www.facebook.com\/OArcanjoNoAr\/","article_published_time":"2009-02-08T15:03:18+00:00","article_modified_time":"2009-04-10T16:33:55+00:00","og_image":[{"width":300,"height":300,"url":"https:\/\/www.oarcanjo.net\/site\/wp-content\/uploads\/logo-o-arcanjo-no-ar-facebook.png","type":"image\/png"}],"author":"editor","twitter_card":"summary_large_image","twitter_misc":{"Escrito por":"editor","Est. tempo de leitura":"3 minutos"},"schema":{"@context":"https:\/\/schema.org","@graph":[{"@type":"Article","@id":"https:\/\/www.oarcanjo.net\/site\/presidente-da-cnbb-preside-missa-pelo-centenario-de-dom-helder\/#article","isPartOf":{"@id":"https:\/\/www.oarcanjo.net\/site\/presidente-da-cnbb-preside-missa-pelo-centenario-de-dom-helder\/"},"author":{"name":"editor","@id":"https:\/\/www.oarcanjo.net\/site\/#\/schema\/person\/f7024d007863202483a31326673a0838"},"headline":"Presidente da CNBB celebra missa pelo centen\u00e1rio de Dom Helder","datePublished":"2009-02-08T15:03:18+00:00","dateModified":"2009-04-10T16:33:55+00:00","mainEntityOfPage":{"@id":"https:\/\/www.oarcanjo.net\/site\/presidente-da-cnbb-preside-missa-pelo-centenario-de-dom-helder\/"},"wordCount":707,"commentCount":0,"publisher":{"@id":"https:\/\/www.oarcanjo.net\/site\/#organization"},"keywords":["CNBB","Dom Helder Camara"],"articleSection":["D. Helder C\u00e2mara","Eventos"],"inLanguage":"pt-BR","potentialAction":[{"@type":"CommentAction","name":"Comment","target":["https:\/\/www.oarcanjo.net\/site\/presidente-da-cnbb-preside-missa-pelo-centenario-de-dom-helder\/#respond"]}]},{"@type":"WebPage","@id":"https:\/\/www.oarcanjo.net\/site\/presidente-da-cnbb-preside-missa-pelo-centenario-de-dom-helder\/","url":"https:\/\/www.oarcanjo.net\/site\/presidente-da-cnbb-preside-missa-pelo-centenario-de-dom-helder\/","name":"Presidente da CNBB celebra missa pelo centen\u00e1rio de Dom Helder - O Arcanjo no ar","isPartOf":{"@id":"https:\/\/www.oarcanjo.net\/site\/#website"},"datePublished":"2009-02-08T15:03:18+00:00","dateModified":"2009-04-10T16:33:55+00:00","breadcrumb":{"@id":"https:\/\/www.oarcanjo.net\/site\/presidente-da-cnbb-preside-missa-pelo-centenario-de-dom-helder\/#breadcrumb"},"inLanguage":"pt-BR","potentialAction":[{"@type":"ReadAction","target":["https:\/\/www.oarcanjo.net\/site\/presidente-da-cnbb-preside-missa-pelo-centenario-de-dom-helder\/"]}]},{"@type":"BreadcrumbList","@id":"https:\/\/www.oarcanjo.net\/site\/presidente-da-cnbb-preside-missa-pelo-centenario-de-dom-helder\/#breadcrumb","itemListElement":[{"@type":"ListItem","position":1,"name":"In\u00edcio","item":"https:\/\/www.oarcanjo.net\/site\/"},{"@type":"ListItem","position":2,"name":"Presidente da CNBB celebra missa pelo centen\u00e1rio de Dom Helder"}]},{"@type":"WebSite","@id":"https:\/\/www.oarcanjo.net\/site\/#website","url":"https:\/\/www.oarcanjo.net\/site\/","name":"O Arcanjo no ar","description":"Site da Par\u00f3quia S\u00e3o Miguel Arcanjo (Arquidiocese de SP)","publisher":{"@id":"https:\/\/www.oarcanjo.net\/site\/#organization"},"potentialAction":[{"@type":"SearchAction","target":{"@type":"EntryPoint","urlTemplate":"https:\/\/www.oarcanjo.net\/site\/?s={search_term_string}"},"query-input":{"@type":"PropertyValueSpecification","valueRequired":true,"valueName":"search_term_string"}}],"inLanguage":"pt-BR"},{"@type":"Organization","@id":"https:\/\/www.oarcanjo.net\/site\/#organization","name":"Par\u00f3quia S\u00e3o Miguel Arcanjo","url":"https:\/\/www.oarcanjo.net\/site\/","logo":{"@type":"ImageObject","inLanguage":"pt-BR","@id":"https:\/\/www.oarcanjo.net\/site\/#\/schema\/logo\/image\/","url":"https:\/\/www.oarcanjo.net\/site\/wp-content\/uploads\/LogoOArcanjo.png","contentUrl":"https:\/\/www.oarcanjo.net\/site\/wp-content\/uploads\/LogoOArcanjo.png","width":319,"height":99,"caption":"Par\u00f3quia S\u00e3o Miguel Arcanjo"},"image":{"@id":"https:\/\/www.oarcanjo.net\/site\/#\/schema\/logo\/image\/"},"sameAs":["https:\/\/www.facebook.com\/OArcanjoNoAr\/"]},{"@type":"Person","@id":"https:\/\/www.oarcanjo.net\/site\/#\/schema\/person\/f7024d007863202483a31326673a0838","name":"editor","sameAs":["http:\/\/www.oarcanjo.net"]}]}},"publishpress_future_action":{"enabled":false,"date":"2026-05-07 18:47:43","action":"category","newStatus":"draft","terms":[],"taxonomy":"category"},"publishpress_future_workflow_manual_trigger":{"enabledWorkflows":[]},"_links":{"self":[{"href":"https:\/\/www.oarcanjo.net\/site\/wp-json\/wp\/v2\/posts\/1770"}],"collection":[{"href":"https:\/\/www.oarcanjo.net\/site\/wp-json\/wp\/v2\/posts"}],"about":[{"href":"https:\/\/www.oarcanjo.net\/site\/wp-json\/wp\/v2\/types\/post"}],"author":[{"embeddable":true,"href":"https:\/\/www.oarcanjo.net\/site\/wp-json\/wp\/v2\/users\/5"}],"replies":[{"embeddable":true,"href":"https:\/\/www.oarcanjo.net\/site\/wp-json\/wp\/v2\/comments?post=1770"}],"version-history":[{"count":0,"href":"https:\/\/www.oarcanjo.net\/site\/wp-json\/wp\/v2\/posts\/1770\/revisions"}],"wp:attachment":[{"href":"https:\/\/www.oarcanjo.net\/site\/wp-json\/wp\/v2\/media?parent=1770"}],"wp:term":[{"taxonomy":"category","embeddable":true,"href":"https:\/\/www.oarcanjo.net\/site\/wp-json\/wp\/v2\/categories?post=1770"},{"taxonomy":"post_tag","embeddable":true,"href":"https:\/\/www.oarcanjo.net\/site\/wp-json\/wp\/v2\/tags?post=1770"}],"curies":[{"name":"wp","href":"https:\/\/api.w.org\/{rel}","templated":true}]}}