
{"id":1772,"date":"2009-02-08T13:36:51","date_gmt":"2009-02-08T15:36:51","guid":{"rendered":"http:\/\/www.oarcanjo.net\/site\/?p=1772"},"modified":"2009-02-15T08:59:28","modified_gmt":"2009-02-15T10:59:28","slug":"setor-belem-reflete-10-plano-de-pastoral","status":"publish","type":"post","link":"https:\/\/www.oarcanjo.net\/site\/setor-belem-reflete-10-plano-de-pastoral\/","title":{"rendered":"Setor Bel\u00e9m reflete 10\u00ba Plano de Pastoral"},"content":{"rendered":"<p><img loading=\"lazy\" decoding=\"async\" src=\"http:\/\/www.oarcanjo.net\/site\/wp-content\/uploads\/foto-reuniao-setor-fev-2009-07_tb.jpg\" alt=\"Setor Bel\u00e9m - 10o Plano de Pastoral\" title=\"Setor Bel\u00e9m - 10o Plano de Pastoral\" width=\"250\" height=\"188\" class=\"alignnone size-full wp-image-1834\" align=\"right\" hspace=\"3\" \/>Mais de 50 pessoas, representantes de 8 das 9 par\u00f3quias, participaram da Assembleia do Setor Bel\u00e9m no s\u00e1bado, 07 de fevereiro, na par\u00f3quia S\u00e3o Carlos Borromeu. O ponto central da pauta foi a reflex\u00e3o sobre o rec\u00e9m-lan\u00e7ado 10\u00ba Plano de Pastoral da Arquidiocese de S\u00e3o Paulo.<\/p>\n<p>A secret\u00e1ria de Pastoral da Regi\u00e3o Bel\u00e9m, Ir. Iracema, fez uma apresenta\u00e7\u00e3o do Plano, que se divide em tr\u00eas grandes partes (ver-julgar-agir) e convoca os crist\u00e3os a serem &#8220;disc\u00edpulos-mission\u00e1rios na cidade de S\u00e3o Paulo&#8221;. O &#8220;ver&#8221; traz o marco da realidade, o &#8220;julgar&#8221;, o marco teol\u00f3gico-pastoral e o &#8220;agir&#8221;, as propostas de a\u00e7\u00e3o concreta nos diversos n\u00edveis.<\/p>\n<p>Clique abaixo para ouvir a entrevista gravada pela equipe do site <strong>O Arcanjo no ar<\/strong> com a Ir. Iracema<\/p>\n[audio:Iracema.mp3]\n<div id=\"attachment_1839\" style=\"width: 260px\" class=\"wp-caption alignnone\"><img loading=\"lazy\" decoding=\"async\" aria-describedby=\"caption-attachment-1839\" src=\"http:\/\/www.oarcanjo.net\/site\/wp-content\/uploads\/foto-reuniao-setor-fev-2009-17_tb.jpg\" alt=\"Entrevista com Ir. Iracema\" title=\"Entrevista com Ir. Iracema\" width=\"250\" height=\"188\" class=\"size-full wp-image-1839\" \/><p id=\"caption-attachment-1839\" class=\"wp-caption-text\">Entrevista com Ir. Iracema<\/p><\/div>\n<p><em>Clique <a href=\"\/wp-content\/uploads\/10-Plano-de-Pastoral-Arquidiocese-de-S\u00e3o-Paulo.pdf\" target=\"_blank\">aqui<\/a> para copiar a \u00edntegra do <a href=\"\/wp-content\/uploads\/10-Plano-de-Pastoral-Arquidiocese-de-S\u00e3o-Paulo.pdf\" target=\"_blank\">10\u00ba Plano de Pastoral para o seu computador<\/a> (arquivo no formato PDF).<\/em><\/p>\n<p>Veja as fotos da assembl\u00e9ia abaixo:<\/p>ngg_shortcode_0_placeholder<div id=\"themify_builder_content-1772\" data-postid=\"1772\" class=\"themify_builder_content themify_builder_content-1772 themify_builder themify_builder_front\">\n\t<\/div>\n<!-- \/themify_builder_content -->","protected":false},"excerpt":{"rendered":"<p>Mais de 50 pessoas, representantes de 8 das 9 par\u00f3quias, participaram da Assembleia do Setor Bel\u00e9m no s\u00e1bado, 07 de fevereiro, na par\u00f3quia S\u00e3o Carlos Borromeu. O ponto central da pauta foi a reflex\u00e3o sobre o rec\u00e9m-lan\u00e7ado 10\u00ba Plano de Pastoral da Arquidiocese de S\u00e3o Paulo. A secret\u00e1ria de Pastoral da Regi\u00e3o Bel\u00e9m, Ir. Iracema, [&hellip;]<\/p>\n","protected":false},"author":2,"featured_media":0,"comment_status":"open","ping_status":"open","sticky":false,"template":"","format":"standard","meta":{"ngg_post_thumbnail":0,"footnotes":""},"categories":[8,5],"tags":[239,205,29,111],"yoast_head":"<!-- This site is optimized with the Yoast SEO plugin v23.5 - https:\/\/yoast.com\/wordpress\/plugins\/seo\/ -->\n<title>Setor Bel\u00e9m reflete 10\u00ba Plano de Pastoral - O Arcanjo no ar<\/title>\n<meta name=\"robots\" content=\"index, follow, max-snippet:-1, max-image-preview:large, max-video-preview:-1\" \/>\n<link rel=\"canonical\" href=\"https:\/\/www.oarcanjo.net\/site\/setor-belem-reflete-10-plano-de-pastoral\/\" \/>\n<meta property=\"og:locale\" content=\"pt_BR\" \/>\n<meta property=\"og:type\" content=\"article\" \/>\n<meta property=\"og:title\" content=\"Setor Bel\u00e9m reflete 10\u00ba Plano de Pastoral - O Arcanjo no ar\" \/>\n<meta property=\"og:description\" content=\"Mais de 50 pessoas, representantes de 8 das 9 par\u00f3quias, participaram da Assembleia do Setor Bel\u00e9m no s\u00e1bado, 07 de fevereiro, na par\u00f3quia S\u00e3o Carlos Borromeu. O ponto central da pauta foi a reflex\u00e3o sobre o rec\u00e9m-lan\u00e7ado 10\u00ba Plano de Pastoral da Arquidiocese de S\u00e3o Paulo. A secret\u00e1ria de Pastoral da Regi\u00e3o Bel\u00e9m, Ir. Iracema, [&hellip;]\" \/>\n<meta property=\"og:url\" content=\"https:\/\/www.oarcanjo.net\/site\/setor-belem-reflete-10-plano-de-pastoral\/\" \/>\n<meta property=\"og:site_name\" content=\"O Arcanjo no ar\" \/>\n<meta property=\"article:publisher\" content=\"https:\/\/www.facebook.com\/OArcanjoNoAr\/\" \/>\n<meta property=\"article:published_time\" content=\"2009-02-08T15:36:51+00:00\" \/>\n<meta property=\"article:modified_time\" content=\"2009-02-15T10:59:28+00:00\" \/>\n<meta property=\"og:image\" content=\"http:\/\/www.oarcanjo.net\/site\/wp-content\/uploads\/foto-reuniao-setor-fev-2009-07_tb.jpg\" \/>\n<meta name=\"author\" content=\"rubens.meyer\" \/>\n<meta name=\"twitter:card\" content=\"summary_large_image\" \/>\n<meta name=\"twitter:label1\" content=\"Escrito por\" \/>\n\t<meta name=\"twitter:data1\" content=\"rubens.meyer\" \/>\n\t<meta name=\"twitter:label2\" content=\"Est. tempo de leitura\" \/>\n\t<meta name=\"twitter:data2\" content=\"1 minuto\" \/>\n<script type=\"application\/ld+json\" class=\"yoast-schema-graph\">{\"@context\":\"https:\/\/schema.org\",\"@graph\":[{\"@type\":\"Article\",\"@id\":\"https:\/\/www.oarcanjo.net\/site\/setor-belem-reflete-10-plano-de-pastoral\/#article\",\"isPartOf\":{\"@id\":\"https:\/\/www.oarcanjo.net\/site\/setor-belem-reflete-10-plano-de-pastoral\/\"},\"author\":{\"name\":\"rubens.meyer\",\"@id\":\"https:\/\/www.oarcanjo.net\/site\/#\/schema\/person\/8f702af457b0cfb4ac1a7228ee23f026\"},\"headline\":\"Setor Bel\u00e9m reflete 10\u00ba Plano de Pastoral\",\"datePublished\":\"2009-02-08T15:36:51+00:00\",\"dateModified\":\"2009-02-15T10:59:28+00:00\",\"mainEntityOfPage\":{\"@id\":\"https:\/\/www.oarcanjo.net\/site\/setor-belem-reflete-10-plano-de-pastoral\/\"},\"wordCount\":186,\"commentCount\":1,\"publisher\":{\"@id\":\"https:\/\/www.oarcanjo.net\/site\/#organization\"},\"image\":{\"@id\":\"https:\/\/www.oarcanjo.net\/site\/setor-belem-reflete-10-plano-de-pastoral\/#primaryimage\"},\"thumbnailUrl\":\"http:\/\/www.oarcanjo.net\/site\/wp-content\/uploads\/foto-reuniao-setor-fev-2009-07_tb.jpg\",\"keywords\":[\"Arquidiocese de S\u00e3o Paulo\",\"Plano de Pastoral\",\"Regi\u00e3o Bel\u00e9m\",\"Setor Bel\u00e9m\"],\"articleSection\":[\"Not\u00edcias\",\"Voz do Arcanjo\"],\"inLanguage\":\"pt-BR\",\"potentialAction\":[{\"@type\":\"CommentAction\",\"name\":\"Comment\",\"target\":[\"https:\/\/www.oarcanjo.net\/site\/setor-belem-reflete-10-plano-de-pastoral\/#respond\"]}]},{\"@type\":\"WebPage\",\"@id\":\"https:\/\/www.oarcanjo.net\/site\/setor-belem-reflete-10-plano-de-pastoral\/\",\"url\":\"https:\/\/www.oarcanjo.net\/site\/setor-belem-reflete-10-plano-de-pastoral\/\",\"name\":\"Setor Bel\u00e9m reflete 10\u00ba Plano de Pastoral - O Arcanjo no ar\",\"isPartOf\":{\"@id\":\"https:\/\/www.oarcanjo.net\/site\/#website\"},\"primaryImageOfPage\":{\"@id\":\"https:\/\/www.oarcanjo.net\/site\/setor-belem-reflete-10-plano-de-pastoral\/#primaryimage\"},\"image\":{\"@id\":\"https:\/\/www.oarcanjo.net\/site\/setor-belem-reflete-10-plano-de-pastoral\/#primaryimage\"},\"thumbnailUrl\":\"http:\/\/www.oarcanjo.net\/site\/wp-content\/uploads\/foto-reuniao-setor-fev-2009-07_tb.jpg\",\"datePublished\":\"2009-02-08T15:36:51+00:00\",\"dateModified\":\"2009-02-15T10:59:28+00:00\",\"breadcrumb\":{\"@id\":\"https:\/\/www.oarcanjo.net\/site\/setor-belem-reflete-10-plano-de-pastoral\/#breadcrumb\"},\"inLanguage\":\"pt-BR\",\"potentialAction\":[{\"@type\":\"ReadAction\",\"target\":[\"https:\/\/www.oarcanjo.net\/site\/setor-belem-reflete-10-plano-de-pastoral\/\"]}]},{\"@type\":\"ImageObject\",\"inLanguage\":\"pt-BR\",\"@id\":\"https:\/\/www.oarcanjo.net\/site\/setor-belem-reflete-10-plano-de-pastoral\/#primaryimage\",\"url\":\"https:\/\/www.oarcanjo.net\/site\/wp-content\/uploads\/foto-reuniao-setor-fev-2009-07_tb.jpg\",\"contentUrl\":\"https:\/\/www.oarcanjo.net\/site\/wp-content\/uploads\/foto-reuniao-setor-fev-2009-07_tb.jpg\",\"width\":250,\"height\":188},{\"@type\":\"BreadcrumbList\",\"@id\":\"https:\/\/www.oarcanjo.net\/site\/setor-belem-reflete-10-plano-de-pastoral\/#breadcrumb\",\"itemListElement\":[{\"@type\":\"ListItem\",\"position\":1,\"name\":\"In\u00edcio\",\"item\":\"https:\/\/www.oarcanjo.net\/site\/\"},{\"@type\":\"ListItem\",\"position\":2,\"name\":\"Setor Bel\u00e9m reflete 10\u00ba Plano de Pastoral\"}]},{\"@type\":\"WebSite\",\"@id\":\"https:\/\/www.oarcanjo.net\/site\/#website\",\"url\":\"https:\/\/www.oarcanjo.net\/site\/\",\"name\":\"O Arcanjo no ar\",\"description\":\"Site da Par\u00f3quia S\u00e3o Miguel Arcanjo (Arquidiocese de SP)\",\"publisher\":{\"@id\":\"https:\/\/www.oarcanjo.net\/site\/#organization\"},\"potentialAction\":[{\"@type\":\"SearchAction\",\"target\":{\"@type\":\"EntryPoint\",\"urlTemplate\":\"https:\/\/www.oarcanjo.net\/site\/?s={search_term_string}\"},\"query-input\":{\"@type\":\"PropertyValueSpecification\",\"valueRequired\":true,\"valueName\":\"search_term_string\"}}],\"inLanguage\":\"pt-BR\"},{\"@type\":\"Organization\",\"@id\":\"https:\/\/www.oarcanjo.net\/site\/#organization\",\"name\":\"Par\u00f3quia S\u00e3o Miguel Arcanjo\",\"url\":\"https:\/\/www.oarcanjo.net\/site\/\",\"logo\":{\"@type\":\"ImageObject\",\"inLanguage\":\"pt-BR\",\"@id\":\"https:\/\/www.oarcanjo.net\/site\/#\/schema\/logo\/image\/\",\"url\":\"https:\/\/www.oarcanjo.net\/site\/wp-content\/uploads\/LogoOArcanjo.png\",\"contentUrl\":\"https:\/\/www.oarcanjo.net\/site\/wp-content\/uploads\/LogoOArcanjo.png\",\"width\":319,\"height\":99,\"caption\":\"Par\u00f3quia S\u00e3o Miguel Arcanjo\"},\"image\":{\"@id\":\"https:\/\/www.oarcanjo.net\/site\/#\/schema\/logo\/image\/\"},\"sameAs\":[\"https:\/\/www.facebook.com\/OArcanjoNoAr\/\"]},{\"@type\":\"Person\",\"@id\":\"https:\/\/www.oarcanjo.net\/site\/#\/schema\/person\/8f702af457b0cfb4ac1a7228ee23f026\",\"name\":\"rubens.meyer\"}]}<\/script>\n<!-- \/ Yoast SEO plugin. -->","yoast_head_json":{"title":"Setor Bel\u00e9m reflete 10\u00ba Plano de Pastoral - O Arcanjo no ar","robots":{"index":"index","follow":"follow","max-snippet":"max-snippet:-1","max-image-preview":"max-image-preview:large","max-video-preview":"max-video-preview:-1"},"canonical":"https:\/\/www.oarcanjo.net\/site\/setor-belem-reflete-10-plano-de-pastoral\/","og_locale":"pt_BR","og_type":"article","og_title":"Setor Bel\u00e9m reflete 10\u00ba Plano de Pastoral - O Arcanjo no ar","og_description":"Mais de 50 pessoas, representantes de 8 das 9 par\u00f3quias, participaram da Assembleia do Setor Bel\u00e9m no s\u00e1bado, 07 de fevereiro, na par\u00f3quia S\u00e3o Carlos Borromeu. O ponto central da pauta foi a reflex\u00e3o sobre o rec\u00e9m-lan\u00e7ado 10\u00ba Plano de Pastoral da Arquidiocese de S\u00e3o Paulo. A secret\u00e1ria de Pastoral da Regi\u00e3o Bel\u00e9m, Ir. Iracema, [&hellip;]","og_url":"https:\/\/www.oarcanjo.net\/site\/setor-belem-reflete-10-plano-de-pastoral\/","og_site_name":"O Arcanjo no ar","article_publisher":"https:\/\/www.facebook.com\/OArcanjoNoAr\/","article_published_time":"2009-02-08T15:36:51+00:00","article_modified_time":"2009-02-15T10:59:28+00:00","og_image":[{"url":"http:\/\/www.oarcanjo.net\/site\/wp-content\/uploads\/foto-reuniao-setor-fev-2009-07_tb.jpg"}],"author":"rubens.meyer","twitter_card":"summary_large_image","twitter_misc":{"Escrito por":"rubens.meyer","Est. tempo de leitura":"1 minuto"},"schema":{"@context":"https:\/\/schema.org","@graph":[{"@type":"Article","@id":"https:\/\/www.oarcanjo.net\/site\/setor-belem-reflete-10-plano-de-pastoral\/#article","isPartOf":{"@id":"https:\/\/www.oarcanjo.net\/site\/setor-belem-reflete-10-plano-de-pastoral\/"},"author":{"name":"rubens.meyer","@id":"https:\/\/www.oarcanjo.net\/site\/#\/schema\/person\/8f702af457b0cfb4ac1a7228ee23f026"},"headline":"Setor Bel\u00e9m reflete 10\u00ba Plano de Pastoral","datePublished":"2009-02-08T15:36:51+00:00","dateModified":"2009-02-15T10:59:28+00:00","mainEntityOfPage":{"@id":"https:\/\/www.oarcanjo.net\/site\/setor-belem-reflete-10-plano-de-pastoral\/"},"wordCount":186,"commentCount":1,"publisher":{"@id":"https:\/\/www.oarcanjo.net\/site\/#organization"},"image":{"@id":"https:\/\/www.oarcanjo.net\/site\/setor-belem-reflete-10-plano-de-pastoral\/#primaryimage"},"thumbnailUrl":"http:\/\/www.oarcanjo.net\/site\/wp-content\/uploads\/foto-reuniao-setor-fev-2009-07_tb.jpg","keywords":["Arquidiocese de S\u00e3o Paulo","Plano de Pastoral","Regi\u00e3o Bel\u00e9m","Setor Bel\u00e9m"],"articleSection":["Not\u00edcias","Voz do Arcanjo"],"inLanguage":"pt-BR","potentialAction":[{"@type":"CommentAction","name":"Comment","target":["https:\/\/www.oarcanjo.net\/site\/setor-belem-reflete-10-plano-de-pastoral\/#respond"]}]},{"@type":"WebPage","@id":"https:\/\/www.oarcanjo.net\/site\/setor-belem-reflete-10-plano-de-pastoral\/","url":"https:\/\/www.oarcanjo.net\/site\/setor-belem-reflete-10-plano-de-pastoral\/","name":"Setor Bel\u00e9m reflete 10\u00ba Plano de Pastoral - O Arcanjo no ar","isPartOf":{"@id":"https:\/\/www.oarcanjo.net\/site\/#website"},"primaryImageOfPage":{"@id":"https:\/\/www.oarcanjo.net\/site\/setor-belem-reflete-10-plano-de-pastoral\/#primaryimage"},"image":{"@id":"https:\/\/www.oarcanjo.net\/site\/setor-belem-reflete-10-plano-de-pastoral\/#primaryimage"},"thumbnailUrl":"http:\/\/www.oarcanjo.net\/site\/wp-content\/uploads\/foto-reuniao-setor-fev-2009-07_tb.jpg","datePublished":"2009-02-08T15:36:51+00:00","dateModified":"2009-02-15T10:59:28+00:00","breadcrumb":{"@id":"https:\/\/www.oarcanjo.net\/site\/setor-belem-reflete-10-plano-de-pastoral\/#breadcrumb"},"inLanguage":"pt-BR","potentialAction":[{"@type":"ReadAction","target":["https:\/\/www.oarcanjo.net\/site\/setor-belem-reflete-10-plano-de-pastoral\/"]}]},{"@type":"ImageObject","inLanguage":"pt-BR","@id":"https:\/\/www.oarcanjo.net\/site\/setor-belem-reflete-10-plano-de-pastoral\/#primaryimage","url":"https:\/\/www.oarcanjo.net\/site\/wp-content\/uploads\/foto-reuniao-setor-fev-2009-07_tb.jpg","contentUrl":"https:\/\/www.oarcanjo.net\/site\/wp-content\/uploads\/foto-reuniao-setor-fev-2009-07_tb.jpg","width":250,"height":188},{"@type":"BreadcrumbList","@id":"https:\/\/www.oarcanjo.net\/site\/setor-belem-reflete-10-plano-de-pastoral\/#breadcrumb","itemListElement":[{"@type":"ListItem","position":1,"name":"In\u00edcio","item":"https:\/\/www.oarcanjo.net\/site\/"},{"@type":"ListItem","position":2,"name":"Setor Bel\u00e9m reflete 10\u00ba Plano de Pastoral"}]},{"@type":"WebSite","@id":"https:\/\/www.oarcanjo.net\/site\/#website","url":"https:\/\/www.oarcanjo.net\/site\/","name":"O Arcanjo no ar","description":"Site da Par\u00f3quia S\u00e3o Miguel Arcanjo (Arquidiocese de SP)","publisher":{"@id":"https:\/\/www.oarcanjo.net\/site\/#organization"},"potentialAction":[{"@type":"SearchAction","target":{"@type":"EntryPoint","urlTemplate":"https:\/\/www.oarcanjo.net\/site\/?s={search_term_string}"},"query-input":{"@type":"PropertyValueSpecification","valueRequired":true,"valueName":"search_term_string"}}],"inLanguage":"pt-BR"},{"@type":"Organization","@id":"https:\/\/www.oarcanjo.net\/site\/#organization","name":"Par\u00f3quia S\u00e3o Miguel Arcanjo","url":"https:\/\/www.oarcanjo.net\/site\/","logo":{"@type":"ImageObject","inLanguage":"pt-BR","@id":"https:\/\/www.oarcanjo.net\/site\/#\/schema\/logo\/image\/","url":"https:\/\/www.oarcanjo.net\/site\/wp-content\/uploads\/LogoOArcanjo.png","contentUrl":"https:\/\/www.oarcanjo.net\/site\/wp-content\/uploads\/LogoOArcanjo.png","width":319,"height":99,"caption":"Par\u00f3quia S\u00e3o Miguel Arcanjo"},"image":{"@id":"https:\/\/www.oarcanjo.net\/site\/#\/schema\/logo\/image\/"},"sameAs":["https:\/\/www.facebook.com\/OArcanjoNoAr\/"]},{"@type":"Person","@id":"https:\/\/www.oarcanjo.net\/site\/#\/schema\/person\/8f702af457b0cfb4ac1a7228ee23f026","name":"rubens.meyer"}]}},"publishpress_future_action":{"enabled":false,"date":"2026-05-07 09:36:53","action":"category","newStatus":"draft","terms":[],"taxonomy":"category"},"publishpress_future_workflow_manual_trigger":{"enabledWorkflows":[]},"_links":{"self":[{"href":"https:\/\/www.oarcanjo.net\/site\/wp-json\/wp\/v2\/posts\/1772"}],"collection":[{"href":"https:\/\/www.oarcanjo.net\/site\/wp-json\/wp\/v2\/posts"}],"about":[{"href":"https:\/\/www.oarcanjo.net\/site\/wp-json\/wp\/v2\/types\/post"}],"author":[{"embeddable":true,"href":"https:\/\/www.oarcanjo.net\/site\/wp-json\/wp\/v2\/users\/2"}],"replies":[{"embeddable":true,"href":"https:\/\/www.oarcanjo.net\/site\/wp-json\/wp\/v2\/comments?post=1772"}],"version-history":[{"count":0,"href":"https:\/\/www.oarcanjo.net\/site\/wp-json\/wp\/v2\/posts\/1772\/revisions"}],"wp:attachment":[{"href":"https:\/\/www.oarcanjo.net\/site\/wp-json\/wp\/v2\/media?parent=1772"}],"wp:term":[{"taxonomy":"category","embeddable":true,"href":"https:\/\/www.oarcanjo.net\/site\/wp-json\/wp\/v2\/categories?post=1772"},{"taxonomy":"post_tag","embeddable":true,"href":"https:\/\/www.oarcanjo.net\/site\/wp-json\/wp\/v2\/tags?post=1772"}],"curies":[{"name":"wp","href":"https:\/\/api.w.org\/{rel}","templated":true}]}}