
{"id":17766,"date":"2012-03-21T08:50:05","date_gmt":"2012-03-21T11:50:05","guid":{"rendered":"http:\/\/www.oarcanjo.net\/site\/?p=17766"},"modified":"2012-03-21T23:45:35","modified_gmt":"2012-03-22T02:45:35","slug":"acao-saude-agita-a-comunidade-sao-miguel-arcanjo","status":"publish","type":"post","link":"https:\/\/www.oarcanjo.net\/site\/acao-saude-agita-a-comunidade-sao-miguel-arcanjo\/","title":{"rendered":"A\u00e7\u00e3o sa\u00fade agita a comunidade S\u00e3o Miguel Arcanjo"},"content":{"rendered":"<p>No domingo, 18 de mar\u00e7o, especialistas da \u00e1rea m\u00e9dica da Universidade S\u00e3o Judas, realizaram\u00a0exames de sa\u00fade, avalia\u00e7\u00e3o e orienta\u00e7\u00e3o nutricional nos participantes das missas da Par\u00f3quia S\u00e3o Miguel Arcanjo. A a\u00e7\u00e3o concreta da Campanha da Fraternidade 2012, que tinha como objetivo alertar para a necessidade de cuidado com a sa\u00fade, contou com a participa\u00e7\u00e3o de toda a comunidade e de Dom Edmar Peron, bispo auxiliar da Arquidiocese de S\u00e3o Paulo, respons\u00e1vel pela Regi\u00e3o Bel\u00e9m. Veja as fotos abaixo.<\/p>\n<p>Durante o evento, a equipe de nutricionistas da Universidade distribuiu um folheto com dicas de boa alimenta\u00e7\u00e3o. Veja a composi\u00e7\u00e3o de um prato saud\u00e1vel na imagem abaixo e clique para ver o arquivo com as orienta\u00e7\u00f5es completas.<\/p>\n<p><a title=\"Orienta\u00e7\u00f5es Nuticionais - Prato Saud\u00e1vel\" href=\"http:\/\/www.oarcanjo.net\/site\/wp-content\/uploads\/prato-saudavel.pdf\" target=\"_blank\"><img loading=\"lazy\" decoding=\"async\" title=\"Prato saud\u00e1vel\" src=\"http:\/\/www.oarcanjo.net\/site\/wp-content\/uploads\/prato-saudavel.jpg\" alt=\"Prato saud\u00e1vel\" width=\"450\" height=\"447\" \/><\/a><\/p>\n<p>Clique <a title=\"Orienta\u00e7\u00f5es Nuticionais - Prato Saud\u00e1vel\" href=\"http:\/\/www.oarcanjo.net\/site\/wp-content\/uploads\/prato-saudavel.pdf\" target=\"_blank\"><span style=\"color: #ff0000;\">aqui <\/span><\/a>para ver o folheto completo.<\/p>\nngg_shortcode_0_placeholder\n<p><em>Imagens de Danilo Santana e Zuzu<\/em><\/p>\n<div id=\"themify_builder_content-17766\" data-postid=\"17766\" class=\"themify_builder_content themify_builder_content-17766 themify_builder themify_builder_front\">\n\t<\/div>\n<!-- \/themify_builder_content -->","protected":false},"excerpt":{"rendered":"<p>No domingo, 18 de mar\u00e7o, especialistas da \u00e1rea m\u00e9dica da Universidade S\u00e3o Judas, realizaram\u00a0exames de sa\u00fade, avalia\u00e7\u00e3o e orienta\u00e7\u00e3o nutricional nos participantes das missas da Par\u00f3quia S\u00e3o Miguel Arcanjo. A a\u00e7\u00e3o concreta da Campanha da Fraternidade 2012, que tinha como objetivo alertar para a necessidade de cuidado com a sa\u00fade, contou com a participa\u00e7\u00e3o de [&hellip;]<\/p>\n","protected":false},"author":5,"featured_media":0,"comment_status":"open","ping_status":"open","sticky":false,"template":"","format":"standard","meta":{"ngg_post_thumbnail":0,"footnotes":""},"categories":[3,8],"tags":[],"yoast_head":"<!-- This site is optimized with the Yoast SEO plugin v23.5 - https:\/\/yoast.com\/wordpress\/plugins\/seo\/ -->\n<title>A\u00e7\u00e3o sa\u00fade agita a comunidade S\u00e3o Miguel Arcanjo - O Arcanjo no ar<\/title>\n<meta name=\"robots\" content=\"index, follow, max-snippet:-1, max-image-preview:large, max-video-preview:-1\" \/>\n<link rel=\"canonical\" href=\"https:\/\/www.oarcanjo.net\/site\/acao-saude-agita-a-comunidade-sao-miguel-arcanjo\/\" \/>\n<meta property=\"og:locale\" content=\"pt_BR\" \/>\n<meta property=\"og:type\" content=\"article\" \/>\n<meta property=\"og:title\" content=\"A\u00e7\u00e3o sa\u00fade agita a comunidade S\u00e3o Miguel Arcanjo - O Arcanjo no ar\" \/>\n<meta property=\"og:description\" content=\"No domingo, 18 de mar\u00e7o, especialistas da \u00e1rea m\u00e9dica da Universidade S\u00e3o Judas, realizaram\u00a0exames de sa\u00fade, avalia\u00e7\u00e3o e orienta\u00e7\u00e3o nutricional nos participantes das missas da Par\u00f3quia S\u00e3o Miguel Arcanjo. A a\u00e7\u00e3o concreta da Campanha da Fraternidade 2012, que tinha como objetivo alertar para a necessidade de cuidado com a sa\u00fade, contou com a participa\u00e7\u00e3o de [&hellip;]\" \/>\n<meta property=\"og:url\" content=\"https:\/\/www.oarcanjo.net\/site\/acao-saude-agita-a-comunidade-sao-miguel-arcanjo\/\" \/>\n<meta property=\"og:site_name\" content=\"O Arcanjo no ar\" \/>\n<meta property=\"article:publisher\" content=\"https:\/\/www.facebook.com\/OArcanjoNoAr\/\" \/>\n<meta property=\"article:published_time\" content=\"2012-03-21T11:50:05+00:00\" \/>\n<meta property=\"article:modified_time\" content=\"2012-03-22T02:45:35+00:00\" \/>\n<meta property=\"og:image\" content=\"http:\/\/www.oarcanjo.net\/site\/wp-content\/uploads\/prato-saudavel.jpg\" \/>\n<meta name=\"author\" content=\"editor\" \/>\n<meta name=\"twitter:card\" content=\"summary_large_image\" \/>\n<meta name=\"twitter:label1\" content=\"Escrito por\" \/>\n\t<meta name=\"twitter:data1\" content=\"editor\" \/>\n\t<meta name=\"twitter:label2\" content=\"Est. tempo de leitura\" \/>\n\t<meta name=\"twitter:data2\" content=\"1 minuto\" \/>\n<script type=\"application\/ld+json\" class=\"yoast-schema-graph\">{\"@context\":\"https:\/\/schema.org\",\"@graph\":[{\"@type\":\"Article\",\"@id\":\"https:\/\/www.oarcanjo.net\/site\/acao-saude-agita-a-comunidade-sao-miguel-arcanjo\/#article\",\"isPartOf\":{\"@id\":\"https:\/\/www.oarcanjo.net\/site\/acao-saude-agita-a-comunidade-sao-miguel-arcanjo\/\"},\"author\":{\"name\":\"editor\",\"@id\":\"https:\/\/www.oarcanjo.net\/site\/#\/schema\/person\/f7024d007863202483a31326673a0838\"},\"headline\":\"A\u00e7\u00e3o sa\u00fade agita a comunidade S\u00e3o Miguel Arcanjo\",\"datePublished\":\"2012-03-21T11:50:05+00:00\",\"dateModified\":\"2012-03-22T02:45:35+00:00\",\"mainEntityOfPage\":{\"@id\":\"https:\/\/www.oarcanjo.net\/site\/acao-saude-agita-a-comunidade-sao-miguel-arcanjo\/\"},\"wordCount\":159,\"commentCount\":0,\"publisher\":{\"@id\":\"https:\/\/www.oarcanjo.net\/site\/#organization\"},\"image\":{\"@id\":\"https:\/\/www.oarcanjo.net\/site\/acao-saude-agita-a-comunidade-sao-miguel-arcanjo\/#primaryimage\"},\"thumbnailUrl\":\"http:\/\/www.oarcanjo.net\/site\/wp-content\/uploads\/prato-saudavel.jpg\",\"articleSection\":[\"Destaques\",\"Not\u00edcias\"],\"inLanguage\":\"pt-BR\",\"potentialAction\":[{\"@type\":\"CommentAction\",\"name\":\"Comment\",\"target\":[\"https:\/\/www.oarcanjo.net\/site\/acao-saude-agita-a-comunidade-sao-miguel-arcanjo\/#respond\"]}]},{\"@type\":\"WebPage\",\"@id\":\"https:\/\/www.oarcanjo.net\/site\/acao-saude-agita-a-comunidade-sao-miguel-arcanjo\/\",\"url\":\"https:\/\/www.oarcanjo.net\/site\/acao-saude-agita-a-comunidade-sao-miguel-arcanjo\/\",\"name\":\"A\u00e7\u00e3o sa\u00fade agita a comunidade S\u00e3o Miguel Arcanjo - O Arcanjo no ar\",\"isPartOf\":{\"@id\":\"https:\/\/www.oarcanjo.net\/site\/#website\"},\"primaryImageOfPage\":{\"@id\":\"https:\/\/www.oarcanjo.net\/site\/acao-saude-agita-a-comunidade-sao-miguel-arcanjo\/#primaryimage\"},\"image\":{\"@id\":\"https:\/\/www.oarcanjo.net\/site\/acao-saude-agita-a-comunidade-sao-miguel-arcanjo\/#primaryimage\"},\"thumbnailUrl\":\"http:\/\/www.oarcanjo.net\/site\/wp-content\/uploads\/prato-saudavel.jpg\",\"datePublished\":\"2012-03-21T11:50:05+00:00\",\"dateModified\":\"2012-03-22T02:45:35+00:00\",\"breadcrumb\":{\"@id\":\"https:\/\/www.oarcanjo.net\/site\/acao-saude-agita-a-comunidade-sao-miguel-arcanjo\/#breadcrumb\"},\"inLanguage\":\"pt-BR\",\"potentialAction\":[{\"@type\":\"ReadAction\",\"target\":[\"https:\/\/www.oarcanjo.net\/site\/acao-saude-agita-a-comunidade-sao-miguel-arcanjo\/\"]}]},{\"@type\":\"ImageObject\",\"inLanguage\":\"pt-BR\",\"@id\":\"https:\/\/www.oarcanjo.net\/site\/acao-saude-agita-a-comunidade-sao-miguel-arcanjo\/#primaryimage\",\"url\":\"https:\/\/www.oarcanjo.net\/site\/wp-content\/uploads\/prato-saudavel.jpg\",\"contentUrl\":\"https:\/\/www.oarcanjo.net\/site\/wp-content\/uploads\/prato-saudavel.jpg\",\"width\":\"450\",\"height\":\"447\",\"caption\":\"Prato saud\u00e1vel\"},{\"@type\":\"BreadcrumbList\",\"@id\":\"https:\/\/www.oarcanjo.net\/site\/acao-saude-agita-a-comunidade-sao-miguel-arcanjo\/#breadcrumb\",\"itemListElement\":[{\"@type\":\"ListItem\",\"position\":1,\"name\":\"In\u00edcio\",\"item\":\"https:\/\/www.oarcanjo.net\/site\/\"},{\"@type\":\"ListItem\",\"position\":2,\"name\":\"A\u00e7\u00e3o sa\u00fade agita a comunidade S\u00e3o Miguel Arcanjo\"}]},{\"@type\":\"WebSite\",\"@id\":\"https:\/\/www.oarcanjo.net\/site\/#website\",\"url\":\"https:\/\/www.oarcanjo.net\/site\/\",\"name\":\"O Arcanjo no ar\",\"description\":\"Site da Par\u00f3quia S\u00e3o Miguel Arcanjo (Arquidiocese de SP)\",\"publisher\":{\"@id\":\"https:\/\/www.oarcanjo.net\/site\/#organization\"},\"potentialAction\":[{\"@type\":\"SearchAction\",\"target\":{\"@type\":\"EntryPoint\",\"urlTemplate\":\"https:\/\/www.oarcanjo.net\/site\/?s={search_term_string}\"},\"query-input\":{\"@type\":\"PropertyValueSpecification\",\"valueRequired\":true,\"valueName\":\"search_term_string\"}}],\"inLanguage\":\"pt-BR\"},{\"@type\":\"Organization\",\"@id\":\"https:\/\/www.oarcanjo.net\/site\/#organization\",\"name\":\"Par\u00f3quia S\u00e3o Miguel Arcanjo\",\"url\":\"https:\/\/www.oarcanjo.net\/site\/\",\"logo\":{\"@type\":\"ImageObject\",\"inLanguage\":\"pt-BR\",\"@id\":\"https:\/\/www.oarcanjo.net\/site\/#\/schema\/logo\/image\/\",\"url\":\"https:\/\/www.oarcanjo.net\/site\/wp-content\/uploads\/LogoOArcanjo.png\",\"contentUrl\":\"https:\/\/www.oarcanjo.net\/site\/wp-content\/uploads\/LogoOArcanjo.png\",\"width\":319,\"height\":99,\"caption\":\"Par\u00f3quia S\u00e3o Miguel Arcanjo\"},\"image\":{\"@id\":\"https:\/\/www.oarcanjo.net\/site\/#\/schema\/logo\/image\/\"},\"sameAs\":[\"https:\/\/www.facebook.com\/OArcanjoNoAr\/\"]},{\"@type\":\"Person\",\"@id\":\"https:\/\/www.oarcanjo.net\/site\/#\/schema\/person\/f7024d007863202483a31326673a0838\",\"name\":\"editor\",\"sameAs\":[\"http:\/\/www.oarcanjo.net\"]}]}<\/script>\n<!-- \/ Yoast SEO plugin. -->","yoast_head_json":{"title":"A\u00e7\u00e3o sa\u00fade agita a comunidade S\u00e3o Miguel Arcanjo - O Arcanjo no ar","robots":{"index":"index","follow":"follow","max-snippet":"max-snippet:-1","max-image-preview":"max-image-preview:large","max-video-preview":"max-video-preview:-1"},"canonical":"https:\/\/www.oarcanjo.net\/site\/acao-saude-agita-a-comunidade-sao-miguel-arcanjo\/","og_locale":"pt_BR","og_type":"article","og_title":"A\u00e7\u00e3o sa\u00fade agita a comunidade S\u00e3o Miguel Arcanjo - O Arcanjo no ar","og_description":"No domingo, 18 de mar\u00e7o, especialistas da \u00e1rea m\u00e9dica da Universidade S\u00e3o Judas, realizaram\u00a0exames de sa\u00fade, avalia\u00e7\u00e3o e orienta\u00e7\u00e3o nutricional nos participantes das missas da Par\u00f3quia S\u00e3o Miguel Arcanjo. A a\u00e7\u00e3o concreta da Campanha da Fraternidade 2012, que tinha como objetivo alertar para a necessidade de cuidado com a sa\u00fade, contou com a participa\u00e7\u00e3o de [&hellip;]","og_url":"https:\/\/www.oarcanjo.net\/site\/acao-saude-agita-a-comunidade-sao-miguel-arcanjo\/","og_site_name":"O Arcanjo no ar","article_publisher":"https:\/\/www.facebook.com\/OArcanjoNoAr\/","article_published_time":"2012-03-21T11:50:05+00:00","article_modified_time":"2012-03-22T02:45:35+00:00","og_image":[{"url":"http:\/\/www.oarcanjo.net\/site\/wp-content\/uploads\/prato-saudavel.jpg"}],"author":"editor","twitter_card":"summary_large_image","twitter_misc":{"Escrito por":"editor","Est. tempo de leitura":"1 minuto"},"schema":{"@context":"https:\/\/schema.org","@graph":[{"@type":"Article","@id":"https:\/\/www.oarcanjo.net\/site\/acao-saude-agita-a-comunidade-sao-miguel-arcanjo\/#article","isPartOf":{"@id":"https:\/\/www.oarcanjo.net\/site\/acao-saude-agita-a-comunidade-sao-miguel-arcanjo\/"},"author":{"name":"editor","@id":"https:\/\/www.oarcanjo.net\/site\/#\/schema\/person\/f7024d007863202483a31326673a0838"},"headline":"A\u00e7\u00e3o sa\u00fade agita a comunidade S\u00e3o Miguel Arcanjo","datePublished":"2012-03-21T11:50:05+00:00","dateModified":"2012-03-22T02:45:35+00:00","mainEntityOfPage":{"@id":"https:\/\/www.oarcanjo.net\/site\/acao-saude-agita-a-comunidade-sao-miguel-arcanjo\/"},"wordCount":159,"commentCount":0,"publisher":{"@id":"https:\/\/www.oarcanjo.net\/site\/#organization"},"image":{"@id":"https:\/\/www.oarcanjo.net\/site\/acao-saude-agita-a-comunidade-sao-miguel-arcanjo\/#primaryimage"},"thumbnailUrl":"http:\/\/www.oarcanjo.net\/site\/wp-content\/uploads\/prato-saudavel.jpg","articleSection":["Destaques","Not\u00edcias"],"inLanguage":"pt-BR","potentialAction":[{"@type":"CommentAction","name":"Comment","target":["https:\/\/www.oarcanjo.net\/site\/acao-saude-agita-a-comunidade-sao-miguel-arcanjo\/#respond"]}]},{"@type":"WebPage","@id":"https:\/\/www.oarcanjo.net\/site\/acao-saude-agita-a-comunidade-sao-miguel-arcanjo\/","url":"https:\/\/www.oarcanjo.net\/site\/acao-saude-agita-a-comunidade-sao-miguel-arcanjo\/","name":"A\u00e7\u00e3o sa\u00fade agita a comunidade S\u00e3o Miguel Arcanjo - O Arcanjo no ar","isPartOf":{"@id":"https:\/\/www.oarcanjo.net\/site\/#website"},"primaryImageOfPage":{"@id":"https:\/\/www.oarcanjo.net\/site\/acao-saude-agita-a-comunidade-sao-miguel-arcanjo\/#primaryimage"},"image":{"@id":"https:\/\/www.oarcanjo.net\/site\/acao-saude-agita-a-comunidade-sao-miguel-arcanjo\/#primaryimage"},"thumbnailUrl":"http:\/\/www.oarcanjo.net\/site\/wp-content\/uploads\/prato-saudavel.jpg","datePublished":"2012-03-21T11:50:05+00:00","dateModified":"2012-03-22T02:45:35+00:00","breadcrumb":{"@id":"https:\/\/www.oarcanjo.net\/site\/acao-saude-agita-a-comunidade-sao-miguel-arcanjo\/#breadcrumb"},"inLanguage":"pt-BR","potentialAction":[{"@type":"ReadAction","target":["https:\/\/www.oarcanjo.net\/site\/acao-saude-agita-a-comunidade-sao-miguel-arcanjo\/"]}]},{"@type":"ImageObject","inLanguage":"pt-BR","@id":"https:\/\/www.oarcanjo.net\/site\/acao-saude-agita-a-comunidade-sao-miguel-arcanjo\/#primaryimage","url":"https:\/\/www.oarcanjo.net\/site\/wp-content\/uploads\/prato-saudavel.jpg","contentUrl":"https:\/\/www.oarcanjo.net\/site\/wp-content\/uploads\/prato-saudavel.jpg","width":"450","height":"447","caption":"Prato saud\u00e1vel"},{"@type":"BreadcrumbList","@id":"https:\/\/www.oarcanjo.net\/site\/acao-saude-agita-a-comunidade-sao-miguel-arcanjo\/#breadcrumb","itemListElement":[{"@type":"ListItem","position":1,"name":"In\u00edcio","item":"https:\/\/www.oarcanjo.net\/site\/"},{"@type":"ListItem","position":2,"name":"A\u00e7\u00e3o sa\u00fade agita a comunidade S\u00e3o Miguel Arcanjo"}]},{"@type":"WebSite","@id":"https:\/\/www.oarcanjo.net\/site\/#website","url":"https:\/\/www.oarcanjo.net\/site\/","name":"O Arcanjo no ar","description":"Site da Par\u00f3quia S\u00e3o Miguel Arcanjo (Arquidiocese de SP)","publisher":{"@id":"https:\/\/www.oarcanjo.net\/site\/#organization"},"potentialAction":[{"@type":"SearchAction","target":{"@type":"EntryPoint","urlTemplate":"https:\/\/www.oarcanjo.net\/site\/?s={search_term_string}"},"query-input":{"@type":"PropertyValueSpecification","valueRequired":true,"valueName":"search_term_string"}}],"inLanguage":"pt-BR"},{"@type":"Organization","@id":"https:\/\/www.oarcanjo.net\/site\/#organization","name":"Par\u00f3quia S\u00e3o Miguel Arcanjo","url":"https:\/\/www.oarcanjo.net\/site\/","logo":{"@type":"ImageObject","inLanguage":"pt-BR","@id":"https:\/\/www.oarcanjo.net\/site\/#\/schema\/logo\/image\/","url":"https:\/\/www.oarcanjo.net\/site\/wp-content\/uploads\/LogoOArcanjo.png","contentUrl":"https:\/\/www.oarcanjo.net\/site\/wp-content\/uploads\/LogoOArcanjo.png","width":319,"height":99,"caption":"Par\u00f3quia S\u00e3o Miguel Arcanjo"},"image":{"@id":"https:\/\/www.oarcanjo.net\/site\/#\/schema\/logo\/image\/"},"sameAs":["https:\/\/www.facebook.com\/OArcanjoNoAr\/"]},{"@type":"Person","@id":"https:\/\/www.oarcanjo.net\/site\/#\/schema\/person\/f7024d007863202483a31326673a0838","name":"editor","sameAs":["http:\/\/www.oarcanjo.net"]}]}},"publishpress_future_action":{"enabled":false,"date":"2026-05-09 07:24:56","action":"category","newStatus":"draft","terms":[],"taxonomy":"category"},"publishpress_future_workflow_manual_trigger":{"enabledWorkflows":[]},"_links":{"self":[{"href":"https:\/\/www.oarcanjo.net\/site\/wp-json\/wp\/v2\/posts\/17766"}],"collection":[{"href":"https:\/\/www.oarcanjo.net\/site\/wp-json\/wp\/v2\/posts"}],"about":[{"href":"https:\/\/www.oarcanjo.net\/site\/wp-json\/wp\/v2\/types\/post"}],"author":[{"embeddable":true,"href":"https:\/\/www.oarcanjo.net\/site\/wp-json\/wp\/v2\/users\/5"}],"replies":[{"embeddable":true,"href":"https:\/\/www.oarcanjo.net\/site\/wp-json\/wp\/v2\/comments?post=17766"}],"version-history":[{"count":0,"href":"https:\/\/www.oarcanjo.net\/site\/wp-json\/wp\/v2\/posts\/17766\/revisions"}],"wp:attachment":[{"href":"https:\/\/www.oarcanjo.net\/site\/wp-json\/wp\/v2\/media?parent=17766"}],"wp:term":[{"taxonomy":"category","embeddable":true,"href":"https:\/\/www.oarcanjo.net\/site\/wp-json\/wp\/v2\/categories?post=17766"},{"taxonomy":"post_tag","embeddable":true,"href":"https:\/\/www.oarcanjo.net\/site\/wp-json\/wp\/v2\/tags?post=17766"}],"curies":[{"name":"wp","href":"https:\/\/api.w.org\/{rel}","templated":true}]}}