
{"id":1788,"date":"2009-02-08T13:55:21","date_gmt":"2009-02-08T15:55:21","guid":{"rendered":"http:\/\/www.oarcanjo.net\/site\/?p=1788"},"modified":"2009-02-08T13:55:21","modified_gmt":"2009-02-08T15:55:21","slug":"crise-mundial-e-migracao","status":"publish","type":"post","link":"https:\/\/www.oarcanjo.net\/site\/crise-mundial-e-migracao\/","title":{"rendered":"Crise mundial e migra\u00e7\u00e3o"},"content":{"rendered":"<p>Pe. Alfredo J. Gon\u00e7alves<\/p>\n<p>Estima-se que a crise da economia mundial em curso leve 10 milh\u00f5es de imigrantes a retornarem a seus pa\u00edses de origem. Hoje cerca de 200 milh\u00f5es de pessoas residem fora do pa\u00eds em que nasceu. Se somarmos a esses n\u00fameros os migrantes internos e tempor\u00e1rios, as cifras sobem a centenas de milh\u00f5es. Nos tempos atuais \u00e9 raro o pa\u00eds que n\u00e3o esteja envolvido no fen\u00f4meno da mobilidade humana, seja como lugar de origem, de destino ou de tr\u00e2nsito, quando n\u00e3o \u00e9 tudo isso ao mesmo tempo. Todo um povo em movimento e em todas as dire\u00e7\u00f5es, o chamado quarto mundo, sem raiz e sem p\u00e1tria.<\/p>\n<p>Atualmente algumas caracter\u00edsticas marcam esse fen\u00f4meno. A primeira delas \u00e9 o crescimento de mulheres e a preponder\u00e2ncia de jovens que buscam um futuro mais promissor. Deve-se acentuar tamb\u00e9m o crescente n\u00famero do que se poderia chamar de &#8220;refugiados clim\u00e1ticos ou ambientais&#8221;. S\u00e3o as v\u00edtimas de enchentes, inunda\u00e7\u00f5es, furac\u00f5es, estiagens, inc\u00eandios, etc., rea\u00e7\u00f5es violentas de uma natureza cada vez mais agredida pelo modelo econ\u00f4mico e pol\u00edtico de explora\u00e7\u00e3o dos recursos naturais. A \u00c1sia tem sido o continente que mais produz esse tipo de refugiado. Mas ela n\u00e3o est\u00e1 s\u00f3! Outras regi\u00f5es do planeta sofrem com o aquecimento global, a devasta\u00e7\u00e3o e desertifica\u00e7\u00e3o do solo, a contamina\u00e7\u00e3o do ar e das \u00e1guas, a for\u00e7a das tempestades e dos ventos, etc. Tamb\u00e9m estes refugiados j\u00e1 se contam aos milh\u00f5es.<\/p>\n<p>Mas as imagens recentes do massacre de Israel sobre o povo palestino, na faixa de Gaza, n\u00e3o deixam d\u00favidas quando ao outro tipo de refugiados. Igualmente aos milh\u00f5es tentam, muitas vezes em v\u00e3o, fugir da guerra, da persegui\u00e7\u00e3o pol\u00edtica ou mesmo de conflitos internos. Basta citar aqui, al\u00e9m do Oriente M\u00e9dio, v\u00e1rios pa\u00edses africanos e asi\u00e1ticos, tais como Congo, Som\u00e1lia, Zimb\u00e1bue, Senegal e Serra Leoa, de um lado, Afeganist\u00e3o, Iraque e Paquist\u00e3o, de outro. Ou ent\u00e3o aqueles que, na Col\u00f4mbia, escapam do fogo cruzado entre as for\u00e7as do ex\u00e9rcito e as mil\u00edcias das FARC, muitos deles refugiando-se no norte do Brasil, no Peru e no Chile.<\/p>\n<p>Tanto os refugiados clim\u00e1ticos quanto os refugiados pol\u00edticos t\u00eam o destino marcado por um selo tr\u00e1gico: n\u00e3o podem voltar atr\u00e1s. Diferentemente dos &#8220;migrantes econ\u00f4mico-sociais&#8221;, eles s\u00e3o for\u00e7ados a caminhar sempre para frente. As ra\u00edzes lhes foram decepadas de uma vez por todas. A p\u00e1tria de origem ou encontra-se devastada ou representa um perigo constante. Um inimigo de mil olhos hostis os vigia por todos os lados. Ao inv\u00e9s de cidad\u00e3os com seus direitos e deveres, carregam o estigma de ter que esmolar o &#8220;asilo pol\u00edtico&#8221;. Sendo a na\u00e7\u00e3o de origem o lugar mais amea\u00e7ador, convertem-se em estrangeiros para sempre!<\/p>\n<p>Entretanto, voltando \u00e0s v\u00edtimas da crise em curso, o que dizer dos retornados ou amea\u00e7ados de retorno? Muitos deles j\u00e1 sofriam as condi\u00e7\u00f5es de clandestinidade e de precariedade, como estrangeiros fora de casa e da p\u00e1tria. Dessa condi\u00e7\u00e3o, como sabemos, derivam as dificuldades para o acesso ao trabalho, \u00e0 moradia, \u00e0 escola, \u00e0 sa\u00fade, entre outros direitos. Agora, tendem a ser os primeiros atingidos pela instabilidade econ\u00f4mica mundial. Em tempos de dificuldades, evidente que cada pa\u00eds trata de defender, em primeiro lugar, seus cidad\u00e3os. Qual ser\u00e1 o futuro dos latino-americanos, africanos e asi\u00e1ticos nos Estados Unidos, Europa, Jap\u00e3o e Austr\u00e1lia? E dos imigrantes que residem nos pa\u00edses pobres, como por exemplo &#8220;nuestros hermanos&#8221; hispano-americanos em Porto Alegre, Curitiba, Manaus, S\u00e3o Paulo, Rio de Janeiro, Corumb\u00e1, etc.?<\/p>\n<p>N\u00e3o h\u00e1 d\u00favida que um dos efeitos da atual crise \u00e9 o aumento consider\u00e1vel desses errantes, fugitivos e famintos num mundo que produz e desperdi\u00e7a com velocidade crescente. Nossa civiliza\u00e7\u00e3o ocidental \u00e9 marcada pelo &#8220;time is money&#8221;. A raz\u00e3o, calculadora, matem\u00e1tica e instrumental, (para usar os conceitos de GALIMBERTI, Umberto. Il Tramonto dell\u2019Occidente, Feltrinelli Editora, Milano, It\u00e1lia, 2005) tornou-se perita em rela\u00e7\u00e3o aos n\u00fameros do d\u00f3lar, da bolsa de valores, dos lucros e do capital, mas, ao mesmo tempo, cega e m\u00edope diante do n\u00famero dos pobres e miser\u00e1veis que ficam \u00e0 margem do caminho. Estes que, migrando de um lado para outro, tentam a todo custo sobreviver das migalhas que caem da mesa dos ricos.<\/p>\n<p>Felizmente os imigrantes n\u00e3o s\u00e3o apenas v\u00edtimas. S\u00e3o tamb\u00e9m sujeitos, protagonistas de novos tempos. O fato de se deslocarem permanentemente, denuncia um mundo que nega a cidadania a milh\u00f5es de seres humanos e, simultaneamente, anuncia a necessidades de mudan\u00e7as profundas nas rela\u00e7\u00f5es s\u00f3cio-econ\u00f4micas nacionais e internacionais. A pr\u00f3pria condi\u00e7\u00e3o de migrantes os faz profetas de um amanh\u00e3 recriado, ao mesmo tempo que as remessas enviadas aos familiares indicam que a solidariedade \u00e9 capaz de vencer o imp\u00e9rio do &#8220;evangelho liberal e capitalista&#8221;.<\/p>\n<div id=\"themify_builder_content-1788\" data-postid=\"1788\" class=\"themify_builder_content themify_builder_content-1788 themify_builder themify_builder_front\">\n\t<\/div>\n<!-- \/themify_builder_content -->","protected":false},"excerpt":{"rendered":"<p>Pe. Alfredo J. Gon\u00e7alves Estima-se que a crise da economia mundial em curso leve 10 milh\u00f5es de imigrantes a retornarem a seus pa\u00edses de origem. Hoje cerca de 200 milh\u00f5es de pessoas residem fora do pa\u00eds em que nasceu. Se somarmos a esses n\u00fameros os migrantes internos e tempor\u00e1rios, as cifras sobem a centenas de [&hellip;]<\/p>\n","protected":false},"author":5,"featured_media":0,"comment_status":"open","ping_status":"open","sticky":false,"template":"","format":"standard","meta":{"ngg_post_thumbnail":0,"footnotes":""},"categories":[9],"tags":[36,240],"yoast_head":"<!-- This site is optimized with the Yoast SEO plugin v23.5 - https:\/\/yoast.com\/wordpress\/plugins\/seo\/ -->\n<title>Crise mundial e migra\u00e7\u00e3o - O Arcanjo no ar<\/title>\n<meta name=\"robots\" content=\"index, follow, max-snippet:-1, max-image-preview:large, max-video-preview:-1\" \/>\n<link rel=\"canonical\" href=\"https:\/\/www.oarcanjo.net\/site\/crise-mundial-e-migracao\/\" \/>\n<meta property=\"og:locale\" content=\"pt_BR\" \/>\n<meta property=\"og:type\" content=\"article\" \/>\n<meta property=\"og:title\" content=\"Crise mundial e migra\u00e7\u00e3o - O Arcanjo no ar\" \/>\n<meta property=\"og:description\" content=\"Pe. Alfredo J. Gon\u00e7alves Estima-se que a crise da economia mundial em curso leve 10 milh\u00f5es de imigrantes a retornarem a seus pa\u00edses de origem. Hoje cerca de 200 milh\u00f5es de pessoas residem fora do pa\u00eds em que nasceu. Se somarmos a esses n\u00fameros os migrantes internos e tempor\u00e1rios, as cifras sobem a centenas de [&hellip;]\" \/>\n<meta property=\"og:url\" content=\"https:\/\/www.oarcanjo.net\/site\/crise-mundial-e-migracao\/\" \/>\n<meta property=\"og:site_name\" content=\"O Arcanjo no ar\" \/>\n<meta property=\"article:publisher\" content=\"https:\/\/www.facebook.com\/OArcanjoNoAr\/\" \/>\n<meta property=\"article:published_time\" content=\"2009-02-08T15:55:21+00:00\" \/>\n<meta property=\"og:image\" content=\"https:\/\/www.oarcanjo.net\/site\/wp-content\/uploads\/logo-o-arcanjo-no-ar-facebook.png\" \/>\n\t<meta property=\"og:image:width\" content=\"300\" \/>\n\t<meta property=\"og:image:height\" content=\"300\" \/>\n\t<meta property=\"og:image:type\" content=\"image\/png\" \/>\n<meta name=\"author\" content=\"editor\" \/>\n<meta name=\"twitter:card\" content=\"summary_large_image\" \/>\n<meta name=\"twitter:label1\" content=\"Escrito por\" \/>\n\t<meta name=\"twitter:data1\" content=\"editor\" \/>\n\t<meta name=\"twitter:label2\" content=\"Est. tempo de leitura\" \/>\n\t<meta name=\"twitter:data2\" content=\"4 minutos\" \/>\n<script type=\"application\/ld+json\" class=\"yoast-schema-graph\">{\"@context\":\"https:\/\/schema.org\",\"@graph\":[{\"@type\":\"Article\",\"@id\":\"https:\/\/www.oarcanjo.net\/site\/crise-mundial-e-migracao\/#article\",\"isPartOf\":{\"@id\":\"https:\/\/www.oarcanjo.net\/site\/crise-mundial-e-migracao\/\"},\"author\":{\"name\":\"editor\",\"@id\":\"https:\/\/www.oarcanjo.net\/site\/#\/schema\/person\/f7024d007863202483a31326673a0838\"},\"headline\":\"Crise mundial e migra\u00e7\u00e3o\",\"datePublished\":\"2009-02-08T15:55:21+00:00\",\"dateModified\":\"2009-02-08T15:55:21+00:00\",\"mainEntityOfPage\":{\"@id\":\"https:\/\/www.oarcanjo.net\/site\/crise-mundial-e-migracao\/\"},\"wordCount\":872,\"commentCount\":0,\"publisher\":{\"@id\":\"https:\/\/www.oarcanjo.net\/site\/#organization\"},\"keywords\":[\"crise\",\"migra\u00e7\u00e3o\"],\"articleSection\":[\"Reflex\u00f5es\"],\"inLanguage\":\"pt-BR\",\"potentialAction\":[{\"@type\":\"CommentAction\",\"name\":\"Comment\",\"target\":[\"https:\/\/www.oarcanjo.net\/site\/crise-mundial-e-migracao\/#respond\"]}]},{\"@type\":\"WebPage\",\"@id\":\"https:\/\/www.oarcanjo.net\/site\/crise-mundial-e-migracao\/\",\"url\":\"https:\/\/www.oarcanjo.net\/site\/crise-mundial-e-migracao\/\",\"name\":\"Crise mundial e migra\u00e7\u00e3o - O Arcanjo no ar\",\"isPartOf\":{\"@id\":\"https:\/\/www.oarcanjo.net\/site\/#website\"},\"datePublished\":\"2009-02-08T15:55:21+00:00\",\"dateModified\":\"2009-02-08T15:55:21+00:00\",\"breadcrumb\":{\"@id\":\"https:\/\/www.oarcanjo.net\/site\/crise-mundial-e-migracao\/#breadcrumb\"},\"inLanguage\":\"pt-BR\",\"potentialAction\":[{\"@type\":\"ReadAction\",\"target\":[\"https:\/\/www.oarcanjo.net\/site\/crise-mundial-e-migracao\/\"]}]},{\"@type\":\"BreadcrumbList\",\"@id\":\"https:\/\/www.oarcanjo.net\/site\/crise-mundial-e-migracao\/#breadcrumb\",\"itemListElement\":[{\"@type\":\"ListItem\",\"position\":1,\"name\":\"In\u00edcio\",\"item\":\"https:\/\/www.oarcanjo.net\/site\/\"},{\"@type\":\"ListItem\",\"position\":2,\"name\":\"Crise mundial e migra\u00e7\u00e3o\"}]},{\"@type\":\"WebSite\",\"@id\":\"https:\/\/www.oarcanjo.net\/site\/#website\",\"url\":\"https:\/\/www.oarcanjo.net\/site\/\",\"name\":\"O Arcanjo no ar\",\"description\":\"Site da Par\u00f3quia S\u00e3o Miguel Arcanjo (Arquidiocese de SP)\",\"publisher\":{\"@id\":\"https:\/\/www.oarcanjo.net\/site\/#organization\"},\"potentialAction\":[{\"@type\":\"SearchAction\",\"target\":{\"@type\":\"EntryPoint\",\"urlTemplate\":\"https:\/\/www.oarcanjo.net\/site\/?s={search_term_string}\"},\"query-input\":{\"@type\":\"PropertyValueSpecification\",\"valueRequired\":true,\"valueName\":\"search_term_string\"}}],\"inLanguage\":\"pt-BR\"},{\"@type\":\"Organization\",\"@id\":\"https:\/\/www.oarcanjo.net\/site\/#organization\",\"name\":\"Par\u00f3quia S\u00e3o Miguel Arcanjo\",\"url\":\"https:\/\/www.oarcanjo.net\/site\/\",\"logo\":{\"@type\":\"ImageObject\",\"inLanguage\":\"pt-BR\",\"@id\":\"https:\/\/www.oarcanjo.net\/site\/#\/schema\/logo\/image\/\",\"url\":\"https:\/\/www.oarcanjo.net\/site\/wp-content\/uploads\/LogoOArcanjo.png\",\"contentUrl\":\"https:\/\/www.oarcanjo.net\/site\/wp-content\/uploads\/LogoOArcanjo.png\",\"width\":319,\"height\":99,\"caption\":\"Par\u00f3quia S\u00e3o Miguel Arcanjo\"},\"image\":{\"@id\":\"https:\/\/www.oarcanjo.net\/site\/#\/schema\/logo\/image\/\"},\"sameAs\":[\"https:\/\/www.facebook.com\/OArcanjoNoAr\/\"]},{\"@type\":\"Person\",\"@id\":\"https:\/\/www.oarcanjo.net\/site\/#\/schema\/person\/f7024d007863202483a31326673a0838\",\"name\":\"editor\",\"sameAs\":[\"http:\/\/www.oarcanjo.net\"]}]}<\/script>\n<!-- \/ Yoast SEO plugin. -->","yoast_head_json":{"title":"Crise mundial e migra\u00e7\u00e3o - O Arcanjo no ar","robots":{"index":"index","follow":"follow","max-snippet":"max-snippet:-1","max-image-preview":"max-image-preview:large","max-video-preview":"max-video-preview:-1"},"canonical":"https:\/\/www.oarcanjo.net\/site\/crise-mundial-e-migracao\/","og_locale":"pt_BR","og_type":"article","og_title":"Crise mundial e migra\u00e7\u00e3o - O Arcanjo no ar","og_description":"Pe. Alfredo J. Gon\u00e7alves Estima-se que a crise da economia mundial em curso leve 10 milh\u00f5es de imigrantes a retornarem a seus pa\u00edses de origem. Hoje cerca de 200 milh\u00f5es de pessoas residem fora do pa\u00eds em que nasceu. Se somarmos a esses n\u00fameros os migrantes internos e tempor\u00e1rios, as cifras sobem a centenas de [&hellip;]","og_url":"https:\/\/www.oarcanjo.net\/site\/crise-mundial-e-migracao\/","og_site_name":"O Arcanjo no ar","article_publisher":"https:\/\/www.facebook.com\/OArcanjoNoAr\/","article_published_time":"2009-02-08T15:55:21+00:00","og_image":[{"width":300,"height":300,"url":"https:\/\/www.oarcanjo.net\/site\/wp-content\/uploads\/logo-o-arcanjo-no-ar-facebook.png","type":"image\/png"}],"author":"editor","twitter_card":"summary_large_image","twitter_misc":{"Escrito por":"editor","Est. tempo de leitura":"4 minutos"},"schema":{"@context":"https:\/\/schema.org","@graph":[{"@type":"Article","@id":"https:\/\/www.oarcanjo.net\/site\/crise-mundial-e-migracao\/#article","isPartOf":{"@id":"https:\/\/www.oarcanjo.net\/site\/crise-mundial-e-migracao\/"},"author":{"name":"editor","@id":"https:\/\/www.oarcanjo.net\/site\/#\/schema\/person\/f7024d007863202483a31326673a0838"},"headline":"Crise mundial e migra\u00e7\u00e3o","datePublished":"2009-02-08T15:55:21+00:00","dateModified":"2009-02-08T15:55:21+00:00","mainEntityOfPage":{"@id":"https:\/\/www.oarcanjo.net\/site\/crise-mundial-e-migracao\/"},"wordCount":872,"commentCount":0,"publisher":{"@id":"https:\/\/www.oarcanjo.net\/site\/#organization"},"keywords":["crise","migra\u00e7\u00e3o"],"articleSection":["Reflex\u00f5es"],"inLanguage":"pt-BR","potentialAction":[{"@type":"CommentAction","name":"Comment","target":["https:\/\/www.oarcanjo.net\/site\/crise-mundial-e-migracao\/#respond"]}]},{"@type":"WebPage","@id":"https:\/\/www.oarcanjo.net\/site\/crise-mundial-e-migracao\/","url":"https:\/\/www.oarcanjo.net\/site\/crise-mundial-e-migracao\/","name":"Crise mundial e migra\u00e7\u00e3o - O Arcanjo no ar","isPartOf":{"@id":"https:\/\/www.oarcanjo.net\/site\/#website"},"datePublished":"2009-02-08T15:55:21+00:00","dateModified":"2009-02-08T15:55:21+00:00","breadcrumb":{"@id":"https:\/\/www.oarcanjo.net\/site\/crise-mundial-e-migracao\/#breadcrumb"},"inLanguage":"pt-BR","potentialAction":[{"@type":"ReadAction","target":["https:\/\/www.oarcanjo.net\/site\/crise-mundial-e-migracao\/"]}]},{"@type":"BreadcrumbList","@id":"https:\/\/www.oarcanjo.net\/site\/crise-mundial-e-migracao\/#breadcrumb","itemListElement":[{"@type":"ListItem","position":1,"name":"In\u00edcio","item":"https:\/\/www.oarcanjo.net\/site\/"},{"@type":"ListItem","position":2,"name":"Crise mundial e migra\u00e7\u00e3o"}]},{"@type":"WebSite","@id":"https:\/\/www.oarcanjo.net\/site\/#website","url":"https:\/\/www.oarcanjo.net\/site\/","name":"O Arcanjo no ar","description":"Site da Par\u00f3quia S\u00e3o Miguel Arcanjo (Arquidiocese de SP)","publisher":{"@id":"https:\/\/www.oarcanjo.net\/site\/#organization"},"potentialAction":[{"@type":"SearchAction","target":{"@type":"EntryPoint","urlTemplate":"https:\/\/www.oarcanjo.net\/site\/?s={search_term_string}"},"query-input":{"@type":"PropertyValueSpecification","valueRequired":true,"valueName":"search_term_string"}}],"inLanguage":"pt-BR"},{"@type":"Organization","@id":"https:\/\/www.oarcanjo.net\/site\/#organization","name":"Par\u00f3quia S\u00e3o Miguel Arcanjo","url":"https:\/\/www.oarcanjo.net\/site\/","logo":{"@type":"ImageObject","inLanguage":"pt-BR","@id":"https:\/\/www.oarcanjo.net\/site\/#\/schema\/logo\/image\/","url":"https:\/\/www.oarcanjo.net\/site\/wp-content\/uploads\/LogoOArcanjo.png","contentUrl":"https:\/\/www.oarcanjo.net\/site\/wp-content\/uploads\/LogoOArcanjo.png","width":319,"height":99,"caption":"Par\u00f3quia S\u00e3o Miguel Arcanjo"},"image":{"@id":"https:\/\/www.oarcanjo.net\/site\/#\/schema\/logo\/image\/"},"sameAs":["https:\/\/www.facebook.com\/OArcanjoNoAr\/"]},{"@type":"Person","@id":"https:\/\/www.oarcanjo.net\/site\/#\/schema\/person\/f7024d007863202483a31326673a0838","name":"editor","sameAs":["http:\/\/www.oarcanjo.net"]}]}},"publishpress_future_action":{"enabled":false,"date":"2026-05-08 21:43:46","action":"category","newStatus":"draft","terms":[],"taxonomy":"category"},"publishpress_future_workflow_manual_trigger":{"enabledWorkflows":[]},"_links":{"self":[{"href":"https:\/\/www.oarcanjo.net\/site\/wp-json\/wp\/v2\/posts\/1788"}],"collection":[{"href":"https:\/\/www.oarcanjo.net\/site\/wp-json\/wp\/v2\/posts"}],"about":[{"href":"https:\/\/www.oarcanjo.net\/site\/wp-json\/wp\/v2\/types\/post"}],"author":[{"embeddable":true,"href":"https:\/\/www.oarcanjo.net\/site\/wp-json\/wp\/v2\/users\/5"}],"replies":[{"embeddable":true,"href":"https:\/\/www.oarcanjo.net\/site\/wp-json\/wp\/v2\/comments?post=1788"}],"version-history":[{"count":0,"href":"https:\/\/www.oarcanjo.net\/site\/wp-json\/wp\/v2\/posts\/1788\/revisions"}],"wp:attachment":[{"href":"https:\/\/www.oarcanjo.net\/site\/wp-json\/wp\/v2\/media?parent=1788"}],"wp:term":[{"taxonomy":"category","embeddable":true,"href":"https:\/\/www.oarcanjo.net\/site\/wp-json\/wp\/v2\/categories?post=1788"},{"taxonomy":"post_tag","embeddable":true,"href":"https:\/\/www.oarcanjo.net\/site\/wp-json\/wp\/v2\/tags?post=1788"}],"curies":[{"name":"wp","href":"https:\/\/api.w.org\/{rel}","templated":true}]}}