
{"id":17915,"date":"2012-04-30T00:48:13","date_gmt":"2012-04-30T03:48:13","guid":{"rendered":"http:\/\/www.oarcanjo.net\/site\/?p=17915"},"modified":"2012-04-30T00:48:13","modified_gmt":"2012-04-30T03:48:13","slug":"batizados-na-preparacao-da-primeira-eucaristia","status":"publish","type":"post","link":"https:\/\/www.oarcanjo.net\/site\/batizados-na-preparacao-da-primeira-eucaristia\/","title":{"rendered":"Batizados na prepara\u00e7\u00e3o da Primeira Eucaristia"},"content":{"rendered":"<p>Na Capela da Universidade S\u00e3o Judas Tadeu, neste dia 29\/04\/12 \u00a0crian\u00e7as da catequese foram batizadas e tamb\u00e9m a renova\u00e7\u00e3o do batismo, como prepara\u00e7\u00e3o para a Primeira Eucaristia que acontecer\u00e1 no pr\u00f3ximo domingo, 06\/05\/12.<\/p>\n<p>\u00c0s crian\u00e7as o Pe Julio acentuou os ensinamentos do Evangelho deste dia, que por sua vez nos colocam o Bom Pastor. Na sua p\u00e1gina no Facebook, tamb\u00e9m escreveu: \u201cDomingo do Bom Pastor! Compromisso pastoral de manifestar a bondade de Deus, compaix\u00e3o e amor pelos pequenos !\u201d<\/p>\n<p>Vejam as fotos<\/p>\nngg_shortcode_0_placeholder\n<div id=\"themify_builder_content-17915\" data-postid=\"17915\" class=\"themify_builder_content themify_builder_content-17915 themify_builder themify_builder_front\">\n\t<\/div>\n<!-- \/themify_builder_content -->","protected":false},"excerpt":{"rendered":"<p>Na Capela da Universidade S\u00e3o Judas Tadeu, neste dia 29\/04\/12 \u00a0crian\u00e7as da catequese foram batizadas e tamb\u00e9m a renova\u00e7\u00e3o do batismo, como prepara\u00e7\u00e3o para a Primeira Eucaristia que acontecer\u00e1 no pr\u00f3ximo domingo, 06\/05\/12. \u00c0s crian\u00e7as o Pe Julio acentuou os ensinamentos do Evangelho deste dia, que por sua vez nos colocam o Bom Pastor. Na [&hellip;]<\/p>\n","protected":false},"author":10,"featured_media":0,"comment_status":"open","ping_status":"open","sticky":false,"template":"","format":"standard","meta":{"ngg_post_thumbnail":0,"footnotes":""},"categories":[8,7],"tags":[],"yoast_head":"<!-- This site is optimized with the Yoast SEO plugin v23.5 - https:\/\/yoast.com\/wordpress\/plugins\/seo\/ -->\n<title>Batizados na prepara\u00e7\u00e3o da Primeira Eucaristia - O Arcanjo no ar<\/title>\n<meta name=\"robots\" content=\"index, follow, max-snippet:-1, max-image-preview:large, max-video-preview:-1\" \/>\n<link rel=\"canonical\" href=\"https:\/\/www.oarcanjo.net\/site\/batizados-na-preparacao-da-primeira-eucaristia\/\" \/>\n<meta property=\"og:locale\" content=\"pt_BR\" \/>\n<meta property=\"og:type\" content=\"article\" \/>\n<meta property=\"og:title\" content=\"Batizados na prepara\u00e7\u00e3o da Primeira Eucaristia - O Arcanjo no ar\" \/>\n<meta property=\"og:description\" content=\"Na Capela da Universidade S\u00e3o Judas Tadeu, neste dia 29\/04\/12 \u00a0crian\u00e7as da catequese foram batizadas e tamb\u00e9m a renova\u00e7\u00e3o do batismo, como prepara\u00e7\u00e3o para a Primeira Eucaristia que acontecer\u00e1 no pr\u00f3ximo domingo, 06\/05\/12. \u00c0s crian\u00e7as o Pe Julio acentuou os ensinamentos do Evangelho deste dia, que por sua vez nos colocam o Bom Pastor. Na [&hellip;]\" \/>\n<meta property=\"og:url\" content=\"https:\/\/www.oarcanjo.net\/site\/batizados-na-preparacao-da-primeira-eucaristia\/\" \/>\n<meta property=\"og:site_name\" content=\"O Arcanjo no ar\" \/>\n<meta property=\"article:publisher\" content=\"https:\/\/www.facebook.com\/OArcanjoNoAr\/\" \/>\n<meta property=\"article:published_time\" content=\"2012-04-30T03:48:13+00:00\" \/>\n<meta property=\"og:image\" content=\"https:\/\/www.oarcanjo.net\/site\/wp-content\/uploads\/logo-o-arcanjo-no-ar-facebook.png\" \/>\n\t<meta property=\"og:image:width\" content=\"300\" \/>\n\t<meta property=\"og:image:height\" content=\"300\" \/>\n\t<meta property=\"og:image:type\" content=\"image\/png\" \/>\n<meta name=\"author\" content=\"carlos\" \/>\n<meta name=\"twitter:card\" content=\"summary_large_image\" \/>\n<meta name=\"twitter:label1\" content=\"Escrito por\" \/>\n\t<meta name=\"twitter:data1\" content=\"carlos\" \/>\n<script type=\"application\/ld+json\" class=\"yoast-schema-graph\">{\"@context\":\"https:\/\/schema.org\",\"@graph\":[{\"@type\":\"Article\",\"@id\":\"https:\/\/www.oarcanjo.net\/site\/batizados-na-preparacao-da-primeira-eucaristia\/#article\",\"isPartOf\":{\"@id\":\"https:\/\/www.oarcanjo.net\/site\/batizados-na-preparacao-da-primeira-eucaristia\/\"},\"author\":{\"name\":\"carlos\",\"@id\":\"https:\/\/www.oarcanjo.net\/site\/#\/schema\/person\/f7870e710d8c8c30673de3a0ac2e451d\"},\"headline\":\"Batizados na prepara\u00e7\u00e3o da Primeira Eucaristia\",\"datePublished\":\"2012-04-30T03:48:13+00:00\",\"dateModified\":\"2012-04-30T03:48:13+00:00\",\"mainEntityOfPage\":{\"@id\":\"https:\/\/www.oarcanjo.net\/site\/batizados-na-preparacao-da-primeira-eucaristia\/\"},\"wordCount\":98,\"commentCount\":0,\"publisher\":{\"@id\":\"https:\/\/www.oarcanjo.net\/site\/#organization\"},\"articleSection\":[\"Not\u00edcias\",\"Rosto da comunidade\"],\"inLanguage\":\"pt-BR\",\"potentialAction\":[{\"@type\":\"CommentAction\",\"name\":\"Comment\",\"target\":[\"https:\/\/www.oarcanjo.net\/site\/batizados-na-preparacao-da-primeira-eucaristia\/#respond\"]}]},{\"@type\":\"WebPage\",\"@id\":\"https:\/\/www.oarcanjo.net\/site\/batizados-na-preparacao-da-primeira-eucaristia\/\",\"url\":\"https:\/\/www.oarcanjo.net\/site\/batizados-na-preparacao-da-primeira-eucaristia\/\",\"name\":\"Batizados na prepara\u00e7\u00e3o da Primeira Eucaristia - O Arcanjo no ar\",\"isPartOf\":{\"@id\":\"https:\/\/www.oarcanjo.net\/site\/#website\"},\"datePublished\":\"2012-04-30T03:48:13+00:00\",\"dateModified\":\"2012-04-30T03:48:13+00:00\",\"breadcrumb\":{\"@id\":\"https:\/\/www.oarcanjo.net\/site\/batizados-na-preparacao-da-primeira-eucaristia\/#breadcrumb\"},\"inLanguage\":\"pt-BR\",\"potentialAction\":[{\"@type\":\"ReadAction\",\"target\":[\"https:\/\/www.oarcanjo.net\/site\/batizados-na-preparacao-da-primeira-eucaristia\/\"]}]},{\"@type\":\"BreadcrumbList\",\"@id\":\"https:\/\/www.oarcanjo.net\/site\/batizados-na-preparacao-da-primeira-eucaristia\/#breadcrumb\",\"itemListElement\":[{\"@type\":\"ListItem\",\"position\":1,\"name\":\"In\u00edcio\",\"item\":\"https:\/\/www.oarcanjo.net\/site\/\"},{\"@type\":\"ListItem\",\"position\":2,\"name\":\"Batizados na prepara\u00e7\u00e3o da Primeira Eucaristia\"}]},{\"@type\":\"WebSite\",\"@id\":\"https:\/\/www.oarcanjo.net\/site\/#website\",\"url\":\"https:\/\/www.oarcanjo.net\/site\/\",\"name\":\"O Arcanjo no ar\",\"description\":\"Site da Par\u00f3quia S\u00e3o Miguel Arcanjo (Arquidiocese de SP)\",\"publisher\":{\"@id\":\"https:\/\/www.oarcanjo.net\/site\/#organization\"},\"potentialAction\":[{\"@type\":\"SearchAction\",\"target\":{\"@type\":\"EntryPoint\",\"urlTemplate\":\"https:\/\/www.oarcanjo.net\/site\/?s={search_term_string}\"},\"query-input\":{\"@type\":\"PropertyValueSpecification\",\"valueRequired\":true,\"valueName\":\"search_term_string\"}}],\"inLanguage\":\"pt-BR\"},{\"@type\":\"Organization\",\"@id\":\"https:\/\/www.oarcanjo.net\/site\/#organization\",\"name\":\"Par\u00f3quia S\u00e3o Miguel Arcanjo\",\"url\":\"https:\/\/www.oarcanjo.net\/site\/\",\"logo\":{\"@type\":\"ImageObject\",\"inLanguage\":\"pt-BR\",\"@id\":\"https:\/\/www.oarcanjo.net\/site\/#\/schema\/logo\/image\/\",\"url\":\"https:\/\/www.oarcanjo.net\/site\/wp-content\/uploads\/LogoOArcanjo.png\",\"contentUrl\":\"https:\/\/www.oarcanjo.net\/site\/wp-content\/uploads\/LogoOArcanjo.png\",\"width\":319,\"height\":99,\"caption\":\"Par\u00f3quia S\u00e3o Miguel Arcanjo\"},\"image\":{\"@id\":\"https:\/\/www.oarcanjo.net\/site\/#\/schema\/logo\/image\/\"},\"sameAs\":[\"https:\/\/www.facebook.com\/OArcanjoNoAr\/\"]},{\"@type\":\"Person\",\"@id\":\"https:\/\/www.oarcanjo.net\/site\/#\/schema\/person\/f7870e710d8c8c30673de3a0ac2e451d\",\"name\":\"carlos\"}]}<\/script>\n<!-- \/ Yoast SEO plugin. -->","yoast_head_json":{"title":"Batizados na prepara\u00e7\u00e3o da Primeira Eucaristia - O Arcanjo no ar","robots":{"index":"index","follow":"follow","max-snippet":"max-snippet:-1","max-image-preview":"max-image-preview:large","max-video-preview":"max-video-preview:-1"},"canonical":"https:\/\/www.oarcanjo.net\/site\/batizados-na-preparacao-da-primeira-eucaristia\/","og_locale":"pt_BR","og_type":"article","og_title":"Batizados na prepara\u00e7\u00e3o da Primeira Eucaristia - O Arcanjo no ar","og_description":"Na Capela da Universidade S\u00e3o Judas Tadeu, neste dia 29\/04\/12 \u00a0crian\u00e7as da catequese foram batizadas e tamb\u00e9m a renova\u00e7\u00e3o do batismo, como prepara\u00e7\u00e3o para a Primeira Eucaristia que acontecer\u00e1 no pr\u00f3ximo domingo, 06\/05\/12. \u00c0s crian\u00e7as o Pe Julio acentuou os ensinamentos do Evangelho deste dia, que por sua vez nos colocam o Bom Pastor. Na [&hellip;]","og_url":"https:\/\/www.oarcanjo.net\/site\/batizados-na-preparacao-da-primeira-eucaristia\/","og_site_name":"O Arcanjo no ar","article_publisher":"https:\/\/www.facebook.com\/OArcanjoNoAr\/","article_published_time":"2012-04-30T03:48:13+00:00","og_image":[{"width":300,"height":300,"url":"https:\/\/www.oarcanjo.net\/site\/wp-content\/uploads\/logo-o-arcanjo-no-ar-facebook.png","type":"image\/png"}],"author":"carlos","twitter_card":"summary_large_image","twitter_misc":{"Escrito por":"carlos"},"schema":{"@context":"https:\/\/schema.org","@graph":[{"@type":"Article","@id":"https:\/\/www.oarcanjo.net\/site\/batizados-na-preparacao-da-primeira-eucaristia\/#article","isPartOf":{"@id":"https:\/\/www.oarcanjo.net\/site\/batizados-na-preparacao-da-primeira-eucaristia\/"},"author":{"name":"carlos","@id":"https:\/\/www.oarcanjo.net\/site\/#\/schema\/person\/f7870e710d8c8c30673de3a0ac2e451d"},"headline":"Batizados na prepara\u00e7\u00e3o da Primeira Eucaristia","datePublished":"2012-04-30T03:48:13+00:00","dateModified":"2012-04-30T03:48:13+00:00","mainEntityOfPage":{"@id":"https:\/\/www.oarcanjo.net\/site\/batizados-na-preparacao-da-primeira-eucaristia\/"},"wordCount":98,"commentCount":0,"publisher":{"@id":"https:\/\/www.oarcanjo.net\/site\/#organization"},"articleSection":["Not\u00edcias","Rosto da comunidade"],"inLanguage":"pt-BR","potentialAction":[{"@type":"CommentAction","name":"Comment","target":["https:\/\/www.oarcanjo.net\/site\/batizados-na-preparacao-da-primeira-eucaristia\/#respond"]}]},{"@type":"WebPage","@id":"https:\/\/www.oarcanjo.net\/site\/batizados-na-preparacao-da-primeira-eucaristia\/","url":"https:\/\/www.oarcanjo.net\/site\/batizados-na-preparacao-da-primeira-eucaristia\/","name":"Batizados na prepara\u00e7\u00e3o da Primeira Eucaristia - O Arcanjo no ar","isPartOf":{"@id":"https:\/\/www.oarcanjo.net\/site\/#website"},"datePublished":"2012-04-30T03:48:13+00:00","dateModified":"2012-04-30T03:48:13+00:00","breadcrumb":{"@id":"https:\/\/www.oarcanjo.net\/site\/batizados-na-preparacao-da-primeira-eucaristia\/#breadcrumb"},"inLanguage":"pt-BR","potentialAction":[{"@type":"ReadAction","target":["https:\/\/www.oarcanjo.net\/site\/batizados-na-preparacao-da-primeira-eucaristia\/"]}]},{"@type":"BreadcrumbList","@id":"https:\/\/www.oarcanjo.net\/site\/batizados-na-preparacao-da-primeira-eucaristia\/#breadcrumb","itemListElement":[{"@type":"ListItem","position":1,"name":"In\u00edcio","item":"https:\/\/www.oarcanjo.net\/site\/"},{"@type":"ListItem","position":2,"name":"Batizados na prepara\u00e7\u00e3o da Primeira Eucaristia"}]},{"@type":"WebSite","@id":"https:\/\/www.oarcanjo.net\/site\/#website","url":"https:\/\/www.oarcanjo.net\/site\/","name":"O Arcanjo no ar","description":"Site da Par\u00f3quia S\u00e3o Miguel Arcanjo (Arquidiocese de SP)","publisher":{"@id":"https:\/\/www.oarcanjo.net\/site\/#organization"},"potentialAction":[{"@type":"SearchAction","target":{"@type":"EntryPoint","urlTemplate":"https:\/\/www.oarcanjo.net\/site\/?s={search_term_string}"},"query-input":{"@type":"PropertyValueSpecification","valueRequired":true,"valueName":"search_term_string"}}],"inLanguage":"pt-BR"},{"@type":"Organization","@id":"https:\/\/www.oarcanjo.net\/site\/#organization","name":"Par\u00f3quia S\u00e3o Miguel Arcanjo","url":"https:\/\/www.oarcanjo.net\/site\/","logo":{"@type":"ImageObject","inLanguage":"pt-BR","@id":"https:\/\/www.oarcanjo.net\/site\/#\/schema\/logo\/image\/","url":"https:\/\/www.oarcanjo.net\/site\/wp-content\/uploads\/LogoOArcanjo.png","contentUrl":"https:\/\/www.oarcanjo.net\/site\/wp-content\/uploads\/LogoOArcanjo.png","width":319,"height":99,"caption":"Par\u00f3quia S\u00e3o Miguel Arcanjo"},"image":{"@id":"https:\/\/www.oarcanjo.net\/site\/#\/schema\/logo\/image\/"},"sameAs":["https:\/\/www.facebook.com\/OArcanjoNoAr\/"]},{"@type":"Person","@id":"https:\/\/www.oarcanjo.net\/site\/#\/schema\/person\/f7870e710d8c8c30673de3a0ac2e451d","name":"carlos"}]}},"publishpress_future_action":{"enabled":false,"date":"2026-05-09 10:25:34","action":"category","newStatus":"draft","terms":[],"taxonomy":"category"},"publishpress_future_workflow_manual_trigger":{"enabledWorkflows":[]},"_links":{"self":[{"href":"https:\/\/www.oarcanjo.net\/site\/wp-json\/wp\/v2\/posts\/17915"}],"collection":[{"href":"https:\/\/www.oarcanjo.net\/site\/wp-json\/wp\/v2\/posts"}],"about":[{"href":"https:\/\/www.oarcanjo.net\/site\/wp-json\/wp\/v2\/types\/post"}],"author":[{"embeddable":true,"href":"https:\/\/www.oarcanjo.net\/site\/wp-json\/wp\/v2\/users\/10"}],"replies":[{"embeddable":true,"href":"https:\/\/www.oarcanjo.net\/site\/wp-json\/wp\/v2\/comments?post=17915"}],"version-history":[{"count":0,"href":"https:\/\/www.oarcanjo.net\/site\/wp-json\/wp\/v2\/posts\/17915\/revisions"}],"wp:attachment":[{"href":"https:\/\/www.oarcanjo.net\/site\/wp-json\/wp\/v2\/media?parent=17915"}],"wp:term":[{"taxonomy":"category","embeddable":true,"href":"https:\/\/www.oarcanjo.net\/site\/wp-json\/wp\/v2\/categories?post=17915"},{"taxonomy":"post_tag","embeddable":true,"href":"https:\/\/www.oarcanjo.net\/site\/wp-json\/wp\/v2\/tags?post=17915"}],"curies":[{"name":"wp","href":"https:\/\/api.w.org\/{rel}","templated":true}]}}