
{"id":17938,"date":"2012-06-01T08:49:58","date_gmt":"2012-06-01T11:49:58","guid":{"rendered":"http:\/\/www.oarcanjo.net\/site\/?p=17938"},"modified":"2012-06-03T17:54:36","modified_gmt":"2012-06-03T20:54:36","slug":"arquidiocese-pede-colaboracao-para-o-11-plano-de-pastoral","status":"publish","type":"post","link":"https:\/\/www.oarcanjo.net\/site\/arquidiocese-pede-colaboracao-para-o-11-plano-de-pastoral\/","title":{"rendered":"Arquidiocese pede colabora\u00e7\u00e3o para o 11\u00ba Plano de Pastoral"},"content":{"rendered":"<p>Durante a reuni\u00e3o do Conselho Arquidiocesano de Pastoral (CAP), no s\u00e1bado, 28, foi apresentada a primeira vers\u00e3o preliminar do texto do 11\u00ba Plano de Pastoral, intitulado \u201cArquidiocese de S\u00e3o Paulo: testemunha de Jesus Cristo na cidade\u201d.<\/p>\n<p>A vers\u00e3o apresentada passar\u00e1 por altera\u00e7\u00f5es. As mudan\u00e7as feitas no 11\u00ba Plano de Pastoral ser\u00e3o fruto das contribui\u00e7\u00f5es enviadas pelo \u201cmaior n\u00famero de pessoas. Mas \u00e9 importante que os padres, os agentes de pastoral (religiosos, religiosas e leigos), os conselhos pastorais (CPP, CPS E CRP); as coordena\u00e7\u00f5es das pastorais, movimentos, associa\u00e7\u00f5es, organismos e novas comunidades da Arquidiocese, enfim todos participem efetivamente do processo.\u201d<\/p>\n<p>Recomenda-se que os conselhos de pastoral de todos os \u00e2mbitos (regional, setorial e paroquial) colaborem \u201clendo o texto provis\u00f3rio; estudando, debatendo, refletindo, enriquecendo e enviando sugest\u00f5es, propostas e contribui\u00e7\u00f5es\u201d. As contribui\u00e7\u00f5es devem ser enviadas at\u00e9 7\/6.<\/p>\n<p>Veja <a title=\"11\u00ba Plano de Pastoral\" href=\"\/site\/wp-content\/uploads\/CartaSobrePlanoPastoral.pdf\" target=\"_blank\">carta com orienta\u00e7\u00f5es para contribuir<\/a> com o texto do 11\u00ba Plano<\/p>\n<p>Conforme explicou dom Milton Kenan J\u00fanior, bispo referencial do Secretariado Arquidiocesano de Pastoral, o texto est\u00e1 dividido em duas partes. A primeira, \u201cUma Igreja em Caminho\u201d, apresenta uma fundamenta\u00e7\u00e3o teol\u00f3gica e pastoral que retoma a caminhada da Arquidiocese desde a Confer\u00eancia de Aparecida, em 2007; aponta para uma m\u00edstica de a\u00e7\u00e3o pautada nas Diretrizes Gerais da A\u00e7\u00e3o Evangelizadora da Igreja no Brasil, elenca possibilidades e desafios para a evangeliza\u00e7\u00e3o na cidade; e trata da voca\u00e7\u00e3o da Igreja para evangelizar.<\/p>\n<p>Na segunda parte do texto, \u201cUrg\u00eancias na A\u00e7\u00e3o Evangelizadora e Pastoral\u201d, constam indica\u00e7\u00f5es de atua\u00e7\u00e3o a partir das cinco urg\u00eancias apontadas pela DGAE (Igreja, em estado permanente de miss\u00e3o; Igreja, casa da inicia\u00e7\u00e3o crist\u00e3; Igreja, lugar de forma\u00e7\u00e3o b\u00edblica da vida e da pastoral; Igreja, comunidade de comunidades; Igreja a servi\u00e7o da vida plena de todos), al\u00e9m da urg\u00eancia de evangeliza\u00e7\u00e3o da juventude.<\/p>\n<p>Leia <a title=\"11\u00ba Plano de Pastoral\" href=\"http:\/\/www.oarcanjo.net\/site\/wp-content\/uploads\/11PlanoPastoralArquidioceseSaoPaulo.pdf\" target=\"_blank\">aqui o texto provis\u00f3rio do 11\u00ba Plano de Pastoral<\/a><\/p>\n<p>\u201cEmbora o 10\u00ba plano tenha sido elaborado a partir da Confer\u00eancia de Aparecida, o 11\u00ba j\u00e1 recolhe um pouco da experi\u00eancia realizada nas igrejas com base na Confer\u00eancia, recolhe aquelas intui\u00e7\u00f5es mais importantes que devem determinar a a\u00e7\u00e3o pastoral da Arquidiocese e as experi\u00eancias da CNBB sobre a urg\u00eancias pastorais publicadas nas \u00faltimas DGAE\u201d, explicou dom Milton ao O S\u00c3O PAULO.<\/p>\n<p>O texto provis\u00f3rio ser\u00e1 enviado esta semana para as par\u00f3quias. As sugest\u00f5es de reda\u00e7\u00e3o poder\u00e3o ser feitas at\u00e9 7 de junho. A aprova\u00e7\u00e3o final do texto ser\u00e1 na assembleia arquidiocesana em setembro.<\/p>\n<p><em>Texto: Daniel Gomes pela Arquidiocese de S\u00e3o Paulo<\/em><\/p>\n<div id=\"themify_builder_content-17938\" data-postid=\"17938\" class=\"themify_builder_content themify_builder_content-17938 themify_builder themify_builder_front\">\n\t<\/div>\n<!-- \/themify_builder_content -->","protected":false},"excerpt":{"rendered":"<p>Durante a reuni\u00e3o do Conselho Arquidiocesano de Pastoral (CAP), no s\u00e1bado, 28, foi apresentada a primeira vers\u00e3o preliminar do texto do 11\u00ba Plano de Pastoral, intitulado \u201cArquidiocese de S\u00e3o Paulo: testemunha de Jesus Cristo na cidade\u201d. A vers\u00e3o apresentada passar\u00e1 por altera\u00e7\u00f5es. As mudan\u00e7as feitas no 11\u00ba Plano de Pastoral ser\u00e3o fruto das contribui\u00e7\u00f5es enviadas [&hellip;]<\/p>\n","protected":false},"author":5,"featured_media":0,"comment_status":"open","ping_status":"open","sticky":false,"template":"","format":"standard","meta":{"ngg_post_thumbnail":0,"footnotes":""},"categories":[8],"tags":[],"yoast_head":"<!-- This site is optimized with the Yoast SEO plugin v23.5 - https:\/\/yoast.com\/wordpress\/plugins\/seo\/ -->\n<title>Arquidiocese pede colabora\u00e7\u00e3o para o 11\u00ba Plano de Pastoral - O Arcanjo no ar<\/title>\n<meta name=\"robots\" content=\"index, follow, max-snippet:-1, max-image-preview:large, max-video-preview:-1\" \/>\n<link rel=\"canonical\" href=\"https:\/\/www.oarcanjo.net\/site\/arquidiocese-pede-colaboracao-para-o-11-plano-de-pastoral\/\" \/>\n<meta property=\"og:locale\" content=\"pt_BR\" \/>\n<meta property=\"og:type\" content=\"article\" \/>\n<meta property=\"og:title\" content=\"Arquidiocese pede colabora\u00e7\u00e3o para o 11\u00ba Plano de Pastoral - O Arcanjo no ar\" \/>\n<meta property=\"og:description\" content=\"Durante a reuni\u00e3o do Conselho Arquidiocesano de Pastoral (CAP), no s\u00e1bado, 28, foi apresentada a primeira vers\u00e3o preliminar do texto do 11\u00ba Plano de Pastoral, intitulado \u201cArquidiocese de S\u00e3o Paulo: testemunha de Jesus Cristo na cidade\u201d. A vers\u00e3o apresentada passar\u00e1 por altera\u00e7\u00f5es. As mudan\u00e7as feitas no 11\u00ba Plano de Pastoral ser\u00e3o fruto das contribui\u00e7\u00f5es enviadas [&hellip;]\" \/>\n<meta property=\"og:url\" content=\"https:\/\/www.oarcanjo.net\/site\/arquidiocese-pede-colaboracao-para-o-11-plano-de-pastoral\/\" \/>\n<meta property=\"og:site_name\" content=\"O Arcanjo no ar\" \/>\n<meta property=\"article:publisher\" content=\"https:\/\/www.facebook.com\/OArcanjoNoAr\/\" \/>\n<meta property=\"article:published_time\" content=\"2012-06-01T11:49:58+00:00\" \/>\n<meta property=\"article:modified_time\" content=\"2012-06-03T20:54:36+00:00\" \/>\n<meta property=\"og:image\" content=\"https:\/\/www.oarcanjo.net\/site\/wp-content\/uploads\/logo-o-arcanjo-no-ar-facebook.png\" \/>\n\t<meta property=\"og:image:width\" content=\"300\" \/>\n\t<meta property=\"og:image:height\" content=\"300\" \/>\n\t<meta property=\"og:image:type\" content=\"image\/png\" \/>\n<meta name=\"author\" content=\"editor\" \/>\n<meta name=\"twitter:card\" content=\"summary_large_image\" \/>\n<meta name=\"twitter:label1\" content=\"Escrito por\" \/>\n\t<meta name=\"twitter:data1\" content=\"editor\" \/>\n\t<meta name=\"twitter:label2\" content=\"Est. tempo de leitura\" \/>\n\t<meta name=\"twitter:data2\" content=\"2 minutos\" \/>\n<script type=\"application\/ld+json\" class=\"yoast-schema-graph\">{\"@context\":\"https:\/\/schema.org\",\"@graph\":[{\"@type\":\"Article\",\"@id\":\"https:\/\/www.oarcanjo.net\/site\/arquidiocese-pede-colaboracao-para-o-11-plano-de-pastoral\/#article\",\"isPartOf\":{\"@id\":\"https:\/\/www.oarcanjo.net\/site\/arquidiocese-pede-colaboracao-para-o-11-plano-de-pastoral\/\"},\"author\":{\"name\":\"editor\",\"@id\":\"https:\/\/www.oarcanjo.net\/site\/#\/schema\/person\/f7024d007863202483a31326673a0838\"},\"headline\":\"Arquidiocese pede colabora\u00e7\u00e3o para o 11\u00ba Plano de Pastoral\",\"datePublished\":\"2012-06-01T11:49:58+00:00\",\"dateModified\":\"2012-06-03T20:54:36+00:00\",\"mainEntityOfPage\":{\"@id\":\"https:\/\/www.oarcanjo.net\/site\/arquidiocese-pede-colaboracao-para-o-11-plano-de-pastoral\/\"},\"wordCount\":453,\"commentCount\":0,\"publisher\":{\"@id\":\"https:\/\/www.oarcanjo.net\/site\/#organization\"},\"articleSection\":[\"Not\u00edcias\"],\"inLanguage\":\"pt-BR\",\"potentialAction\":[{\"@type\":\"CommentAction\",\"name\":\"Comment\",\"target\":[\"https:\/\/www.oarcanjo.net\/site\/arquidiocese-pede-colaboracao-para-o-11-plano-de-pastoral\/#respond\"]}]},{\"@type\":\"WebPage\",\"@id\":\"https:\/\/www.oarcanjo.net\/site\/arquidiocese-pede-colaboracao-para-o-11-plano-de-pastoral\/\",\"url\":\"https:\/\/www.oarcanjo.net\/site\/arquidiocese-pede-colaboracao-para-o-11-plano-de-pastoral\/\",\"name\":\"Arquidiocese pede colabora\u00e7\u00e3o para o 11\u00ba Plano de Pastoral - O Arcanjo no ar\",\"isPartOf\":{\"@id\":\"https:\/\/www.oarcanjo.net\/site\/#website\"},\"datePublished\":\"2012-06-01T11:49:58+00:00\",\"dateModified\":\"2012-06-03T20:54:36+00:00\",\"breadcrumb\":{\"@id\":\"https:\/\/www.oarcanjo.net\/site\/arquidiocese-pede-colaboracao-para-o-11-plano-de-pastoral\/#breadcrumb\"},\"inLanguage\":\"pt-BR\",\"potentialAction\":[{\"@type\":\"ReadAction\",\"target\":[\"https:\/\/www.oarcanjo.net\/site\/arquidiocese-pede-colaboracao-para-o-11-plano-de-pastoral\/\"]}]},{\"@type\":\"BreadcrumbList\",\"@id\":\"https:\/\/www.oarcanjo.net\/site\/arquidiocese-pede-colaboracao-para-o-11-plano-de-pastoral\/#breadcrumb\",\"itemListElement\":[{\"@type\":\"ListItem\",\"position\":1,\"name\":\"In\u00edcio\",\"item\":\"https:\/\/www.oarcanjo.net\/site\/\"},{\"@type\":\"ListItem\",\"position\":2,\"name\":\"Arquidiocese pede colabora\u00e7\u00e3o para o 11\u00ba Plano de Pastoral\"}]},{\"@type\":\"WebSite\",\"@id\":\"https:\/\/www.oarcanjo.net\/site\/#website\",\"url\":\"https:\/\/www.oarcanjo.net\/site\/\",\"name\":\"O Arcanjo no ar\",\"description\":\"Site da Par\u00f3quia S\u00e3o Miguel Arcanjo (Arquidiocese de SP)\",\"publisher\":{\"@id\":\"https:\/\/www.oarcanjo.net\/site\/#organization\"},\"potentialAction\":[{\"@type\":\"SearchAction\",\"target\":{\"@type\":\"EntryPoint\",\"urlTemplate\":\"https:\/\/www.oarcanjo.net\/site\/?s={search_term_string}\"},\"query-input\":{\"@type\":\"PropertyValueSpecification\",\"valueRequired\":true,\"valueName\":\"search_term_string\"}}],\"inLanguage\":\"pt-BR\"},{\"@type\":\"Organization\",\"@id\":\"https:\/\/www.oarcanjo.net\/site\/#organization\",\"name\":\"Par\u00f3quia S\u00e3o Miguel Arcanjo\",\"url\":\"https:\/\/www.oarcanjo.net\/site\/\",\"logo\":{\"@type\":\"ImageObject\",\"inLanguage\":\"pt-BR\",\"@id\":\"https:\/\/www.oarcanjo.net\/site\/#\/schema\/logo\/image\/\",\"url\":\"https:\/\/www.oarcanjo.net\/site\/wp-content\/uploads\/LogoOArcanjo.png\",\"contentUrl\":\"https:\/\/www.oarcanjo.net\/site\/wp-content\/uploads\/LogoOArcanjo.png\",\"width\":319,\"height\":99,\"caption\":\"Par\u00f3quia S\u00e3o Miguel Arcanjo\"},\"image\":{\"@id\":\"https:\/\/www.oarcanjo.net\/site\/#\/schema\/logo\/image\/\"},\"sameAs\":[\"https:\/\/www.facebook.com\/OArcanjoNoAr\/\"]},{\"@type\":\"Person\",\"@id\":\"https:\/\/www.oarcanjo.net\/site\/#\/schema\/person\/f7024d007863202483a31326673a0838\",\"name\":\"editor\",\"sameAs\":[\"http:\/\/www.oarcanjo.net\"]}]}<\/script>\n<!-- \/ Yoast SEO plugin. -->","yoast_head_json":{"title":"Arquidiocese pede colabora\u00e7\u00e3o para o 11\u00ba Plano de Pastoral - O Arcanjo no ar","robots":{"index":"index","follow":"follow","max-snippet":"max-snippet:-1","max-image-preview":"max-image-preview:large","max-video-preview":"max-video-preview:-1"},"canonical":"https:\/\/www.oarcanjo.net\/site\/arquidiocese-pede-colaboracao-para-o-11-plano-de-pastoral\/","og_locale":"pt_BR","og_type":"article","og_title":"Arquidiocese pede colabora\u00e7\u00e3o para o 11\u00ba Plano de Pastoral - O Arcanjo no ar","og_description":"Durante a reuni\u00e3o do Conselho Arquidiocesano de Pastoral (CAP), no s\u00e1bado, 28, foi apresentada a primeira vers\u00e3o preliminar do texto do 11\u00ba Plano de Pastoral, intitulado \u201cArquidiocese de S\u00e3o Paulo: testemunha de Jesus Cristo na cidade\u201d. A vers\u00e3o apresentada passar\u00e1 por altera\u00e7\u00f5es. As mudan\u00e7as feitas no 11\u00ba Plano de Pastoral ser\u00e3o fruto das contribui\u00e7\u00f5es enviadas [&hellip;]","og_url":"https:\/\/www.oarcanjo.net\/site\/arquidiocese-pede-colaboracao-para-o-11-plano-de-pastoral\/","og_site_name":"O Arcanjo no ar","article_publisher":"https:\/\/www.facebook.com\/OArcanjoNoAr\/","article_published_time":"2012-06-01T11:49:58+00:00","article_modified_time":"2012-06-03T20:54:36+00:00","og_image":[{"width":300,"height":300,"url":"https:\/\/www.oarcanjo.net\/site\/wp-content\/uploads\/logo-o-arcanjo-no-ar-facebook.png","type":"image\/png"}],"author":"editor","twitter_card":"summary_large_image","twitter_misc":{"Escrito por":"editor","Est. tempo de leitura":"2 minutos"},"schema":{"@context":"https:\/\/schema.org","@graph":[{"@type":"Article","@id":"https:\/\/www.oarcanjo.net\/site\/arquidiocese-pede-colaboracao-para-o-11-plano-de-pastoral\/#article","isPartOf":{"@id":"https:\/\/www.oarcanjo.net\/site\/arquidiocese-pede-colaboracao-para-o-11-plano-de-pastoral\/"},"author":{"name":"editor","@id":"https:\/\/www.oarcanjo.net\/site\/#\/schema\/person\/f7024d007863202483a31326673a0838"},"headline":"Arquidiocese pede colabora\u00e7\u00e3o para o 11\u00ba Plano de Pastoral","datePublished":"2012-06-01T11:49:58+00:00","dateModified":"2012-06-03T20:54:36+00:00","mainEntityOfPage":{"@id":"https:\/\/www.oarcanjo.net\/site\/arquidiocese-pede-colaboracao-para-o-11-plano-de-pastoral\/"},"wordCount":453,"commentCount":0,"publisher":{"@id":"https:\/\/www.oarcanjo.net\/site\/#organization"},"articleSection":["Not\u00edcias"],"inLanguage":"pt-BR","potentialAction":[{"@type":"CommentAction","name":"Comment","target":["https:\/\/www.oarcanjo.net\/site\/arquidiocese-pede-colaboracao-para-o-11-plano-de-pastoral\/#respond"]}]},{"@type":"WebPage","@id":"https:\/\/www.oarcanjo.net\/site\/arquidiocese-pede-colaboracao-para-o-11-plano-de-pastoral\/","url":"https:\/\/www.oarcanjo.net\/site\/arquidiocese-pede-colaboracao-para-o-11-plano-de-pastoral\/","name":"Arquidiocese pede colabora\u00e7\u00e3o para o 11\u00ba Plano de Pastoral - O Arcanjo no ar","isPartOf":{"@id":"https:\/\/www.oarcanjo.net\/site\/#website"},"datePublished":"2012-06-01T11:49:58+00:00","dateModified":"2012-06-03T20:54:36+00:00","breadcrumb":{"@id":"https:\/\/www.oarcanjo.net\/site\/arquidiocese-pede-colaboracao-para-o-11-plano-de-pastoral\/#breadcrumb"},"inLanguage":"pt-BR","potentialAction":[{"@type":"ReadAction","target":["https:\/\/www.oarcanjo.net\/site\/arquidiocese-pede-colaboracao-para-o-11-plano-de-pastoral\/"]}]},{"@type":"BreadcrumbList","@id":"https:\/\/www.oarcanjo.net\/site\/arquidiocese-pede-colaboracao-para-o-11-plano-de-pastoral\/#breadcrumb","itemListElement":[{"@type":"ListItem","position":1,"name":"In\u00edcio","item":"https:\/\/www.oarcanjo.net\/site\/"},{"@type":"ListItem","position":2,"name":"Arquidiocese pede colabora\u00e7\u00e3o para o 11\u00ba Plano de Pastoral"}]},{"@type":"WebSite","@id":"https:\/\/www.oarcanjo.net\/site\/#website","url":"https:\/\/www.oarcanjo.net\/site\/","name":"O Arcanjo no ar","description":"Site da Par\u00f3quia S\u00e3o Miguel Arcanjo (Arquidiocese de SP)","publisher":{"@id":"https:\/\/www.oarcanjo.net\/site\/#organization"},"potentialAction":[{"@type":"SearchAction","target":{"@type":"EntryPoint","urlTemplate":"https:\/\/www.oarcanjo.net\/site\/?s={search_term_string}"},"query-input":{"@type":"PropertyValueSpecification","valueRequired":true,"valueName":"search_term_string"}}],"inLanguage":"pt-BR"},{"@type":"Organization","@id":"https:\/\/www.oarcanjo.net\/site\/#organization","name":"Par\u00f3quia S\u00e3o Miguel Arcanjo","url":"https:\/\/www.oarcanjo.net\/site\/","logo":{"@type":"ImageObject","inLanguage":"pt-BR","@id":"https:\/\/www.oarcanjo.net\/site\/#\/schema\/logo\/image\/","url":"https:\/\/www.oarcanjo.net\/site\/wp-content\/uploads\/LogoOArcanjo.png","contentUrl":"https:\/\/www.oarcanjo.net\/site\/wp-content\/uploads\/LogoOArcanjo.png","width":319,"height":99,"caption":"Par\u00f3quia S\u00e3o Miguel Arcanjo"},"image":{"@id":"https:\/\/www.oarcanjo.net\/site\/#\/schema\/logo\/image\/"},"sameAs":["https:\/\/www.facebook.com\/OArcanjoNoAr\/"]},{"@type":"Person","@id":"https:\/\/www.oarcanjo.net\/site\/#\/schema\/person\/f7024d007863202483a31326673a0838","name":"editor","sameAs":["http:\/\/www.oarcanjo.net"]}]}},"publishpress_future_action":{"enabled":false,"date":"2026-05-09 10:25:23","action":"category","newStatus":"draft","terms":[],"taxonomy":"category"},"publishpress_future_workflow_manual_trigger":{"enabledWorkflows":[]},"_links":{"self":[{"href":"https:\/\/www.oarcanjo.net\/site\/wp-json\/wp\/v2\/posts\/17938"}],"collection":[{"href":"https:\/\/www.oarcanjo.net\/site\/wp-json\/wp\/v2\/posts"}],"about":[{"href":"https:\/\/www.oarcanjo.net\/site\/wp-json\/wp\/v2\/types\/post"}],"author":[{"embeddable":true,"href":"https:\/\/www.oarcanjo.net\/site\/wp-json\/wp\/v2\/users\/5"}],"replies":[{"embeddable":true,"href":"https:\/\/www.oarcanjo.net\/site\/wp-json\/wp\/v2\/comments?post=17938"}],"version-history":[{"count":0,"href":"https:\/\/www.oarcanjo.net\/site\/wp-json\/wp\/v2\/posts\/17938\/revisions"}],"wp:attachment":[{"href":"https:\/\/www.oarcanjo.net\/site\/wp-json\/wp\/v2\/media?parent=17938"}],"wp:term":[{"taxonomy":"category","embeddable":true,"href":"https:\/\/www.oarcanjo.net\/site\/wp-json\/wp\/v2\/categories?post=17938"},{"taxonomy":"post_tag","embeddable":true,"href":"https:\/\/www.oarcanjo.net\/site\/wp-json\/wp\/v2\/tags?post=17938"}],"curies":[{"name":"wp","href":"https:\/\/api.w.org\/{rel}","templated":true}]}}