
{"id":17967,"date":"2012-05-15T01:10:46","date_gmt":"2012-05-15T04:10:46","guid":{"rendered":"http:\/\/www.oarcanjo.net\/site\/?p=17967"},"modified":"2012-05-15T01:15:15","modified_gmt":"2012-05-15T04:15:15","slug":"13-de-maio-procissao-de-carros-dia-das-maes","status":"publish","type":"post","link":"https:\/\/www.oarcanjo.net\/site\/13-de-maio-procissao-de-carros-dia-das-maes\/","title":{"rendered":"13 de maio Prociss\u00e3o de carros Dia das M\u00e3es"},"content":{"rendered":"<p style=\"text-align: justify;\">Neste 13 de maio de 2012,\u00a0 tivemos\u00a0a prociss\u00e3o de carros da Igreja S\u00e3o Miguel Arcanjo para a Capela S\u00e3o Judas Tadeu. Durante o trajeto, o emocionante aceno do morador de Rua para a Imagem de Nossa Senhora de F\u00e1tima, que foi repetido por muitas outras pessoas, nas ruas, nas janelas das casas, dos pr\u00e9dios, emo\u00e7\u00e3o que continuou na\u00a0 Capela. As crian\u00e7as da Comunidade, \u00a0representando os pastorinhos, encantaram a todos.<\/p>\n<p style=\"text-align: justify;\">Durante a celebra\u00e7\u00e3o, o batizado, a crisma e \u00a0a primeira eucaristia do Diego, que em breve receber\u00e1 tamb\u00e9m os sacramentos do casamento.\u00a0Homenageando todas as m\u00e3es, a mais jovem e\u00a0a m\u00e3e\u00a0mais experiente, essa \u00faltima, uma tatarav\u00f3, nossa\u00a0 querida Professora Alzira, receberam presentes e o carinho especial da Comunidade.<\/p>\n<p style=\"text-align: justify;\">Depois da celebra\u00e7\u00e3o eucar\u00edstica, as ora\u00e7\u00f5es \u00a0\u00e0 Nossa Senhora, \u00a0contando com a ben\u00e7\u00e3o das velas.<\/p>\n<p style=\"text-align: justify;\">As fotos trazem um pouco desse dia t\u00e3o especial (por Carlos A. Beatriz)<\/p>\nngg_shortcode_0_placeholder\n<div id=\"themify_builder_content-17967\" data-postid=\"17967\" class=\"themify_builder_content themify_builder_content-17967 themify_builder themify_builder_front\">\n\t<\/div>\n<!-- \/themify_builder_content -->","protected":false},"excerpt":{"rendered":"<p>Neste 13 de maio de 2012,\u00a0 tivemos\u00a0a prociss\u00e3o de carros da Igreja S\u00e3o Miguel Arcanjo para a Capela S\u00e3o Judas Tadeu. Durante o trajeto, o emocionante aceno do morador de Rua para a Imagem de Nossa Senhora de F\u00e1tima, que foi repetido por muitas outras pessoas, nas ruas, nas janelas das casas, dos pr\u00e9dios, emo\u00e7\u00e3o [&hellip;]<\/p>\n","protected":false},"author":10,"featured_media":0,"comment_status":"open","ping_status":"open","sticky":false,"template":"","format":"standard","meta":{"ngg_post_thumbnail":0,"footnotes":""},"categories":[8,7],"tags":[1910,2221,627,2220],"yoast_head":"<!-- This site is optimized with the Yoast SEO plugin v23.5 - https:\/\/yoast.com\/wordpress\/plugins\/seo\/ -->\n<title>13 de maio Prociss\u00e3o de carros Dia das M\u00e3es - O Arcanjo no ar<\/title>\n<meta name=\"robots\" content=\"index, follow, max-snippet:-1, max-image-preview:large, max-video-preview:-1\" \/>\n<link rel=\"canonical\" href=\"https:\/\/www.oarcanjo.net\/site\/13-de-maio-procissao-de-carros-dia-das-maes\/\" \/>\n<meta property=\"og:locale\" content=\"pt_BR\" \/>\n<meta property=\"og:type\" content=\"article\" \/>\n<meta property=\"og:title\" content=\"13 de maio Prociss\u00e3o de carros Dia das M\u00e3es - O Arcanjo no ar\" \/>\n<meta property=\"og:description\" content=\"Neste 13 de maio de 2012,\u00a0 tivemos\u00a0a prociss\u00e3o de carros da Igreja S\u00e3o Miguel Arcanjo para a Capela S\u00e3o Judas Tadeu. Durante o trajeto, o emocionante aceno do morador de Rua para a Imagem de Nossa Senhora de F\u00e1tima, que foi repetido por muitas outras pessoas, nas ruas, nas janelas das casas, dos pr\u00e9dios, emo\u00e7\u00e3o [&hellip;]\" \/>\n<meta property=\"og:url\" content=\"https:\/\/www.oarcanjo.net\/site\/13-de-maio-procissao-de-carros-dia-das-maes\/\" \/>\n<meta property=\"og:site_name\" content=\"O Arcanjo no ar\" \/>\n<meta property=\"article:publisher\" content=\"https:\/\/www.facebook.com\/OArcanjoNoAr\/\" \/>\n<meta property=\"article:published_time\" content=\"2012-05-15T04:10:46+00:00\" \/>\n<meta property=\"article:modified_time\" content=\"2012-05-15T04:15:15+00:00\" \/>\n<meta property=\"og:image\" content=\"https:\/\/www.oarcanjo.net\/site\/wp-content\/uploads\/logo-o-arcanjo-no-ar-facebook.png\" \/>\n\t<meta property=\"og:image:width\" content=\"300\" \/>\n\t<meta property=\"og:image:height\" content=\"300\" \/>\n\t<meta property=\"og:image:type\" content=\"image\/png\" \/>\n<meta name=\"author\" content=\"carlos\" \/>\n<meta name=\"twitter:card\" content=\"summary_large_image\" \/>\n<meta name=\"twitter:label1\" content=\"Escrito por\" \/>\n\t<meta name=\"twitter:data1\" content=\"carlos\" \/>\n\t<meta name=\"twitter:label2\" content=\"Est. tempo de leitura\" \/>\n\t<meta name=\"twitter:data2\" content=\"1 minuto\" \/>\n<script type=\"application\/ld+json\" class=\"yoast-schema-graph\">{\"@context\":\"https:\/\/schema.org\",\"@graph\":[{\"@type\":\"Article\",\"@id\":\"https:\/\/www.oarcanjo.net\/site\/13-de-maio-procissao-de-carros-dia-das-maes\/#article\",\"isPartOf\":{\"@id\":\"https:\/\/www.oarcanjo.net\/site\/13-de-maio-procissao-de-carros-dia-das-maes\/\"},\"author\":{\"name\":\"carlos\",\"@id\":\"https:\/\/www.oarcanjo.net\/site\/#\/schema\/person\/f7870e710d8c8c30673de3a0ac2e451d\"},\"headline\":\"13 de maio Prociss\u00e3o de carros Dia das M\u00e3es\",\"datePublished\":\"2012-05-15T04:10:46+00:00\",\"dateModified\":\"2012-05-15T04:15:15+00:00\",\"mainEntityOfPage\":{\"@id\":\"https:\/\/www.oarcanjo.net\/site\/13-de-maio-procissao-de-carros-dia-das-maes\/\"},\"wordCount\":173,\"commentCount\":0,\"publisher\":{\"@id\":\"https:\/\/www.oarcanjo.net\/site\/#organization\"},\"keywords\":[\"13 de maio\",\"morador de rua\",\"Nossa Senhora de Fatima\",\"prociss\u00e3o de carros\"],\"articleSection\":[\"Not\u00edcias\",\"Rosto da comunidade\"],\"inLanguage\":\"pt-BR\",\"potentialAction\":[{\"@type\":\"CommentAction\",\"name\":\"Comment\",\"target\":[\"https:\/\/www.oarcanjo.net\/site\/13-de-maio-procissao-de-carros-dia-das-maes\/#respond\"]}]},{\"@type\":\"WebPage\",\"@id\":\"https:\/\/www.oarcanjo.net\/site\/13-de-maio-procissao-de-carros-dia-das-maes\/\",\"url\":\"https:\/\/www.oarcanjo.net\/site\/13-de-maio-procissao-de-carros-dia-das-maes\/\",\"name\":\"13 de maio Prociss\u00e3o de carros Dia das M\u00e3es - O Arcanjo no ar\",\"isPartOf\":{\"@id\":\"https:\/\/www.oarcanjo.net\/site\/#website\"},\"datePublished\":\"2012-05-15T04:10:46+00:00\",\"dateModified\":\"2012-05-15T04:15:15+00:00\",\"breadcrumb\":{\"@id\":\"https:\/\/www.oarcanjo.net\/site\/13-de-maio-procissao-de-carros-dia-das-maes\/#breadcrumb\"},\"inLanguage\":\"pt-BR\",\"potentialAction\":[{\"@type\":\"ReadAction\",\"target\":[\"https:\/\/www.oarcanjo.net\/site\/13-de-maio-procissao-de-carros-dia-das-maes\/\"]}]},{\"@type\":\"BreadcrumbList\",\"@id\":\"https:\/\/www.oarcanjo.net\/site\/13-de-maio-procissao-de-carros-dia-das-maes\/#breadcrumb\",\"itemListElement\":[{\"@type\":\"ListItem\",\"position\":1,\"name\":\"In\u00edcio\",\"item\":\"https:\/\/www.oarcanjo.net\/site\/\"},{\"@type\":\"ListItem\",\"position\":2,\"name\":\"13 de maio Prociss\u00e3o de carros Dia das M\u00e3es\"}]},{\"@type\":\"WebSite\",\"@id\":\"https:\/\/www.oarcanjo.net\/site\/#website\",\"url\":\"https:\/\/www.oarcanjo.net\/site\/\",\"name\":\"O Arcanjo no ar\",\"description\":\"Site da Par\u00f3quia S\u00e3o Miguel Arcanjo (Arquidiocese de SP)\",\"publisher\":{\"@id\":\"https:\/\/www.oarcanjo.net\/site\/#organization\"},\"potentialAction\":[{\"@type\":\"SearchAction\",\"target\":{\"@type\":\"EntryPoint\",\"urlTemplate\":\"https:\/\/www.oarcanjo.net\/site\/?s={search_term_string}\"},\"query-input\":{\"@type\":\"PropertyValueSpecification\",\"valueRequired\":true,\"valueName\":\"search_term_string\"}}],\"inLanguage\":\"pt-BR\"},{\"@type\":\"Organization\",\"@id\":\"https:\/\/www.oarcanjo.net\/site\/#organization\",\"name\":\"Par\u00f3quia S\u00e3o Miguel Arcanjo\",\"url\":\"https:\/\/www.oarcanjo.net\/site\/\",\"logo\":{\"@type\":\"ImageObject\",\"inLanguage\":\"pt-BR\",\"@id\":\"https:\/\/www.oarcanjo.net\/site\/#\/schema\/logo\/image\/\",\"url\":\"https:\/\/www.oarcanjo.net\/site\/wp-content\/uploads\/LogoOArcanjo.png\",\"contentUrl\":\"https:\/\/www.oarcanjo.net\/site\/wp-content\/uploads\/LogoOArcanjo.png\",\"width\":319,\"height\":99,\"caption\":\"Par\u00f3quia S\u00e3o Miguel Arcanjo\"},\"image\":{\"@id\":\"https:\/\/www.oarcanjo.net\/site\/#\/schema\/logo\/image\/\"},\"sameAs\":[\"https:\/\/www.facebook.com\/OArcanjoNoAr\/\"]},{\"@type\":\"Person\",\"@id\":\"https:\/\/www.oarcanjo.net\/site\/#\/schema\/person\/f7870e710d8c8c30673de3a0ac2e451d\",\"name\":\"carlos\"}]}<\/script>\n<!-- \/ Yoast SEO plugin. -->","yoast_head_json":{"title":"13 de maio Prociss\u00e3o de carros Dia das M\u00e3es - O Arcanjo no ar","robots":{"index":"index","follow":"follow","max-snippet":"max-snippet:-1","max-image-preview":"max-image-preview:large","max-video-preview":"max-video-preview:-1"},"canonical":"https:\/\/www.oarcanjo.net\/site\/13-de-maio-procissao-de-carros-dia-das-maes\/","og_locale":"pt_BR","og_type":"article","og_title":"13 de maio Prociss\u00e3o de carros Dia das M\u00e3es - O Arcanjo no ar","og_description":"Neste 13 de maio de 2012,\u00a0 tivemos\u00a0a prociss\u00e3o de carros da Igreja S\u00e3o Miguel Arcanjo para a Capela S\u00e3o Judas Tadeu. Durante o trajeto, o emocionante aceno do morador de Rua para a Imagem de Nossa Senhora de F\u00e1tima, que foi repetido por muitas outras pessoas, nas ruas, nas janelas das casas, dos pr\u00e9dios, emo\u00e7\u00e3o [&hellip;]","og_url":"https:\/\/www.oarcanjo.net\/site\/13-de-maio-procissao-de-carros-dia-das-maes\/","og_site_name":"O Arcanjo no ar","article_publisher":"https:\/\/www.facebook.com\/OArcanjoNoAr\/","article_published_time":"2012-05-15T04:10:46+00:00","article_modified_time":"2012-05-15T04:15:15+00:00","og_image":[{"width":300,"height":300,"url":"https:\/\/www.oarcanjo.net\/site\/wp-content\/uploads\/logo-o-arcanjo-no-ar-facebook.png","type":"image\/png"}],"author":"carlos","twitter_card":"summary_large_image","twitter_misc":{"Escrito por":"carlos","Est. tempo de leitura":"1 minuto"},"schema":{"@context":"https:\/\/schema.org","@graph":[{"@type":"Article","@id":"https:\/\/www.oarcanjo.net\/site\/13-de-maio-procissao-de-carros-dia-das-maes\/#article","isPartOf":{"@id":"https:\/\/www.oarcanjo.net\/site\/13-de-maio-procissao-de-carros-dia-das-maes\/"},"author":{"name":"carlos","@id":"https:\/\/www.oarcanjo.net\/site\/#\/schema\/person\/f7870e710d8c8c30673de3a0ac2e451d"},"headline":"13 de maio Prociss\u00e3o de carros Dia das M\u00e3es","datePublished":"2012-05-15T04:10:46+00:00","dateModified":"2012-05-15T04:15:15+00:00","mainEntityOfPage":{"@id":"https:\/\/www.oarcanjo.net\/site\/13-de-maio-procissao-de-carros-dia-das-maes\/"},"wordCount":173,"commentCount":0,"publisher":{"@id":"https:\/\/www.oarcanjo.net\/site\/#organization"},"keywords":["13 de maio","morador de rua","Nossa Senhora de Fatima","prociss\u00e3o de carros"],"articleSection":["Not\u00edcias","Rosto da comunidade"],"inLanguage":"pt-BR","potentialAction":[{"@type":"CommentAction","name":"Comment","target":["https:\/\/www.oarcanjo.net\/site\/13-de-maio-procissao-de-carros-dia-das-maes\/#respond"]}]},{"@type":"WebPage","@id":"https:\/\/www.oarcanjo.net\/site\/13-de-maio-procissao-de-carros-dia-das-maes\/","url":"https:\/\/www.oarcanjo.net\/site\/13-de-maio-procissao-de-carros-dia-das-maes\/","name":"13 de maio Prociss\u00e3o de carros Dia das M\u00e3es - O Arcanjo no ar","isPartOf":{"@id":"https:\/\/www.oarcanjo.net\/site\/#website"},"datePublished":"2012-05-15T04:10:46+00:00","dateModified":"2012-05-15T04:15:15+00:00","breadcrumb":{"@id":"https:\/\/www.oarcanjo.net\/site\/13-de-maio-procissao-de-carros-dia-das-maes\/#breadcrumb"},"inLanguage":"pt-BR","potentialAction":[{"@type":"ReadAction","target":["https:\/\/www.oarcanjo.net\/site\/13-de-maio-procissao-de-carros-dia-das-maes\/"]}]},{"@type":"BreadcrumbList","@id":"https:\/\/www.oarcanjo.net\/site\/13-de-maio-procissao-de-carros-dia-das-maes\/#breadcrumb","itemListElement":[{"@type":"ListItem","position":1,"name":"In\u00edcio","item":"https:\/\/www.oarcanjo.net\/site\/"},{"@type":"ListItem","position":2,"name":"13 de maio Prociss\u00e3o de carros Dia das M\u00e3es"}]},{"@type":"WebSite","@id":"https:\/\/www.oarcanjo.net\/site\/#website","url":"https:\/\/www.oarcanjo.net\/site\/","name":"O Arcanjo no ar","description":"Site da Par\u00f3quia S\u00e3o Miguel Arcanjo (Arquidiocese de SP)","publisher":{"@id":"https:\/\/www.oarcanjo.net\/site\/#organization"},"potentialAction":[{"@type":"SearchAction","target":{"@type":"EntryPoint","urlTemplate":"https:\/\/www.oarcanjo.net\/site\/?s={search_term_string}"},"query-input":{"@type":"PropertyValueSpecification","valueRequired":true,"valueName":"search_term_string"}}],"inLanguage":"pt-BR"},{"@type":"Organization","@id":"https:\/\/www.oarcanjo.net\/site\/#organization","name":"Par\u00f3quia S\u00e3o Miguel Arcanjo","url":"https:\/\/www.oarcanjo.net\/site\/","logo":{"@type":"ImageObject","inLanguage":"pt-BR","@id":"https:\/\/www.oarcanjo.net\/site\/#\/schema\/logo\/image\/","url":"https:\/\/www.oarcanjo.net\/site\/wp-content\/uploads\/LogoOArcanjo.png","contentUrl":"https:\/\/www.oarcanjo.net\/site\/wp-content\/uploads\/LogoOArcanjo.png","width":319,"height":99,"caption":"Par\u00f3quia S\u00e3o Miguel Arcanjo"},"image":{"@id":"https:\/\/www.oarcanjo.net\/site\/#\/schema\/logo\/image\/"},"sameAs":["https:\/\/www.facebook.com\/OArcanjoNoAr\/"]},{"@type":"Person","@id":"https:\/\/www.oarcanjo.net\/site\/#\/schema\/person\/f7870e710d8c8c30673de3a0ac2e451d","name":"carlos"}]}},"publishpress_future_action":{"enabled":false,"date":"2026-05-09 10:25:21","action":"category","newStatus":"draft","terms":[],"taxonomy":"category"},"publishpress_future_workflow_manual_trigger":{"enabledWorkflows":[]},"_links":{"self":[{"href":"https:\/\/www.oarcanjo.net\/site\/wp-json\/wp\/v2\/posts\/17967"}],"collection":[{"href":"https:\/\/www.oarcanjo.net\/site\/wp-json\/wp\/v2\/posts"}],"about":[{"href":"https:\/\/www.oarcanjo.net\/site\/wp-json\/wp\/v2\/types\/post"}],"author":[{"embeddable":true,"href":"https:\/\/www.oarcanjo.net\/site\/wp-json\/wp\/v2\/users\/10"}],"replies":[{"embeddable":true,"href":"https:\/\/www.oarcanjo.net\/site\/wp-json\/wp\/v2\/comments?post=17967"}],"version-history":[{"count":0,"href":"https:\/\/www.oarcanjo.net\/site\/wp-json\/wp\/v2\/posts\/17967\/revisions"}],"wp:attachment":[{"href":"https:\/\/www.oarcanjo.net\/site\/wp-json\/wp\/v2\/media?parent=17967"}],"wp:term":[{"taxonomy":"category","embeddable":true,"href":"https:\/\/www.oarcanjo.net\/site\/wp-json\/wp\/v2\/categories?post=17967"},{"taxonomy":"post_tag","embeddable":true,"href":"https:\/\/www.oarcanjo.net\/site\/wp-json\/wp\/v2\/tags?post=17967"}],"curies":[{"name":"wp","href":"https:\/\/api.w.org\/{rel}","templated":true}]}}