
{"id":17979,"date":"2012-05-27T21:36:19","date_gmt":"2012-05-28T00:36:19","guid":{"rendered":"http:\/\/www.oarcanjo.net\/site\/?p=17979"},"modified":"2012-05-28T23:34:03","modified_gmt":"2012-05-29T02:34:03","slug":"batizados-de-maio-de-2012-pentecostes","status":"publish","type":"post","link":"https:\/\/www.oarcanjo.net\/site\/batizados-de-maio-de-2012-pentecostes\/","title":{"rendered":"Batizados de Maio de 2012 \u2013 Pentecostes"},"content":{"rendered":"<p>Neste domingo, 27 de maio de 2012, em que celebramos Pentecostes, na Capela universit\u00e1ria S\u00e3o Judas Tadeu foram batizadas\u00a0mais 18 crian\u00e7as: o Miguel Aguiar de Palma, Rafael Pires da Silva e o Gabriel Ferreira Bernardes. Tamb\u00e9m a Alice Mendes Valadares, Akon Malix Fel\u00edcio de Moura, Ana Luiza, Camila Pires Rangel, Carlos Eduardo Alkimim, Gabrielly R. Gon\u00e7alves, Guilherme Alves Jacquete, Isabelly G. Brizola, Julia da Concei\u00e7\u00e3o Oliveira, Kaike Aparecido Carvalho, Lara Barboza,\u00a0Let\u00edcia Azevedo dos Santos, Matteo Maiellaro, Nuno Rafael Marchetti e o Victor Tiso Santos.<\/p>\n<p>O amor foi derramado nos cora\u00e7\u00f5es pelo Esp\u00edrito Santo \u2013 Pentecostes. No Evangelho, Jesus disse: \u201cA paz esteja convosco. Como o Pai me\u00a0enviou, tamb\u00e9m eu vos envio\u201d. Depois de ter dito isto, soprou sobre eles e disse: Recebei o Esp\u00edrito Santo. A quem perdoardes os pecados, eles lhes ser\u00e3o perdoados; a quem n\u00e3o perdoardes, ele lhes ser\u00e3o retidos.\u201d<\/p>\n<p>O Padre J\u00falio acentuou que Jesus nos ensina a ficar perto dos fracos, a olhar para o irm\u00e3o.<\/p>\n<p>Vejam as fotos, por Carlos A. Beatriz<\/p>\nngg_shortcode_0_placeholder\n<div id=\"themify_builder_content-17979\" data-postid=\"17979\" class=\"themify_builder_content themify_builder_content-17979 themify_builder themify_builder_front\">\n\t<\/div>\n<!-- \/themify_builder_content -->","protected":false},"excerpt":{"rendered":"<p>Neste domingo, 27 de maio de 2012, em que celebramos Pentecostes, na Capela universit\u00e1ria S\u00e3o Judas Tadeu foram batizadas\u00a0mais 18 crian\u00e7as: o Miguel Aguiar de Palma, Rafael Pires da Silva e o Gabriel Ferreira Bernardes. Tamb\u00e9m a Alice Mendes Valadares, Akon Malix Fel\u00edcio de Moura, Ana Luiza, Camila Pires Rangel, Carlos Eduardo Alkimim, Gabrielly R. [&hellip;]<\/p>\n","protected":false},"author":10,"featured_media":0,"comment_status":"open","ping_status":"open","sticky":false,"template":"","format":"standard","meta":{"ngg_post_thumbnail":0,"footnotes":""},"categories":[3,8,7],"tags":[],"yoast_head":"<!-- This site is optimized with the Yoast SEO plugin v23.5 - https:\/\/yoast.com\/wordpress\/plugins\/seo\/ -->\n<title>Batizados de Maio de 2012 \u2013 Pentecostes - O Arcanjo no ar<\/title>\n<meta name=\"robots\" content=\"index, follow, max-snippet:-1, max-image-preview:large, max-video-preview:-1\" \/>\n<link rel=\"canonical\" href=\"https:\/\/www.oarcanjo.net\/site\/batizados-de-maio-de-2012-pentecostes\/\" \/>\n<meta property=\"og:locale\" content=\"pt_BR\" \/>\n<meta property=\"og:type\" content=\"article\" \/>\n<meta property=\"og:title\" content=\"Batizados de Maio de 2012 \u2013 Pentecostes - O Arcanjo no ar\" \/>\n<meta property=\"og:description\" content=\"Neste domingo, 27 de maio de 2012, em que celebramos Pentecostes, na Capela universit\u00e1ria S\u00e3o Judas Tadeu foram batizadas\u00a0mais 18 crian\u00e7as: o Miguel Aguiar de Palma, Rafael Pires da Silva e o Gabriel Ferreira Bernardes. Tamb\u00e9m a Alice Mendes Valadares, Akon Malix Fel\u00edcio de Moura, Ana Luiza, Camila Pires Rangel, Carlos Eduardo Alkimim, Gabrielly R. [&hellip;]\" \/>\n<meta property=\"og:url\" content=\"https:\/\/www.oarcanjo.net\/site\/batizados-de-maio-de-2012-pentecostes\/\" \/>\n<meta property=\"og:site_name\" content=\"O Arcanjo no ar\" \/>\n<meta property=\"article:publisher\" content=\"https:\/\/www.facebook.com\/OArcanjoNoAr\/\" \/>\n<meta property=\"article:published_time\" content=\"2012-05-28T00:36:19+00:00\" \/>\n<meta property=\"article:modified_time\" content=\"2012-05-29T02:34:03+00:00\" \/>\n<meta property=\"og:image\" content=\"https:\/\/www.oarcanjo.net\/site\/wp-content\/uploads\/logo-o-arcanjo-no-ar-facebook.png\" \/>\n\t<meta property=\"og:image:width\" content=\"300\" \/>\n\t<meta property=\"og:image:height\" content=\"300\" \/>\n\t<meta property=\"og:image:type\" content=\"image\/png\" \/>\n<meta name=\"author\" content=\"carlos\" \/>\n<meta name=\"twitter:card\" content=\"summary_large_image\" \/>\n<meta name=\"twitter:label1\" content=\"Escrito por\" \/>\n\t<meta name=\"twitter:data1\" content=\"carlos\" \/>\n\t<meta name=\"twitter:label2\" content=\"Est. tempo de leitura\" \/>\n\t<meta name=\"twitter:data2\" content=\"1 minuto\" \/>\n<script type=\"application\/ld+json\" class=\"yoast-schema-graph\">{\"@context\":\"https:\/\/schema.org\",\"@graph\":[{\"@type\":\"Article\",\"@id\":\"https:\/\/www.oarcanjo.net\/site\/batizados-de-maio-de-2012-pentecostes\/#article\",\"isPartOf\":{\"@id\":\"https:\/\/www.oarcanjo.net\/site\/batizados-de-maio-de-2012-pentecostes\/\"},\"author\":{\"name\":\"carlos\",\"@id\":\"https:\/\/www.oarcanjo.net\/site\/#\/schema\/person\/f7870e710d8c8c30673de3a0ac2e451d\"},\"headline\":\"Batizados de Maio de 2012 \u2013 Pentecostes\",\"datePublished\":\"2012-05-28T00:36:19+00:00\",\"dateModified\":\"2012-05-29T02:34:03+00:00\",\"mainEntityOfPage\":{\"@id\":\"https:\/\/www.oarcanjo.net\/site\/batizados-de-maio-de-2012-pentecostes\/\"},\"wordCount\":190,\"commentCount\":2,\"publisher\":{\"@id\":\"https:\/\/www.oarcanjo.net\/site\/#organization\"},\"articleSection\":[\"Destaques\",\"Not\u00edcias\",\"Rosto da comunidade\"],\"inLanguage\":\"pt-BR\",\"potentialAction\":[{\"@type\":\"CommentAction\",\"name\":\"Comment\",\"target\":[\"https:\/\/www.oarcanjo.net\/site\/batizados-de-maio-de-2012-pentecostes\/#respond\"]}]},{\"@type\":\"WebPage\",\"@id\":\"https:\/\/www.oarcanjo.net\/site\/batizados-de-maio-de-2012-pentecostes\/\",\"url\":\"https:\/\/www.oarcanjo.net\/site\/batizados-de-maio-de-2012-pentecostes\/\",\"name\":\"Batizados de Maio de 2012 \u2013 Pentecostes - O Arcanjo no ar\",\"isPartOf\":{\"@id\":\"https:\/\/www.oarcanjo.net\/site\/#website\"},\"datePublished\":\"2012-05-28T00:36:19+00:00\",\"dateModified\":\"2012-05-29T02:34:03+00:00\",\"breadcrumb\":{\"@id\":\"https:\/\/www.oarcanjo.net\/site\/batizados-de-maio-de-2012-pentecostes\/#breadcrumb\"},\"inLanguage\":\"pt-BR\",\"potentialAction\":[{\"@type\":\"ReadAction\",\"target\":[\"https:\/\/www.oarcanjo.net\/site\/batizados-de-maio-de-2012-pentecostes\/\"]}]},{\"@type\":\"BreadcrumbList\",\"@id\":\"https:\/\/www.oarcanjo.net\/site\/batizados-de-maio-de-2012-pentecostes\/#breadcrumb\",\"itemListElement\":[{\"@type\":\"ListItem\",\"position\":1,\"name\":\"In\u00edcio\",\"item\":\"https:\/\/www.oarcanjo.net\/site\/\"},{\"@type\":\"ListItem\",\"position\":2,\"name\":\"Batizados de Maio de 2012 \u2013 Pentecostes\"}]},{\"@type\":\"WebSite\",\"@id\":\"https:\/\/www.oarcanjo.net\/site\/#website\",\"url\":\"https:\/\/www.oarcanjo.net\/site\/\",\"name\":\"O Arcanjo no ar\",\"description\":\"Site da Par\u00f3quia S\u00e3o Miguel Arcanjo (Arquidiocese de SP)\",\"publisher\":{\"@id\":\"https:\/\/www.oarcanjo.net\/site\/#organization\"},\"potentialAction\":[{\"@type\":\"SearchAction\",\"target\":{\"@type\":\"EntryPoint\",\"urlTemplate\":\"https:\/\/www.oarcanjo.net\/site\/?s={search_term_string}\"},\"query-input\":{\"@type\":\"PropertyValueSpecification\",\"valueRequired\":true,\"valueName\":\"search_term_string\"}}],\"inLanguage\":\"pt-BR\"},{\"@type\":\"Organization\",\"@id\":\"https:\/\/www.oarcanjo.net\/site\/#organization\",\"name\":\"Par\u00f3quia S\u00e3o Miguel Arcanjo\",\"url\":\"https:\/\/www.oarcanjo.net\/site\/\",\"logo\":{\"@type\":\"ImageObject\",\"inLanguage\":\"pt-BR\",\"@id\":\"https:\/\/www.oarcanjo.net\/site\/#\/schema\/logo\/image\/\",\"url\":\"https:\/\/www.oarcanjo.net\/site\/wp-content\/uploads\/LogoOArcanjo.png\",\"contentUrl\":\"https:\/\/www.oarcanjo.net\/site\/wp-content\/uploads\/LogoOArcanjo.png\",\"width\":319,\"height\":99,\"caption\":\"Par\u00f3quia S\u00e3o Miguel Arcanjo\"},\"image\":{\"@id\":\"https:\/\/www.oarcanjo.net\/site\/#\/schema\/logo\/image\/\"},\"sameAs\":[\"https:\/\/www.facebook.com\/OArcanjoNoAr\/\"]},{\"@type\":\"Person\",\"@id\":\"https:\/\/www.oarcanjo.net\/site\/#\/schema\/person\/f7870e710d8c8c30673de3a0ac2e451d\",\"name\":\"carlos\"}]}<\/script>\n<!-- \/ Yoast SEO plugin. -->","yoast_head_json":{"title":"Batizados de Maio de 2012 \u2013 Pentecostes - O Arcanjo no ar","robots":{"index":"index","follow":"follow","max-snippet":"max-snippet:-1","max-image-preview":"max-image-preview:large","max-video-preview":"max-video-preview:-1"},"canonical":"https:\/\/www.oarcanjo.net\/site\/batizados-de-maio-de-2012-pentecostes\/","og_locale":"pt_BR","og_type":"article","og_title":"Batizados de Maio de 2012 \u2013 Pentecostes - O Arcanjo no ar","og_description":"Neste domingo, 27 de maio de 2012, em que celebramos Pentecostes, na Capela universit\u00e1ria S\u00e3o Judas Tadeu foram batizadas\u00a0mais 18 crian\u00e7as: o Miguel Aguiar de Palma, Rafael Pires da Silva e o Gabriel Ferreira Bernardes. Tamb\u00e9m a Alice Mendes Valadares, Akon Malix Fel\u00edcio de Moura, Ana Luiza, Camila Pires Rangel, Carlos Eduardo Alkimim, Gabrielly R. [&hellip;]","og_url":"https:\/\/www.oarcanjo.net\/site\/batizados-de-maio-de-2012-pentecostes\/","og_site_name":"O Arcanjo no ar","article_publisher":"https:\/\/www.facebook.com\/OArcanjoNoAr\/","article_published_time":"2012-05-28T00:36:19+00:00","article_modified_time":"2012-05-29T02:34:03+00:00","og_image":[{"width":300,"height":300,"url":"https:\/\/www.oarcanjo.net\/site\/wp-content\/uploads\/logo-o-arcanjo-no-ar-facebook.png","type":"image\/png"}],"author":"carlos","twitter_card":"summary_large_image","twitter_misc":{"Escrito por":"carlos","Est. tempo de leitura":"1 minuto"},"schema":{"@context":"https:\/\/schema.org","@graph":[{"@type":"Article","@id":"https:\/\/www.oarcanjo.net\/site\/batizados-de-maio-de-2012-pentecostes\/#article","isPartOf":{"@id":"https:\/\/www.oarcanjo.net\/site\/batizados-de-maio-de-2012-pentecostes\/"},"author":{"name":"carlos","@id":"https:\/\/www.oarcanjo.net\/site\/#\/schema\/person\/f7870e710d8c8c30673de3a0ac2e451d"},"headline":"Batizados de Maio de 2012 \u2013 Pentecostes","datePublished":"2012-05-28T00:36:19+00:00","dateModified":"2012-05-29T02:34:03+00:00","mainEntityOfPage":{"@id":"https:\/\/www.oarcanjo.net\/site\/batizados-de-maio-de-2012-pentecostes\/"},"wordCount":190,"commentCount":2,"publisher":{"@id":"https:\/\/www.oarcanjo.net\/site\/#organization"},"articleSection":["Destaques","Not\u00edcias","Rosto da comunidade"],"inLanguage":"pt-BR","potentialAction":[{"@type":"CommentAction","name":"Comment","target":["https:\/\/www.oarcanjo.net\/site\/batizados-de-maio-de-2012-pentecostes\/#respond"]}]},{"@type":"WebPage","@id":"https:\/\/www.oarcanjo.net\/site\/batizados-de-maio-de-2012-pentecostes\/","url":"https:\/\/www.oarcanjo.net\/site\/batizados-de-maio-de-2012-pentecostes\/","name":"Batizados de Maio de 2012 \u2013 Pentecostes - O Arcanjo no ar","isPartOf":{"@id":"https:\/\/www.oarcanjo.net\/site\/#website"},"datePublished":"2012-05-28T00:36:19+00:00","dateModified":"2012-05-29T02:34:03+00:00","breadcrumb":{"@id":"https:\/\/www.oarcanjo.net\/site\/batizados-de-maio-de-2012-pentecostes\/#breadcrumb"},"inLanguage":"pt-BR","potentialAction":[{"@type":"ReadAction","target":["https:\/\/www.oarcanjo.net\/site\/batizados-de-maio-de-2012-pentecostes\/"]}]},{"@type":"BreadcrumbList","@id":"https:\/\/www.oarcanjo.net\/site\/batizados-de-maio-de-2012-pentecostes\/#breadcrumb","itemListElement":[{"@type":"ListItem","position":1,"name":"In\u00edcio","item":"https:\/\/www.oarcanjo.net\/site\/"},{"@type":"ListItem","position":2,"name":"Batizados de Maio de 2012 \u2013 Pentecostes"}]},{"@type":"WebSite","@id":"https:\/\/www.oarcanjo.net\/site\/#website","url":"https:\/\/www.oarcanjo.net\/site\/","name":"O Arcanjo no ar","description":"Site da Par\u00f3quia S\u00e3o Miguel Arcanjo (Arquidiocese de SP)","publisher":{"@id":"https:\/\/www.oarcanjo.net\/site\/#organization"},"potentialAction":[{"@type":"SearchAction","target":{"@type":"EntryPoint","urlTemplate":"https:\/\/www.oarcanjo.net\/site\/?s={search_term_string}"},"query-input":{"@type":"PropertyValueSpecification","valueRequired":true,"valueName":"search_term_string"}}],"inLanguage":"pt-BR"},{"@type":"Organization","@id":"https:\/\/www.oarcanjo.net\/site\/#organization","name":"Par\u00f3quia S\u00e3o Miguel Arcanjo","url":"https:\/\/www.oarcanjo.net\/site\/","logo":{"@type":"ImageObject","inLanguage":"pt-BR","@id":"https:\/\/www.oarcanjo.net\/site\/#\/schema\/logo\/image\/","url":"https:\/\/www.oarcanjo.net\/site\/wp-content\/uploads\/LogoOArcanjo.png","contentUrl":"https:\/\/www.oarcanjo.net\/site\/wp-content\/uploads\/LogoOArcanjo.png","width":319,"height":99,"caption":"Par\u00f3quia S\u00e3o Miguel Arcanjo"},"image":{"@id":"https:\/\/www.oarcanjo.net\/site\/#\/schema\/logo\/image\/"},"sameAs":["https:\/\/www.facebook.com\/OArcanjoNoAr\/"]},{"@type":"Person","@id":"https:\/\/www.oarcanjo.net\/site\/#\/schema\/person\/f7870e710d8c8c30673de3a0ac2e451d","name":"carlos"}]}},"publishpress_future_action":{"enabled":false,"date":"2026-05-09 07:25:04","action":"category","newStatus":"draft","terms":[],"taxonomy":"category"},"publishpress_future_workflow_manual_trigger":{"enabledWorkflows":[]},"_links":{"self":[{"href":"https:\/\/www.oarcanjo.net\/site\/wp-json\/wp\/v2\/posts\/17979"}],"collection":[{"href":"https:\/\/www.oarcanjo.net\/site\/wp-json\/wp\/v2\/posts"}],"about":[{"href":"https:\/\/www.oarcanjo.net\/site\/wp-json\/wp\/v2\/types\/post"}],"author":[{"embeddable":true,"href":"https:\/\/www.oarcanjo.net\/site\/wp-json\/wp\/v2\/users\/10"}],"replies":[{"embeddable":true,"href":"https:\/\/www.oarcanjo.net\/site\/wp-json\/wp\/v2\/comments?post=17979"}],"version-history":[{"count":0,"href":"https:\/\/www.oarcanjo.net\/site\/wp-json\/wp\/v2\/posts\/17979\/revisions"}],"wp:attachment":[{"href":"https:\/\/www.oarcanjo.net\/site\/wp-json\/wp\/v2\/media?parent=17979"}],"wp:term":[{"taxonomy":"category","embeddable":true,"href":"https:\/\/www.oarcanjo.net\/site\/wp-json\/wp\/v2\/categories?post=17979"},{"taxonomy":"post_tag","embeddable":true,"href":"https:\/\/www.oarcanjo.net\/site\/wp-json\/wp\/v2\/tags?post=17979"}],"curies":[{"name":"wp","href":"https:\/\/api.w.org\/{rel}","templated":true}]}}