
{"id":17996,"date":"2012-05-28T22:55:17","date_gmt":"2012-05-29T01:55:17","guid":{"rendered":"http:\/\/www.oarcanjo.net\/site\/?p=17996"},"modified":"2012-05-30T03:00:43","modified_gmt":"2012-05-30T06:00:43","slug":"e-hora-de-mudar-conheca-a-cupula-dos-povos-na-rio20","status":"publish","type":"post","link":"https:\/\/www.oarcanjo.net\/site\/e-hora-de-mudar-conheca-a-cupula-dos-povos-na-rio20\/","title":{"rendered":"\u00c9 hora de mudar! Conhe\u00e7a a C\u00fapula dos Povos na Rio+20"},"content":{"rendered":"<p>A cidade do Rio de Janeiro recebe em junho representantes de v\u00e1rios pa\u00edses do mundo para a Confer\u00eancia das Na\u00e7\u00f5es Unidas para o Desenvolvimento Sustent\u00e1vel, a <strong>Rio+20<\/strong>. O evento acontece 20 anos depois da Rio 92, encontro sobre Meio Ambiente e Desenvolvimento.<\/p>\n<p>Em paralelo ao evento oficial, a sociedade civil realiza entre os dias 15 e 23 de junho a <strong>C\u00fapula dos Povos<\/strong> na Rio+20 por Justi\u00e7a Social e Ambiental, que pretende &#8220;transformar o momento numa oportunidade para tratar dos graves problemas enfrentados pela humanidade e demonstrar a for\u00e7a pol\u00edtica dos povos organizados&#8221;.<\/p>\n<p>O tema da C\u00fapula \u00e9 <strong>Venha reinventar o mundo<\/strong>, um chamado \u00e0 participa\u00e7\u00e3o para as organiza\u00e7\u00f5es e movimentos sociais do Brasil e do mundo. Veja mais detalhes no v\u00eddeo produzido pelo\u00a0F\u00f3rum Mudan\u00e7as Clim\u00e1ticas e Justi\u00e7a Social e pela Comiss\u00e3o Episcopal Pastoral para o Servi\u00e7o da Justi\u00e7a, da Caridade e da Paz &#8211; CNBB:<\/p>\n<p><iframe loading=\"lazy\" frameborder=\"0\" height=\"315\" src=\"http:\/\/www.youtube.com\/embed\/Cjt4sz6lzVA?rel=0\" width=\"560\"><\/iframe><\/p>\n<p>Para saber mais, visite o <a href=\"http:\/\/cupuladospovos.org.br\" target=\"_blank\">site oficial da C\u00fapula dos Povos (cupuladospovos.org.br)<\/a> e leia o documento &#8220;<a href=\"http:\/\/cupuladospovos.org.br\/2012\/05\/o-que-esta-em-jogo-na-rio20\/\" target=\"_blank\">O que est\u00e1 em jogo na Rio+20<\/a>&#8221;<\/p>\n<p>Conhe\u00e7a tamb\u00e9m a <a href=\"https:\/\/www.facebook.com\/cupuladospovos\" target=\"_blank\">p\u00e1gina no Facebook<\/a>.<\/p>\n<div id=\"themify_builder_content-17996\" data-postid=\"17996\" class=\"themify_builder_content themify_builder_content-17996 themify_builder themify_builder_front\">\n\t<\/div>\n<!-- \/themify_builder_content -->","protected":false},"excerpt":{"rendered":"<p>A cidade do Rio de Janeiro recebe em junho representantes de v\u00e1rios pa\u00edses do mundo para a Confer\u00eancia das Na\u00e7\u00f5es Unidas para o Desenvolvimento Sustent\u00e1vel, a Rio+20. O evento acontece 20 anos depois da Rio 92, encontro sobre Meio Ambiente e Desenvolvimento. Em paralelo ao evento oficial, a sociedade civil realiza entre os dias 15 [&hellip;]<\/p>\n","protected":false},"author":5,"featured_media":0,"comment_status":"open","ping_status":"open","sticky":false,"template":"","format":"standard","meta":{"ngg_post_thumbnail":0,"footnotes":""},"categories":[3,8,280],"tags":[105,2224,104,2226,466,2225,1029,2155,62],"yoast_head":"<!-- This site is optimized with the Yoast SEO plugin v23.5 - https:\/\/yoast.com\/wordpress\/plugins\/seo\/ -->\n<title>\u00c9 hora de mudar! Conhe\u00e7a a C\u00fapula dos Povos na Rio+20 - O Arcanjo no ar<\/title>\n<meta name=\"robots\" content=\"index, follow, max-snippet:-1, max-image-preview:large, max-video-preview:-1\" \/>\n<link rel=\"canonical\" href=\"https:\/\/www.oarcanjo.net\/site\/e-hora-de-mudar-conheca-a-cupula-dos-povos-na-rio20\/\" \/>\n<meta property=\"og:locale\" content=\"pt_BR\" \/>\n<meta property=\"og:type\" content=\"article\" \/>\n<meta property=\"og:title\" content=\"\u00c9 hora de mudar! Conhe\u00e7a a C\u00fapula dos Povos na Rio+20 - O Arcanjo no ar\" \/>\n<meta property=\"og:description\" content=\"A cidade do Rio de Janeiro recebe em junho representantes de v\u00e1rios pa\u00edses do mundo para a Confer\u00eancia das Na\u00e7\u00f5es Unidas para o Desenvolvimento Sustent\u00e1vel, a Rio+20. O evento acontece 20 anos depois da Rio 92, encontro sobre Meio Ambiente e Desenvolvimento. Em paralelo ao evento oficial, a sociedade civil realiza entre os dias 15 [&hellip;]\" \/>\n<meta property=\"og:url\" content=\"https:\/\/www.oarcanjo.net\/site\/e-hora-de-mudar-conheca-a-cupula-dos-povos-na-rio20\/\" \/>\n<meta property=\"og:site_name\" content=\"O Arcanjo no ar\" \/>\n<meta property=\"article:publisher\" content=\"https:\/\/www.facebook.com\/OArcanjoNoAr\/\" \/>\n<meta property=\"article:published_time\" content=\"2012-05-29T01:55:17+00:00\" \/>\n<meta property=\"article:modified_time\" content=\"2012-05-30T06:00:43+00:00\" \/>\n<meta property=\"og:image\" content=\"https:\/\/www.oarcanjo.net\/site\/wp-content\/uploads\/logo-o-arcanjo-no-ar-facebook.png\" \/>\n\t<meta property=\"og:image:width\" content=\"300\" \/>\n\t<meta property=\"og:image:height\" content=\"300\" \/>\n\t<meta property=\"og:image:type\" content=\"image\/png\" \/>\n<meta name=\"author\" content=\"editor\" \/>\n<meta name=\"twitter:card\" content=\"summary_large_image\" \/>\n<meta name=\"twitter:label1\" content=\"Escrito por\" \/>\n\t<meta name=\"twitter:data1\" content=\"editor\" \/>\n\t<meta name=\"twitter:label2\" content=\"Est. tempo de leitura\" \/>\n\t<meta name=\"twitter:data2\" content=\"1 minuto\" \/>\n<script type=\"application\/ld+json\" class=\"yoast-schema-graph\">{\"@context\":\"https:\/\/schema.org\",\"@graph\":[{\"@type\":\"Article\",\"@id\":\"https:\/\/www.oarcanjo.net\/site\/e-hora-de-mudar-conheca-a-cupula-dos-povos-na-rio20\/#article\",\"isPartOf\":{\"@id\":\"https:\/\/www.oarcanjo.net\/site\/e-hora-de-mudar-conheca-a-cupula-dos-povos-na-rio20\/\"},\"author\":{\"name\":\"editor\",\"@id\":\"https:\/\/www.oarcanjo.net\/site\/#\/schema\/person\/f7024d007863202483a31326673a0838\"},\"headline\":\"\u00c9 hora de mudar! Conhe\u00e7a a C\u00fapula dos Povos na Rio+20\",\"datePublished\":\"2012-05-29T01:55:17+00:00\",\"dateModified\":\"2012-05-30T06:00:43+00:00\",\"mainEntityOfPage\":{\"@id\":\"https:\/\/www.oarcanjo.net\/site\/e-hora-de-mudar-conheca-a-cupula-dos-povos-na-rio20\/\"},\"wordCount\":208,\"commentCount\":1,\"publisher\":{\"@id\":\"https:\/\/www.oarcanjo.net\/site\/#organization\"},\"keywords\":[\"ambiente\",\"C\u00fapula dos Povos\",\"ecologia\",\"economia verde\",\"exclus\u00e3o\",\"ind\u00edgenas\",\"Pastorais Sociais\",\"Rio+20\",\"vida\"],\"articleSection\":[\"Destaques\",\"Not\u00edcias\",\"V\u00eddeos\"],\"inLanguage\":\"pt-BR\",\"potentialAction\":[{\"@type\":\"CommentAction\",\"name\":\"Comment\",\"target\":[\"https:\/\/www.oarcanjo.net\/site\/e-hora-de-mudar-conheca-a-cupula-dos-povos-na-rio20\/#respond\"]}]},{\"@type\":\"WebPage\",\"@id\":\"https:\/\/www.oarcanjo.net\/site\/e-hora-de-mudar-conheca-a-cupula-dos-povos-na-rio20\/\",\"url\":\"https:\/\/www.oarcanjo.net\/site\/e-hora-de-mudar-conheca-a-cupula-dos-povos-na-rio20\/\",\"name\":\"\u00c9 hora de mudar! Conhe\u00e7a a C\u00fapula dos Povos na Rio+20 - O Arcanjo no ar\",\"isPartOf\":{\"@id\":\"https:\/\/www.oarcanjo.net\/site\/#website\"},\"datePublished\":\"2012-05-29T01:55:17+00:00\",\"dateModified\":\"2012-05-30T06:00:43+00:00\",\"breadcrumb\":{\"@id\":\"https:\/\/www.oarcanjo.net\/site\/e-hora-de-mudar-conheca-a-cupula-dos-povos-na-rio20\/#breadcrumb\"},\"inLanguage\":\"pt-BR\",\"potentialAction\":[{\"@type\":\"ReadAction\",\"target\":[\"https:\/\/www.oarcanjo.net\/site\/e-hora-de-mudar-conheca-a-cupula-dos-povos-na-rio20\/\"]}]},{\"@type\":\"BreadcrumbList\",\"@id\":\"https:\/\/www.oarcanjo.net\/site\/e-hora-de-mudar-conheca-a-cupula-dos-povos-na-rio20\/#breadcrumb\",\"itemListElement\":[{\"@type\":\"ListItem\",\"position\":1,\"name\":\"In\u00edcio\",\"item\":\"https:\/\/www.oarcanjo.net\/site\/\"},{\"@type\":\"ListItem\",\"position\":2,\"name\":\"\u00c9 hora de mudar! Conhe\u00e7a a C\u00fapula dos Povos na Rio+20\"}]},{\"@type\":\"WebSite\",\"@id\":\"https:\/\/www.oarcanjo.net\/site\/#website\",\"url\":\"https:\/\/www.oarcanjo.net\/site\/\",\"name\":\"O Arcanjo no ar\",\"description\":\"Site da Par\u00f3quia S\u00e3o Miguel Arcanjo (Arquidiocese de SP)\",\"publisher\":{\"@id\":\"https:\/\/www.oarcanjo.net\/site\/#organization\"},\"potentialAction\":[{\"@type\":\"SearchAction\",\"target\":{\"@type\":\"EntryPoint\",\"urlTemplate\":\"https:\/\/www.oarcanjo.net\/site\/?s={search_term_string}\"},\"query-input\":{\"@type\":\"PropertyValueSpecification\",\"valueRequired\":true,\"valueName\":\"search_term_string\"}}],\"inLanguage\":\"pt-BR\"},{\"@type\":\"Organization\",\"@id\":\"https:\/\/www.oarcanjo.net\/site\/#organization\",\"name\":\"Par\u00f3quia S\u00e3o Miguel Arcanjo\",\"url\":\"https:\/\/www.oarcanjo.net\/site\/\",\"logo\":{\"@type\":\"ImageObject\",\"inLanguage\":\"pt-BR\",\"@id\":\"https:\/\/www.oarcanjo.net\/site\/#\/schema\/logo\/image\/\",\"url\":\"https:\/\/www.oarcanjo.net\/site\/wp-content\/uploads\/LogoOArcanjo.png\",\"contentUrl\":\"https:\/\/www.oarcanjo.net\/site\/wp-content\/uploads\/LogoOArcanjo.png\",\"width\":319,\"height\":99,\"caption\":\"Par\u00f3quia S\u00e3o Miguel Arcanjo\"},\"image\":{\"@id\":\"https:\/\/www.oarcanjo.net\/site\/#\/schema\/logo\/image\/\"},\"sameAs\":[\"https:\/\/www.facebook.com\/OArcanjoNoAr\/\"]},{\"@type\":\"Person\",\"@id\":\"https:\/\/www.oarcanjo.net\/site\/#\/schema\/person\/f7024d007863202483a31326673a0838\",\"name\":\"editor\",\"sameAs\":[\"http:\/\/www.oarcanjo.net\"]}]}<\/script>\n<!-- \/ Yoast SEO plugin. -->","yoast_head_json":{"title":"\u00c9 hora de mudar! Conhe\u00e7a a C\u00fapula dos Povos na Rio+20 - O Arcanjo no ar","robots":{"index":"index","follow":"follow","max-snippet":"max-snippet:-1","max-image-preview":"max-image-preview:large","max-video-preview":"max-video-preview:-1"},"canonical":"https:\/\/www.oarcanjo.net\/site\/e-hora-de-mudar-conheca-a-cupula-dos-povos-na-rio20\/","og_locale":"pt_BR","og_type":"article","og_title":"\u00c9 hora de mudar! Conhe\u00e7a a C\u00fapula dos Povos na Rio+20 - O Arcanjo no ar","og_description":"A cidade do Rio de Janeiro recebe em junho representantes de v\u00e1rios pa\u00edses do mundo para a Confer\u00eancia das Na\u00e7\u00f5es Unidas para o Desenvolvimento Sustent\u00e1vel, a Rio+20. O evento acontece 20 anos depois da Rio 92, encontro sobre Meio Ambiente e Desenvolvimento. Em paralelo ao evento oficial, a sociedade civil realiza entre os dias 15 [&hellip;]","og_url":"https:\/\/www.oarcanjo.net\/site\/e-hora-de-mudar-conheca-a-cupula-dos-povos-na-rio20\/","og_site_name":"O Arcanjo no ar","article_publisher":"https:\/\/www.facebook.com\/OArcanjoNoAr\/","article_published_time":"2012-05-29T01:55:17+00:00","article_modified_time":"2012-05-30T06:00:43+00:00","og_image":[{"width":300,"height":300,"url":"https:\/\/www.oarcanjo.net\/site\/wp-content\/uploads\/logo-o-arcanjo-no-ar-facebook.png","type":"image\/png"}],"author":"editor","twitter_card":"summary_large_image","twitter_misc":{"Escrito por":"editor","Est. tempo de leitura":"1 minuto"},"schema":{"@context":"https:\/\/schema.org","@graph":[{"@type":"Article","@id":"https:\/\/www.oarcanjo.net\/site\/e-hora-de-mudar-conheca-a-cupula-dos-povos-na-rio20\/#article","isPartOf":{"@id":"https:\/\/www.oarcanjo.net\/site\/e-hora-de-mudar-conheca-a-cupula-dos-povos-na-rio20\/"},"author":{"name":"editor","@id":"https:\/\/www.oarcanjo.net\/site\/#\/schema\/person\/f7024d007863202483a31326673a0838"},"headline":"\u00c9 hora de mudar! Conhe\u00e7a a C\u00fapula dos Povos na Rio+20","datePublished":"2012-05-29T01:55:17+00:00","dateModified":"2012-05-30T06:00:43+00:00","mainEntityOfPage":{"@id":"https:\/\/www.oarcanjo.net\/site\/e-hora-de-mudar-conheca-a-cupula-dos-povos-na-rio20\/"},"wordCount":208,"commentCount":1,"publisher":{"@id":"https:\/\/www.oarcanjo.net\/site\/#organization"},"keywords":["ambiente","C\u00fapula dos Povos","ecologia","economia verde","exclus\u00e3o","ind\u00edgenas","Pastorais Sociais","Rio+20","vida"],"articleSection":["Destaques","Not\u00edcias","V\u00eddeos"],"inLanguage":"pt-BR","potentialAction":[{"@type":"CommentAction","name":"Comment","target":["https:\/\/www.oarcanjo.net\/site\/e-hora-de-mudar-conheca-a-cupula-dos-povos-na-rio20\/#respond"]}]},{"@type":"WebPage","@id":"https:\/\/www.oarcanjo.net\/site\/e-hora-de-mudar-conheca-a-cupula-dos-povos-na-rio20\/","url":"https:\/\/www.oarcanjo.net\/site\/e-hora-de-mudar-conheca-a-cupula-dos-povos-na-rio20\/","name":"\u00c9 hora de mudar! Conhe\u00e7a a C\u00fapula dos Povos na Rio+20 - O Arcanjo no ar","isPartOf":{"@id":"https:\/\/www.oarcanjo.net\/site\/#website"},"datePublished":"2012-05-29T01:55:17+00:00","dateModified":"2012-05-30T06:00:43+00:00","breadcrumb":{"@id":"https:\/\/www.oarcanjo.net\/site\/e-hora-de-mudar-conheca-a-cupula-dos-povos-na-rio20\/#breadcrumb"},"inLanguage":"pt-BR","potentialAction":[{"@type":"ReadAction","target":["https:\/\/www.oarcanjo.net\/site\/e-hora-de-mudar-conheca-a-cupula-dos-povos-na-rio20\/"]}]},{"@type":"BreadcrumbList","@id":"https:\/\/www.oarcanjo.net\/site\/e-hora-de-mudar-conheca-a-cupula-dos-povos-na-rio20\/#breadcrumb","itemListElement":[{"@type":"ListItem","position":1,"name":"In\u00edcio","item":"https:\/\/www.oarcanjo.net\/site\/"},{"@type":"ListItem","position":2,"name":"\u00c9 hora de mudar! Conhe\u00e7a a C\u00fapula dos Povos na Rio+20"}]},{"@type":"WebSite","@id":"https:\/\/www.oarcanjo.net\/site\/#website","url":"https:\/\/www.oarcanjo.net\/site\/","name":"O Arcanjo no ar","description":"Site da Par\u00f3quia S\u00e3o Miguel Arcanjo (Arquidiocese de SP)","publisher":{"@id":"https:\/\/www.oarcanjo.net\/site\/#organization"},"potentialAction":[{"@type":"SearchAction","target":{"@type":"EntryPoint","urlTemplate":"https:\/\/www.oarcanjo.net\/site\/?s={search_term_string}"},"query-input":{"@type":"PropertyValueSpecification","valueRequired":true,"valueName":"search_term_string"}}],"inLanguage":"pt-BR"},{"@type":"Organization","@id":"https:\/\/www.oarcanjo.net\/site\/#organization","name":"Par\u00f3quia S\u00e3o Miguel Arcanjo","url":"https:\/\/www.oarcanjo.net\/site\/","logo":{"@type":"ImageObject","inLanguage":"pt-BR","@id":"https:\/\/www.oarcanjo.net\/site\/#\/schema\/logo\/image\/","url":"https:\/\/www.oarcanjo.net\/site\/wp-content\/uploads\/LogoOArcanjo.png","contentUrl":"https:\/\/www.oarcanjo.net\/site\/wp-content\/uploads\/LogoOArcanjo.png","width":319,"height":99,"caption":"Par\u00f3quia S\u00e3o Miguel Arcanjo"},"image":{"@id":"https:\/\/www.oarcanjo.net\/site\/#\/schema\/logo\/image\/"},"sameAs":["https:\/\/www.facebook.com\/OArcanjoNoAr\/"]},{"@type":"Person","@id":"https:\/\/www.oarcanjo.net\/site\/#\/schema\/person\/f7024d007863202483a31326673a0838","name":"editor","sameAs":["http:\/\/www.oarcanjo.net"]}]}},"publishpress_future_action":{"enabled":false,"date":"2026-05-09 08:42:47","action":"category","newStatus":"draft","terms":[],"taxonomy":"category"},"publishpress_future_workflow_manual_trigger":{"enabledWorkflows":[]},"_links":{"self":[{"href":"https:\/\/www.oarcanjo.net\/site\/wp-json\/wp\/v2\/posts\/17996"}],"collection":[{"href":"https:\/\/www.oarcanjo.net\/site\/wp-json\/wp\/v2\/posts"}],"about":[{"href":"https:\/\/www.oarcanjo.net\/site\/wp-json\/wp\/v2\/types\/post"}],"author":[{"embeddable":true,"href":"https:\/\/www.oarcanjo.net\/site\/wp-json\/wp\/v2\/users\/5"}],"replies":[{"embeddable":true,"href":"https:\/\/www.oarcanjo.net\/site\/wp-json\/wp\/v2\/comments?post=17996"}],"version-history":[{"count":0,"href":"https:\/\/www.oarcanjo.net\/site\/wp-json\/wp\/v2\/posts\/17996\/revisions"}],"wp:attachment":[{"href":"https:\/\/www.oarcanjo.net\/site\/wp-json\/wp\/v2\/media?parent=17996"}],"wp:term":[{"taxonomy":"category","embeddable":true,"href":"https:\/\/www.oarcanjo.net\/site\/wp-json\/wp\/v2\/categories?post=17996"},{"taxonomy":"post_tag","embeddable":true,"href":"https:\/\/www.oarcanjo.net\/site\/wp-json\/wp\/v2\/tags?post=17996"}],"curies":[{"name":"wp","href":"https:\/\/api.w.org\/{rel}","templated":true}]}}