
{"id":18000,"date":"2012-05-29T14:04:37","date_gmt":"2012-05-29T17:04:37","guid":{"rendered":"http:\/\/www.oarcanjo.net\/site\/?p=18000"},"modified":"2012-05-28T23:08:20","modified_gmt":"2012-05-29T02:08:20","slug":"documento-final-do-iii-encontro-de-blogueirs-nada-alem-da-constituicao","status":"publish","type":"post","link":"https:\/\/www.oarcanjo.net\/site\/documento-final-do-iii-encontro-de-blogueirs-nada-alem-da-constituicao\/","title":{"rendered":"Documento final do III Encontro de Blogueir@s: Nada Al\u00e9m da Constitui\u00e7\u00e3o!"},"content":{"rendered":"<p>A participa\u00e7\u00e3o de quase 300 ativistas digitais de todo o pa\u00eds, no <strong>III Encontro Nacional de Blogueiro@s<\/strong>, realizado entre os dias 25 e 27 de maio em Salvador, na Bahia, consolidou o primeiro ciclo do mais importante movimento digital do Brasil, iniciado em agosto de 2010.<\/p>\n<p>Surgido como uma rea\u00e7\u00e3o aos monop\u00f3lios de m\u00eddia, que se baseiam num modelo usurpador quase que exclusivamente voltado \u00e0 defesa dos interesses do grande capital em detrimento das aspira\u00e7\u00f5es populares, o movimento nacional dos Blogueiros e Blogueiras Progressistas desdobrou-se em in\u00fameros encontros municipais, regionais e estaduais, al\u00e9m de tr\u00eas encontros nacionais (S\u00e3o Paulo, Bras\u00edlia e Salvador) e um internacional, realizado, em outubro de 2011, na cidade de Foz do Igua\u00e7u, no Paran\u00e1.<\/p>\n<p>Neste curto espa\u00e7o de tempo, este movimento ganhou legitimidade pol\u00edtica e enorme dimens\u00e3o social. Foi capaz de influir fortemente no debate sobre a necessidade de se democratizar a comunica\u00e7\u00e3o no Brasil. Em suma, temos sa\u00eddo vitoriosos nesta guerra dura contra a m\u00eddia ainda hegem\u00f4nica. Lutamos com as armas que temos, todas baseadas na crescente for\u00e7a da blogosfera e das redes sociais.<\/p>\n<p>O principal reflexo dessa atua\u00e7\u00e3o, ao mesmo tempo organizada e fragmentada, tem sido o inc\u00f4modo permanente causado nos setores mais conservadores e reacion\u00e1rios da velha m\u00eddia nacional, um segmento incapaz n\u00e3o apenas de racionalizar a dimens\u00e3o do desafio que tem pela frente, mas totalmente descolado das novas realidades de comunica\u00e7\u00e3o e participa\u00e7\u00e3o social ditadas, inexoravelmente, pelas novas tecnologias. Apegam-se, de forma ris\u00edvel, a um discurso tardiamente articulado de defesa das liberdades de imprensa e de express\u00e3o, conceitos que mal entendem, mas que confundem, deliberadamente, para manipular o p\u00fablico em favor de interesses inconfess\u00e1veis. Posam, sem escr\u00fapulo algum, de defensores de uma liberdade que n\u00e3o passa, no fim das contas, da liberdade de permanecerem \u00e0 frente dos oligop\u00f3lios de comunica\u00e7\u00e3o que tantos danos t\u00eam causado \u00e0 democracia brasileira. Para tal, chegam a pregar abertamente restri\u00e7\u00f5es \u00e0 internet, apavorados que est\u00e3o com a iminente ru\u00edna de um modelo de neg\u00f3cios em franca crise em todo o mundo, com a queda de tiragem da m\u00eddia impressa e da audi\u00eancia da radiodifus\u00e3o, com consequ\u00eancias diretas no processo de capta\u00e7\u00e3o de receita publicit\u00e1ria.<\/p>\n<p>Para tornar ainda mais n\u00edtida e avan\u00e7ada a discuss\u00e3o sobre a democratiza\u00e7\u00e3o da comunica\u00e7\u00e3o no Brasil, o <strong>III BlogProg<\/strong> decidiu concentrar suas energias, daqui em diante, em duas quest\u00f5es fundamentais.<\/p>\n<p>A primeira \u00e9 a luta por um<strong> novo marco regulat\u00f3rio das comunica\u00e7\u00f5es<\/strong> assentado em uma Lei de M\u00eddia capaz de estabelecer formalmente a quest\u00e3o da comunica\u00e7\u00e3o como um direito humano essencial. Neste sentido, o <strong>III BlogProg<\/strong> decidiu interagir com a campanha do F\u00f3rum Nacional pela Democratiza\u00e7\u00e3o da Comunica\u00e7\u00e3o (FNDC). Campanha esta que visa pressionar o governo federal, de modo a desencadear de imediato o debate sobre este tema estrat\u00e9gico para toda a sociedade brasileira.<\/p>\n<p>A segunda batalha decisiva \u00e9 a de refor\u00e7ar a defesa da a\u00e7\u00e3o da blogosfera e das redes sociais diante do constante ataque de setores conservadores estimulados e financiados pela velha m\u00eddia. Trata-se de um movimento articulado, inclusive, no Congresso Nacional, com o objetivo de criar obst\u00e1culos e amarras capazes de cercear a livre circula\u00e7\u00e3o de ideias pela internet, al\u00e9m de criminalizar o ativismo digital. Em outro front, cresce a judicializa\u00e7\u00e3o da censura, feita com a cumplicidade de integrantes do Poder Judici\u00e1rio, utilizada para tentar asfixiar financeiramente blogs e s\u00edtios hospedados na rede mundial de computadores. Mais preocupante \u00e9 o aumento de casos de viol\u00eancia contra Blogueiros e ativistas digitais em todo o pa\u00eds, inclusive com assassinatos, como no caso dos Blogueiros Edinaldo Filgueira, do Rio Grande do Norte, e D\u00e9cio S\u00e1, do Maranh\u00e3o.<\/p>\n<p>A nossa luta, portanto, n\u00e3o \u00e9 a luta de um grupo, mas de toda a sociedade pela neutralidade e pela liberdade na rede. \u00c9 pela implanta\u00e7\u00e3o de uma cultura solid\u00e1ria e democr\u00e1tica do uso e da difus\u00e3o das informa\u00e7\u00f5es. \u00c9 uma luta pela igualdade das rela\u00e7\u00f5es desse uso com base \u00fanica e exclusivamente no que diz e manda a Constitui\u00e7\u00e3o Federal, a mesma Carta Magna que pro\u00edbe tanto o monop\u00f3lio da comunica\u00e7\u00e3o como a propriedade de ve\u00edculos de comunica\u00e7\u00e3o por parte de pol\u00edticos \u2013 duas medidas solenemente ignoradas pelas autoridades, pelos agentes da lei e, claro, pelos grupos econ\u00f4micos que h\u00e1 d\u00e9cadas usufruem e se locupletam desse estado de coisas.<\/p>\n<p>Para tanto, este III Encontro adota \u2013 como norte para orientar a nova fase da luta \u2013 uma ideia simples e direta: <strong>Nada al\u00e9m da Constitui\u00e7\u00e3o!<\/strong><\/p>\n<p>As bandeiras da liberdade de informa\u00e7\u00e3o e de express\u00e3o, assim como a da universaliza\u00e7\u00e3o do acesso \u00e0 banda larga, s\u00e3o nossas. Qualquer tentativa de usurp\u00e1-las \u2013 ainda mais por parte de quem jamais defendeu a democracia no Brasil \u2013 \u00e9 uma manipula\u00e7\u00e3o inaceit\u00e1vel.<\/p>\n<div id=\"themify_builder_content-18000\" data-postid=\"18000\" class=\"themify_builder_content themify_builder_content-18000 themify_builder themify_builder_front\">\n\t<\/div>\n<!-- \/themify_builder_content -->","protected":false},"excerpt":{"rendered":"<p>A participa\u00e7\u00e3o de quase 300 ativistas digitais de todo o pa\u00eds, no III Encontro Nacional de Blogueiro@s, realizado entre os dias 25 e 27 de maio em Salvador, na Bahia, consolidou o primeiro ciclo do mais importante movimento digital do Brasil, iniciado em agosto de 2010. Surgido como uma rea\u00e7\u00e3o aos monop\u00f3lios de m\u00eddia, que [&hellip;]<\/p>\n","protected":false},"author":5,"featured_media":0,"comment_status":"open","ping_status":"open","sticky":false,"template":"","format":"standard","meta":{"ngg_post_thumbnail":0,"footnotes":""},"categories":[8],"tags":[3199,2227,27,873,21,196,2228],"yoast_head":"<!-- This site is optimized with the Yoast SEO plugin v23.5 - https:\/\/yoast.com\/wordpress\/plugins\/seo\/ -->\n<title>Documento final do III Encontro de Blogueir@s: Nada Al\u00e9m da Constitui\u00e7\u00e3o! - O Arcanjo no ar<\/title>\n<meta name=\"robots\" content=\"index, follow, max-snippet:-1, max-image-preview:large, max-video-preview:-1\" \/>\n<link rel=\"canonical\" href=\"https:\/\/www.oarcanjo.net\/site\/documento-final-do-iii-encontro-de-blogueirs-nada-alem-da-constituicao\/\" \/>\n<meta property=\"og:locale\" content=\"pt_BR\" \/>\n<meta property=\"og:type\" content=\"article\" \/>\n<meta property=\"og:title\" content=\"Documento final do III Encontro de Blogueir@s: Nada Al\u00e9m da Constitui\u00e7\u00e3o! - O Arcanjo no ar\" \/>\n<meta property=\"og:description\" content=\"A participa\u00e7\u00e3o de quase 300 ativistas digitais de todo o pa\u00eds, no III Encontro Nacional de Blogueiro@s, realizado entre os dias 25 e 27 de maio em Salvador, na Bahia, consolidou o primeiro ciclo do mais importante movimento digital do Brasil, iniciado em agosto de 2010. Surgido como uma rea\u00e7\u00e3o aos monop\u00f3lios de m\u00eddia, que [&hellip;]\" \/>\n<meta property=\"og:url\" content=\"https:\/\/www.oarcanjo.net\/site\/documento-final-do-iii-encontro-de-blogueirs-nada-alem-da-constituicao\/\" \/>\n<meta property=\"og:site_name\" content=\"O Arcanjo no ar\" \/>\n<meta property=\"article:publisher\" content=\"https:\/\/www.facebook.com\/OArcanjoNoAr\/\" \/>\n<meta property=\"article:published_time\" content=\"2012-05-29T17:04:37+00:00\" \/>\n<meta property=\"article:modified_time\" content=\"2012-05-29T02:08:20+00:00\" \/>\n<meta property=\"og:image\" content=\"https:\/\/www.oarcanjo.net\/site\/wp-content\/uploads\/logo-o-arcanjo-no-ar-facebook.png\" \/>\n\t<meta property=\"og:image:width\" content=\"300\" \/>\n\t<meta property=\"og:image:height\" content=\"300\" \/>\n\t<meta property=\"og:image:type\" content=\"image\/png\" \/>\n<meta name=\"author\" content=\"editor\" \/>\n<meta name=\"twitter:card\" content=\"summary_large_image\" \/>\n<meta name=\"twitter:label1\" content=\"Escrito por\" \/>\n\t<meta name=\"twitter:data1\" content=\"editor\" \/>\n\t<meta name=\"twitter:label2\" content=\"Est. tempo de leitura\" \/>\n\t<meta name=\"twitter:data2\" content=\"4 minutos\" \/>\n<script type=\"application\/ld+json\" class=\"yoast-schema-graph\">{\"@context\":\"https:\/\/schema.org\",\"@graph\":[{\"@type\":\"Article\",\"@id\":\"https:\/\/www.oarcanjo.net\/site\/documento-final-do-iii-encontro-de-blogueirs-nada-alem-da-constituicao\/#article\",\"isPartOf\":{\"@id\":\"https:\/\/www.oarcanjo.net\/site\/documento-final-do-iii-encontro-de-blogueirs-nada-alem-da-constituicao\/\"},\"author\":{\"name\":\"editor\",\"@id\":\"https:\/\/www.oarcanjo.net\/site\/#\/schema\/person\/f7024d007863202483a31326673a0838\"},\"headline\":\"Documento final do III Encontro de Blogueir@s: Nada Al\u00e9m da Constitui\u00e7\u00e3o!\",\"datePublished\":\"2012-05-29T17:04:37+00:00\",\"dateModified\":\"2012-05-29T02:08:20+00:00\",\"mainEntityOfPage\":{\"@id\":\"https:\/\/www.oarcanjo.net\/site\/documento-final-do-iii-encontro-de-blogueirs-nada-alem-da-constituicao\/\"},\"wordCount\":866,\"commentCount\":0,\"publisher\":{\"@id\":\"https:\/\/www.oarcanjo.net\/site\/#organization\"},\"keywords\":[\"Blog\",\"BlogProg\",\"comunica\u00e7\u00e3o\",\"Democracia\",\"internet\",\"m\u00eddia\",\"Nada Al\u00e9m da Constitui\u00e7\u00e3o\"],\"articleSection\":[\"Not\u00edcias\"],\"inLanguage\":\"pt-BR\",\"potentialAction\":[{\"@type\":\"CommentAction\",\"name\":\"Comment\",\"target\":[\"https:\/\/www.oarcanjo.net\/site\/documento-final-do-iii-encontro-de-blogueirs-nada-alem-da-constituicao\/#respond\"]}]},{\"@type\":\"WebPage\",\"@id\":\"https:\/\/www.oarcanjo.net\/site\/documento-final-do-iii-encontro-de-blogueirs-nada-alem-da-constituicao\/\",\"url\":\"https:\/\/www.oarcanjo.net\/site\/documento-final-do-iii-encontro-de-blogueirs-nada-alem-da-constituicao\/\",\"name\":\"Documento final do III Encontro de Blogueir@s: Nada Al\u00e9m da Constitui\u00e7\u00e3o! - O Arcanjo no ar\",\"isPartOf\":{\"@id\":\"https:\/\/www.oarcanjo.net\/site\/#website\"},\"datePublished\":\"2012-05-29T17:04:37+00:00\",\"dateModified\":\"2012-05-29T02:08:20+00:00\",\"breadcrumb\":{\"@id\":\"https:\/\/www.oarcanjo.net\/site\/documento-final-do-iii-encontro-de-blogueirs-nada-alem-da-constituicao\/#breadcrumb\"},\"inLanguage\":\"pt-BR\",\"potentialAction\":[{\"@type\":\"ReadAction\",\"target\":[\"https:\/\/www.oarcanjo.net\/site\/documento-final-do-iii-encontro-de-blogueirs-nada-alem-da-constituicao\/\"]}]},{\"@type\":\"BreadcrumbList\",\"@id\":\"https:\/\/www.oarcanjo.net\/site\/documento-final-do-iii-encontro-de-blogueirs-nada-alem-da-constituicao\/#breadcrumb\",\"itemListElement\":[{\"@type\":\"ListItem\",\"position\":1,\"name\":\"In\u00edcio\",\"item\":\"https:\/\/www.oarcanjo.net\/site\/\"},{\"@type\":\"ListItem\",\"position\":2,\"name\":\"Documento final do III Encontro de Blogueir@s: Nada Al\u00e9m da Constitui\u00e7\u00e3o!\"}]},{\"@type\":\"WebSite\",\"@id\":\"https:\/\/www.oarcanjo.net\/site\/#website\",\"url\":\"https:\/\/www.oarcanjo.net\/site\/\",\"name\":\"O Arcanjo no ar\",\"description\":\"Site da Par\u00f3quia S\u00e3o Miguel Arcanjo (Arquidiocese de SP)\",\"publisher\":{\"@id\":\"https:\/\/www.oarcanjo.net\/site\/#organization\"},\"potentialAction\":[{\"@type\":\"SearchAction\",\"target\":{\"@type\":\"EntryPoint\",\"urlTemplate\":\"https:\/\/www.oarcanjo.net\/site\/?s={search_term_string}\"},\"query-input\":{\"@type\":\"PropertyValueSpecification\",\"valueRequired\":true,\"valueName\":\"search_term_string\"}}],\"inLanguage\":\"pt-BR\"},{\"@type\":\"Organization\",\"@id\":\"https:\/\/www.oarcanjo.net\/site\/#organization\",\"name\":\"Par\u00f3quia S\u00e3o Miguel Arcanjo\",\"url\":\"https:\/\/www.oarcanjo.net\/site\/\",\"logo\":{\"@type\":\"ImageObject\",\"inLanguage\":\"pt-BR\",\"@id\":\"https:\/\/www.oarcanjo.net\/site\/#\/schema\/logo\/image\/\",\"url\":\"https:\/\/www.oarcanjo.net\/site\/wp-content\/uploads\/LogoOArcanjo.png\",\"contentUrl\":\"https:\/\/www.oarcanjo.net\/site\/wp-content\/uploads\/LogoOArcanjo.png\",\"width\":319,\"height\":99,\"caption\":\"Par\u00f3quia S\u00e3o Miguel Arcanjo\"},\"image\":{\"@id\":\"https:\/\/www.oarcanjo.net\/site\/#\/schema\/logo\/image\/\"},\"sameAs\":[\"https:\/\/www.facebook.com\/OArcanjoNoAr\/\"]},{\"@type\":\"Person\",\"@id\":\"https:\/\/www.oarcanjo.net\/site\/#\/schema\/person\/f7024d007863202483a31326673a0838\",\"name\":\"editor\",\"sameAs\":[\"http:\/\/www.oarcanjo.net\"]}]}<\/script>\n<!-- \/ Yoast SEO plugin. -->","yoast_head_json":{"title":"Documento final do III Encontro de Blogueir@s: Nada Al\u00e9m da Constitui\u00e7\u00e3o! - O Arcanjo no ar","robots":{"index":"index","follow":"follow","max-snippet":"max-snippet:-1","max-image-preview":"max-image-preview:large","max-video-preview":"max-video-preview:-1"},"canonical":"https:\/\/www.oarcanjo.net\/site\/documento-final-do-iii-encontro-de-blogueirs-nada-alem-da-constituicao\/","og_locale":"pt_BR","og_type":"article","og_title":"Documento final do III Encontro de Blogueir@s: Nada Al\u00e9m da Constitui\u00e7\u00e3o! - O Arcanjo no ar","og_description":"A participa\u00e7\u00e3o de quase 300 ativistas digitais de todo o pa\u00eds, no III Encontro Nacional de Blogueiro@s, realizado entre os dias 25 e 27 de maio em Salvador, na Bahia, consolidou o primeiro ciclo do mais importante movimento digital do Brasil, iniciado em agosto de 2010. Surgido como uma rea\u00e7\u00e3o aos monop\u00f3lios de m\u00eddia, que [&hellip;]","og_url":"https:\/\/www.oarcanjo.net\/site\/documento-final-do-iii-encontro-de-blogueirs-nada-alem-da-constituicao\/","og_site_name":"O Arcanjo no ar","article_publisher":"https:\/\/www.facebook.com\/OArcanjoNoAr\/","article_published_time":"2012-05-29T17:04:37+00:00","article_modified_time":"2012-05-29T02:08:20+00:00","og_image":[{"width":300,"height":300,"url":"https:\/\/www.oarcanjo.net\/site\/wp-content\/uploads\/logo-o-arcanjo-no-ar-facebook.png","type":"image\/png"}],"author":"editor","twitter_card":"summary_large_image","twitter_misc":{"Escrito por":"editor","Est. tempo de leitura":"4 minutos"},"schema":{"@context":"https:\/\/schema.org","@graph":[{"@type":"Article","@id":"https:\/\/www.oarcanjo.net\/site\/documento-final-do-iii-encontro-de-blogueirs-nada-alem-da-constituicao\/#article","isPartOf":{"@id":"https:\/\/www.oarcanjo.net\/site\/documento-final-do-iii-encontro-de-blogueirs-nada-alem-da-constituicao\/"},"author":{"name":"editor","@id":"https:\/\/www.oarcanjo.net\/site\/#\/schema\/person\/f7024d007863202483a31326673a0838"},"headline":"Documento final do III Encontro de Blogueir@s: Nada Al\u00e9m da Constitui\u00e7\u00e3o!","datePublished":"2012-05-29T17:04:37+00:00","dateModified":"2012-05-29T02:08:20+00:00","mainEntityOfPage":{"@id":"https:\/\/www.oarcanjo.net\/site\/documento-final-do-iii-encontro-de-blogueirs-nada-alem-da-constituicao\/"},"wordCount":866,"commentCount":0,"publisher":{"@id":"https:\/\/www.oarcanjo.net\/site\/#organization"},"keywords":["Blog","BlogProg","comunica\u00e7\u00e3o","Democracia","internet","m\u00eddia","Nada Al\u00e9m da Constitui\u00e7\u00e3o"],"articleSection":["Not\u00edcias"],"inLanguage":"pt-BR","potentialAction":[{"@type":"CommentAction","name":"Comment","target":["https:\/\/www.oarcanjo.net\/site\/documento-final-do-iii-encontro-de-blogueirs-nada-alem-da-constituicao\/#respond"]}]},{"@type":"WebPage","@id":"https:\/\/www.oarcanjo.net\/site\/documento-final-do-iii-encontro-de-blogueirs-nada-alem-da-constituicao\/","url":"https:\/\/www.oarcanjo.net\/site\/documento-final-do-iii-encontro-de-blogueirs-nada-alem-da-constituicao\/","name":"Documento final do III Encontro de Blogueir@s: Nada Al\u00e9m da Constitui\u00e7\u00e3o! - O Arcanjo no ar","isPartOf":{"@id":"https:\/\/www.oarcanjo.net\/site\/#website"},"datePublished":"2012-05-29T17:04:37+00:00","dateModified":"2012-05-29T02:08:20+00:00","breadcrumb":{"@id":"https:\/\/www.oarcanjo.net\/site\/documento-final-do-iii-encontro-de-blogueirs-nada-alem-da-constituicao\/#breadcrumb"},"inLanguage":"pt-BR","potentialAction":[{"@type":"ReadAction","target":["https:\/\/www.oarcanjo.net\/site\/documento-final-do-iii-encontro-de-blogueirs-nada-alem-da-constituicao\/"]}]},{"@type":"BreadcrumbList","@id":"https:\/\/www.oarcanjo.net\/site\/documento-final-do-iii-encontro-de-blogueirs-nada-alem-da-constituicao\/#breadcrumb","itemListElement":[{"@type":"ListItem","position":1,"name":"In\u00edcio","item":"https:\/\/www.oarcanjo.net\/site\/"},{"@type":"ListItem","position":2,"name":"Documento final do III Encontro de Blogueir@s: Nada Al\u00e9m da Constitui\u00e7\u00e3o!"}]},{"@type":"WebSite","@id":"https:\/\/www.oarcanjo.net\/site\/#website","url":"https:\/\/www.oarcanjo.net\/site\/","name":"O Arcanjo no ar","description":"Site da Par\u00f3quia S\u00e3o Miguel Arcanjo (Arquidiocese de SP)","publisher":{"@id":"https:\/\/www.oarcanjo.net\/site\/#organization"},"potentialAction":[{"@type":"SearchAction","target":{"@type":"EntryPoint","urlTemplate":"https:\/\/www.oarcanjo.net\/site\/?s={search_term_string}"},"query-input":{"@type":"PropertyValueSpecification","valueRequired":true,"valueName":"search_term_string"}}],"inLanguage":"pt-BR"},{"@type":"Organization","@id":"https:\/\/www.oarcanjo.net\/site\/#organization","name":"Par\u00f3quia S\u00e3o Miguel Arcanjo","url":"https:\/\/www.oarcanjo.net\/site\/","logo":{"@type":"ImageObject","inLanguage":"pt-BR","@id":"https:\/\/www.oarcanjo.net\/site\/#\/schema\/logo\/image\/","url":"https:\/\/www.oarcanjo.net\/site\/wp-content\/uploads\/LogoOArcanjo.png","contentUrl":"https:\/\/www.oarcanjo.net\/site\/wp-content\/uploads\/LogoOArcanjo.png","width":319,"height":99,"caption":"Par\u00f3quia S\u00e3o Miguel Arcanjo"},"image":{"@id":"https:\/\/www.oarcanjo.net\/site\/#\/schema\/logo\/image\/"},"sameAs":["https:\/\/www.facebook.com\/OArcanjoNoAr\/"]},{"@type":"Person","@id":"https:\/\/www.oarcanjo.net\/site\/#\/schema\/person\/f7024d007863202483a31326673a0838","name":"editor","sameAs":["http:\/\/www.oarcanjo.net"]}]}},"publishpress_future_action":{"enabled":false,"date":"2026-05-09 09:05:06","action":"category","newStatus":"draft","terms":[],"taxonomy":"category"},"publishpress_future_workflow_manual_trigger":{"enabledWorkflows":[]},"_links":{"self":[{"href":"https:\/\/www.oarcanjo.net\/site\/wp-json\/wp\/v2\/posts\/18000"}],"collection":[{"href":"https:\/\/www.oarcanjo.net\/site\/wp-json\/wp\/v2\/posts"}],"about":[{"href":"https:\/\/www.oarcanjo.net\/site\/wp-json\/wp\/v2\/types\/post"}],"author":[{"embeddable":true,"href":"https:\/\/www.oarcanjo.net\/site\/wp-json\/wp\/v2\/users\/5"}],"replies":[{"embeddable":true,"href":"https:\/\/www.oarcanjo.net\/site\/wp-json\/wp\/v2\/comments?post=18000"}],"version-history":[{"count":0,"href":"https:\/\/www.oarcanjo.net\/site\/wp-json\/wp\/v2\/posts\/18000\/revisions"}],"wp:attachment":[{"href":"https:\/\/www.oarcanjo.net\/site\/wp-json\/wp\/v2\/media?parent=18000"}],"wp:term":[{"taxonomy":"category","embeddable":true,"href":"https:\/\/www.oarcanjo.net\/site\/wp-json\/wp\/v2\/categories?post=18000"},{"taxonomy":"post_tag","embeddable":true,"href":"https:\/\/www.oarcanjo.net\/site\/wp-json\/wp\/v2\/tags?post=18000"}],"curies":[{"name":"wp","href":"https:\/\/api.w.org\/{rel}","templated":true}]}}