
{"id":18020,"date":"2012-06-02T02:10:56","date_gmt":"2012-06-02T05:10:56","guid":{"rendered":"http:\/\/www.oarcanjo.net\/site\/?p=18020"},"modified":"2012-06-02T02:10:56","modified_gmt":"2012-06-02T05:10:56","slug":"terco-dos-homens-junho-2012","status":"publish","type":"post","link":"https:\/\/www.oarcanjo.net\/site\/terco-dos-homens-junho-2012\/","title":{"rendered":"Ter\u00e7o dos Homens junho 2012"},"content":{"rendered":"<p>&nbsp;<\/p>\n<p><span style=\"font-family: Times New Roman; font-size: small;\"> <\/span><span style=\"font-family: Calibri; font-size: small;\">Perseverantes, homens da comunidade S\u00e3o Miguel Arcanjo continuam a se reunir nas primeiras sextas-feiras de cada m\u00eas e rezam o Ter\u00e7o. Ora\u00e7\u00f5es, pedidos, reflex\u00f5es, ensino lit\u00fargico, hist\u00f3ria da Igreja. No final a partilha. <\/span><\/p>\n<p><span style=\"font-family: Calibri; font-size: small;\">Nesta \u00faltima sexta-feira, 01 de junho de 2012, l\u00e1 estavam eles rezando. Nos pedidos, nossas ora\u00e7\u00f5es pela Teresa , nossa secret\u00e1ria e, tamb\u00e9m, pelo Arthur recentemente\u00a0 batizado, que enfrentam a fragilidade e est\u00e3o sob cuidados m\u00e9dicos. Ap\u00f3s o Ter\u00e7o, o Pe Julio aproveitou o momento para explicar as cores das vestes lit\u00fargicas, nos v\u00e1rios per\u00edodos. Explicou com detalhes, as cores vermelha, verde, branca, bem como os tempos. Na internet trouxemos um gr\u00e1fico explicativo.<\/span><\/p>\n<p><span style=\"font-family: Times New Roman; font-size: small;\"> <a href=\"http:\/\/www.oarcanjo.net\/site\/wp-content\/uploads\/th1.jpg\"><img loading=\"lazy\" decoding=\"async\" class=\"alignleft size-medium wp-image-18021\" title=\"th1\" src=\"http:\/\/www.oarcanjo.net\/site\/wp-content\/uploads\/th1-300x224.jpg\" alt=\"\" width=\"300\" height=\"224\" srcset=\"https:\/\/www.oarcanjo.net\/site\/wp-content\/uploads\/th1-300x224.jpg 300w, https:\/\/www.oarcanjo.net\/site\/wp-content\/uploads\/th1.jpg 575w\" sizes=\"(max-width: 300px) 100vw, 300px\" \/><\/a><a href=\"http:\/\/www.oarcanjo.net\/site\/wp-content\/uploads\/th2.jpg\"><img loading=\"lazy\" decoding=\"async\" class=\"alignright size-medium wp-image-18022\" title=\"th2\" src=\"http:\/\/www.oarcanjo.net\/site\/wp-content\/uploads\/th2-300x224.jpg\" alt=\"\" width=\"300\" height=\"224\" srcset=\"https:\/\/www.oarcanjo.net\/site\/wp-content\/uploads\/th2-300x224.jpg 300w, https:\/\/www.oarcanjo.net\/site\/wp-content\/uploads\/th2.jpg 575w\" sizes=\"(max-width: 300px) 100vw, 300px\" \/><\/a><\/span><\/p>\n<p><span style=\"font-family: Times New Roman; font-size: small;\"> <\/span><\/p>\n<p><span style=\"font-family: Times New Roman; font-size: small;\"> <\/span><\/p>\n<p><span style=\"font-family: Times New Roman; font-size: small;\"> <\/span><\/p>\n<p><span style=\"font-family: Times New Roman; font-size: small;\"> <\/span><\/p>\n<p><span style=\"font-family: Times New Roman; font-size: small;\"> <\/span><\/p>\n<p><span style=\"font-family: Times New Roman; font-size: small;\"> <\/span><\/p>\n<p><span style=\"font-family: Times New Roman; font-size: small;\"><a href=\"http:\/\/www.oarcanjo.net\/site\/wp-content\/uploads\/th31.jpg\"><img loading=\"lazy\" decoding=\"async\" class=\"alignleft size-medium wp-image-18024\" title=\"th3\" src=\"http:\/\/www.oarcanjo.net\/site\/wp-content\/uploads\/th31-300x224.jpg\" alt=\"\" width=\"300\" height=\"224\" srcset=\"https:\/\/www.oarcanjo.net\/site\/wp-content\/uploads\/th31-300x224.jpg 300w, https:\/\/www.oarcanjo.net\/site\/wp-content\/uploads\/th31.jpg 575w\" sizes=\"(max-width: 300px) 100vw, 300px\" \/><\/a><\/span><span style=\"font-family: Times New Roman; font-size: small;\"><a href=\"http:\/\/www.oarcanjo.net\/site\/wp-content\/uploads\/th4.jpg\"><img loading=\"lazy\" decoding=\"async\" class=\"alignright size-medium wp-image-18025\" title=\"th4\" src=\"http:\/\/www.oarcanjo.net\/site\/wp-content\/uploads\/th4-300x224.jpg\" alt=\"\" width=\"300\" height=\"224\" srcset=\"https:\/\/www.oarcanjo.net\/site\/wp-content\/uploads\/th4-300x224.jpg 300w, https:\/\/www.oarcanjo.net\/site\/wp-content\/uploads\/th4.jpg 575w\" sizes=\"(max-width: 300px) 100vw, 300px\" \/><\/a><\/span><\/p>\n<p><span style=\"font-family: Times New Roman; font-size: small;\"> <\/span><\/p>\n<p><span style=\"font-family: Times New Roman; font-size: small;\"> <\/span><\/p>\n<p><span style=\"font-family: Times New Roman; font-size: small;\"> <\/span><\/p>\n<p><span style=\"font-family: Times New Roman; font-size: small;\"> <\/span><\/p>\n<p><span style=\"font-family: Times New Roman; font-size: small;\"> <\/span><\/p>\n<p><span style=\"font-family: Times New Roman; font-size: small;\"> <\/span><\/p>\n<p><span style=\"font-family: Times New Roman; font-size: small;\"> <\/span><\/p>\n<p><span style=\"font-family: Times New Roman; font-size: small;\"><a href=\"http:\/\/www.oarcanjo.net\/site\/wp-content\/uploads\/th5.jpg\"><img loading=\"lazy\" decoding=\"async\" class=\"alignleft size-medium wp-image-18026\" title=\"th5\" src=\"http:\/\/www.oarcanjo.net\/site\/wp-content\/uploads\/th5-300x224.jpg\" alt=\"\" width=\"300\" height=\"224\" srcset=\"https:\/\/www.oarcanjo.net\/site\/wp-content\/uploads\/th5-300x224.jpg 300w, https:\/\/www.oarcanjo.net\/site\/wp-content\/uploads\/th5.jpg 575w\" sizes=\"(max-width: 300px) 100vw, 300px\" \/><\/a><a href=\"http:\/\/www.oarcanjo.net\/site\/wp-content\/uploads\/calendarioLiturgico1.jpg\"><img loading=\"lazy\" decoding=\"async\" class=\"aligncenter size-medium wp-image-18028\" title=\"calendarioLiturgico\" src=\"http:\/\/www.oarcanjo.net\/site\/wp-content\/uploads\/calendarioLiturgico1-300x300.jpg\" alt=\"\" width=\"300\" height=\"300\" srcset=\"https:\/\/www.oarcanjo.net\/site\/wp-content\/uploads\/calendarioLiturgico1-300x300.jpg 300w, https:\/\/www.oarcanjo.net\/site\/wp-content\/uploads\/calendarioLiturgico1-150x150.jpg 150w, https:\/\/www.oarcanjo.net\/site\/wp-content\/uploads\/calendarioLiturgico1-1021x1024.jpg 1021w, https:\/\/www.oarcanjo.net\/site\/wp-content\/uploads\/calendarioLiturgico1.jpg 1387w\" sizes=\"(max-width: 300px) 100vw, 300px\" \/><\/a><\/span><\/p>\n<p><span style=\"font-family: Times New Roman; font-size: small;\"> <\/span><\/p>\n<p><span style=\"font-family: Times New Roman; font-size: small;\"> <\/span><\/p>\n<p><span style=\"font-family: Times New Roman; font-size: small;\"> <\/span><\/p>\n<p><span style=\"font-family: Times New Roman; font-size: small;\"> <\/span><\/p>\n<p><span style=\"font-family: Times New Roman; font-size: small;\"> <\/span><\/p>\n<p><span style=\"font-family: Times New Roman; font-size: small;\"> <\/span><\/p>\n<p><span style=\"font-family: Times New Roman; font-size: small;\"> <\/span><\/p>\n<div id=\"themify_builder_content-18020\" data-postid=\"18020\" class=\"themify_builder_content themify_builder_content-18020 themify_builder themify_builder_front\">\n\t<\/div>\n<!-- \/themify_builder_content -->","protected":false},"excerpt":{"rendered":"<p>&nbsp; Perseverantes, homens da comunidade S\u00e3o Miguel Arcanjo continuam a se reunir nas primeiras sextas-feiras de cada m\u00eas e rezam o Ter\u00e7o. Ora\u00e7\u00f5es, pedidos, reflex\u00f5es, ensino lit\u00fargico, hist\u00f3ria da Igreja. No final a partilha. Nesta \u00faltima sexta-feira, 01 de junho de 2012, l\u00e1 estavam eles rezando. Nos pedidos, nossas ora\u00e7\u00f5es pela Teresa , nossa secret\u00e1ria [&hellip;]<\/p>\n","protected":false},"author":10,"featured_media":0,"comment_status":"open","ping_status":"open","sticky":false,"template":"","format":"standard","meta":{"ngg_post_thumbnail":0,"footnotes":""},"categories":[8,1780],"tags":[2229],"yoast_head":"<!-- This site is optimized with the Yoast SEO plugin v23.5 - https:\/\/yoast.com\/wordpress\/plugins\/seo\/ -->\n<title>Ter\u00e7o dos Homens junho 2012 - O Arcanjo no ar<\/title>\n<meta name=\"robots\" content=\"index, follow, max-snippet:-1, max-image-preview:large, max-video-preview:-1\" \/>\n<link rel=\"canonical\" href=\"https:\/\/www.oarcanjo.net\/site\/terco-dos-homens-junho-2012\/\" \/>\n<meta property=\"og:locale\" content=\"pt_BR\" \/>\n<meta property=\"og:type\" content=\"article\" \/>\n<meta property=\"og:title\" content=\"Ter\u00e7o dos Homens junho 2012 - O Arcanjo no ar\" \/>\n<meta property=\"og:description\" content=\"&nbsp; Perseverantes, homens da comunidade S\u00e3o Miguel Arcanjo continuam a se reunir nas primeiras sextas-feiras de cada m\u00eas e rezam o Ter\u00e7o. Ora\u00e7\u00f5es, pedidos, reflex\u00f5es, ensino lit\u00fargico, hist\u00f3ria da Igreja. No final a partilha. Nesta \u00faltima sexta-feira, 01 de junho de 2012, l\u00e1 estavam eles rezando. Nos pedidos, nossas ora\u00e7\u00f5es pela Teresa , nossa secret\u00e1ria [&hellip;]\" \/>\n<meta property=\"og:url\" content=\"https:\/\/www.oarcanjo.net\/site\/terco-dos-homens-junho-2012\/\" \/>\n<meta property=\"og:site_name\" content=\"O Arcanjo no ar\" \/>\n<meta property=\"article:publisher\" content=\"https:\/\/www.facebook.com\/OArcanjoNoAr\/\" \/>\n<meta property=\"article:published_time\" content=\"2012-06-02T05:10:56+00:00\" \/>\n<meta property=\"og:image\" content=\"http:\/\/www.oarcanjo.net\/site\/wp-content\/uploads\/th1-300x224.jpg\" \/>\n<meta name=\"author\" content=\"carlos\" \/>\n<meta name=\"twitter:card\" content=\"summary_large_image\" \/>\n<meta name=\"twitter:label1\" content=\"Escrito por\" \/>\n\t<meta name=\"twitter:data1\" content=\"carlos\" \/>\n\t<meta name=\"twitter:label2\" content=\"Est. tempo de leitura\" \/>\n\t<meta name=\"twitter:data2\" content=\"1 minuto\" \/>\n<script type=\"application\/ld+json\" class=\"yoast-schema-graph\">{\"@context\":\"https:\/\/schema.org\",\"@graph\":[{\"@type\":\"Article\",\"@id\":\"https:\/\/www.oarcanjo.net\/site\/terco-dos-homens-junho-2012\/#article\",\"isPartOf\":{\"@id\":\"https:\/\/www.oarcanjo.net\/site\/terco-dos-homens-junho-2012\/\"},\"author\":{\"name\":\"carlos\",\"@id\":\"https:\/\/www.oarcanjo.net\/site\/#\/schema\/person\/f7870e710d8c8c30673de3a0ac2e451d\"},\"headline\":\"Ter\u00e7o dos Homens junho 2012\",\"datePublished\":\"2012-06-02T05:10:56+00:00\",\"dateModified\":\"2012-06-02T05:10:56+00:00\",\"mainEntityOfPage\":{\"@id\":\"https:\/\/www.oarcanjo.net\/site\/terco-dos-homens-junho-2012\/\"},\"wordCount\":127,\"commentCount\":2,\"publisher\":{\"@id\":\"https:\/\/www.oarcanjo.net\/site\/#organization\"},\"image\":{\"@id\":\"https:\/\/www.oarcanjo.net\/site\/terco-dos-homens-junho-2012\/#primaryimage\"},\"thumbnailUrl\":\"http:\/\/www.oarcanjo.net\/site\/wp-content\/uploads\/th1-300x224.jpg\",\"keywords\":[\"Ter\u00e7o dos Homens junho 2012\"],\"articleSection\":[\"Not\u00edcias\",\"Tempos Lit\u00fargicos\"],\"inLanguage\":\"pt-BR\",\"potentialAction\":[{\"@type\":\"CommentAction\",\"name\":\"Comment\",\"target\":[\"https:\/\/www.oarcanjo.net\/site\/terco-dos-homens-junho-2012\/#respond\"]}]},{\"@type\":\"WebPage\",\"@id\":\"https:\/\/www.oarcanjo.net\/site\/terco-dos-homens-junho-2012\/\",\"url\":\"https:\/\/www.oarcanjo.net\/site\/terco-dos-homens-junho-2012\/\",\"name\":\"Ter\u00e7o dos Homens junho 2012 - O Arcanjo no ar\",\"isPartOf\":{\"@id\":\"https:\/\/www.oarcanjo.net\/site\/#website\"},\"primaryImageOfPage\":{\"@id\":\"https:\/\/www.oarcanjo.net\/site\/terco-dos-homens-junho-2012\/#primaryimage\"},\"image\":{\"@id\":\"https:\/\/www.oarcanjo.net\/site\/terco-dos-homens-junho-2012\/#primaryimage\"},\"thumbnailUrl\":\"http:\/\/www.oarcanjo.net\/site\/wp-content\/uploads\/th1-300x224.jpg\",\"datePublished\":\"2012-06-02T05:10:56+00:00\",\"dateModified\":\"2012-06-02T05:10:56+00:00\",\"breadcrumb\":{\"@id\":\"https:\/\/www.oarcanjo.net\/site\/terco-dos-homens-junho-2012\/#breadcrumb\"},\"inLanguage\":\"pt-BR\",\"potentialAction\":[{\"@type\":\"ReadAction\",\"target\":[\"https:\/\/www.oarcanjo.net\/site\/terco-dos-homens-junho-2012\/\"]}]},{\"@type\":\"ImageObject\",\"inLanguage\":\"pt-BR\",\"@id\":\"https:\/\/www.oarcanjo.net\/site\/terco-dos-homens-junho-2012\/#primaryimage\",\"url\":\"https:\/\/www.oarcanjo.net\/site\/wp-content\/uploads\/th1.jpg\",\"contentUrl\":\"https:\/\/www.oarcanjo.net\/site\/wp-content\/uploads\/th1.jpg\",\"width\":\"575\",\"height\":\"431\"},{\"@type\":\"BreadcrumbList\",\"@id\":\"https:\/\/www.oarcanjo.net\/site\/terco-dos-homens-junho-2012\/#breadcrumb\",\"itemListElement\":[{\"@type\":\"ListItem\",\"position\":1,\"name\":\"In\u00edcio\",\"item\":\"https:\/\/www.oarcanjo.net\/site\/\"},{\"@type\":\"ListItem\",\"position\":2,\"name\":\"Ter\u00e7o dos Homens junho 2012\"}]},{\"@type\":\"WebSite\",\"@id\":\"https:\/\/www.oarcanjo.net\/site\/#website\",\"url\":\"https:\/\/www.oarcanjo.net\/site\/\",\"name\":\"O Arcanjo no ar\",\"description\":\"Site da Par\u00f3quia S\u00e3o Miguel Arcanjo (Arquidiocese de SP)\",\"publisher\":{\"@id\":\"https:\/\/www.oarcanjo.net\/site\/#organization\"},\"potentialAction\":[{\"@type\":\"SearchAction\",\"target\":{\"@type\":\"EntryPoint\",\"urlTemplate\":\"https:\/\/www.oarcanjo.net\/site\/?s={search_term_string}\"},\"query-input\":{\"@type\":\"PropertyValueSpecification\",\"valueRequired\":true,\"valueName\":\"search_term_string\"}}],\"inLanguage\":\"pt-BR\"},{\"@type\":\"Organization\",\"@id\":\"https:\/\/www.oarcanjo.net\/site\/#organization\",\"name\":\"Par\u00f3quia S\u00e3o Miguel Arcanjo\",\"url\":\"https:\/\/www.oarcanjo.net\/site\/\",\"logo\":{\"@type\":\"ImageObject\",\"inLanguage\":\"pt-BR\",\"@id\":\"https:\/\/www.oarcanjo.net\/site\/#\/schema\/logo\/image\/\",\"url\":\"https:\/\/www.oarcanjo.net\/site\/wp-content\/uploads\/LogoOArcanjo.png\",\"contentUrl\":\"https:\/\/www.oarcanjo.net\/site\/wp-content\/uploads\/LogoOArcanjo.png\",\"width\":319,\"height\":99,\"caption\":\"Par\u00f3quia S\u00e3o Miguel Arcanjo\"},\"image\":{\"@id\":\"https:\/\/www.oarcanjo.net\/site\/#\/schema\/logo\/image\/\"},\"sameAs\":[\"https:\/\/www.facebook.com\/OArcanjoNoAr\/\"]},{\"@type\":\"Person\",\"@id\":\"https:\/\/www.oarcanjo.net\/site\/#\/schema\/person\/f7870e710d8c8c30673de3a0ac2e451d\",\"name\":\"carlos\"}]}<\/script>\n<!-- \/ Yoast SEO plugin. -->","yoast_head_json":{"title":"Ter\u00e7o dos Homens junho 2012 - O Arcanjo no ar","robots":{"index":"index","follow":"follow","max-snippet":"max-snippet:-1","max-image-preview":"max-image-preview:large","max-video-preview":"max-video-preview:-1"},"canonical":"https:\/\/www.oarcanjo.net\/site\/terco-dos-homens-junho-2012\/","og_locale":"pt_BR","og_type":"article","og_title":"Ter\u00e7o dos Homens junho 2012 - O Arcanjo no ar","og_description":"&nbsp; Perseverantes, homens da comunidade S\u00e3o Miguel Arcanjo continuam a se reunir nas primeiras sextas-feiras de cada m\u00eas e rezam o Ter\u00e7o. Ora\u00e7\u00f5es, pedidos, reflex\u00f5es, ensino lit\u00fargico, hist\u00f3ria da Igreja. No final a partilha. Nesta \u00faltima sexta-feira, 01 de junho de 2012, l\u00e1 estavam eles rezando. Nos pedidos, nossas ora\u00e7\u00f5es pela Teresa , nossa secret\u00e1ria [&hellip;]","og_url":"https:\/\/www.oarcanjo.net\/site\/terco-dos-homens-junho-2012\/","og_site_name":"O Arcanjo no ar","article_publisher":"https:\/\/www.facebook.com\/OArcanjoNoAr\/","article_published_time":"2012-06-02T05:10:56+00:00","og_image":[{"url":"http:\/\/www.oarcanjo.net\/site\/wp-content\/uploads\/th1-300x224.jpg"}],"author":"carlos","twitter_card":"summary_large_image","twitter_misc":{"Escrito por":"carlos","Est. tempo de leitura":"1 minuto"},"schema":{"@context":"https:\/\/schema.org","@graph":[{"@type":"Article","@id":"https:\/\/www.oarcanjo.net\/site\/terco-dos-homens-junho-2012\/#article","isPartOf":{"@id":"https:\/\/www.oarcanjo.net\/site\/terco-dos-homens-junho-2012\/"},"author":{"name":"carlos","@id":"https:\/\/www.oarcanjo.net\/site\/#\/schema\/person\/f7870e710d8c8c30673de3a0ac2e451d"},"headline":"Ter\u00e7o dos Homens junho 2012","datePublished":"2012-06-02T05:10:56+00:00","dateModified":"2012-06-02T05:10:56+00:00","mainEntityOfPage":{"@id":"https:\/\/www.oarcanjo.net\/site\/terco-dos-homens-junho-2012\/"},"wordCount":127,"commentCount":2,"publisher":{"@id":"https:\/\/www.oarcanjo.net\/site\/#organization"},"image":{"@id":"https:\/\/www.oarcanjo.net\/site\/terco-dos-homens-junho-2012\/#primaryimage"},"thumbnailUrl":"http:\/\/www.oarcanjo.net\/site\/wp-content\/uploads\/th1-300x224.jpg","keywords":["Ter\u00e7o dos Homens junho 2012"],"articleSection":["Not\u00edcias","Tempos Lit\u00fargicos"],"inLanguage":"pt-BR","potentialAction":[{"@type":"CommentAction","name":"Comment","target":["https:\/\/www.oarcanjo.net\/site\/terco-dos-homens-junho-2012\/#respond"]}]},{"@type":"WebPage","@id":"https:\/\/www.oarcanjo.net\/site\/terco-dos-homens-junho-2012\/","url":"https:\/\/www.oarcanjo.net\/site\/terco-dos-homens-junho-2012\/","name":"Ter\u00e7o dos Homens junho 2012 - O Arcanjo no ar","isPartOf":{"@id":"https:\/\/www.oarcanjo.net\/site\/#website"},"primaryImageOfPage":{"@id":"https:\/\/www.oarcanjo.net\/site\/terco-dos-homens-junho-2012\/#primaryimage"},"image":{"@id":"https:\/\/www.oarcanjo.net\/site\/terco-dos-homens-junho-2012\/#primaryimage"},"thumbnailUrl":"http:\/\/www.oarcanjo.net\/site\/wp-content\/uploads\/th1-300x224.jpg","datePublished":"2012-06-02T05:10:56+00:00","dateModified":"2012-06-02T05:10:56+00:00","breadcrumb":{"@id":"https:\/\/www.oarcanjo.net\/site\/terco-dos-homens-junho-2012\/#breadcrumb"},"inLanguage":"pt-BR","potentialAction":[{"@type":"ReadAction","target":["https:\/\/www.oarcanjo.net\/site\/terco-dos-homens-junho-2012\/"]}]},{"@type":"ImageObject","inLanguage":"pt-BR","@id":"https:\/\/www.oarcanjo.net\/site\/terco-dos-homens-junho-2012\/#primaryimage","url":"https:\/\/www.oarcanjo.net\/site\/wp-content\/uploads\/th1.jpg","contentUrl":"https:\/\/www.oarcanjo.net\/site\/wp-content\/uploads\/th1.jpg","width":"575","height":"431"},{"@type":"BreadcrumbList","@id":"https:\/\/www.oarcanjo.net\/site\/terco-dos-homens-junho-2012\/#breadcrumb","itemListElement":[{"@type":"ListItem","position":1,"name":"In\u00edcio","item":"https:\/\/www.oarcanjo.net\/site\/"},{"@type":"ListItem","position":2,"name":"Ter\u00e7o dos Homens junho 2012"}]},{"@type":"WebSite","@id":"https:\/\/www.oarcanjo.net\/site\/#website","url":"https:\/\/www.oarcanjo.net\/site\/","name":"O Arcanjo no ar","description":"Site da Par\u00f3quia S\u00e3o Miguel Arcanjo (Arquidiocese de SP)","publisher":{"@id":"https:\/\/www.oarcanjo.net\/site\/#organization"},"potentialAction":[{"@type":"SearchAction","target":{"@type":"EntryPoint","urlTemplate":"https:\/\/www.oarcanjo.net\/site\/?s={search_term_string}"},"query-input":{"@type":"PropertyValueSpecification","valueRequired":true,"valueName":"search_term_string"}}],"inLanguage":"pt-BR"},{"@type":"Organization","@id":"https:\/\/www.oarcanjo.net\/site\/#organization","name":"Par\u00f3quia S\u00e3o Miguel Arcanjo","url":"https:\/\/www.oarcanjo.net\/site\/","logo":{"@type":"ImageObject","inLanguage":"pt-BR","@id":"https:\/\/www.oarcanjo.net\/site\/#\/schema\/logo\/image\/","url":"https:\/\/www.oarcanjo.net\/site\/wp-content\/uploads\/LogoOArcanjo.png","contentUrl":"https:\/\/www.oarcanjo.net\/site\/wp-content\/uploads\/LogoOArcanjo.png","width":319,"height":99,"caption":"Par\u00f3quia S\u00e3o Miguel Arcanjo"},"image":{"@id":"https:\/\/www.oarcanjo.net\/site\/#\/schema\/logo\/image\/"},"sameAs":["https:\/\/www.facebook.com\/OArcanjoNoAr\/"]},{"@type":"Person","@id":"https:\/\/www.oarcanjo.net\/site\/#\/schema\/person\/f7870e710d8c8c30673de3a0ac2e451d","name":"carlos"}]}},"publishpress_future_action":{"enabled":false,"date":"2026-05-07 04:22:59","action":"category","newStatus":"draft","terms":[],"taxonomy":"category"},"publishpress_future_workflow_manual_trigger":{"enabledWorkflows":[]},"_links":{"self":[{"href":"https:\/\/www.oarcanjo.net\/site\/wp-json\/wp\/v2\/posts\/18020"}],"collection":[{"href":"https:\/\/www.oarcanjo.net\/site\/wp-json\/wp\/v2\/posts"}],"about":[{"href":"https:\/\/www.oarcanjo.net\/site\/wp-json\/wp\/v2\/types\/post"}],"author":[{"embeddable":true,"href":"https:\/\/www.oarcanjo.net\/site\/wp-json\/wp\/v2\/users\/10"}],"replies":[{"embeddable":true,"href":"https:\/\/www.oarcanjo.net\/site\/wp-json\/wp\/v2\/comments?post=18020"}],"version-history":[{"count":0,"href":"https:\/\/www.oarcanjo.net\/site\/wp-json\/wp\/v2\/posts\/18020\/revisions"}],"wp:attachment":[{"href":"https:\/\/www.oarcanjo.net\/site\/wp-json\/wp\/v2\/media?parent=18020"}],"wp:term":[{"taxonomy":"category","embeddable":true,"href":"https:\/\/www.oarcanjo.net\/site\/wp-json\/wp\/v2\/categories?post=18020"},{"taxonomy":"post_tag","embeddable":true,"href":"https:\/\/www.oarcanjo.net\/site\/wp-json\/wp\/v2\/tags?post=18020"}],"curies":[{"name":"wp","href":"https:\/\/api.w.org\/{rel}","templated":true}]}}