
{"id":1803,"date":"2009-02-09T19:32:54","date_gmt":"2009-02-09T21:32:54","guid":{"rendered":"http:\/\/www.oarcanjo.net\/site\/?p=1803"},"modified":"2009-02-09T19:32:54","modified_gmt":"2009-02-09T21:32:54","slug":"raizes-e-superacao-da-crise","status":"publish","type":"post","link":"https:\/\/www.oarcanjo.net\/site\/raizes-e-superacao-da-crise\/","title":{"rendered":"Ra\u00edzes e supera\u00e7\u00e3o da crise"},"content":{"rendered":"<p>Frei Betto<\/p>\n<p>Ao priorizar a acumula\u00e7\u00e3o do capital em detrimento dos direitos humanos e do equil\u00edbrio ecol\u00f3gico, o capitalismo instaura no planeta uma brutal desigualdade social, al\u00e9m de promover a devasta\u00e7\u00e3o ambiental. Hoje, 80% da produ\u00e7\u00e3o industrial do mundo s\u00e3o absorvidos por apenas 20% da popula\u00e7\u00e3o que vive nos pa\u00edses ricos do hemisf\u00e9rio Norte. Os EUA, que abrigam apenas 5% da popula\u00e7\u00e3o mundial, consomem 30% dos recursos do planeta!<\/p>\n<p>O padr\u00e3o de consumo da sociedade capitalista \u00e9 insustent\u00e1vel e tem um papel decisivo no processo de mudan\u00e7a clim\u00e1tica. Boa parte desse consumo \u00e9 reservada \u00e0s pr\u00e1ticas ostentat\u00f3rias de uma reduzida oligarquia. Segundo o Programa das Na\u00e7\u00f5es Unidas para o Desenvolvimento, a soma da renda das 500 pessoas mais ricas do mundo supera a de 416 milh\u00f5es mais pobres. Um multimilion\u00e1rio ganha mais do que 1 milh\u00e3o de pessoas!<\/p>\n<p>Segundo a revista Forbes, que se dedica a radiografar os donos do mundo, essa gente costuma pagar US$ 160 mil por um casaco de pele; US$ 3.480 por 12 camisas da loja londrina Turnbull &#038; Asser; ou US$ 241 mil numa \u00fanica noite num cabar\u00e9 de strip-tease, como fez Robert McCormick, presidente da Savvis, empresa que monitora os computadores da bolsa de Nova York. Pode tamb\u00e9m comprar o carro mais caro do mundo, o Bentley 728, que custa US$ 1,2 milh\u00e3o.<\/p>\n<p>Os muros dos campos de concentra\u00e7\u00e3o da renda s\u00e3o altos demais para permitir a entrada da multid\u00e3o de exclu\u00eddos. Mas s\u00e3o demasiadamente fr\u00e1geis para impedir o risco de implos\u00e3o. H\u00e1 que buscar uma alternativa ao atual modelo de civiliza\u00e7\u00e3o. E essa alternativa passa, necessariamente, por mudan\u00e7a de valores, e n\u00e3o apenas de mecanismos econ\u00f4micos.<\/p>\n<p>Se o mundo roda em torno da economia e a economia gira em torno do mercado, isso significa que este, revestido de car\u00e1ter idol\u00e1trico, paira acima dos direitos das pessoas e dos recursos da Terra. Apresenta-se como um bem absoluto. Decide a vida e a morte da natureza e da humanidade. Assim, os fins &#8211; a defesa da vida no nosso planeta e a promo\u00e7\u00e3o da felicidade humana &#8211; ficam subordinados \u00e0 acumula\u00e7\u00e3o privada das riquezas. N\u00e3o importa que a riqueza de uns poucos signifique a pobreza de muitos. Os cifr\u00f5es de contas banc\u00e1rias s\u00e3o o paradigma do mercado e n\u00e3o a dignidade das pessoas.<\/p>\n<p>O princ\u00edpio supremo da cidadania mundial \u00e9 o direito de todos \u00e0 vida e, como enfatiza Jesus, &#8220;vida em plenitude&#8221; (Jo\u00e3o 10, 10).  Como tornar isso vi\u00e1vel? Qualquer alternativa dever\u00e1 fugir dos extremos que penalizaram parcela significativa da humanidade no s\u00e9culo XX: o livre mercado e a planifica\u00e7\u00e3o burocr\u00e1tica centralizada. Nem um nem outro subordina a economia aos direitos do cidad\u00e3o. O mercado afunila oportunidades, concentrando a riqueza em m\u00e3os de poucos, e agrava o estado de injusti\u00e7a. A planifica\u00e7\u00e3o burocr\u00e1tica, embora exercida em nome do povo, de fato o exclui das decis\u00f5es e muitas vezes restringe o exerc\u00edcio da liberdade. Ambos s\u00e3o incompat\u00edveis com o meio ambiente e conduzem ao dram\u00e1tico processo atual de aquecimento global.<\/p>\n<p>Para superar esses impasses, urge que a l\u00f3gica econ\u00f4mica abandone o paradigma da acumula\u00e7\u00e3o privada, para recuperar o do bem comum e do respeito \u00e0 natureza, de modo que a cidadania se sobreponha ao consumismo e os direitos sociais da maioria aos privil\u00e9gios ostentat\u00f3rios da minoria.<\/p>\n<p>O F\u00f3rum Social Mundial \u00e9 uma luz que se acende no fim do t\u00fanel, resgatando a esperan\u00e7a de tantos militantes da utopia que lutam contra um sistema que imprime ao p\u00e3o valor de troca, como mercadoria, e n\u00e3o valor de uso, como bem indispens\u00e1vel \u00e0 nossa sobreviv\u00eancia. <\/p>\n<p>Repensar o socialismo sup\u00f5e n\u00e3o identific\u00e1-lo com o regime derrubado pelo Muro de Berlim, assim como a hist\u00f3ria da Igreja n\u00e3o se resume \u00e0 Inquisi\u00e7\u00e3o. Se somos crist\u00e3os, \u00e9 porque o Evangelho de Jesus encerra determinados valores, como a natureza sagrada de toda pessoa, que servem inclusive de ju\u00edzo condenat\u00f3rio ao que representou a Inquisi\u00e7\u00e3o.<\/p>\n<p>Uma proposta alternativa de sociedade deve partir de pr\u00e1ticas concretas, nas quais economia pol\u00edtica e ecologia se coadunam. Uma das raz\u00f5es da brutal desigualdade social imperante no Brasil (75,4% da riqueza nacional em m\u00e3os de apenas 10% da popula\u00e7\u00e3o, segundo dado do Ipea, maio de 2008) \u00e9 a esquizofrenia neoliberal que divorciou a economia da pol\u00edtica, e a pol\u00edtica do social e do ecol\u00f3gico. <\/p>\n<p>A consolida\u00e7\u00e3o da democracia e a defesa dos ecossistemas no nosso pa\u00eds e no mundo dependem, agora, da capacidade de se enfrentar a quest\u00e3o priorit\u00e1ria: erradicar as desigualdades sociais. Preserva\u00e7\u00e3o ambiental e supera\u00e7\u00e3o da mis\u00e9ria s\u00e3o insepar\u00e1veis.<\/p>\n<div id=\"themify_builder_content-1803\" data-postid=\"1803\" class=\"themify_builder_content themify_builder_content-1803 themify_builder themify_builder_front\">\n\t<\/div>\n<!-- \/themify_builder_content -->","protected":false},"excerpt":{"rendered":"<p>Frei Betto Ao priorizar a acumula\u00e7\u00e3o do capital em detrimento dos direitos humanos e do equil\u00edbrio ecol\u00f3gico, o capitalismo instaura no planeta uma brutal desigualdade social, al\u00e9m de promover a devasta\u00e7\u00e3o ambiental. Hoje, 80% da produ\u00e7\u00e3o industrial do mundo s\u00e3o absorvidos por apenas 20% da popula\u00e7\u00e3o que vive nos pa\u00edses ricos do hemisf\u00e9rio Norte. Os [&hellip;]<\/p>\n","protected":false},"author":5,"featured_media":0,"comment_status":"open","ping_status":"open","sticky":false,"template":"","format":"standard","meta":{"ngg_post_thumbnail":0,"footnotes":""},"categories":[9],"tags":[36,75,244,37],"yoast_head":"<!-- This site is optimized with the Yoast SEO plugin v23.5 - https:\/\/yoast.com\/wordpress\/plugins\/seo\/ -->\n<title>Ra\u00edzes e supera\u00e7\u00e3o da crise - O Arcanjo no ar<\/title>\n<meta name=\"robots\" content=\"index, follow, max-snippet:-1, max-image-preview:large, max-video-preview:-1\" \/>\n<link rel=\"canonical\" href=\"https:\/\/www.oarcanjo.net\/site\/raizes-e-superacao-da-crise\/\" \/>\n<meta property=\"og:locale\" content=\"pt_BR\" \/>\n<meta property=\"og:type\" content=\"article\" \/>\n<meta property=\"og:title\" content=\"Ra\u00edzes e supera\u00e7\u00e3o da crise - O Arcanjo no ar\" \/>\n<meta property=\"og:description\" content=\"Frei Betto Ao priorizar a acumula\u00e7\u00e3o do capital em detrimento dos direitos humanos e do equil\u00edbrio ecol\u00f3gico, o capitalismo instaura no planeta uma brutal desigualdade social, al\u00e9m de promover a devasta\u00e7\u00e3o ambiental. Hoje, 80% da produ\u00e7\u00e3o industrial do mundo s\u00e3o absorvidos por apenas 20% da popula\u00e7\u00e3o que vive nos pa\u00edses ricos do hemisf\u00e9rio Norte. Os [&hellip;]\" \/>\n<meta property=\"og:url\" content=\"https:\/\/www.oarcanjo.net\/site\/raizes-e-superacao-da-crise\/\" \/>\n<meta property=\"og:site_name\" content=\"O Arcanjo no ar\" \/>\n<meta property=\"article:publisher\" content=\"https:\/\/www.facebook.com\/OArcanjoNoAr\/\" \/>\n<meta property=\"article:published_time\" content=\"2009-02-09T21:32:54+00:00\" \/>\n<meta property=\"og:image\" content=\"https:\/\/www.oarcanjo.net\/site\/wp-content\/uploads\/logo-o-arcanjo-no-ar-facebook.png\" \/>\n\t<meta property=\"og:image:width\" content=\"300\" \/>\n\t<meta property=\"og:image:height\" content=\"300\" \/>\n\t<meta property=\"og:image:type\" content=\"image\/png\" \/>\n<meta name=\"author\" content=\"editor\" \/>\n<meta name=\"twitter:card\" content=\"summary_large_image\" \/>\n<meta name=\"twitter:label1\" content=\"Escrito por\" \/>\n\t<meta name=\"twitter:data1\" content=\"editor\" \/>\n\t<meta name=\"twitter:label2\" content=\"Est. tempo de leitura\" \/>\n\t<meta name=\"twitter:data2\" content=\"4 minutos\" \/>\n<script type=\"application\/ld+json\" class=\"yoast-schema-graph\">{\"@context\":\"https:\/\/schema.org\",\"@graph\":[{\"@type\":\"Article\",\"@id\":\"https:\/\/www.oarcanjo.net\/site\/raizes-e-superacao-da-crise\/#article\",\"isPartOf\":{\"@id\":\"https:\/\/www.oarcanjo.net\/site\/raizes-e-superacao-da-crise\/\"},\"author\":{\"name\":\"editor\",\"@id\":\"https:\/\/www.oarcanjo.net\/site\/#\/schema\/person\/f7024d007863202483a31326673a0838\"},\"headline\":\"Ra\u00edzes e supera\u00e7\u00e3o da crise\",\"datePublished\":\"2009-02-09T21:32:54+00:00\",\"dateModified\":\"2009-02-09T21:32:54+00:00\",\"mainEntityOfPage\":{\"@id\":\"https:\/\/www.oarcanjo.net\/site\/raizes-e-superacao-da-crise\/\"},\"wordCount\":819,\"commentCount\":0,\"publisher\":{\"@id\":\"https:\/\/www.oarcanjo.net\/site\/#organization\"},\"keywords\":[\"crise\",\"Justi\u00e7a social\",\"mis\u00e9ria\",\"pobreza\"],\"articleSection\":[\"Reflex\u00f5es\"],\"inLanguage\":\"pt-BR\",\"potentialAction\":[{\"@type\":\"CommentAction\",\"name\":\"Comment\",\"target\":[\"https:\/\/www.oarcanjo.net\/site\/raizes-e-superacao-da-crise\/#respond\"]}]},{\"@type\":\"WebPage\",\"@id\":\"https:\/\/www.oarcanjo.net\/site\/raizes-e-superacao-da-crise\/\",\"url\":\"https:\/\/www.oarcanjo.net\/site\/raizes-e-superacao-da-crise\/\",\"name\":\"Ra\u00edzes e supera\u00e7\u00e3o da crise - O Arcanjo no ar\",\"isPartOf\":{\"@id\":\"https:\/\/www.oarcanjo.net\/site\/#website\"},\"datePublished\":\"2009-02-09T21:32:54+00:00\",\"dateModified\":\"2009-02-09T21:32:54+00:00\",\"breadcrumb\":{\"@id\":\"https:\/\/www.oarcanjo.net\/site\/raizes-e-superacao-da-crise\/#breadcrumb\"},\"inLanguage\":\"pt-BR\",\"potentialAction\":[{\"@type\":\"ReadAction\",\"target\":[\"https:\/\/www.oarcanjo.net\/site\/raizes-e-superacao-da-crise\/\"]}]},{\"@type\":\"BreadcrumbList\",\"@id\":\"https:\/\/www.oarcanjo.net\/site\/raizes-e-superacao-da-crise\/#breadcrumb\",\"itemListElement\":[{\"@type\":\"ListItem\",\"position\":1,\"name\":\"In\u00edcio\",\"item\":\"https:\/\/www.oarcanjo.net\/site\/\"},{\"@type\":\"ListItem\",\"position\":2,\"name\":\"Ra\u00edzes e supera\u00e7\u00e3o da crise\"}]},{\"@type\":\"WebSite\",\"@id\":\"https:\/\/www.oarcanjo.net\/site\/#website\",\"url\":\"https:\/\/www.oarcanjo.net\/site\/\",\"name\":\"O Arcanjo no ar\",\"description\":\"Site da Par\u00f3quia S\u00e3o Miguel Arcanjo (Arquidiocese de SP)\",\"publisher\":{\"@id\":\"https:\/\/www.oarcanjo.net\/site\/#organization\"},\"potentialAction\":[{\"@type\":\"SearchAction\",\"target\":{\"@type\":\"EntryPoint\",\"urlTemplate\":\"https:\/\/www.oarcanjo.net\/site\/?s={search_term_string}\"},\"query-input\":{\"@type\":\"PropertyValueSpecification\",\"valueRequired\":true,\"valueName\":\"search_term_string\"}}],\"inLanguage\":\"pt-BR\"},{\"@type\":\"Organization\",\"@id\":\"https:\/\/www.oarcanjo.net\/site\/#organization\",\"name\":\"Par\u00f3quia S\u00e3o Miguel Arcanjo\",\"url\":\"https:\/\/www.oarcanjo.net\/site\/\",\"logo\":{\"@type\":\"ImageObject\",\"inLanguage\":\"pt-BR\",\"@id\":\"https:\/\/www.oarcanjo.net\/site\/#\/schema\/logo\/image\/\",\"url\":\"https:\/\/www.oarcanjo.net\/site\/wp-content\/uploads\/LogoOArcanjo.png\",\"contentUrl\":\"https:\/\/www.oarcanjo.net\/site\/wp-content\/uploads\/LogoOArcanjo.png\",\"width\":319,\"height\":99,\"caption\":\"Par\u00f3quia S\u00e3o Miguel Arcanjo\"},\"image\":{\"@id\":\"https:\/\/www.oarcanjo.net\/site\/#\/schema\/logo\/image\/\"},\"sameAs\":[\"https:\/\/www.facebook.com\/OArcanjoNoAr\/\"]},{\"@type\":\"Person\",\"@id\":\"https:\/\/www.oarcanjo.net\/site\/#\/schema\/person\/f7024d007863202483a31326673a0838\",\"name\":\"editor\",\"sameAs\":[\"http:\/\/www.oarcanjo.net\"]}]}<\/script>\n<!-- \/ Yoast SEO plugin. -->","yoast_head_json":{"title":"Ra\u00edzes e supera\u00e7\u00e3o da crise - O Arcanjo no ar","robots":{"index":"index","follow":"follow","max-snippet":"max-snippet:-1","max-image-preview":"max-image-preview:large","max-video-preview":"max-video-preview:-1"},"canonical":"https:\/\/www.oarcanjo.net\/site\/raizes-e-superacao-da-crise\/","og_locale":"pt_BR","og_type":"article","og_title":"Ra\u00edzes e supera\u00e7\u00e3o da crise - O Arcanjo no ar","og_description":"Frei Betto Ao priorizar a acumula\u00e7\u00e3o do capital em detrimento dos direitos humanos e do equil\u00edbrio ecol\u00f3gico, o capitalismo instaura no planeta uma brutal desigualdade social, al\u00e9m de promover a devasta\u00e7\u00e3o ambiental. Hoje, 80% da produ\u00e7\u00e3o industrial do mundo s\u00e3o absorvidos por apenas 20% da popula\u00e7\u00e3o que vive nos pa\u00edses ricos do hemisf\u00e9rio Norte. Os [&hellip;]","og_url":"https:\/\/www.oarcanjo.net\/site\/raizes-e-superacao-da-crise\/","og_site_name":"O Arcanjo no ar","article_publisher":"https:\/\/www.facebook.com\/OArcanjoNoAr\/","article_published_time":"2009-02-09T21:32:54+00:00","og_image":[{"width":300,"height":300,"url":"https:\/\/www.oarcanjo.net\/site\/wp-content\/uploads\/logo-o-arcanjo-no-ar-facebook.png","type":"image\/png"}],"author":"editor","twitter_card":"summary_large_image","twitter_misc":{"Escrito por":"editor","Est. tempo de leitura":"4 minutos"},"schema":{"@context":"https:\/\/schema.org","@graph":[{"@type":"Article","@id":"https:\/\/www.oarcanjo.net\/site\/raizes-e-superacao-da-crise\/#article","isPartOf":{"@id":"https:\/\/www.oarcanjo.net\/site\/raizes-e-superacao-da-crise\/"},"author":{"name":"editor","@id":"https:\/\/www.oarcanjo.net\/site\/#\/schema\/person\/f7024d007863202483a31326673a0838"},"headline":"Ra\u00edzes e supera\u00e7\u00e3o da crise","datePublished":"2009-02-09T21:32:54+00:00","dateModified":"2009-02-09T21:32:54+00:00","mainEntityOfPage":{"@id":"https:\/\/www.oarcanjo.net\/site\/raizes-e-superacao-da-crise\/"},"wordCount":819,"commentCount":0,"publisher":{"@id":"https:\/\/www.oarcanjo.net\/site\/#organization"},"keywords":["crise","Justi\u00e7a social","mis\u00e9ria","pobreza"],"articleSection":["Reflex\u00f5es"],"inLanguage":"pt-BR","potentialAction":[{"@type":"CommentAction","name":"Comment","target":["https:\/\/www.oarcanjo.net\/site\/raizes-e-superacao-da-crise\/#respond"]}]},{"@type":"WebPage","@id":"https:\/\/www.oarcanjo.net\/site\/raizes-e-superacao-da-crise\/","url":"https:\/\/www.oarcanjo.net\/site\/raizes-e-superacao-da-crise\/","name":"Ra\u00edzes e supera\u00e7\u00e3o da crise - O Arcanjo no ar","isPartOf":{"@id":"https:\/\/www.oarcanjo.net\/site\/#website"},"datePublished":"2009-02-09T21:32:54+00:00","dateModified":"2009-02-09T21:32:54+00:00","breadcrumb":{"@id":"https:\/\/www.oarcanjo.net\/site\/raizes-e-superacao-da-crise\/#breadcrumb"},"inLanguage":"pt-BR","potentialAction":[{"@type":"ReadAction","target":["https:\/\/www.oarcanjo.net\/site\/raizes-e-superacao-da-crise\/"]}]},{"@type":"BreadcrumbList","@id":"https:\/\/www.oarcanjo.net\/site\/raizes-e-superacao-da-crise\/#breadcrumb","itemListElement":[{"@type":"ListItem","position":1,"name":"In\u00edcio","item":"https:\/\/www.oarcanjo.net\/site\/"},{"@type":"ListItem","position":2,"name":"Ra\u00edzes e supera\u00e7\u00e3o da crise"}]},{"@type":"WebSite","@id":"https:\/\/www.oarcanjo.net\/site\/#website","url":"https:\/\/www.oarcanjo.net\/site\/","name":"O Arcanjo no ar","description":"Site da Par\u00f3quia S\u00e3o Miguel Arcanjo (Arquidiocese de SP)","publisher":{"@id":"https:\/\/www.oarcanjo.net\/site\/#organization"},"potentialAction":[{"@type":"SearchAction","target":{"@type":"EntryPoint","urlTemplate":"https:\/\/www.oarcanjo.net\/site\/?s={search_term_string}"},"query-input":{"@type":"PropertyValueSpecification","valueRequired":true,"valueName":"search_term_string"}}],"inLanguage":"pt-BR"},{"@type":"Organization","@id":"https:\/\/www.oarcanjo.net\/site\/#organization","name":"Par\u00f3quia S\u00e3o Miguel Arcanjo","url":"https:\/\/www.oarcanjo.net\/site\/","logo":{"@type":"ImageObject","inLanguage":"pt-BR","@id":"https:\/\/www.oarcanjo.net\/site\/#\/schema\/logo\/image\/","url":"https:\/\/www.oarcanjo.net\/site\/wp-content\/uploads\/LogoOArcanjo.png","contentUrl":"https:\/\/www.oarcanjo.net\/site\/wp-content\/uploads\/LogoOArcanjo.png","width":319,"height":99,"caption":"Par\u00f3quia S\u00e3o Miguel Arcanjo"},"image":{"@id":"https:\/\/www.oarcanjo.net\/site\/#\/schema\/logo\/image\/"},"sameAs":["https:\/\/www.facebook.com\/OArcanjoNoAr\/"]},{"@type":"Person","@id":"https:\/\/www.oarcanjo.net\/site\/#\/schema\/person\/f7024d007863202483a31326673a0838","name":"editor","sameAs":["http:\/\/www.oarcanjo.net"]}]}},"publishpress_future_action":{"enabled":false,"date":"2026-05-08 23:01:13","action":"category","newStatus":"draft","terms":[],"taxonomy":"category"},"publishpress_future_workflow_manual_trigger":{"enabledWorkflows":[]},"_links":{"self":[{"href":"https:\/\/www.oarcanjo.net\/site\/wp-json\/wp\/v2\/posts\/1803"}],"collection":[{"href":"https:\/\/www.oarcanjo.net\/site\/wp-json\/wp\/v2\/posts"}],"about":[{"href":"https:\/\/www.oarcanjo.net\/site\/wp-json\/wp\/v2\/types\/post"}],"author":[{"embeddable":true,"href":"https:\/\/www.oarcanjo.net\/site\/wp-json\/wp\/v2\/users\/5"}],"replies":[{"embeddable":true,"href":"https:\/\/www.oarcanjo.net\/site\/wp-json\/wp\/v2\/comments?post=1803"}],"version-history":[{"count":0,"href":"https:\/\/www.oarcanjo.net\/site\/wp-json\/wp\/v2\/posts\/1803\/revisions"}],"wp:attachment":[{"href":"https:\/\/www.oarcanjo.net\/site\/wp-json\/wp\/v2\/media?parent=1803"}],"wp:term":[{"taxonomy":"category","embeddable":true,"href":"https:\/\/www.oarcanjo.net\/site\/wp-json\/wp\/v2\/categories?post=1803"},{"taxonomy":"post_tag","embeddable":true,"href":"https:\/\/www.oarcanjo.net\/site\/wp-json\/wp\/v2\/tags?post=1803"}],"curies":[{"name":"wp","href":"https:\/\/api.w.org\/{rel}","templated":true}]}}