
{"id":1816,"date":"2009-02-12T09:16:52","date_gmt":"2009-02-12T11:16:52","guid":{"rendered":"http:\/\/www.oarcanjo.net\/site\/?p=1816"},"modified":"2009-02-12T09:16:52","modified_gmt":"2009-02-12T11:16:52","slug":"dom-helder-grande-demais","status":"publish","type":"post","link":"https:\/\/www.oarcanjo.net\/site\/dom-helder-grande-demais\/","title":{"rendered":"Dom Helder: grande demais!"},"content":{"rendered":"<p>Pe Geovane Saraiva<\/p>\n<p>Dom Helder C\u00e2mara<\/p>\n<p>Belo e maravilhoso no escritor, ao escrever, \u00e9 colocar o que tem dentro de si para fora: suas fantasias e  suas id\u00e9ias. Aquilo que tem na mente e no cora\u00e7\u00e3o, ele revela e manifesta. Assim, tamb\u00e9m, \u00e9 com os autores sagrados que escreveram as Sagradas Escrituras. H\u00e1 tanta coisa bonita e, com muito exagero, tem-se a impress\u00e3o de se ir al\u00e9m do sagrado. <\/p>\n<p>O \u00faltimo vers\u00edculo do Evangelho de S\u00e3o Jo\u00e3o afirma que o que Jesus realizou, neste mundo, \u00e9 bel\u00edssimo e se tudo fosse escrito em livro algum caberia. O milagre da multiplica\u00e7\u00e3o dos p\u00e3es (Mt 14, 13-21), finda dizendo: Os que comeram dos cinco p\u00e3es e dos dois peixes eram cinco mil homens sem contar mulheres e crian\u00e7as. Estudiosos da Palavra de Deus acham um exagero, para aquele tempo, essa quantidade de pessoas.<\/p>\n<p>Deus fez o homem com uma imagina\u00e7\u00e3o f\u00e9rtil e criadora e o chamou para participar da sua natureza divina. A\u00ed est\u00e1 sua grandeza. A terra tornou-se pequena para caber a pessoa humana, grande em todos os sentidos.<\/p>\n<p>Padre Manfredo Oliveira, cidad\u00e3o de Limoeiro do Norte, um dos maiores fil\u00f3sofos da atualidade, foi extraordin\u00e1rio, com seu grande cora\u00e7\u00e3o e sua fantasia, quando afirmou que Dom Helder n\u00e3o cabia dentro da Igreja. Ele quis enaltecer os dons, os talentos e a intelig\u00eancia do pastor dos empobrecidos, que soube perceber todas as novidades e os desafios do s\u00e9culo XX e coloc\u00e1-los no seu cora\u00e7\u00e3o, procurando dar-lhes uma resposta.<\/p>\n<p>O Cardeal Lorscheider dizia que Dom Helder foi um corifeu com vis\u00e3o futur\u00edstica e com grande influ\u00eancia, muito respeitado e inquieto como uma barata tonta. Sua tribuna foi sua sabedoria em agir e articular nos bastidores com uma orat\u00f3ria vibrante e com gestos rasgados que sensibilizavam e arrebatavam as multid\u00f5es. <\/p>\n<p>Tudo isso fazia por seu amor acendrado \u00e0 Igreja. Ele mesmo dizia: Abandonar a Igreja seria o mesmo que abandonar o seu pr\u00f3prio corpo.  Por isso devemos acolher tudo  o que se disse e  o que, ainda,  ir\u00e3o dizer deste homem t\u00e3o amado por Deus. Ele \u00e9 grande demais! De fato, a Igreja \u00e9 pequena para caber Dom Helder.<\/p>\n<div id=\"themify_builder_content-1816\" data-postid=\"1816\" class=\"themify_builder_content themify_builder_content-1816 themify_builder themify_builder_front\">\n\t<\/div>\n<!-- \/themify_builder_content -->","protected":false},"excerpt":{"rendered":"<p>Pe Geovane Saraiva Dom Helder C\u00e2mara Belo e maravilhoso no escritor, ao escrever, \u00e9 colocar o que tem dentro de si para fora: suas fantasias e suas id\u00e9ias. Aquilo que tem na mente e no cora\u00e7\u00e3o, ele revela e manifesta. Assim, tamb\u00e9m, \u00e9 com os autores sagrados que escreveram as Sagradas Escrituras. H\u00e1 tanta coisa [&hellip;]<\/p>\n","protected":false},"author":5,"featured_media":0,"comment_status":"open","ping_status":"open","sticky":false,"template":"","format":"standard","meta":{"ngg_post_thumbnail":0,"footnotes":""},"categories":[192],"tags":[210],"yoast_head":"<!-- This site is optimized with the Yoast SEO plugin v23.5 - https:\/\/yoast.com\/wordpress\/plugins\/seo\/ -->\n<title>Dom Helder: grande demais! - O Arcanjo no ar<\/title>\n<meta name=\"robots\" content=\"index, follow, max-snippet:-1, max-image-preview:large, max-video-preview:-1\" \/>\n<link rel=\"canonical\" href=\"https:\/\/www.oarcanjo.net\/site\/dom-helder-grande-demais\/\" \/>\n<meta property=\"og:locale\" content=\"pt_BR\" \/>\n<meta property=\"og:type\" content=\"article\" \/>\n<meta property=\"og:title\" content=\"Dom Helder: grande demais! - O Arcanjo no ar\" \/>\n<meta property=\"og:description\" content=\"Pe Geovane Saraiva Dom Helder C\u00e2mara Belo e maravilhoso no escritor, ao escrever, \u00e9 colocar o que tem dentro de si para fora: suas fantasias e suas id\u00e9ias. Aquilo que tem na mente e no cora\u00e7\u00e3o, ele revela e manifesta. Assim, tamb\u00e9m, \u00e9 com os autores sagrados que escreveram as Sagradas Escrituras. H\u00e1 tanta coisa [&hellip;]\" \/>\n<meta property=\"og:url\" content=\"https:\/\/www.oarcanjo.net\/site\/dom-helder-grande-demais\/\" \/>\n<meta property=\"og:site_name\" content=\"O Arcanjo no ar\" \/>\n<meta property=\"article:publisher\" content=\"https:\/\/www.facebook.com\/OArcanjoNoAr\/\" \/>\n<meta property=\"article:published_time\" content=\"2009-02-12T11:16:52+00:00\" \/>\n<meta property=\"og:image\" content=\"https:\/\/www.oarcanjo.net\/site\/wp-content\/uploads\/logo-o-arcanjo-no-ar-facebook.png\" \/>\n\t<meta property=\"og:image:width\" content=\"300\" \/>\n\t<meta property=\"og:image:height\" content=\"300\" \/>\n\t<meta property=\"og:image:type\" content=\"image\/png\" \/>\n<meta name=\"author\" content=\"editor\" \/>\n<meta name=\"twitter:card\" content=\"summary_large_image\" \/>\n<meta name=\"twitter:label1\" content=\"Escrito por\" \/>\n\t<meta name=\"twitter:data1\" content=\"editor\" \/>\n\t<meta name=\"twitter:label2\" content=\"Est. tempo de leitura\" \/>\n\t<meta name=\"twitter:data2\" content=\"2 minutos\" \/>\n<script type=\"application\/ld+json\" class=\"yoast-schema-graph\">{\"@context\":\"https:\/\/schema.org\",\"@graph\":[{\"@type\":\"Article\",\"@id\":\"https:\/\/www.oarcanjo.net\/site\/dom-helder-grande-demais\/#article\",\"isPartOf\":{\"@id\":\"https:\/\/www.oarcanjo.net\/site\/dom-helder-grande-demais\/\"},\"author\":{\"name\":\"editor\",\"@id\":\"https:\/\/www.oarcanjo.net\/site\/#\/schema\/person\/f7024d007863202483a31326673a0838\"},\"headline\":\"Dom Helder: grande demais!\",\"datePublished\":\"2009-02-12T11:16:52+00:00\",\"dateModified\":\"2009-02-12T11:16:52+00:00\",\"mainEntityOfPage\":{\"@id\":\"https:\/\/www.oarcanjo.net\/site\/dom-helder-grande-demais\/\"},\"wordCount\":385,\"commentCount\":3,\"publisher\":{\"@id\":\"https:\/\/www.oarcanjo.net\/site\/#organization\"},\"keywords\":[\"Dom Helder Camara\"],\"articleSection\":[\"D. Helder C\u00e2mara\"],\"inLanguage\":\"pt-BR\",\"potentialAction\":[{\"@type\":\"CommentAction\",\"name\":\"Comment\",\"target\":[\"https:\/\/www.oarcanjo.net\/site\/dom-helder-grande-demais\/#respond\"]}]},{\"@type\":\"WebPage\",\"@id\":\"https:\/\/www.oarcanjo.net\/site\/dom-helder-grande-demais\/\",\"url\":\"https:\/\/www.oarcanjo.net\/site\/dom-helder-grande-demais\/\",\"name\":\"Dom Helder: grande demais! - O Arcanjo no ar\",\"isPartOf\":{\"@id\":\"https:\/\/www.oarcanjo.net\/site\/#website\"},\"datePublished\":\"2009-02-12T11:16:52+00:00\",\"dateModified\":\"2009-02-12T11:16:52+00:00\",\"breadcrumb\":{\"@id\":\"https:\/\/www.oarcanjo.net\/site\/dom-helder-grande-demais\/#breadcrumb\"},\"inLanguage\":\"pt-BR\",\"potentialAction\":[{\"@type\":\"ReadAction\",\"target\":[\"https:\/\/www.oarcanjo.net\/site\/dom-helder-grande-demais\/\"]}]},{\"@type\":\"BreadcrumbList\",\"@id\":\"https:\/\/www.oarcanjo.net\/site\/dom-helder-grande-demais\/#breadcrumb\",\"itemListElement\":[{\"@type\":\"ListItem\",\"position\":1,\"name\":\"In\u00edcio\",\"item\":\"https:\/\/www.oarcanjo.net\/site\/\"},{\"@type\":\"ListItem\",\"position\":2,\"name\":\"Dom Helder: grande demais!\"}]},{\"@type\":\"WebSite\",\"@id\":\"https:\/\/www.oarcanjo.net\/site\/#website\",\"url\":\"https:\/\/www.oarcanjo.net\/site\/\",\"name\":\"O Arcanjo no ar\",\"description\":\"Site da Par\u00f3quia S\u00e3o Miguel Arcanjo (Arquidiocese de SP)\",\"publisher\":{\"@id\":\"https:\/\/www.oarcanjo.net\/site\/#organization\"},\"potentialAction\":[{\"@type\":\"SearchAction\",\"target\":{\"@type\":\"EntryPoint\",\"urlTemplate\":\"https:\/\/www.oarcanjo.net\/site\/?s={search_term_string}\"},\"query-input\":{\"@type\":\"PropertyValueSpecification\",\"valueRequired\":true,\"valueName\":\"search_term_string\"}}],\"inLanguage\":\"pt-BR\"},{\"@type\":\"Organization\",\"@id\":\"https:\/\/www.oarcanjo.net\/site\/#organization\",\"name\":\"Par\u00f3quia S\u00e3o Miguel Arcanjo\",\"url\":\"https:\/\/www.oarcanjo.net\/site\/\",\"logo\":{\"@type\":\"ImageObject\",\"inLanguage\":\"pt-BR\",\"@id\":\"https:\/\/www.oarcanjo.net\/site\/#\/schema\/logo\/image\/\",\"url\":\"https:\/\/www.oarcanjo.net\/site\/wp-content\/uploads\/LogoOArcanjo.png\",\"contentUrl\":\"https:\/\/www.oarcanjo.net\/site\/wp-content\/uploads\/LogoOArcanjo.png\",\"width\":319,\"height\":99,\"caption\":\"Par\u00f3quia S\u00e3o Miguel Arcanjo\"},\"image\":{\"@id\":\"https:\/\/www.oarcanjo.net\/site\/#\/schema\/logo\/image\/\"},\"sameAs\":[\"https:\/\/www.facebook.com\/OArcanjoNoAr\/\"]},{\"@type\":\"Person\",\"@id\":\"https:\/\/www.oarcanjo.net\/site\/#\/schema\/person\/f7024d007863202483a31326673a0838\",\"name\":\"editor\",\"sameAs\":[\"http:\/\/www.oarcanjo.net\"]}]}<\/script>\n<!-- \/ Yoast SEO plugin. -->","yoast_head_json":{"title":"Dom Helder: grande demais! - O Arcanjo no ar","robots":{"index":"index","follow":"follow","max-snippet":"max-snippet:-1","max-image-preview":"max-image-preview:large","max-video-preview":"max-video-preview:-1"},"canonical":"https:\/\/www.oarcanjo.net\/site\/dom-helder-grande-demais\/","og_locale":"pt_BR","og_type":"article","og_title":"Dom Helder: grande demais! - O Arcanjo no ar","og_description":"Pe Geovane Saraiva Dom Helder C\u00e2mara Belo e maravilhoso no escritor, ao escrever, \u00e9 colocar o que tem dentro de si para fora: suas fantasias e suas id\u00e9ias. Aquilo que tem na mente e no cora\u00e7\u00e3o, ele revela e manifesta. Assim, tamb\u00e9m, \u00e9 com os autores sagrados que escreveram as Sagradas Escrituras. H\u00e1 tanta coisa [&hellip;]","og_url":"https:\/\/www.oarcanjo.net\/site\/dom-helder-grande-demais\/","og_site_name":"O Arcanjo no ar","article_publisher":"https:\/\/www.facebook.com\/OArcanjoNoAr\/","article_published_time":"2009-02-12T11:16:52+00:00","og_image":[{"width":300,"height":300,"url":"https:\/\/www.oarcanjo.net\/site\/wp-content\/uploads\/logo-o-arcanjo-no-ar-facebook.png","type":"image\/png"}],"author":"editor","twitter_card":"summary_large_image","twitter_misc":{"Escrito por":"editor","Est. tempo de leitura":"2 minutos"},"schema":{"@context":"https:\/\/schema.org","@graph":[{"@type":"Article","@id":"https:\/\/www.oarcanjo.net\/site\/dom-helder-grande-demais\/#article","isPartOf":{"@id":"https:\/\/www.oarcanjo.net\/site\/dom-helder-grande-demais\/"},"author":{"name":"editor","@id":"https:\/\/www.oarcanjo.net\/site\/#\/schema\/person\/f7024d007863202483a31326673a0838"},"headline":"Dom Helder: grande demais!","datePublished":"2009-02-12T11:16:52+00:00","dateModified":"2009-02-12T11:16:52+00:00","mainEntityOfPage":{"@id":"https:\/\/www.oarcanjo.net\/site\/dom-helder-grande-demais\/"},"wordCount":385,"commentCount":3,"publisher":{"@id":"https:\/\/www.oarcanjo.net\/site\/#organization"},"keywords":["Dom Helder Camara"],"articleSection":["D. Helder C\u00e2mara"],"inLanguage":"pt-BR","potentialAction":[{"@type":"CommentAction","name":"Comment","target":["https:\/\/www.oarcanjo.net\/site\/dom-helder-grande-demais\/#respond"]}]},{"@type":"WebPage","@id":"https:\/\/www.oarcanjo.net\/site\/dom-helder-grande-demais\/","url":"https:\/\/www.oarcanjo.net\/site\/dom-helder-grande-demais\/","name":"Dom Helder: grande demais! - O Arcanjo no ar","isPartOf":{"@id":"https:\/\/www.oarcanjo.net\/site\/#website"},"datePublished":"2009-02-12T11:16:52+00:00","dateModified":"2009-02-12T11:16:52+00:00","breadcrumb":{"@id":"https:\/\/www.oarcanjo.net\/site\/dom-helder-grande-demais\/#breadcrumb"},"inLanguage":"pt-BR","potentialAction":[{"@type":"ReadAction","target":["https:\/\/www.oarcanjo.net\/site\/dom-helder-grande-demais\/"]}]},{"@type":"BreadcrumbList","@id":"https:\/\/www.oarcanjo.net\/site\/dom-helder-grande-demais\/#breadcrumb","itemListElement":[{"@type":"ListItem","position":1,"name":"In\u00edcio","item":"https:\/\/www.oarcanjo.net\/site\/"},{"@type":"ListItem","position":2,"name":"Dom Helder: grande demais!"}]},{"@type":"WebSite","@id":"https:\/\/www.oarcanjo.net\/site\/#website","url":"https:\/\/www.oarcanjo.net\/site\/","name":"O Arcanjo no ar","description":"Site da Par\u00f3quia S\u00e3o Miguel Arcanjo (Arquidiocese de SP)","publisher":{"@id":"https:\/\/www.oarcanjo.net\/site\/#organization"},"potentialAction":[{"@type":"SearchAction","target":{"@type":"EntryPoint","urlTemplate":"https:\/\/www.oarcanjo.net\/site\/?s={search_term_string}"},"query-input":{"@type":"PropertyValueSpecification","valueRequired":true,"valueName":"search_term_string"}}],"inLanguage":"pt-BR"},{"@type":"Organization","@id":"https:\/\/www.oarcanjo.net\/site\/#organization","name":"Par\u00f3quia S\u00e3o Miguel Arcanjo","url":"https:\/\/www.oarcanjo.net\/site\/","logo":{"@type":"ImageObject","inLanguage":"pt-BR","@id":"https:\/\/www.oarcanjo.net\/site\/#\/schema\/logo\/image\/","url":"https:\/\/www.oarcanjo.net\/site\/wp-content\/uploads\/LogoOArcanjo.png","contentUrl":"https:\/\/www.oarcanjo.net\/site\/wp-content\/uploads\/LogoOArcanjo.png","width":319,"height":99,"caption":"Par\u00f3quia S\u00e3o Miguel Arcanjo"},"image":{"@id":"https:\/\/www.oarcanjo.net\/site\/#\/schema\/logo\/image\/"},"sameAs":["https:\/\/www.facebook.com\/OArcanjoNoAr\/"]},{"@type":"Person","@id":"https:\/\/www.oarcanjo.net\/site\/#\/schema\/person\/f7024d007863202483a31326673a0838","name":"editor","sameAs":["http:\/\/www.oarcanjo.net"]}]}},"publishpress_future_action":{"enabled":false,"date":"2026-05-07 14:33:04","action":"category","newStatus":"draft","terms":[],"taxonomy":"category"},"publishpress_future_workflow_manual_trigger":{"enabledWorkflows":[]},"_links":{"self":[{"href":"https:\/\/www.oarcanjo.net\/site\/wp-json\/wp\/v2\/posts\/1816"}],"collection":[{"href":"https:\/\/www.oarcanjo.net\/site\/wp-json\/wp\/v2\/posts"}],"about":[{"href":"https:\/\/www.oarcanjo.net\/site\/wp-json\/wp\/v2\/types\/post"}],"author":[{"embeddable":true,"href":"https:\/\/www.oarcanjo.net\/site\/wp-json\/wp\/v2\/users\/5"}],"replies":[{"embeddable":true,"href":"https:\/\/www.oarcanjo.net\/site\/wp-json\/wp\/v2\/comments?post=1816"}],"version-history":[{"count":0,"href":"https:\/\/www.oarcanjo.net\/site\/wp-json\/wp\/v2\/posts\/1816\/revisions"}],"wp:attachment":[{"href":"https:\/\/www.oarcanjo.net\/site\/wp-json\/wp\/v2\/media?parent=1816"}],"wp:term":[{"taxonomy":"category","embeddable":true,"href":"https:\/\/www.oarcanjo.net\/site\/wp-json\/wp\/v2\/categories?post=1816"},{"taxonomy":"post_tag","embeddable":true,"href":"https:\/\/www.oarcanjo.net\/site\/wp-json\/wp\/v2\/tags?post=1816"}],"curies":[{"name":"wp","href":"https:\/\/api.w.org\/{rel}","templated":true}]}}