
{"id":1820,"date":"2009-02-12T22:04:08","date_gmt":"2009-02-13T00:04:08","guid":{"rendered":"http:\/\/www.oarcanjo.net\/site\/?p=1820"},"modified":"2009-02-12T22:04:08","modified_gmt":"2009-02-13T00:04:08","slug":"um-%e2%80%98assassinato-abominavel%e2%80%99-e-mortes-sem-importancia","status":"publish","type":"post","link":"https:\/\/www.oarcanjo.net\/site\/um-%e2%80%98assassinato-abominavel%e2%80%99-e-mortes-sem-importancia\/","title":{"rendered":"Um \u2018assassinato abomin\u00e1vel\u2019 e mortes sem import\u00e2ncia"},"content":{"rendered":"<p>Jung Mo Sung<\/p>\n<p>A pol\u00eamica em torno da morte e a vida da Eluana, a italiana que ficou em coma por 17 anos, j\u00e1 deixou de ser manchetes nos notici\u00e1rios e as pessoas voltam seus interesses e focos de aten\u00e7\u00e3o para outros temas. Mas, eu quero levantar uma quest\u00e3o que me incomodou em toda essa pol\u00eamica. Alguns representantes da Igreja, como o cardeal Javier Lozano Barragan, presidente do Conselho Pontif\u00edcio para a Pastoral da Sa\u00fade, expressaram uma posi\u00e7\u00e3o firme, clara e sem nenhuma d\u00favida: o que ocorreu foi um &#8220;assassinato abomin\u00e1vel&#8221;. Muitos cat\u00f3licos comuns e grupos organizados tamb\u00e9m manifestaram publicamente suas posi\u00e7\u00f5es de defesa do valor absoluto da vida e, por isso, a oposi\u00e7\u00e3o \u00e0 decis\u00e3o dos pais da Eluana e da justi\u00e7a italiana. <\/p>\n<p>O que me incomoda aqui n\u00e3o \u00e9 a defesa do valor absoluto da vida (como se a vida n\u00e3o fosse essencialmente relacional), mas quando e em que quest\u00f5es essas manifesta\u00e7\u00f5es ocorrem de forma t\u00e3o categ\u00f3rica e p\u00fablica. Pessoas e grupos que condenam de modo absoluto a interrup\u00e7\u00e3o de mecanismos artificiais de manuten\u00e7\u00e3o de vida das pessoas que est\u00e3o condenadas ao estado vegetal condenam tamb\u00e9m todas as formas de aborto e a manipula\u00e7\u00e3o dos embri\u00f5es. Recentemente eu fiquei meio chocado assistindo, em um programa de TV cat\u00f3lica, um padre, que eu admiro, fazer um longo discurso em defesa dos embri\u00f5es. Esse discurso estava recheado de cr\u00edticas ao aborto e pesquisas com c\u00e9lulas-troncos a partir dos embri\u00f5es em nome da defesa do valor absoluto da vida. <\/p>\n<p>O interessante -ou o triste- \u00e9 que n\u00e3o vemos essa mesma defesa acalorada e militante da vida quando estamos diante de fatos, cenas e not\u00edcias de morte de milh\u00f5es por causa da fome ou da pobreza. Da\u00ed surge a pergunta: por que os representantes institucionais da Igreja Cat\u00f3lica e diversos grupos que seguem essa  linhas n\u00e3o assumem essa defesa do valor absoluto da vida em todos os campos da vida e da sociedade?<\/p>\n<p>Eu penso que essa &#8220;parcialidade&#8221; da defesa absoluta da vida tem algo a ver com o modo como eles &#8220;v\u00eaem&#8221; a realidade humana e social e as quest\u00f5es morais. Eu n\u00e3o penso que a principal causa seja um preconceito contra os pobres, pois mesmo que a Eluana fosse uma mo\u00e7a pobre a rea\u00e7\u00e3o provavelmente seria mesma. Em outras palavras, precisamos entender melhor a &#8220;cabe\u00e7a&#8221; com que essas pessoas v\u00eaem a luta pela defesa da vida. <\/p>\n<p>N\u00f3s vemos a realidade n\u00e3o com os olhos, mas com a cultura internalizada na nossa &#8220;cabe\u00e7a&#8221; que dirige o nosso olhar, escolhe os fatos e dados e os interpreta. Todo &#8220;ver&#8221; \u00e9 tamb\u00e9m um &#8220;julgar&#8221;. (Nesse sentido, o famoso m\u00e9todo &#8220;ver-julgar-agir, isto \u00e9, planejar a a\u00e7\u00e3o&#8221; n\u00e3o pode ser visto como tr\u00eas momentos distintos, separados, e justapostos) O fato de essas pessoas, com toda boa inten\u00e7\u00e3o, concentrar a sua luta pela defesa da vida a situa\u00e7\u00f5es em torno de aborto, manipula\u00e7\u00e3o dos embri\u00f5es, eutan\u00e1sia e orton\u00e1sia, e em alguns casos e lugares tamb\u00e9m contra a pena de morte tem rela\u00e7\u00e3o com a sua vis\u00e3o do mundo e a no\u00e7\u00e3o de pecado e as causas do mal.<\/p>\n<p>O que h\u00e1 de comum entre esses diversos problemas nos quais essas pessoas defendem de modo absoluto a vida \u00e9 o fato de que podemos detectar de modo (mais ou menos) claro os respons\u00e1veis pela morte. No caso da Eluana temos a lei, que Berlusconi com apoio do Vaticano queria mudar, o juiz e o pai dela. No caso da pena de morte, a lei e o governador ou presidente que n\u00e3o quer comutar a pena de morte do acusado. No caso do embri\u00e3o, a lei e os m\u00e9dicos e outras pessoas envolvidas. Em todos esses casos, o ju\u00edzo de pecado pressup\u00f5e a defini\u00e7\u00e3o dos respons\u00e1veis e as suas inten\u00e7\u00f5es motivadoras das a\u00e7\u00f5es. Aparentemente \u00e9 f\u00e1cil detectar quem est\u00e1 matando ou atentando contra a vida. \u00c9 um modo de julgar que pode ser definido como &#8220;moral de intencionalidade subjetiva&#8221;: o foco \u00e9 a inten\u00e7\u00e3o das pessoas e as rela\u00e7\u00f5es diretas da a\u00e7\u00e3o (as causas e os efeitos).<\/p>\n<p>No caso das mortes pela pobreza e fome, \u00e9 mais dif\u00edcil definir o &#8220;culpado&#8221; que teve a inten\u00e7\u00e3o de matar tanta gente de fome. Isso porque essas mortes n\u00e3o s\u00e3o provocadas de modo direto, mas por mecanismos indiretos que n\u00e3o permitem que os pobres vivam. Em outras palavras, um sistema pol\u00edtico ditatorial ou a a\u00e7\u00e3o de aborto mata diretamente, enquanto que o sistema econ\u00f4mico opressivo n\u00e3o permite que os pobres vivam.<\/p>\n<p>Esses sistemas econ\u00f4micos que provocam mortes de milh\u00f5es n\u00e3o s\u00e3o vis\u00edveis aos olhos, mas somente atrav\u00e9s de an\u00e1lises te\u00f3ricas. Al\u00e9m disso, os agentes econ\u00f4micos que s\u00e3o em parte respons\u00e1veis por essas mortes n\u00e3o t\u00eam necessariamente a inten\u00e7\u00e3o de matar. E essas an\u00e1lises que nos permitem ver o que os olhos e o senso comum n\u00e3o conseguem ver, que a Teologia da Liberta\u00e7\u00e3o chamou de &#8220;media\u00e7\u00e3o s\u00f3cio-anal\u00edtica&#8221;, pressup\u00f5e algo al\u00e9m das inten\u00e7\u00f5es subjetivas, que s\u00e3o as estruturas sociais que geram resultados n\u00e3o intencionais, isto \u00e9, resultados de a\u00e7\u00f5es que n\u00e3o est\u00e3o de acordo com as inten\u00e7\u00f5es dos sujeitos que realizaram a a\u00e7\u00e3o. (\u00c9 por isso que, no meu \u00faltimo artigo &#8220;B\u00f4nus dos executivos e a Teologia da Liberta\u00e7\u00e3o&#8221;, eu disse que a media\u00e7\u00e3o s\u00f3cio-anal\u00edtica n\u00e3o deve ser simplesmente confundida com o ver).<\/p>\n<p>Um dos grandes desafios no processo de forma\u00e7\u00e3o e educa\u00e7\u00e3o dos agentes das Igrejas (padres, freiras, pastores e pastoras, lideran\u00e7as leigas, membros das comunidades, etc.) \u00e9 superar essa vis\u00e3o do mundo e da moral que n\u00e3o consegue enxergar a complexidade da vida humana e social e reduz tudo a uma falsa clareza de &#8220;absolutamente certo ou errado&#8221; ou &#8220;defesa absoluta da vida&#8221;; e reduz os ju\u00edzos \u00e9ticos \u00e0 inten\u00e7\u00e3o das pessoas ou a a\u00e7\u00f5es diretas, sem perceber os efeitos n\u00e3o-intencionais (bons ou maus) gerados pelo sistema social em que vivemos.<\/p>\n<div id=\"themify_builder_content-1820\" data-postid=\"1820\" class=\"themify_builder_content themify_builder_content-1820 themify_builder themify_builder_front\">\n\t<\/div>\n<!-- \/themify_builder_content -->","protected":false},"excerpt":{"rendered":"<p>Jung Mo Sung A pol\u00eamica em torno da morte e a vida da Eluana, a italiana que ficou em coma por 17 anos, j\u00e1 deixou de ser manchetes nos notici\u00e1rios e as pessoas voltam seus interesses e focos de aten\u00e7\u00e3o para outros temas. Mas, eu quero levantar uma quest\u00e3o que me incomodou em toda essa [&hellip;]<\/p>\n","protected":false},"author":5,"featured_media":0,"comment_status":"open","ping_status":"open","sticky":false,"template":"","format":"standard","meta":{"ngg_post_thumbnail":0,"footnotes":""},"categories":[9],"tags":[249,245,250,20],"yoast_head":"<!-- This site is optimized with the Yoast SEO plugin v23.5 - https:\/\/yoast.com\/wordpress\/plugins\/seo\/ -->\n<title>Um \u2018assassinato abomin\u00e1vel\u2019 e mortes sem import\u00e2ncia - O Arcanjo no ar<\/title>\n<meta name=\"robots\" content=\"index, follow, max-snippet:-1, max-image-preview:large, max-video-preview:-1\" \/>\n<link rel=\"canonical\" href=\"https:\/\/www.oarcanjo.net\/site\/um-\u2018assassinato-abominavel\u2019-e-mortes-sem-importancia\/\" \/>\n<meta property=\"og:locale\" content=\"pt_BR\" \/>\n<meta property=\"og:type\" content=\"article\" \/>\n<meta property=\"og:title\" content=\"Um \u2018assassinato abomin\u00e1vel\u2019 e mortes sem import\u00e2ncia - O Arcanjo no ar\" \/>\n<meta property=\"og:description\" content=\"Jung Mo Sung A pol\u00eamica em torno da morte e a vida da Eluana, a italiana que ficou em coma por 17 anos, j\u00e1 deixou de ser manchetes nos notici\u00e1rios e as pessoas voltam seus interesses e focos de aten\u00e7\u00e3o para outros temas. Mas, eu quero levantar uma quest\u00e3o que me incomodou em toda essa [&hellip;]\" \/>\n<meta property=\"og:url\" content=\"https:\/\/www.oarcanjo.net\/site\/um-\u2018assassinato-abominavel\u2019-e-mortes-sem-importancia\/\" \/>\n<meta property=\"og:site_name\" content=\"O Arcanjo no ar\" \/>\n<meta property=\"article:publisher\" content=\"https:\/\/www.facebook.com\/OArcanjoNoAr\/\" \/>\n<meta property=\"article:published_time\" content=\"2009-02-13T00:04:08+00:00\" \/>\n<meta property=\"og:image\" content=\"https:\/\/www.oarcanjo.net\/site\/wp-content\/uploads\/logo-o-arcanjo-no-ar-facebook.png\" \/>\n\t<meta property=\"og:image:width\" content=\"300\" \/>\n\t<meta property=\"og:image:height\" content=\"300\" \/>\n\t<meta property=\"og:image:type\" content=\"image\/png\" \/>\n<meta name=\"author\" content=\"editor\" \/>\n<meta name=\"twitter:card\" content=\"summary_large_image\" \/>\n<meta name=\"twitter:label1\" content=\"Escrito por\" \/>\n\t<meta name=\"twitter:data1\" content=\"editor\" \/>\n\t<meta name=\"twitter:label2\" content=\"Est. tempo de leitura\" \/>\n\t<meta name=\"twitter:data2\" content=\"5 minutos\" \/>\n<script type=\"application\/ld+json\" class=\"yoast-schema-graph\">{\"@context\":\"https:\/\/schema.org\",\"@graph\":[{\"@type\":\"Article\",\"@id\":\"https:\/\/www.oarcanjo.net\/site\/um-%e2%80%98assassinato-abominavel%e2%80%99-e-mortes-sem-importancia\/#article\",\"isPartOf\":{\"@id\":\"https:\/\/www.oarcanjo.net\/site\/um-%e2%80%98assassinato-abominavel%e2%80%99-e-mortes-sem-importancia\/\"},\"author\":{\"name\":\"editor\",\"@id\":\"https:\/\/www.oarcanjo.net\/site\/#\/schema\/person\/f7024d007863202483a31326673a0838\"},\"headline\":\"Um \u2018assassinato abomin\u00e1vel\u2019 e mortes sem import\u00e2ncia\",\"datePublished\":\"2009-02-13T00:04:08+00:00\",\"dateModified\":\"2009-02-13T00:04:08+00:00\",\"mainEntityOfPage\":{\"@id\":\"https:\/\/www.oarcanjo.net\/site\/um-%e2%80%98assassinato-abominavel%e2%80%99-e-mortes-sem-importancia\/\"},\"wordCount\":1088,\"commentCount\":0,\"publisher\":{\"@id\":\"https:\/\/www.oarcanjo.net\/site\/#organization\"},\"keywords\":[\"direito \u00e0 vida\",\"eutan\u00e1sia\",\"mortes\",\"viol\u00eancia\"],\"articleSection\":[\"Reflex\u00f5es\"],\"inLanguage\":\"pt-BR\",\"potentialAction\":[{\"@type\":\"CommentAction\",\"name\":\"Comment\",\"target\":[\"https:\/\/www.oarcanjo.net\/site\/um-%e2%80%98assassinato-abominavel%e2%80%99-e-mortes-sem-importancia\/#respond\"]}]},{\"@type\":\"WebPage\",\"@id\":\"https:\/\/www.oarcanjo.net\/site\/um-%e2%80%98assassinato-abominavel%e2%80%99-e-mortes-sem-importancia\/\",\"url\":\"https:\/\/www.oarcanjo.net\/site\/um-%e2%80%98assassinato-abominavel%e2%80%99-e-mortes-sem-importancia\/\",\"name\":\"Um \u2018assassinato abomin\u00e1vel\u2019 e mortes sem import\u00e2ncia - O Arcanjo no ar\",\"isPartOf\":{\"@id\":\"https:\/\/www.oarcanjo.net\/site\/#website\"},\"datePublished\":\"2009-02-13T00:04:08+00:00\",\"dateModified\":\"2009-02-13T00:04:08+00:00\",\"breadcrumb\":{\"@id\":\"https:\/\/www.oarcanjo.net\/site\/um-%e2%80%98assassinato-abominavel%e2%80%99-e-mortes-sem-importancia\/#breadcrumb\"},\"inLanguage\":\"pt-BR\",\"potentialAction\":[{\"@type\":\"ReadAction\",\"target\":[\"https:\/\/www.oarcanjo.net\/site\/um-%e2%80%98assassinato-abominavel%e2%80%99-e-mortes-sem-importancia\/\"]}]},{\"@type\":\"BreadcrumbList\",\"@id\":\"https:\/\/www.oarcanjo.net\/site\/um-%e2%80%98assassinato-abominavel%e2%80%99-e-mortes-sem-importancia\/#breadcrumb\",\"itemListElement\":[{\"@type\":\"ListItem\",\"position\":1,\"name\":\"In\u00edcio\",\"item\":\"https:\/\/www.oarcanjo.net\/site\/\"},{\"@type\":\"ListItem\",\"position\":2,\"name\":\"Um \u2018assassinato abomin\u00e1vel\u2019 e mortes sem import\u00e2ncia\"}]},{\"@type\":\"WebSite\",\"@id\":\"https:\/\/www.oarcanjo.net\/site\/#website\",\"url\":\"https:\/\/www.oarcanjo.net\/site\/\",\"name\":\"O Arcanjo no ar\",\"description\":\"Site da Par\u00f3quia S\u00e3o Miguel Arcanjo (Arquidiocese de SP)\",\"publisher\":{\"@id\":\"https:\/\/www.oarcanjo.net\/site\/#organization\"},\"potentialAction\":[{\"@type\":\"SearchAction\",\"target\":{\"@type\":\"EntryPoint\",\"urlTemplate\":\"https:\/\/www.oarcanjo.net\/site\/?s={search_term_string}\"},\"query-input\":{\"@type\":\"PropertyValueSpecification\",\"valueRequired\":true,\"valueName\":\"search_term_string\"}}],\"inLanguage\":\"pt-BR\"},{\"@type\":\"Organization\",\"@id\":\"https:\/\/www.oarcanjo.net\/site\/#organization\",\"name\":\"Par\u00f3quia S\u00e3o Miguel Arcanjo\",\"url\":\"https:\/\/www.oarcanjo.net\/site\/\",\"logo\":{\"@type\":\"ImageObject\",\"inLanguage\":\"pt-BR\",\"@id\":\"https:\/\/www.oarcanjo.net\/site\/#\/schema\/logo\/image\/\",\"url\":\"https:\/\/www.oarcanjo.net\/site\/wp-content\/uploads\/LogoOArcanjo.png\",\"contentUrl\":\"https:\/\/www.oarcanjo.net\/site\/wp-content\/uploads\/LogoOArcanjo.png\",\"width\":319,\"height\":99,\"caption\":\"Par\u00f3quia S\u00e3o Miguel Arcanjo\"},\"image\":{\"@id\":\"https:\/\/www.oarcanjo.net\/site\/#\/schema\/logo\/image\/\"},\"sameAs\":[\"https:\/\/www.facebook.com\/OArcanjoNoAr\/\"]},{\"@type\":\"Person\",\"@id\":\"https:\/\/www.oarcanjo.net\/site\/#\/schema\/person\/f7024d007863202483a31326673a0838\",\"name\":\"editor\",\"sameAs\":[\"http:\/\/www.oarcanjo.net\"]}]}<\/script>\n<!-- \/ Yoast SEO plugin. -->","yoast_head_json":{"title":"Um \u2018assassinato abomin\u00e1vel\u2019 e mortes sem import\u00e2ncia - O Arcanjo no ar","robots":{"index":"index","follow":"follow","max-snippet":"max-snippet:-1","max-image-preview":"max-image-preview:large","max-video-preview":"max-video-preview:-1"},"canonical":"https:\/\/www.oarcanjo.net\/site\/um-\u2018assassinato-abominavel\u2019-e-mortes-sem-importancia\/","og_locale":"pt_BR","og_type":"article","og_title":"Um \u2018assassinato abomin\u00e1vel\u2019 e mortes sem import\u00e2ncia - O Arcanjo no ar","og_description":"Jung Mo Sung A pol\u00eamica em torno da morte e a vida da Eluana, a italiana que ficou em coma por 17 anos, j\u00e1 deixou de ser manchetes nos notici\u00e1rios e as pessoas voltam seus interesses e focos de aten\u00e7\u00e3o para outros temas. Mas, eu quero levantar uma quest\u00e3o que me incomodou em toda essa [&hellip;]","og_url":"https:\/\/www.oarcanjo.net\/site\/um-\u2018assassinato-abominavel\u2019-e-mortes-sem-importancia\/","og_site_name":"O Arcanjo no ar","article_publisher":"https:\/\/www.facebook.com\/OArcanjoNoAr\/","article_published_time":"2009-02-13T00:04:08+00:00","og_image":[{"width":300,"height":300,"url":"https:\/\/www.oarcanjo.net\/site\/wp-content\/uploads\/logo-o-arcanjo-no-ar-facebook.png","type":"image\/png"}],"author":"editor","twitter_card":"summary_large_image","twitter_misc":{"Escrito por":"editor","Est. tempo de leitura":"5 minutos"},"schema":{"@context":"https:\/\/schema.org","@graph":[{"@type":"Article","@id":"https:\/\/www.oarcanjo.net\/site\/um-%e2%80%98assassinato-abominavel%e2%80%99-e-mortes-sem-importancia\/#article","isPartOf":{"@id":"https:\/\/www.oarcanjo.net\/site\/um-%e2%80%98assassinato-abominavel%e2%80%99-e-mortes-sem-importancia\/"},"author":{"name":"editor","@id":"https:\/\/www.oarcanjo.net\/site\/#\/schema\/person\/f7024d007863202483a31326673a0838"},"headline":"Um \u2018assassinato abomin\u00e1vel\u2019 e mortes sem import\u00e2ncia","datePublished":"2009-02-13T00:04:08+00:00","dateModified":"2009-02-13T00:04:08+00:00","mainEntityOfPage":{"@id":"https:\/\/www.oarcanjo.net\/site\/um-%e2%80%98assassinato-abominavel%e2%80%99-e-mortes-sem-importancia\/"},"wordCount":1088,"commentCount":0,"publisher":{"@id":"https:\/\/www.oarcanjo.net\/site\/#organization"},"keywords":["direito \u00e0 vida","eutan\u00e1sia","mortes","viol\u00eancia"],"articleSection":["Reflex\u00f5es"],"inLanguage":"pt-BR","potentialAction":[{"@type":"CommentAction","name":"Comment","target":["https:\/\/www.oarcanjo.net\/site\/um-%e2%80%98assassinato-abominavel%e2%80%99-e-mortes-sem-importancia\/#respond"]}]},{"@type":"WebPage","@id":"https:\/\/www.oarcanjo.net\/site\/um-%e2%80%98assassinato-abominavel%e2%80%99-e-mortes-sem-importancia\/","url":"https:\/\/www.oarcanjo.net\/site\/um-%e2%80%98assassinato-abominavel%e2%80%99-e-mortes-sem-importancia\/","name":"Um \u2018assassinato abomin\u00e1vel\u2019 e mortes sem import\u00e2ncia - O Arcanjo no ar","isPartOf":{"@id":"https:\/\/www.oarcanjo.net\/site\/#website"},"datePublished":"2009-02-13T00:04:08+00:00","dateModified":"2009-02-13T00:04:08+00:00","breadcrumb":{"@id":"https:\/\/www.oarcanjo.net\/site\/um-%e2%80%98assassinato-abominavel%e2%80%99-e-mortes-sem-importancia\/#breadcrumb"},"inLanguage":"pt-BR","potentialAction":[{"@type":"ReadAction","target":["https:\/\/www.oarcanjo.net\/site\/um-%e2%80%98assassinato-abominavel%e2%80%99-e-mortes-sem-importancia\/"]}]},{"@type":"BreadcrumbList","@id":"https:\/\/www.oarcanjo.net\/site\/um-%e2%80%98assassinato-abominavel%e2%80%99-e-mortes-sem-importancia\/#breadcrumb","itemListElement":[{"@type":"ListItem","position":1,"name":"In\u00edcio","item":"https:\/\/www.oarcanjo.net\/site\/"},{"@type":"ListItem","position":2,"name":"Um \u2018assassinato abomin\u00e1vel\u2019 e mortes sem import\u00e2ncia"}]},{"@type":"WebSite","@id":"https:\/\/www.oarcanjo.net\/site\/#website","url":"https:\/\/www.oarcanjo.net\/site\/","name":"O Arcanjo no ar","description":"Site da Par\u00f3quia S\u00e3o Miguel Arcanjo (Arquidiocese de SP)","publisher":{"@id":"https:\/\/www.oarcanjo.net\/site\/#organization"},"potentialAction":[{"@type":"SearchAction","target":{"@type":"EntryPoint","urlTemplate":"https:\/\/www.oarcanjo.net\/site\/?s={search_term_string}"},"query-input":{"@type":"PropertyValueSpecification","valueRequired":true,"valueName":"search_term_string"}}],"inLanguage":"pt-BR"},{"@type":"Organization","@id":"https:\/\/www.oarcanjo.net\/site\/#organization","name":"Par\u00f3quia S\u00e3o Miguel Arcanjo","url":"https:\/\/www.oarcanjo.net\/site\/","logo":{"@type":"ImageObject","inLanguage":"pt-BR","@id":"https:\/\/www.oarcanjo.net\/site\/#\/schema\/logo\/image\/","url":"https:\/\/www.oarcanjo.net\/site\/wp-content\/uploads\/LogoOArcanjo.png","contentUrl":"https:\/\/www.oarcanjo.net\/site\/wp-content\/uploads\/LogoOArcanjo.png","width":319,"height":99,"caption":"Par\u00f3quia S\u00e3o Miguel Arcanjo"},"image":{"@id":"https:\/\/www.oarcanjo.net\/site\/#\/schema\/logo\/image\/"},"sameAs":["https:\/\/www.facebook.com\/OArcanjoNoAr\/"]},{"@type":"Person","@id":"https:\/\/www.oarcanjo.net\/site\/#\/schema\/person\/f7024d007863202483a31326673a0838","name":"editor","sameAs":["http:\/\/www.oarcanjo.net"]}]}},"publishpress_future_action":{"enabled":false,"date":"2026-05-08 21:43:16","action":"category","newStatus":"draft","terms":[],"taxonomy":"category"},"publishpress_future_workflow_manual_trigger":{"enabledWorkflows":[]},"_links":{"self":[{"href":"https:\/\/www.oarcanjo.net\/site\/wp-json\/wp\/v2\/posts\/1820"}],"collection":[{"href":"https:\/\/www.oarcanjo.net\/site\/wp-json\/wp\/v2\/posts"}],"about":[{"href":"https:\/\/www.oarcanjo.net\/site\/wp-json\/wp\/v2\/types\/post"}],"author":[{"embeddable":true,"href":"https:\/\/www.oarcanjo.net\/site\/wp-json\/wp\/v2\/users\/5"}],"replies":[{"embeddable":true,"href":"https:\/\/www.oarcanjo.net\/site\/wp-json\/wp\/v2\/comments?post=1820"}],"version-history":[{"count":0,"href":"https:\/\/www.oarcanjo.net\/site\/wp-json\/wp\/v2\/posts\/1820\/revisions"}],"wp:attachment":[{"href":"https:\/\/www.oarcanjo.net\/site\/wp-json\/wp\/v2\/media?parent=1820"}],"wp:term":[{"taxonomy":"category","embeddable":true,"href":"https:\/\/www.oarcanjo.net\/site\/wp-json\/wp\/v2\/categories?post=1820"},{"taxonomy":"post_tag","embeddable":true,"href":"https:\/\/www.oarcanjo.net\/site\/wp-json\/wp\/v2\/tags?post=1820"}],"curies":[{"name":"wp","href":"https:\/\/api.w.org\/{rel}","templated":true}]}}