
{"id":18201,"date":"2012-06-13T16:37:25","date_gmt":"2012-06-13T19:37:25","guid":{"rendered":"http:\/\/www.oarcanjo.net\/site\/?p=18201"},"modified":"2012-06-16T16:21:25","modified_gmt":"2012-06-16T19:21:25","slug":"vida-consagrada-segundo-dom-aloisio","status":"publish","type":"post","link":"https:\/\/www.oarcanjo.net\/site\/vida-consagrada-segundo-dom-aloisio\/","title":{"rendered":"Vida Consagrada segundo Dom Alo\u00edsio"},"content":{"rendered":"<p style=\"text-align: justify\">Muitas vezes durante o seu pontificado Jo\u00e3o Paulo II<\/p>\n<p style=\"text-align: justify\"><img loading=\"lazy\" decoding=\"async\" class=\"alignright size-full wp-image-18206 alignnone\" src=\"http:\/\/www.oarcanjo.net\/site\/wp-content\/uploads\/domaloisio.jpg\" alt=\"\" width=\"256\" height=\"312\" srcset=\"https:\/\/www.oarcanjo.net\/site\/wp-content\/uploads\/domaloisio.jpg 320w, https:\/\/www.oarcanjo.net\/site\/wp-content\/uploads\/domaloisio-246x300.jpg 246w\" sizes=\"(max-width: 256px) 100vw, 256px\" \/>se manifestou a respeito da vida consagrada. Falou \u00e0s mais diversas Ordens, Congrega\u00e7\u00f5es, Institutos, sobretudo, por ocasi\u00e3o dos Cap\u00edtulos Gerais. Em todas essas oportunidades a preocupa\u00e7\u00e3o do Papa tem sido com a fidelidade dos consagrados ao pr\u00f3prio carisma, \u00e0 pr\u00f3pria espiritualidade e \u00e0 pr\u00f3pria miss\u00e3o, tendo sempre em vista a evangeliza\u00e7\u00e3o do mundo de hoje. O mundo necessita do consagrado. \u00c9 um dos preciosos elementos que leveda a massa toda.<\/p>\n<div style=\"text-align: justify\">Um resumo das palavras do Papa temos no documento p\u00f3s-sinodal de 25 de mar\u00e7o de 1995 &#8220;Vita Consecrata&#8221;.\u00a0Trata-se de uma vida profundamente arraigada nos exemplos e ensinamentos de Nosso Senhor. Ela \u00e9 um dom de Deus Pai \u00e0 sua Igreja por meio do Esp\u00edrito Santo. A profiss\u00e3o dos conselhos evang\u00e9licos, caracter\u00edstica da vida consagrada, faz com que os tra\u00e7os de Jesus pobre, virgem, obediente, adquiram especial visibilidade no meio do mundo. A viv\u00eancia dos conselhos evang\u00e9licos atrai o olhar dos fi\u00e9is para o mist\u00e9rio do Reino de Deus atuante na hist\u00f3ria com a sua plena realiza\u00e7\u00e3o no fim dos tempos.<\/div>\n<div style=\"text-align: justify\">\u00c9 um caminho de especial seguimento de Cristo. \u00c9 um deixar tudo para estar com Cristo e colocar-se com Ele ao servi\u00e7o de Deus e dos irm\u00e3os.<\/div>\n<div style=\"text-align: justify\">A vida consagrada diz respeito a toda a Igreja; n\u00e3o \u00e9 uma realidade isolada e marginal. Est\u00e1 colocada no pr\u00f3prio cora\u00e7\u00e3o da Igreja. \u00c9 elemento decisivo para a sua miss\u00e3o, j\u00e1 que exprime a \u00edntima natureza da voca\u00e7\u00e3o crist\u00e3 e a tens\u00e3o da Igreja-Esposa para a uni\u00e3o com o \u00fanico Esposo. A vida consagrada faz parte da vida, santidade e miss\u00e3o da Igreja.<\/div>\n<div style=\"text-align: justify\">Quando em 1994, ano do S\u00ednodo sobre a vida consagrada e a sua miss\u00e3o na Igreja e no Mundo, os jornalistas perguntaram se, no final do mil\u00eanio, n\u00e3o havia assunto mais importante do que este, respondeu-se-lhes que este era um assunto important\u00edssimo para o mundo de hoje porque o que mais faltava ao mundo era um suplemento de alma, uma espiritualidade, uma m\u00edstica. Ora, com a vida consagrada deseja-se ajudar o mundo neste suplemento de alma, nesta espiritualidade, nesta m\u00edstica. A profiss\u00e3o dos conselhos evang\u00e9licos coloca os consagrados como sinal e profecia para a comunidade dos irm\u00e3os e irm\u00e3s e para o mundo.<\/div>\n<div>\n<div style=\"text-align: justify\">O aprofundamento da vida consagrada deve acontecer em uma tr\u00edplice dimens\u00e3o: a da consagra\u00e7\u00e3o, da comunh\u00e3o e da miss\u00e3o.<\/div>\n<div style=\"text-align: justify\">A vida consagrada \u00e9, por isso, \u00edcone da Transfigura\u00e7\u00e3o de Jesus no monte Tabor. \u00c9 configura\u00e7\u00e3o a Cristo, \u00e9 cristiformidade, prolongamento na hist\u00f3ria de uma presen\u00e7a especial do Senhor ressuscitado.<\/div>\n<div>\n<div style=\"text-align: justify\">As pessoas consagradas ser\u00e3o mission\u00e1rias aprofundando continuamente a consci\u00eancia de terem sido chamadas e escolhidas por Deus, para quem devem orientar toda a sua vida e oferecer tudo o que s\u00e3o e possuem, libertando-se dos obst\u00e1culos que poderiam retardar a resposta total do amor. Tamb\u00e9m o seu estilo de vida deve deixar transparecer o ideal que professam, sendo sinal vivo do Deus vivo e prega\u00e7\u00e3o persuasiva, mesmo que muitas vezes silenciosa, do Evangelho.<\/div>\n<div style=\"text-align: justify\">A vida consagrada faz parte intr\u00ednseca do Evangelho Ela brota do Evangelho de Nosso Senhor Jesus Cristo. \u00c9 viv\u00eancia a mais plena poss\u00edvel do Evangelho. Ela faz parte da estrutura carism\u00e1tica da Igreja, faz parte da vida e santidade da Igreja (Lumen Gentium, 44), santidade que \u00e9 uma das notas essenciais da Igreja: Una Santa Cat\u00f3lica Apost\u00f3lica. Sem a vida consagrada a Igreja deixaria de ser Igreja, ver-se-ia privada de uma das notas essenciais do seu pr\u00f3prio ser \u00edntimo. A Igreja produz santidade (a plenitude dos meios de salva\u00e7\u00e3o \u00e9 confiada \u00e0 Igreja) e ordena-se \u00e0 santidade.<\/div>\n<div style=\"text-align: justify\">N\u00e3o hesitemos! Trabalhando pela difus\u00e3o da vida consagrada estamos trabalhando para uma nova primavera eclesial!<\/div>\n<\/div>\n<\/div>\n<div id=\"themify_builder_content-18201\" data-postid=\"18201\" class=\"themify_builder_content themify_builder_content-18201 themify_builder themify_builder_front\">\n\t<\/div>\n<!-- \/themify_builder_content -->","protected":false},"excerpt":{"rendered":"<p>Muitas vezes durante o seu pontificado Jo\u00e3o Paulo II se manifestou a respeito da vida consagrada. Falou \u00e0s mais diversas Ordens, Congrega\u00e7\u00f5es, Institutos, sobretudo, por ocasi\u00e3o dos Cap\u00edtulos Gerais. Em todas essas oportunidades a preocupa\u00e7\u00e3o do Papa tem sido com a fidelidade dos consagrados ao pr\u00f3prio carisma, \u00e0 pr\u00f3pria espiritualidade e \u00e0 pr\u00f3pria miss\u00e3o, tendo [&hellip;]<\/p>\n","protected":false},"author":17,"featured_media":0,"comment_status":"open","ping_status":"open","sticky":false,"template":"","format":"standard","meta":{"ngg_post_thumbnail":0,"footnotes":""},"categories":[474],"tags":[],"yoast_head":"<!-- This site is optimized with the Yoast SEO plugin v23.5 - https:\/\/yoast.com\/wordpress\/plugins\/seo\/ -->\n<title>Vida Consagrada segundo Dom Alo\u00edsio - O Arcanjo no ar<\/title>\n<meta name=\"robots\" content=\"index, follow, max-snippet:-1, max-image-preview:large, max-video-preview:-1\" \/>\n<link rel=\"canonical\" href=\"https:\/\/www.oarcanjo.net\/site\/vida-consagrada-segundo-dom-aloisio\/\" \/>\n<meta property=\"og:locale\" content=\"pt_BR\" \/>\n<meta property=\"og:type\" content=\"article\" \/>\n<meta property=\"og:title\" content=\"Vida Consagrada segundo Dom Alo\u00edsio - O Arcanjo no ar\" \/>\n<meta property=\"og:description\" content=\"Muitas vezes durante o seu pontificado Jo\u00e3o Paulo II se manifestou a respeito da vida consagrada. Falou \u00e0s mais diversas Ordens, Congrega\u00e7\u00f5es, Institutos, sobretudo, por ocasi\u00e3o dos Cap\u00edtulos Gerais. Em todas essas oportunidades a preocupa\u00e7\u00e3o do Papa tem sido com a fidelidade dos consagrados ao pr\u00f3prio carisma, \u00e0 pr\u00f3pria espiritualidade e \u00e0 pr\u00f3pria miss\u00e3o, tendo [&hellip;]\" \/>\n<meta property=\"og:url\" content=\"https:\/\/www.oarcanjo.net\/site\/vida-consagrada-segundo-dom-aloisio\/\" \/>\n<meta property=\"og:site_name\" content=\"O Arcanjo no ar\" \/>\n<meta property=\"article:publisher\" content=\"https:\/\/www.facebook.com\/OArcanjoNoAr\/\" \/>\n<meta property=\"article:published_time\" content=\"2012-06-13T19:37:25+00:00\" \/>\n<meta property=\"article:modified_time\" content=\"2012-06-16T19:21:25+00:00\" \/>\n<meta property=\"og:image\" content=\"http:\/\/www.oarcanjo.net\/site\/wp-content\/uploads\/domaloisio.jpg\" \/>\n<meta name=\"author\" content=\"pe.geovane\" \/>\n<meta name=\"twitter:card\" content=\"summary_large_image\" \/>\n<meta name=\"twitter:label1\" content=\"Escrito por\" \/>\n\t<meta name=\"twitter:data1\" content=\"pe.geovane\" \/>\n\t<meta name=\"twitter:label2\" content=\"Est. tempo de leitura\" \/>\n\t<meta name=\"twitter:data2\" content=\"3 minutos\" \/>\n<script type=\"application\/ld+json\" class=\"yoast-schema-graph\">{\"@context\":\"https:\/\/schema.org\",\"@graph\":[{\"@type\":\"Article\",\"@id\":\"https:\/\/www.oarcanjo.net\/site\/vida-consagrada-segundo-dom-aloisio\/#article\",\"isPartOf\":{\"@id\":\"https:\/\/www.oarcanjo.net\/site\/vida-consagrada-segundo-dom-aloisio\/\"},\"author\":{\"name\":\"pe.geovane\",\"@id\":\"https:\/\/www.oarcanjo.net\/site\/#\/schema\/person\/58d7f78850a973b8e467c7ae4a7eb4ad\"},\"headline\":\"Vida Consagrada segundo Dom Alo\u00edsio\",\"datePublished\":\"2012-06-13T19:37:25+00:00\",\"dateModified\":\"2012-06-16T19:21:25+00:00\",\"mainEntityOfPage\":{\"@id\":\"https:\/\/www.oarcanjo.net\/site\/vida-consagrada-segundo-dom-aloisio\/\"},\"wordCount\":662,\"commentCount\":0,\"publisher\":{\"@id\":\"https:\/\/www.oarcanjo.net\/site\/#organization\"},\"image\":{\"@id\":\"https:\/\/www.oarcanjo.net\/site\/vida-consagrada-segundo-dom-aloisio\/#primaryimage\"},\"thumbnailUrl\":\"http:\/\/www.oarcanjo.net\/site\/wp-content\/uploads\/domaloisio.jpg\",\"articleSection\":[\"D. Aloisio Lorscheider\"],\"inLanguage\":\"pt-BR\",\"potentialAction\":[{\"@type\":\"CommentAction\",\"name\":\"Comment\",\"target\":[\"https:\/\/www.oarcanjo.net\/site\/vida-consagrada-segundo-dom-aloisio\/#respond\"]}]},{\"@type\":\"WebPage\",\"@id\":\"https:\/\/www.oarcanjo.net\/site\/vida-consagrada-segundo-dom-aloisio\/\",\"url\":\"https:\/\/www.oarcanjo.net\/site\/vida-consagrada-segundo-dom-aloisio\/\",\"name\":\"Vida Consagrada segundo Dom Alo\u00edsio - O Arcanjo no ar\",\"isPartOf\":{\"@id\":\"https:\/\/www.oarcanjo.net\/site\/#website\"},\"primaryImageOfPage\":{\"@id\":\"https:\/\/www.oarcanjo.net\/site\/vida-consagrada-segundo-dom-aloisio\/#primaryimage\"},\"image\":{\"@id\":\"https:\/\/www.oarcanjo.net\/site\/vida-consagrada-segundo-dom-aloisio\/#primaryimage\"},\"thumbnailUrl\":\"http:\/\/www.oarcanjo.net\/site\/wp-content\/uploads\/domaloisio.jpg\",\"datePublished\":\"2012-06-13T19:37:25+00:00\",\"dateModified\":\"2012-06-16T19:21:25+00:00\",\"breadcrumb\":{\"@id\":\"https:\/\/www.oarcanjo.net\/site\/vida-consagrada-segundo-dom-aloisio\/#breadcrumb\"},\"inLanguage\":\"pt-BR\",\"potentialAction\":[{\"@type\":\"ReadAction\",\"target\":[\"https:\/\/www.oarcanjo.net\/site\/vida-consagrada-segundo-dom-aloisio\/\"]}]},{\"@type\":\"ImageObject\",\"inLanguage\":\"pt-BR\",\"@id\":\"https:\/\/www.oarcanjo.net\/site\/vida-consagrada-segundo-dom-aloisio\/#primaryimage\",\"url\":\"https:\/\/www.oarcanjo.net\/site\/wp-content\/uploads\/domaloisio.jpg\",\"contentUrl\":\"https:\/\/www.oarcanjo.net\/site\/wp-content\/uploads\/domaloisio.jpg\",\"width\":\"320\",\"height\":\"390\"},{\"@type\":\"BreadcrumbList\",\"@id\":\"https:\/\/www.oarcanjo.net\/site\/vida-consagrada-segundo-dom-aloisio\/#breadcrumb\",\"itemListElement\":[{\"@type\":\"ListItem\",\"position\":1,\"name\":\"In\u00edcio\",\"item\":\"https:\/\/www.oarcanjo.net\/site\/\"},{\"@type\":\"ListItem\",\"position\":2,\"name\":\"Vida Consagrada segundo Dom Alo\u00edsio\"}]},{\"@type\":\"WebSite\",\"@id\":\"https:\/\/www.oarcanjo.net\/site\/#website\",\"url\":\"https:\/\/www.oarcanjo.net\/site\/\",\"name\":\"O Arcanjo no ar\",\"description\":\"Site da Par\u00f3quia S\u00e3o Miguel Arcanjo (Arquidiocese de SP)\",\"publisher\":{\"@id\":\"https:\/\/www.oarcanjo.net\/site\/#organization\"},\"potentialAction\":[{\"@type\":\"SearchAction\",\"target\":{\"@type\":\"EntryPoint\",\"urlTemplate\":\"https:\/\/www.oarcanjo.net\/site\/?s={search_term_string}\"},\"query-input\":{\"@type\":\"PropertyValueSpecification\",\"valueRequired\":true,\"valueName\":\"search_term_string\"}}],\"inLanguage\":\"pt-BR\"},{\"@type\":\"Organization\",\"@id\":\"https:\/\/www.oarcanjo.net\/site\/#organization\",\"name\":\"Par\u00f3quia S\u00e3o Miguel Arcanjo\",\"url\":\"https:\/\/www.oarcanjo.net\/site\/\",\"logo\":{\"@type\":\"ImageObject\",\"inLanguage\":\"pt-BR\",\"@id\":\"https:\/\/www.oarcanjo.net\/site\/#\/schema\/logo\/image\/\",\"url\":\"https:\/\/www.oarcanjo.net\/site\/wp-content\/uploads\/LogoOArcanjo.png\",\"contentUrl\":\"https:\/\/www.oarcanjo.net\/site\/wp-content\/uploads\/LogoOArcanjo.png\",\"width\":319,\"height\":99,\"caption\":\"Par\u00f3quia S\u00e3o Miguel Arcanjo\"},\"image\":{\"@id\":\"https:\/\/www.oarcanjo.net\/site\/#\/schema\/logo\/image\/\"},\"sameAs\":[\"https:\/\/www.facebook.com\/OArcanjoNoAr\/\"]},{\"@type\":\"Person\",\"@id\":\"https:\/\/www.oarcanjo.net\/site\/#\/schema\/person\/58d7f78850a973b8e467c7ae4a7eb4ad\",\"name\":\"pe.geovane\"}]}<\/script>\n<!-- \/ Yoast SEO plugin. -->","yoast_head_json":{"title":"Vida Consagrada segundo Dom Alo\u00edsio - O Arcanjo no ar","robots":{"index":"index","follow":"follow","max-snippet":"max-snippet:-1","max-image-preview":"max-image-preview:large","max-video-preview":"max-video-preview:-1"},"canonical":"https:\/\/www.oarcanjo.net\/site\/vida-consagrada-segundo-dom-aloisio\/","og_locale":"pt_BR","og_type":"article","og_title":"Vida Consagrada segundo Dom Alo\u00edsio - O Arcanjo no ar","og_description":"Muitas vezes durante o seu pontificado Jo\u00e3o Paulo II se manifestou a respeito da vida consagrada. Falou \u00e0s mais diversas Ordens, Congrega\u00e7\u00f5es, Institutos, sobretudo, por ocasi\u00e3o dos Cap\u00edtulos Gerais. Em todas essas oportunidades a preocupa\u00e7\u00e3o do Papa tem sido com a fidelidade dos consagrados ao pr\u00f3prio carisma, \u00e0 pr\u00f3pria espiritualidade e \u00e0 pr\u00f3pria miss\u00e3o, tendo [&hellip;]","og_url":"https:\/\/www.oarcanjo.net\/site\/vida-consagrada-segundo-dom-aloisio\/","og_site_name":"O Arcanjo no ar","article_publisher":"https:\/\/www.facebook.com\/OArcanjoNoAr\/","article_published_time":"2012-06-13T19:37:25+00:00","article_modified_time":"2012-06-16T19:21:25+00:00","og_image":[{"url":"http:\/\/www.oarcanjo.net\/site\/wp-content\/uploads\/domaloisio.jpg"}],"author":"pe.geovane","twitter_card":"summary_large_image","twitter_misc":{"Escrito por":"pe.geovane","Est. tempo de leitura":"3 minutos"},"schema":{"@context":"https:\/\/schema.org","@graph":[{"@type":"Article","@id":"https:\/\/www.oarcanjo.net\/site\/vida-consagrada-segundo-dom-aloisio\/#article","isPartOf":{"@id":"https:\/\/www.oarcanjo.net\/site\/vida-consagrada-segundo-dom-aloisio\/"},"author":{"name":"pe.geovane","@id":"https:\/\/www.oarcanjo.net\/site\/#\/schema\/person\/58d7f78850a973b8e467c7ae4a7eb4ad"},"headline":"Vida Consagrada segundo Dom Alo\u00edsio","datePublished":"2012-06-13T19:37:25+00:00","dateModified":"2012-06-16T19:21:25+00:00","mainEntityOfPage":{"@id":"https:\/\/www.oarcanjo.net\/site\/vida-consagrada-segundo-dom-aloisio\/"},"wordCount":662,"commentCount":0,"publisher":{"@id":"https:\/\/www.oarcanjo.net\/site\/#organization"},"image":{"@id":"https:\/\/www.oarcanjo.net\/site\/vida-consagrada-segundo-dom-aloisio\/#primaryimage"},"thumbnailUrl":"http:\/\/www.oarcanjo.net\/site\/wp-content\/uploads\/domaloisio.jpg","articleSection":["D. Aloisio Lorscheider"],"inLanguage":"pt-BR","potentialAction":[{"@type":"CommentAction","name":"Comment","target":["https:\/\/www.oarcanjo.net\/site\/vida-consagrada-segundo-dom-aloisio\/#respond"]}]},{"@type":"WebPage","@id":"https:\/\/www.oarcanjo.net\/site\/vida-consagrada-segundo-dom-aloisio\/","url":"https:\/\/www.oarcanjo.net\/site\/vida-consagrada-segundo-dom-aloisio\/","name":"Vida Consagrada segundo Dom Alo\u00edsio - O Arcanjo no ar","isPartOf":{"@id":"https:\/\/www.oarcanjo.net\/site\/#website"},"primaryImageOfPage":{"@id":"https:\/\/www.oarcanjo.net\/site\/vida-consagrada-segundo-dom-aloisio\/#primaryimage"},"image":{"@id":"https:\/\/www.oarcanjo.net\/site\/vida-consagrada-segundo-dom-aloisio\/#primaryimage"},"thumbnailUrl":"http:\/\/www.oarcanjo.net\/site\/wp-content\/uploads\/domaloisio.jpg","datePublished":"2012-06-13T19:37:25+00:00","dateModified":"2012-06-16T19:21:25+00:00","breadcrumb":{"@id":"https:\/\/www.oarcanjo.net\/site\/vida-consagrada-segundo-dom-aloisio\/#breadcrumb"},"inLanguage":"pt-BR","potentialAction":[{"@type":"ReadAction","target":["https:\/\/www.oarcanjo.net\/site\/vida-consagrada-segundo-dom-aloisio\/"]}]},{"@type":"ImageObject","inLanguage":"pt-BR","@id":"https:\/\/www.oarcanjo.net\/site\/vida-consagrada-segundo-dom-aloisio\/#primaryimage","url":"https:\/\/www.oarcanjo.net\/site\/wp-content\/uploads\/domaloisio.jpg","contentUrl":"https:\/\/www.oarcanjo.net\/site\/wp-content\/uploads\/domaloisio.jpg","width":"320","height":"390"},{"@type":"BreadcrumbList","@id":"https:\/\/www.oarcanjo.net\/site\/vida-consagrada-segundo-dom-aloisio\/#breadcrumb","itemListElement":[{"@type":"ListItem","position":1,"name":"In\u00edcio","item":"https:\/\/www.oarcanjo.net\/site\/"},{"@type":"ListItem","position":2,"name":"Vida Consagrada segundo Dom Alo\u00edsio"}]},{"@type":"WebSite","@id":"https:\/\/www.oarcanjo.net\/site\/#website","url":"https:\/\/www.oarcanjo.net\/site\/","name":"O Arcanjo no ar","description":"Site da Par\u00f3quia S\u00e3o Miguel Arcanjo (Arquidiocese de SP)","publisher":{"@id":"https:\/\/www.oarcanjo.net\/site\/#organization"},"potentialAction":[{"@type":"SearchAction","target":{"@type":"EntryPoint","urlTemplate":"https:\/\/www.oarcanjo.net\/site\/?s={search_term_string}"},"query-input":{"@type":"PropertyValueSpecification","valueRequired":true,"valueName":"search_term_string"}}],"inLanguage":"pt-BR"},{"@type":"Organization","@id":"https:\/\/www.oarcanjo.net\/site\/#organization","name":"Par\u00f3quia S\u00e3o Miguel Arcanjo","url":"https:\/\/www.oarcanjo.net\/site\/","logo":{"@type":"ImageObject","inLanguage":"pt-BR","@id":"https:\/\/www.oarcanjo.net\/site\/#\/schema\/logo\/image\/","url":"https:\/\/www.oarcanjo.net\/site\/wp-content\/uploads\/LogoOArcanjo.png","contentUrl":"https:\/\/www.oarcanjo.net\/site\/wp-content\/uploads\/LogoOArcanjo.png","width":319,"height":99,"caption":"Par\u00f3quia S\u00e3o Miguel Arcanjo"},"image":{"@id":"https:\/\/www.oarcanjo.net\/site\/#\/schema\/logo\/image\/"},"sameAs":["https:\/\/www.facebook.com\/OArcanjoNoAr\/"]},{"@type":"Person","@id":"https:\/\/www.oarcanjo.net\/site\/#\/schema\/person\/58d7f78850a973b8e467c7ae4a7eb4ad","name":"pe.geovane"}]}},"publishpress_future_action":{"enabled":false,"date":"2026-05-06 16:40:21","action":"category","newStatus":"draft","terms":[],"taxonomy":"category"},"publishpress_future_workflow_manual_trigger":{"enabledWorkflows":[]},"_links":{"self":[{"href":"https:\/\/www.oarcanjo.net\/site\/wp-json\/wp\/v2\/posts\/18201"}],"collection":[{"href":"https:\/\/www.oarcanjo.net\/site\/wp-json\/wp\/v2\/posts"}],"about":[{"href":"https:\/\/www.oarcanjo.net\/site\/wp-json\/wp\/v2\/types\/post"}],"author":[{"embeddable":true,"href":"https:\/\/www.oarcanjo.net\/site\/wp-json\/wp\/v2\/users\/17"}],"replies":[{"embeddable":true,"href":"https:\/\/www.oarcanjo.net\/site\/wp-json\/wp\/v2\/comments?post=18201"}],"version-history":[{"count":0,"href":"https:\/\/www.oarcanjo.net\/site\/wp-json\/wp\/v2\/posts\/18201\/revisions"}],"wp:attachment":[{"href":"https:\/\/www.oarcanjo.net\/site\/wp-json\/wp\/v2\/media?parent=18201"}],"wp:term":[{"taxonomy":"category","embeddable":true,"href":"https:\/\/www.oarcanjo.net\/site\/wp-json\/wp\/v2\/categories?post=18201"},{"taxonomy":"post_tag","embeddable":true,"href":"https:\/\/www.oarcanjo.net\/site\/wp-json\/wp\/v2\/tags?post=18201"}],"curies":[{"name":"wp","href":"https:\/\/api.w.org\/{rel}","templated":true}]}}