
{"id":18226,"date":"2012-06-15T09:32:07","date_gmt":"2012-06-15T12:32:07","guid":{"rendered":"http:\/\/www.oarcanjo.net\/site\/?p=18226"},"modified":"2012-06-16T16:19:03","modified_gmt":"2012-06-16T19:19:03","slug":"pastores-segundo-o-coracao-de-deus","status":"publish","type":"post","link":"https:\/\/www.oarcanjo.net\/site\/pastores-segundo-o-coracao-de-deus\/","title":{"rendered":"Pastores segundo o cora\u00e7\u00e3o de Deus"},"content":{"rendered":"<div>\n<div>\n<div style=\"text-align: justify;\"><a href=\"http:\/\/www.arquidiocesedefortaleza.org.br\/wp-content\/uploads\/2012\/02\/padre-Geovane-Saraiva-NOVA2.jpg\"><\/a><a href=\"http:\/\/www.oarcanjo.net\/site\/wp-content\/uploads\/dom-helder-e-dom-alo\u00edsio.jpg\"><img loading=\"lazy\" decoding=\"async\" class=\"alignright size-full wp-image-18227\" src=\"http:\/\/www.oarcanjo.net\/site\/wp-content\/uploads\/dom-helder-e-dom-alo\u00edsio.jpg\" alt=\"\" width=\"118\" height=\"78\" \/><\/a>Neste artigo falamos de dois grandes pastores, figuras humanas que edificaram casa de Deus, isto \u00e9, a Igreja, tendo como alicerce s\u00f3lido o bem e a justi\u00e7a, n\u00e3o cedendo \u00e0s ciladas dos injustos e poderosos; Dom Helder Pessoa C\u00e2mara e Dom Alo\u00edsio Cardeal Lorscheider, que as nossas gera\u00e7\u00f5es hodiernas, pelo que eles representam, precisam conhecer ainda mais. Neles a profecia de Jeremias se realizou: \u201cEu vos darei pastores segundo o meu cora\u00e7\u00e3o, que vos conduzam com sabedoria e intelig\u00eancia\u201d (Jr 3, 15). Anunciaram a boa nova da Salva\u00e7\u00e3o em toda sua plenitude, a partir da dor e do sofrimento de uma multid\u00e3o de irm\u00e3os e irm\u00e3s. O entusiasmo e a m\u00edstica desses grandes sacerdotes causaram e continuam a causar profundas marcas de generosidade, sempre crescente, nas pessoas que exerceram e exercem suas fun\u00e7\u00f5es nos mais diversificados setores de nossa sociedade.<\/div>\n<div style=\"text-align: justify;\">Guardemos no \u00edntimo do cora\u00e7\u00e3o a mensagem de otimismo e esperan\u00e7a, deixada por Dom Helder C\u00e2mara, o artes\u00e3o da paz e cidad\u00e3o do mundo, o bispo brasileiro mais influente no Conc\u00edlio Vaticano II, ao abrir o caminho para a renova\u00e7\u00e3o, na sua mais profunda e aut\u00eantica coer\u00eancia em favor dos pobres: \u201cSe n\u00e3o engano, n\u00f3s, os homens da Igreja, dever\u00edamos realizar dentro da Igreja as mudan\u00e7as que exigimos da sociedade\u201d.<\/div>\n<div style=\"text-align: justify;\">Falou tamb\u00e9m com extraordin\u00e1ria paix\u00e3o que Deus \u00e9 amor, em tom daquilo que lhe era muito peculiar, a poesia: \u201cFomos n\u00f3s, as tuas criaturas que inventamos teu nome!? O nome n\u00e3o \u00e9, n\u00e3o deve ser um r\u00f3tulo colado sobre as pessoas e sobre as coisas\u2026 O nome vem de dentro das coisas e pessoas, e n\u00e3o deve ser falso\u2026 Tem que exprimir o mais \u00edntimo do \u00edntimo, a pr\u00f3pria raz\u00e3o de ser e existir da coisa ou da pessoa nomeada\u2026 Teu nome \u00e9 e s\u00f3 podia ser amor\u201d.1<\/div>\n<div style=\"text-align: justify;\"><a href=\"http:\/\/2.bp.blogspot.com\/-kjGyBaxiNnA\/T9sogKiK21I\/AAAAAAAAD-0\/6MpEPS62Ygg\/s1600\/poema+dom_helder_camara.jpg\"><\/a>Ao assumir a Arquidiocese de Olinda e Recife, em abril de 1964, afirmou: \u201cNingu\u00e9m se escandalize quando me vir ao lado de criaturas humanas tidas como indignas e pecadoras (\u2026). \u201cQuem estiver sofrendo, no corpo ou na alma; quem, pobre ou rico, estiver desesperado, ter\u00e1 lugar especial no cora\u00e7\u00e3o do bispo\u201d.2<\/div>\n<div style=\"text-align: justify;\">Dom Helder al\u00e9m de deixar uma gigantesca obra escrita, com grande sabedoria soube unir, numa s\u00edntese rar\u00edssima e feliz o m\u00edstico e o homem da a\u00e7\u00e3o, que contemplava e escrevia ao mesmo tempo durante as madrugadas e agia pela manh\u00e3, tarde e noite. Foi um articulador da melhor qualidade; dotado de uma f\u00e9 clamorosa, de uma enorme capacidade de comunica\u00e7\u00e3o, for\u00e7a e convic\u00e7\u00e3o inabal\u00e1veis, que sa\u00eda de dentro do peito magro, daquele homem baixo e franzino na estatura, que parecia o retirante de Portinari.<\/div>\n<div style=\"text-align: justify;\">Profeta dos pobres, artes\u00e3o da paz, cidad\u00e3o do mundo, o homem dos grandes sonhos e das grandes utopias ele o foi, a sinalizar uma verdadeira convers\u00e3o, nas mudan\u00e7as dos costumes, no sentido de uma melhor compreens\u00e3o da Igreja, na busca de sua renova\u00e7\u00e3o, do seu rejuvenescimento \u2013 ao verdadeiro \u201caggiornamento\u201d, ao mesmo tempo, em que devia anunciar a pessoa de Jesus Cristo, diante do clamor dos empobrecidos, dos \u201csem voz e sem vez\u201d.<\/div>\n<div style=\"text-align: justify;\">O grande ardor e entusiasmo desse homem, em todo seu trabalho bem articulado, no amor pela Igreja pobre e servidora, nunca podemos negar e esquecer. \u201cSou daqueles que tem a convic\u00e7\u00e3o de que os escritos de Dom Helder ainda ser\u00e3o fonte de inspira\u00e7\u00e3o na Am\u00e9rica Latina, daqui a mil anos\u201d.3<\/div>\n<div style=\"text-align: justify;\">J\u00e1 Dom Alo\u00edsio, que no seu amor \u00e0 verdade e no apego ao Evangelho, como crit\u00e9rio de vida e de pastoreio, tamb\u00e9m na sua capacidade de dialogar com as classes sociais e no seu amor para com os empobrecidos, permaneceu humilde, servi\u00e7al, sendo um irm\u00e3o entre irm\u00e3os.<\/div>\n<div style=\"text-align: justify;\"><a href=\"http:\/\/1.bp.blogspot.com\/-wE9uuWeTB6Y\/T9sop7AvPuI\/AAAAAAAAD-8\/uVeJJAEgNy4\/s1600\/capa_a_ternura_de_um_pastor%5B1%5D.jpg\"><\/a><\/div>\n<div style=\"text-align: justify;\">Do\u00e7ura e ternura em pessoa, alegria constante, posi\u00e7\u00f5es corajosas e determinadas, ao mesmo tempo, pregava e anunciava o Evangelho com coragem prof\u00e9tica e grande sabedoria. Ele carregou sempre no seu grande cora\u00e7\u00e3o, as alegrias, as esperan\u00e7as, as tristezas, as ang\u00fastias e os sofrimentos de sua querida gente (cf. GS 200). Al\u00e9m de travar, sem jamais se cansar, uma luta pela redemocratiza\u00e7\u00e3o, pela liberdade de express\u00e3o, pela dignidade da pessoa humana e pelo fim da tortura em nosso querido Brasil.<\/div>\n<div style=\"text-align: justify;\">Dom Alo\u00edsio, ao se tornar Arcebispo de Fortaleza (1973-1995), logo de in\u00edcio afirmou: \u201cA comunidade eclesial n\u00e3o \u00e9 feudo do bispo, mas ele \u00e9 o servidor de uma Igreja que se entende a si mesma como sacramento do Reino, isto \u00e9, da presen\u00e7a da verdade e do amor infinito de Deus para com cada criatura humana\u201d.4<\/div>\n<div style=\"text-align: justify;\">Da\u00ed ele n\u00e3o compreender como algo natural e normal se conviver com a mis\u00e9ria e o acentuado empobrecimento do povo, que tinha como conseq\u00fc\u00eancia o \u00eaxodo, o flagelo e a morte de muitos irm\u00e3os, levantando sua voz de profeta para dizer que n\u00e3o era vontade de Deus a realidade aqui encontrada e, ao mesmo tempo, usou de todos os meios, com uma enorme vontade de transformar essa mesma realidade, marcando profundamente a hist\u00f3ria do nosso Cear\u00e1.<\/div>\n<div style=\"text-align: justify;\">\u201cEm pleno regime de exce\u00e7\u00e3o, a sociedade cearense logo sentiu os efeitos dessa guinada. As camadas desfavorecidas ou marginalizadas, os sem-terra, os sem-teto, os presos pol\u00edticos, os presidi\u00e1rios comuns, os trabalhadores em greve \u2013 ganharam aliado de peso\u201d.5<\/div>\n<div style=\"text-align: justify;\">Dom Alo\u00edsio foi o grande te\u00f3logo que sabia compreender a realidade na sua conjuntura e, com suas posi\u00e7\u00f5es bem claras e definidas, nas an\u00e1lises e nas conclus\u00f5es teol\u00f3gicas pastorais, passando para o povo um clima que favorecia e gerava uma confian\u00e7a generalizada. Da\u00ed ser o Cardeal que mais se destacou em todos os Conclaves e S\u00ednodos de que participou, gerando para o mundo inteiro e, especialmente para a imprensa, uma grande expectativa. Sua palavra corajosa e prof\u00e9tica era acolhida por todos como uma boa not\u00edcia.<\/div>\n<div style=\"text-align: justify;\">\u201c[&#8230;] sua voz, naturalmente doce, alternava-se quando era preciso confrontar os vendilh\u00f5es da justi\u00e7a, quando todos os jardins da democracia corriam o risco de ser alvo de bombas atiradas pelos olhares fixos da repress\u00e3o. Sua voz ecoou pelos corredores das pris\u00f5es [&#8230;]\u201d.6<\/div>\n<div style=\"text-align: justify;\">Quando ele se tornou bispo em\u00e9rito de Aparecida, veio a pergunta: O que o senhor vai fazer? Respondeu: \u201cSou um simples frade menor e vou fazer o que o meu provincial mandar, porque a obedi\u00eancia me torna livre\u201d.<\/div>\n<div style=\"text-align: justify;\">Tamb\u00e9m nunca esquecemos sua palavra l\u00facida e segura, advertindo \u201coportuna e inoportunamente\u201d (2Tm 4, 2), bem como sua voz mansa e corajosa em denunciar as injusti\u00e7as e, sobretudo, sua ternura franciscana, nos leva a afirmar que Dom Alo\u00edsio, verdadeiramente, mora em nossos cora\u00e7\u00f5es.<\/div>\n<div style=\"text-align: justify;\">Pe\u00e7amos ent\u00e3o a Deus, que na sua infinita e inesgot\u00e1vel bondade, chamou Dom Helder e Dom Alo\u00edsio \u00e0 miss\u00e3o de profetizar, que sempre os tenhamos como refer\u00eancia, iluminando-nos e fazendo sempre mais compreender a indispens\u00e1vel for\u00e7a de sua gra\u00e7a, num desejo de nos tornar capacitados a fermentar este mundo em que vivemos na sua realidade cultural, econ\u00f4mico e social, que tanto desafia a humanidade.<\/div>\n<div>_______________________<\/div>\n<div><sup>1 <\/sup>C\u00e2mara, Dom Helder. Em tuas m\u00e3os, Senhor! Paulinas. S\u00e3o Paulo, 1986, p. 11.<\/div>\n<div><sup>2 <\/sup>Ibidem. Dom Helder: o artes\u00e3o da paz. Bras\u00edlia: Senado Federal, Conselho Editorial, 2009, p. 88.<\/div>\n<div><sup>3 <\/sup>Saraiva, Geovane (padre). A ternura de um pastor: Cardeal Lorscheider. Fortaleza: Editora Celigr\u00e1fica, 2009, p. 35.<\/div>\n<div><sup>4 <\/sup>Tursi, Carlo; Frencken, Geraldo (organizadores). Mantenham as l\u00e2mpadas acesas: revisitando o caminho, recriando a caminhada. Fortaleza: Edi\u00e7\u00f5es UFC, 2008, p. 95.<\/div>\n<div><sup>5 <\/sup>Saraiva, Geovane (padre). A ternura de um pastor: Cardeal Lorscheider. Fortaleza: Editora Celigr\u00e1fica, 2009, p. 22<\/div>\n<div><sup>6 <\/sup>Ibidem, p. 23<\/div>\n<div><strong>Pe Geovane Saraiva, P\u00e1roco de Santo Afonso<\/strong><\/div>\n<div><a href=\"http:\/\/blogsantoafonsoce.blogspot.com\/\">http:\/\/blogsantoafonsoce.blogspot.com\/<\/a><\/div>\n<div><a href=\"http:\/\/www.paroquiasantoafonso.org.br\/\">http:\/\/www.paroquiasantoafonso.org.br<\/a><\/div>\n<div><a href=\"http:\/\/twitter.com\/pegeovane\">http:\/\/twitter.com\/pegeovane<\/a><br \/>\n<a title=\"author profile\" rel=\"author\" href=\"http:\/\/www.blogger.com\/profile\/12037961757835243213\">Par\u00f3quia de Santo Afonso<\/a><\/div>\n<\/div>\n<\/div>\n<p>&nbsp;<\/p>\n<div id=\"themify_builder_content-18226\" data-postid=\"18226\" class=\"themify_builder_content themify_builder_content-18226 themify_builder themify_builder_front\">\n\t<\/div>\n<!-- \/themify_builder_content -->","protected":false},"excerpt":{"rendered":"<p>Neste artigo falamos de dois grandes pastores, figuras humanas que edificaram casa de Deus, isto \u00e9, a Igreja, tendo como alicerce s\u00f3lido o bem e a justi\u00e7a, n\u00e3o cedendo \u00e0s ciladas dos injustos e poderosos; Dom Helder Pessoa C\u00e2mara e Dom Alo\u00edsio Cardeal Lorscheider, que as nossas gera\u00e7\u00f5es hodiernas, pelo que eles representam, precisam conhecer [&hellip;]<\/p>\n","protected":false},"author":17,"featured_media":0,"comment_status":"open","ping_status":"open","sticky":false,"template":"","format":"standard","meta":{"ngg_post_thumbnail":0,"footnotes":""},"categories":[474,192],"tags":[],"yoast_head":"<!-- This site is optimized with the Yoast SEO plugin v23.5 - https:\/\/yoast.com\/wordpress\/plugins\/seo\/ -->\n<title>Pastores segundo o cora\u00e7\u00e3o de Deus - O Arcanjo no ar<\/title>\n<meta name=\"robots\" content=\"index, follow, max-snippet:-1, max-image-preview:large, max-video-preview:-1\" \/>\n<link rel=\"canonical\" href=\"https:\/\/www.oarcanjo.net\/site\/pastores-segundo-o-coracao-de-deus\/\" \/>\n<meta property=\"og:locale\" content=\"pt_BR\" \/>\n<meta property=\"og:type\" content=\"article\" \/>\n<meta property=\"og:title\" content=\"Pastores segundo o cora\u00e7\u00e3o de Deus - O Arcanjo no ar\" \/>\n<meta property=\"og:description\" content=\"Neste artigo falamos de dois grandes pastores, figuras humanas que edificaram casa de Deus, isto \u00e9, a Igreja, tendo como alicerce s\u00f3lido o bem e a justi\u00e7a, n\u00e3o cedendo \u00e0s ciladas dos injustos e poderosos; Dom Helder Pessoa C\u00e2mara e Dom Alo\u00edsio Cardeal Lorscheider, que as nossas gera\u00e7\u00f5es hodiernas, pelo que eles representam, precisam conhecer [&hellip;]\" \/>\n<meta property=\"og:url\" content=\"https:\/\/www.oarcanjo.net\/site\/pastores-segundo-o-coracao-de-deus\/\" \/>\n<meta property=\"og:site_name\" content=\"O Arcanjo no ar\" \/>\n<meta property=\"article:publisher\" content=\"https:\/\/www.facebook.com\/OArcanjoNoAr\/\" \/>\n<meta property=\"article:published_time\" content=\"2012-06-15T12:32:07+00:00\" \/>\n<meta property=\"article:modified_time\" content=\"2012-06-16T19:19:03+00:00\" \/>\n<meta property=\"og:image\" content=\"https:\/\/www.oarcanjo.net\/site\/wp-content\/uploads\/logo-o-arcanjo-no-ar-facebook.png\" \/>\n\t<meta property=\"og:image:width\" content=\"300\" \/>\n\t<meta property=\"og:image:height\" content=\"300\" \/>\n\t<meta property=\"og:image:type\" content=\"image\/png\" \/>\n<meta name=\"author\" content=\"pe.geovane\" \/>\n<meta name=\"twitter:card\" content=\"summary_large_image\" \/>\n<meta name=\"twitter:label1\" content=\"Escrito por\" \/>\n\t<meta name=\"twitter:data1\" content=\"pe.geovane\" \/>\n\t<meta name=\"twitter:label2\" content=\"Est. tempo de leitura\" \/>\n\t<meta name=\"twitter:data2\" content=\"7 minutos\" \/>\n<script type=\"application\/ld+json\" class=\"yoast-schema-graph\">{\"@context\":\"https:\/\/schema.org\",\"@graph\":[{\"@type\":\"Article\",\"@id\":\"https:\/\/www.oarcanjo.net\/site\/pastores-segundo-o-coracao-de-deus\/#article\",\"isPartOf\":{\"@id\":\"https:\/\/www.oarcanjo.net\/site\/pastores-segundo-o-coracao-de-deus\/\"},\"author\":{\"name\":\"pe.geovane\",\"@id\":\"https:\/\/www.oarcanjo.net\/site\/#\/schema\/person\/58d7f78850a973b8e467c7ae4a7eb4ad\"},\"headline\":\"Pastores segundo o cora\u00e7\u00e3o de Deus\",\"datePublished\":\"2012-06-15T12:32:07+00:00\",\"dateModified\":\"2012-06-16T19:19:03+00:00\",\"mainEntityOfPage\":{\"@id\":\"https:\/\/www.oarcanjo.net\/site\/pastores-segundo-o-coracao-de-deus\/\"},\"wordCount\":1338,\"commentCount\":0,\"publisher\":{\"@id\":\"https:\/\/www.oarcanjo.net\/site\/#organization\"},\"articleSection\":[\"D. Aloisio Lorscheider\",\"D. Helder C\u00e2mara\"],\"inLanguage\":\"pt-BR\",\"potentialAction\":[{\"@type\":\"CommentAction\",\"name\":\"Comment\",\"target\":[\"https:\/\/www.oarcanjo.net\/site\/pastores-segundo-o-coracao-de-deus\/#respond\"]}]},{\"@type\":\"WebPage\",\"@id\":\"https:\/\/www.oarcanjo.net\/site\/pastores-segundo-o-coracao-de-deus\/\",\"url\":\"https:\/\/www.oarcanjo.net\/site\/pastores-segundo-o-coracao-de-deus\/\",\"name\":\"Pastores segundo o cora\u00e7\u00e3o de Deus - O Arcanjo no ar\",\"isPartOf\":{\"@id\":\"https:\/\/www.oarcanjo.net\/site\/#website\"},\"datePublished\":\"2012-06-15T12:32:07+00:00\",\"dateModified\":\"2012-06-16T19:19:03+00:00\",\"breadcrumb\":{\"@id\":\"https:\/\/www.oarcanjo.net\/site\/pastores-segundo-o-coracao-de-deus\/#breadcrumb\"},\"inLanguage\":\"pt-BR\",\"potentialAction\":[{\"@type\":\"ReadAction\",\"target\":[\"https:\/\/www.oarcanjo.net\/site\/pastores-segundo-o-coracao-de-deus\/\"]}]},{\"@type\":\"BreadcrumbList\",\"@id\":\"https:\/\/www.oarcanjo.net\/site\/pastores-segundo-o-coracao-de-deus\/#breadcrumb\",\"itemListElement\":[{\"@type\":\"ListItem\",\"position\":1,\"name\":\"In\u00edcio\",\"item\":\"https:\/\/www.oarcanjo.net\/site\/\"},{\"@type\":\"ListItem\",\"position\":2,\"name\":\"Pastores segundo o cora\u00e7\u00e3o de Deus\"}]},{\"@type\":\"WebSite\",\"@id\":\"https:\/\/www.oarcanjo.net\/site\/#website\",\"url\":\"https:\/\/www.oarcanjo.net\/site\/\",\"name\":\"O Arcanjo no ar\",\"description\":\"Site da Par\u00f3quia S\u00e3o Miguel Arcanjo (Arquidiocese de SP)\",\"publisher\":{\"@id\":\"https:\/\/www.oarcanjo.net\/site\/#organization\"},\"potentialAction\":[{\"@type\":\"SearchAction\",\"target\":{\"@type\":\"EntryPoint\",\"urlTemplate\":\"https:\/\/www.oarcanjo.net\/site\/?s={search_term_string}\"},\"query-input\":{\"@type\":\"PropertyValueSpecification\",\"valueRequired\":true,\"valueName\":\"search_term_string\"}}],\"inLanguage\":\"pt-BR\"},{\"@type\":\"Organization\",\"@id\":\"https:\/\/www.oarcanjo.net\/site\/#organization\",\"name\":\"Par\u00f3quia S\u00e3o Miguel Arcanjo\",\"url\":\"https:\/\/www.oarcanjo.net\/site\/\",\"logo\":{\"@type\":\"ImageObject\",\"inLanguage\":\"pt-BR\",\"@id\":\"https:\/\/www.oarcanjo.net\/site\/#\/schema\/logo\/image\/\",\"url\":\"https:\/\/www.oarcanjo.net\/site\/wp-content\/uploads\/LogoOArcanjo.png\",\"contentUrl\":\"https:\/\/www.oarcanjo.net\/site\/wp-content\/uploads\/LogoOArcanjo.png\",\"width\":319,\"height\":99,\"caption\":\"Par\u00f3quia S\u00e3o Miguel Arcanjo\"},\"image\":{\"@id\":\"https:\/\/www.oarcanjo.net\/site\/#\/schema\/logo\/image\/\"},\"sameAs\":[\"https:\/\/www.facebook.com\/OArcanjoNoAr\/\"]},{\"@type\":\"Person\",\"@id\":\"https:\/\/www.oarcanjo.net\/site\/#\/schema\/person\/58d7f78850a973b8e467c7ae4a7eb4ad\",\"name\":\"pe.geovane\"}]}<\/script>\n<!-- \/ Yoast SEO plugin. -->","yoast_head_json":{"title":"Pastores segundo o cora\u00e7\u00e3o de Deus - O Arcanjo no ar","robots":{"index":"index","follow":"follow","max-snippet":"max-snippet:-1","max-image-preview":"max-image-preview:large","max-video-preview":"max-video-preview:-1"},"canonical":"https:\/\/www.oarcanjo.net\/site\/pastores-segundo-o-coracao-de-deus\/","og_locale":"pt_BR","og_type":"article","og_title":"Pastores segundo o cora\u00e7\u00e3o de Deus - O Arcanjo no ar","og_description":"Neste artigo falamos de dois grandes pastores, figuras humanas que edificaram casa de Deus, isto \u00e9, a Igreja, tendo como alicerce s\u00f3lido o bem e a justi\u00e7a, n\u00e3o cedendo \u00e0s ciladas dos injustos e poderosos; Dom Helder Pessoa C\u00e2mara e Dom Alo\u00edsio Cardeal Lorscheider, que as nossas gera\u00e7\u00f5es hodiernas, pelo que eles representam, precisam conhecer [&hellip;]","og_url":"https:\/\/www.oarcanjo.net\/site\/pastores-segundo-o-coracao-de-deus\/","og_site_name":"O Arcanjo no ar","article_publisher":"https:\/\/www.facebook.com\/OArcanjoNoAr\/","article_published_time":"2012-06-15T12:32:07+00:00","article_modified_time":"2012-06-16T19:19:03+00:00","og_image":[{"width":300,"height":300,"url":"https:\/\/www.oarcanjo.net\/site\/wp-content\/uploads\/logo-o-arcanjo-no-ar-facebook.png","type":"image\/png"}],"author":"pe.geovane","twitter_card":"summary_large_image","twitter_misc":{"Escrito por":"pe.geovane","Est. tempo de leitura":"7 minutos"},"schema":{"@context":"https:\/\/schema.org","@graph":[{"@type":"Article","@id":"https:\/\/www.oarcanjo.net\/site\/pastores-segundo-o-coracao-de-deus\/#article","isPartOf":{"@id":"https:\/\/www.oarcanjo.net\/site\/pastores-segundo-o-coracao-de-deus\/"},"author":{"name":"pe.geovane","@id":"https:\/\/www.oarcanjo.net\/site\/#\/schema\/person\/58d7f78850a973b8e467c7ae4a7eb4ad"},"headline":"Pastores segundo o cora\u00e7\u00e3o de Deus","datePublished":"2012-06-15T12:32:07+00:00","dateModified":"2012-06-16T19:19:03+00:00","mainEntityOfPage":{"@id":"https:\/\/www.oarcanjo.net\/site\/pastores-segundo-o-coracao-de-deus\/"},"wordCount":1338,"commentCount":0,"publisher":{"@id":"https:\/\/www.oarcanjo.net\/site\/#organization"},"articleSection":["D. Aloisio Lorscheider","D. Helder C\u00e2mara"],"inLanguage":"pt-BR","potentialAction":[{"@type":"CommentAction","name":"Comment","target":["https:\/\/www.oarcanjo.net\/site\/pastores-segundo-o-coracao-de-deus\/#respond"]}]},{"@type":"WebPage","@id":"https:\/\/www.oarcanjo.net\/site\/pastores-segundo-o-coracao-de-deus\/","url":"https:\/\/www.oarcanjo.net\/site\/pastores-segundo-o-coracao-de-deus\/","name":"Pastores segundo o cora\u00e7\u00e3o de Deus - O Arcanjo no ar","isPartOf":{"@id":"https:\/\/www.oarcanjo.net\/site\/#website"},"datePublished":"2012-06-15T12:32:07+00:00","dateModified":"2012-06-16T19:19:03+00:00","breadcrumb":{"@id":"https:\/\/www.oarcanjo.net\/site\/pastores-segundo-o-coracao-de-deus\/#breadcrumb"},"inLanguage":"pt-BR","potentialAction":[{"@type":"ReadAction","target":["https:\/\/www.oarcanjo.net\/site\/pastores-segundo-o-coracao-de-deus\/"]}]},{"@type":"BreadcrumbList","@id":"https:\/\/www.oarcanjo.net\/site\/pastores-segundo-o-coracao-de-deus\/#breadcrumb","itemListElement":[{"@type":"ListItem","position":1,"name":"In\u00edcio","item":"https:\/\/www.oarcanjo.net\/site\/"},{"@type":"ListItem","position":2,"name":"Pastores segundo o cora\u00e7\u00e3o de Deus"}]},{"@type":"WebSite","@id":"https:\/\/www.oarcanjo.net\/site\/#website","url":"https:\/\/www.oarcanjo.net\/site\/","name":"O Arcanjo no ar","description":"Site da Par\u00f3quia S\u00e3o Miguel Arcanjo (Arquidiocese de SP)","publisher":{"@id":"https:\/\/www.oarcanjo.net\/site\/#organization"},"potentialAction":[{"@type":"SearchAction","target":{"@type":"EntryPoint","urlTemplate":"https:\/\/www.oarcanjo.net\/site\/?s={search_term_string}"},"query-input":{"@type":"PropertyValueSpecification","valueRequired":true,"valueName":"search_term_string"}}],"inLanguage":"pt-BR"},{"@type":"Organization","@id":"https:\/\/www.oarcanjo.net\/site\/#organization","name":"Par\u00f3quia S\u00e3o Miguel Arcanjo","url":"https:\/\/www.oarcanjo.net\/site\/","logo":{"@type":"ImageObject","inLanguage":"pt-BR","@id":"https:\/\/www.oarcanjo.net\/site\/#\/schema\/logo\/image\/","url":"https:\/\/www.oarcanjo.net\/site\/wp-content\/uploads\/LogoOArcanjo.png","contentUrl":"https:\/\/www.oarcanjo.net\/site\/wp-content\/uploads\/LogoOArcanjo.png","width":319,"height":99,"caption":"Par\u00f3quia S\u00e3o Miguel Arcanjo"},"image":{"@id":"https:\/\/www.oarcanjo.net\/site\/#\/schema\/logo\/image\/"},"sameAs":["https:\/\/www.facebook.com\/OArcanjoNoAr\/"]},{"@type":"Person","@id":"https:\/\/www.oarcanjo.net\/site\/#\/schema\/person\/58d7f78850a973b8e467c7ae4a7eb4ad","name":"pe.geovane"}]}},"publishpress_future_action":{"enabled":false,"date":"2026-05-06 19:14:46","action":"category","newStatus":"draft","terms":[],"taxonomy":"category"},"publishpress_future_workflow_manual_trigger":{"enabledWorkflows":[]},"_links":{"self":[{"href":"https:\/\/www.oarcanjo.net\/site\/wp-json\/wp\/v2\/posts\/18226"}],"collection":[{"href":"https:\/\/www.oarcanjo.net\/site\/wp-json\/wp\/v2\/posts"}],"about":[{"href":"https:\/\/www.oarcanjo.net\/site\/wp-json\/wp\/v2\/types\/post"}],"author":[{"embeddable":true,"href":"https:\/\/www.oarcanjo.net\/site\/wp-json\/wp\/v2\/users\/17"}],"replies":[{"embeddable":true,"href":"https:\/\/www.oarcanjo.net\/site\/wp-json\/wp\/v2\/comments?post=18226"}],"version-history":[{"count":0,"href":"https:\/\/www.oarcanjo.net\/site\/wp-json\/wp\/v2\/posts\/18226\/revisions"}],"wp:attachment":[{"href":"https:\/\/www.oarcanjo.net\/site\/wp-json\/wp\/v2\/media?parent=18226"}],"wp:term":[{"taxonomy":"category","embeddable":true,"href":"https:\/\/www.oarcanjo.net\/site\/wp-json\/wp\/v2\/categories?post=18226"},{"taxonomy":"post_tag","embeddable":true,"href":"https:\/\/www.oarcanjo.net\/site\/wp-json\/wp\/v2\/tags?post=18226"}],"curies":[{"name":"wp","href":"https:\/\/api.w.org\/{rel}","templated":true}]}}