
{"id":18370,"date":"2012-06-22T00:08:37","date_gmt":"2012-06-22T03:08:37","guid":{"rendered":"http:\/\/www.oarcanjo.net\/site\/?p=18370"},"modified":"2012-06-22T00:08:37","modified_gmt":"2012-06-22T03:08:37","slug":"inverno-desafio-a-solidariedade-com-os-moradores-de-rua","status":"publish","type":"post","link":"https:\/\/www.oarcanjo.net\/site\/inverno-desafio-a-solidariedade-com-os-moradores-de-rua\/","title":{"rendered":"Inverno: desafio \u00e0 solidariedade com os moradores de rua"},"content":{"rendered":"<p>A prefeitura de S\u00e3o Paulo calcula que existem quase 15 mil pessoas vivendo nas ruas, uma situa\u00e7\u00e3o que se agrava com a chegada do inverno. Grupos e entidades realizam a\u00e7\u00f5es de solidariedade, mas \u00e9 preciso mais do que doar um agasalho ou cobertor. Veja a reportagem da <strong>TV Can\u00e7\u00e3o Nova<\/strong>:<\/p>\n<p><object width=\"490\" height=\"303\" type=\"application\/x-shockwave-flash\" data=\"http:\/\/www.webtvcn.com\/player\/v\/11743294\"><param name=\"movie\" value=\"http:\/\/www.webtvcn.com\/player\/v\/11743294\" \/><param name=\"allowScriptAccess\" value=\"aways\" \/><param name=\"wmode\" value=\"window\" \/><param name=\"loop\" value=\"false\" \/><param name=\"menu\" value=\"true\" \/><param name=\"allowFullScreen\" value=\"true\" \/><embed type=\"application\/x-shockwave-flash\" width=\"490\" height=\"303\" src=\"http:\/\/www.webtvcn.com\/player\/v\/11743294\" quality=\"high\" menu=\"false\" pluginspage=\"http:\/\/www.macromedia.com\/go\/getflashplayer\"><\/embed><\/object><\/p>\n<p>Assista tamb\u00e9m \u00e0 entrevista do Pe. Julio sobre o assunto:<\/p>\n<p><object width=\"490\" height=\"303\" type=\"application\/x-shockwave-flash\" data=\"http:\/\/www.webtvcn.com\/player\/v\/11743298\"><param name=\"movie\" value=\"http:\/\/www.webtvcn.com\/player\/v\/11743298\" \/><param name=\"allowScriptAccess\" value=\"aways\" \/><param name=\"wmode\" value=\"window\" \/><param name=\"loop\" value=\"false\" \/><param name=\"menu\" value=\"true\" \/><param name=\"allowFullScreen\" value=\"true\" \/><embed type=\"application\/x-shockwave-flash\" width=\"490\" height=\"303\" src=\"http:\/\/www.webtvcn.com\/player\/v\/11743298\" quality=\"high\" menu=\"false\" pluginspage=\"http:\/\/www.macromedia.com\/go\/getflashplayer\"><\/embed><\/object><\/p>\n<p><strong>Seja solid\u00e1rio<\/strong><\/p>\n<p>Participe da &#8220;vaquinha&#8221; promovida pelo jornalista Andr\u00e9 Graziano, da nossa comunidade. Essa a\u00e7\u00e3o pretende arrecadar R$ 3 mil em apoio ao povo da rua. Acesse\u00a0<a href=\"http:\/\/www.vakinha.com.br\/VaquinhaP.aspx?e=147160\" target=\"_blank\">http:\/\/www.vakinha.com.br\/VaquinhaP.aspx?e=147160<\/a><\/p>\n<div id=\"themify_builder_content-18370\" data-postid=\"18370\" class=\"themify_builder_content themify_builder_content-18370 themify_builder themify_builder_front\">\n\t<\/div>\n<!-- \/themify_builder_content -->","protected":false},"excerpt":{"rendered":"<p>A prefeitura de S\u00e3o Paulo calcula que existem quase 15 mil pessoas vivendo nas ruas, uma situa\u00e7\u00e3o que se agrava com a chegada do inverno. Grupos e entidades realizam a\u00e7\u00f5es de solidariedade, mas \u00e9 preciso mais do que doar um agasalho ou cobertor. Veja a reportagem da TV Can\u00e7\u00e3o Nova: Assista tamb\u00e9m \u00e0 entrevista do [&hellip;]<\/p>\n","protected":false},"author":5,"featured_media":0,"comment_status":"open","ping_status":"open","sticky":false,"template":"","format":"standard","meta":{"ngg_post_thumbnail":0,"footnotes":""},"categories":[8,280],"tags":[100,91,88],"yoast_head":"<!-- This site is optimized with the Yoast SEO plugin v23.5 - https:\/\/yoast.com\/wordpress\/plugins\/seo\/ -->\n<title>Inverno: desafio \u00e0 solidariedade com os moradores de rua - O Arcanjo no ar<\/title>\n<meta name=\"robots\" content=\"index, follow, max-snippet:-1, max-image-preview:large, max-video-preview:-1\" \/>\n<link rel=\"canonical\" href=\"https:\/\/www.oarcanjo.net\/site\/inverno-desafio-a-solidariedade-com-os-moradores-de-rua\/\" \/>\n<meta property=\"og:locale\" content=\"pt_BR\" \/>\n<meta property=\"og:type\" content=\"article\" \/>\n<meta property=\"og:title\" content=\"Inverno: desafio \u00e0 solidariedade com os moradores de rua - O Arcanjo no ar\" \/>\n<meta property=\"og:description\" content=\"A prefeitura de S\u00e3o Paulo calcula que existem quase 15 mil pessoas vivendo nas ruas, uma situa\u00e7\u00e3o que se agrava com a chegada do inverno. Grupos e entidades realizam a\u00e7\u00f5es de solidariedade, mas \u00e9 preciso mais do que doar um agasalho ou cobertor. Veja a reportagem da TV Can\u00e7\u00e3o Nova: Assista tamb\u00e9m \u00e0 entrevista do [&hellip;]\" \/>\n<meta property=\"og:url\" content=\"https:\/\/www.oarcanjo.net\/site\/inverno-desafio-a-solidariedade-com-os-moradores-de-rua\/\" \/>\n<meta property=\"og:site_name\" content=\"O Arcanjo no ar\" \/>\n<meta property=\"article:publisher\" content=\"https:\/\/www.facebook.com\/OArcanjoNoAr\/\" \/>\n<meta property=\"article:published_time\" content=\"2012-06-22T03:08:37+00:00\" \/>\n<meta property=\"og:image\" content=\"https:\/\/www.oarcanjo.net\/site\/wp-content\/uploads\/logo-o-arcanjo-no-ar-facebook.png\" \/>\n\t<meta property=\"og:image:width\" content=\"300\" \/>\n\t<meta property=\"og:image:height\" content=\"300\" \/>\n\t<meta property=\"og:image:type\" content=\"image\/png\" \/>\n<meta name=\"author\" content=\"editor\" \/>\n<meta name=\"twitter:card\" content=\"summary_large_image\" \/>\n<meta name=\"twitter:label1\" content=\"Escrito por\" \/>\n\t<meta name=\"twitter:data1\" content=\"editor\" \/>\n<script type=\"application\/ld+json\" class=\"yoast-schema-graph\">{\"@context\":\"https:\/\/schema.org\",\"@graph\":[{\"@type\":\"Article\",\"@id\":\"https:\/\/www.oarcanjo.net\/site\/inverno-desafio-a-solidariedade-com-os-moradores-de-rua\/#article\",\"isPartOf\":{\"@id\":\"https:\/\/www.oarcanjo.net\/site\/inverno-desafio-a-solidariedade-com-os-moradores-de-rua\/\"},\"author\":{\"name\":\"editor\",\"@id\":\"https:\/\/www.oarcanjo.net\/site\/#\/schema\/person\/f7024d007863202483a31326673a0838\"},\"headline\":\"Inverno: desafio \u00e0 solidariedade com os moradores de rua\",\"datePublished\":\"2012-06-22T03:08:37+00:00\",\"dateModified\":\"2012-06-22T03:08:37+00:00\",\"mainEntityOfPage\":{\"@id\":\"https:\/\/www.oarcanjo.net\/site\/inverno-desafio-a-solidariedade-com-os-moradores-de-rua\/\"},\"wordCount\":106,\"commentCount\":0,\"publisher\":{\"@id\":\"https:\/\/www.oarcanjo.net\/site\/#organization\"},\"keywords\":[\"caridade\",\"povo da rua\",\"solidariedade\"],\"articleSection\":[\"Not\u00edcias\",\"V\u00eddeos\"],\"inLanguage\":\"pt-BR\",\"potentialAction\":[{\"@type\":\"CommentAction\",\"name\":\"Comment\",\"target\":[\"https:\/\/www.oarcanjo.net\/site\/inverno-desafio-a-solidariedade-com-os-moradores-de-rua\/#respond\"]}]},{\"@type\":\"WebPage\",\"@id\":\"https:\/\/www.oarcanjo.net\/site\/inverno-desafio-a-solidariedade-com-os-moradores-de-rua\/\",\"url\":\"https:\/\/www.oarcanjo.net\/site\/inverno-desafio-a-solidariedade-com-os-moradores-de-rua\/\",\"name\":\"Inverno: desafio \u00e0 solidariedade com os moradores de rua - O Arcanjo no ar\",\"isPartOf\":{\"@id\":\"https:\/\/www.oarcanjo.net\/site\/#website\"},\"datePublished\":\"2012-06-22T03:08:37+00:00\",\"dateModified\":\"2012-06-22T03:08:37+00:00\",\"breadcrumb\":{\"@id\":\"https:\/\/www.oarcanjo.net\/site\/inverno-desafio-a-solidariedade-com-os-moradores-de-rua\/#breadcrumb\"},\"inLanguage\":\"pt-BR\",\"potentialAction\":[{\"@type\":\"ReadAction\",\"target\":[\"https:\/\/www.oarcanjo.net\/site\/inverno-desafio-a-solidariedade-com-os-moradores-de-rua\/\"]}]},{\"@type\":\"BreadcrumbList\",\"@id\":\"https:\/\/www.oarcanjo.net\/site\/inverno-desafio-a-solidariedade-com-os-moradores-de-rua\/#breadcrumb\",\"itemListElement\":[{\"@type\":\"ListItem\",\"position\":1,\"name\":\"In\u00edcio\",\"item\":\"https:\/\/www.oarcanjo.net\/site\/\"},{\"@type\":\"ListItem\",\"position\":2,\"name\":\"Inverno: desafio \u00e0 solidariedade com os moradores de rua\"}]},{\"@type\":\"WebSite\",\"@id\":\"https:\/\/www.oarcanjo.net\/site\/#website\",\"url\":\"https:\/\/www.oarcanjo.net\/site\/\",\"name\":\"O Arcanjo no ar\",\"description\":\"Site da Par\u00f3quia S\u00e3o Miguel Arcanjo (Arquidiocese de SP)\",\"publisher\":{\"@id\":\"https:\/\/www.oarcanjo.net\/site\/#organization\"},\"potentialAction\":[{\"@type\":\"SearchAction\",\"target\":{\"@type\":\"EntryPoint\",\"urlTemplate\":\"https:\/\/www.oarcanjo.net\/site\/?s={search_term_string}\"},\"query-input\":{\"@type\":\"PropertyValueSpecification\",\"valueRequired\":true,\"valueName\":\"search_term_string\"}}],\"inLanguage\":\"pt-BR\"},{\"@type\":\"Organization\",\"@id\":\"https:\/\/www.oarcanjo.net\/site\/#organization\",\"name\":\"Par\u00f3quia S\u00e3o Miguel Arcanjo\",\"url\":\"https:\/\/www.oarcanjo.net\/site\/\",\"logo\":{\"@type\":\"ImageObject\",\"inLanguage\":\"pt-BR\",\"@id\":\"https:\/\/www.oarcanjo.net\/site\/#\/schema\/logo\/image\/\",\"url\":\"https:\/\/www.oarcanjo.net\/site\/wp-content\/uploads\/LogoOArcanjo.png\",\"contentUrl\":\"https:\/\/www.oarcanjo.net\/site\/wp-content\/uploads\/LogoOArcanjo.png\",\"width\":319,\"height\":99,\"caption\":\"Par\u00f3quia S\u00e3o Miguel Arcanjo\"},\"image\":{\"@id\":\"https:\/\/www.oarcanjo.net\/site\/#\/schema\/logo\/image\/\"},\"sameAs\":[\"https:\/\/www.facebook.com\/OArcanjoNoAr\/\"]},{\"@type\":\"Person\",\"@id\":\"https:\/\/www.oarcanjo.net\/site\/#\/schema\/person\/f7024d007863202483a31326673a0838\",\"name\":\"editor\",\"sameAs\":[\"http:\/\/www.oarcanjo.net\"]}]}<\/script>\n<!-- \/ Yoast SEO plugin. -->","yoast_head_json":{"title":"Inverno: desafio \u00e0 solidariedade com os moradores de rua - O Arcanjo no ar","robots":{"index":"index","follow":"follow","max-snippet":"max-snippet:-1","max-image-preview":"max-image-preview:large","max-video-preview":"max-video-preview:-1"},"canonical":"https:\/\/www.oarcanjo.net\/site\/inverno-desafio-a-solidariedade-com-os-moradores-de-rua\/","og_locale":"pt_BR","og_type":"article","og_title":"Inverno: desafio \u00e0 solidariedade com os moradores de rua - O Arcanjo no ar","og_description":"A prefeitura de S\u00e3o Paulo calcula que existem quase 15 mil pessoas vivendo nas ruas, uma situa\u00e7\u00e3o que se agrava com a chegada do inverno. Grupos e entidades realizam a\u00e7\u00f5es de solidariedade, mas \u00e9 preciso mais do que doar um agasalho ou cobertor. Veja a reportagem da TV Can\u00e7\u00e3o Nova: Assista tamb\u00e9m \u00e0 entrevista do [&hellip;]","og_url":"https:\/\/www.oarcanjo.net\/site\/inverno-desafio-a-solidariedade-com-os-moradores-de-rua\/","og_site_name":"O Arcanjo no ar","article_publisher":"https:\/\/www.facebook.com\/OArcanjoNoAr\/","article_published_time":"2012-06-22T03:08:37+00:00","og_image":[{"width":300,"height":300,"url":"https:\/\/www.oarcanjo.net\/site\/wp-content\/uploads\/logo-o-arcanjo-no-ar-facebook.png","type":"image\/png"}],"author":"editor","twitter_card":"summary_large_image","twitter_misc":{"Escrito por":"editor"},"schema":{"@context":"https:\/\/schema.org","@graph":[{"@type":"Article","@id":"https:\/\/www.oarcanjo.net\/site\/inverno-desafio-a-solidariedade-com-os-moradores-de-rua\/#article","isPartOf":{"@id":"https:\/\/www.oarcanjo.net\/site\/inverno-desafio-a-solidariedade-com-os-moradores-de-rua\/"},"author":{"name":"editor","@id":"https:\/\/www.oarcanjo.net\/site\/#\/schema\/person\/f7024d007863202483a31326673a0838"},"headline":"Inverno: desafio \u00e0 solidariedade com os moradores de rua","datePublished":"2012-06-22T03:08:37+00:00","dateModified":"2012-06-22T03:08:37+00:00","mainEntityOfPage":{"@id":"https:\/\/www.oarcanjo.net\/site\/inverno-desafio-a-solidariedade-com-os-moradores-de-rua\/"},"wordCount":106,"commentCount":0,"publisher":{"@id":"https:\/\/www.oarcanjo.net\/site\/#organization"},"keywords":["caridade","povo da rua","solidariedade"],"articleSection":["Not\u00edcias","V\u00eddeos"],"inLanguage":"pt-BR","potentialAction":[{"@type":"CommentAction","name":"Comment","target":["https:\/\/www.oarcanjo.net\/site\/inverno-desafio-a-solidariedade-com-os-moradores-de-rua\/#respond"]}]},{"@type":"WebPage","@id":"https:\/\/www.oarcanjo.net\/site\/inverno-desafio-a-solidariedade-com-os-moradores-de-rua\/","url":"https:\/\/www.oarcanjo.net\/site\/inverno-desafio-a-solidariedade-com-os-moradores-de-rua\/","name":"Inverno: desafio \u00e0 solidariedade com os moradores de rua - O Arcanjo no ar","isPartOf":{"@id":"https:\/\/www.oarcanjo.net\/site\/#website"},"datePublished":"2012-06-22T03:08:37+00:00","dateModified":"2012-06-22T03:08:37+00:00","breadcrumb":{"@id":"https:\/\/www.oarcanjo.net\/site\/inverno-desafio-a-solidariedade-com-os-moradores-de-rua\/#breadcrumb"},"inLanguage":"pt-BR","potentialAction":[{"@type":"ReadAction","target":["https:\/\/www.oarcanjo.net\/site\/inverno-desafio-a-solidariedade-com-os-moradores-de-rua\/"]}]},{"@type":"BreadcrumbList","@id":"https:\/\/www.oarcanjo.net\/site\/inverno-desafio-a-solidariedade-com-os-moradores-de-rua\/#breadcrumb","itemListElement":[{"@type":"ListItem","position":1,"name":"In\u00edcio","item":"https:\/\/www.oarcanjo.net\/site\/"},{"@type":"ListItem","position":2,"name":"Inverno: desafio \u00e0 solidariedade com os moradores de rua"}]},{"@type":"WebSite","@id":"https:\/\/www.oarcanjo.net\/site\/#website","url":"https:\/\/www.oarcanjo.net\/site\/","name":"O Arcanjo no ar","description":"Site da Par\u00f3quia S\u00e3o Miguel Arcanjo (Arquidiocese de SP)","publisher":{"@id":"https:\/\/www.oarcanjo.net\/site\/#organization"},"potentialAction":[{"@type":"SearchAction","target":{"@type":"EntryPoint","urlTemplate":"https:\/\/www.oarcanjo.net\/site\/?s={search_term_string}"},"query-input":{"@type":"PropertyValueSpecification","valueRequired":true,"valueName":"search_term_string"}}],"inLanguage":"pt-BR"},{"@type":"Organization","@id":"https:\/\/www.oarcanjo.net\/site\/#organization","name":"Par\u00f3quia S\u00e3o Miguel Arcanjo","url":"https:\/\/www.oarcanjo.net\/site\/","logo":{"@type":"ImageObject","inLanguage":"pt-BR","@id":"https:\/\/www.oarcanjo.net\/site\/#\/schema\/logo\/image\/","url":"https:\/\/www.oarcanjo.net\/site\/wp-content\/uploads\/LogoOArcanjo.png","contentUrl":"https:\/\/www.oarcanjo.net\/site\/wp-content\/uploads\/LogoOArcanjo.png","width":319,"height":99,"caption":"Par\u00f3quia S\u00e3o Miguel Arcanjo"},"image":{"@id":"https:\/\/www.oarcanjo.net\/site\/#\/schema\/logo\/image\/"},"sameAs":["https:\/\/www.facebook.com\/OArcanjoNoAr\/"]},{"@type":"Person","@id":"https:\/\/www.oarcanjo.net\/site\/#\/schema\/person\/f7024d007863202483a31326673a0838","name":"editor","sameAs":["http:\/\/www.oarcanjo.net"]}]}},"publishpress_future_action":{"enabled":false,"date":"2026-05-09 09:04:31","action":"category","newStatus":"draft","terms":[],"taxonomy":"category"},"publishpress_future_workflow_manual_trigger":{"enabledWorkflows":[]},"_links":{"self":[{"href":"https:\/\/www.oarcanjo.net\/site\/wp-json\/wp\/v2\/posts\/18370"}],"collection":[{"href":"https:\/\/www.oarcanjo.net\/site\/wp-json\/wp\/v2\/posts"}],"about":[{"href":"https:\/\/www.oarcanjo.net\/site\/wp-json\/wp\/v2\/types\/post"}],"author":[{"embeddable":true,"href":"https:\/\/www.oarcanjo.net\/site\/wp-json\/wp\/v2\/users\/5"}],"replies":[{"embeddable":true,"href":"https:\/\/www.oarcanjo.net\/site\/wp-json\/wp\/v2\/comments?post=18370"}],"version-history":[{"count":0,"href":"https:\/\/www.oarcanjo.net\/site\/wp-json\/wp\/v2\/posts\/18370\/revisions"}],"wp:attachment":[{"href":"https:\/\/www.oarcanjo.net\/site\/wp-json\/wp\/v2\/media?parent=18370"}],"wp:term":[{"taxonomy":"category","embeddable":true,"href":"https:\/\/www.oarcanjo.net\/site\/wp-json\/wp\/v2\/categories?post=18370"},{"taxonomy":"post_tag","embeddable":true,"href":"https:\/\/www.oarcanjo.net\/site\/wp-json\/wp\/v2\/tags?post=18370"}],"curies":[{"name":"wp","href":"https:\/\/api.w.org\/{rel}","templated":true}]}}