
{"id":18411,"date":"2012-06-25T08:05:14","date_gmt":"2012-06-25T11:05:14","guid":{"rendered":"http:\/\/www.oarcanjo.net\/site\/?p=18411"},"modified":"2012-09-30T19:34:25","modified_gmt":"2012-09-30T22:34:25","slug":"festa-junina-2012","status":"publish","type":"post","link":"https:\/\/www.oarcanjo.net\/site\/festa-junina-2012\/","title":{"rendered":"Festa Junina 2012"},"content":{"rendered":"<p>A comunidade S\u00e3o Miguel Arcanjo se alegra com a colabora\u00e7\u00e3o de todos, agradece a sua visita \u00e0\u00a0Festa Junina\u00a0e aguarda a sua participa\u00e7\u00e3o nas pr\u00f3ximas edi\u00e7\u00f5es.<\/p>\n<p>Nos avisos do final da missa das 18h de 24\/06, o Pe. Julio agradece a todos os participantes, organizadores e colaboradores pela realiza\u00e7\u00e3o de mais esta confraterniza\u00e7\u00e3o:<\/p>\n<p><iframe loading=\"lazy\" frameborder=\"0\" height=\"315\" src=\"http:\/\/www.youtube.com\/embed\/6KThiRLmGq0?rel=0\" width=\"560\"><\/iframe><\/p>\n<p>Veja as fotos para relembrar os momentos de alegre conviv\u00eancia e\u00a0celebra\u00e7\u00e3o de Santo Ant\u00f4nio, S\u00e3o Pedro e S\u00e3o Jo\u00e3o sob a guarda de S\u00e3o Miguel.<\/p>\nngg_shortcode_0_placeholder\n<p>&nbsp;<\/p>\n<p>&nbsp;<\/p>\n<p><strong><br \/>\n<\/strong><\/p>\n<p>Nossa festa conta com o apoio de:<\/p>\n<table border=\"0\" cellspacing=\"0\" cellpadding=\"4\" width=\"500\">\n<tbody>\n<tr>\n<td width=\"25%\" align=\"center\" valign=\"middle\"><img loading=\"lazy\" decoding=\"async\" class=\"alignnone size-full wp-image-18105\" title=\"Prefeitura de S\u00e3o Paulo\" src=\"http:\/\/www.oarcanjo.net\/site\/wp-content\/uploads\/prefeitura-sao-paulo.png\" alt=\"\" width=\"106\" height=\"86\" \/><\/td>\n<td width=\"25%\" align=\"center\" valign=\"middle\"><img loading=\"lazy\" decoding=\"async\" class=\"alignnone size-full wp-image-18106\" title=\"ARPEC Caldeiras\" src=\"http:\/\/www.oarcanjo.net\/site\/wp-content\/uploads\/arpec-caldeiras.png\" alt=\"ARPEC Caldeiras\" width=\"150\" height=\"31\" \/><\/td>\n<td width=\"25%\" align=\"center\" valign=\"middle\"><img loading=\"lazy\" decoding=\"async\" class=\"alignnone size-full wp-image-18107\" title=\"A. Z. Rodrigues\" src=\"http:\/\/www.oarcanjo.net\/site\/wp-content\/uploads\/a-z-rodrigues.png\" alt=\"A. Z. Rodrigues\" width=\"177\" height=\"23\" \/><\/td>\n<td width=\"25%\" align=\"center\" valign=\"middle\"><img loading=\"lazy\" decoding=\"async\" class=\"alignnone size-full wp-image-18108\" title=\"CP!\" src=\"http:\/\/www.oarcanjo.net\/site\/wp-content\/uploads\/cp1.png\" alt=\"CP!\" width=\"120\" height=\"56\" \/><\/td>\n<\/tr>\n<tr>\n<td width=\"25%\" align=\"center\" valign=\"middle\"><img loading=\"lazy\" decoding=\"async\" class=\"alignnone size-full wp-image-18109\" title=\"Di Cunto\" src=\"http:\/\/www.oarcanjo.net\/site\/wp-content\/uploads\/dicunto.png\" alt=\"Di Cunto\" width=\"90\" height=\"38\" \/><\/td>\n<td width=\"25%\" align=\"center\" valign=\"middle\"><img loading=\"lazy\" decoding=\"async\" class=\"alignnone size-full wp-image-18110\" title=\"ECO\" src=\"http:\/\/www.oarcanjo.net\/site\/wp-content\/uploads\/eco-ocupacional.png\" alt=\"ECO\" width=\"75\" height=\"43\" \/><\/td>\n<td width=\"25%\" align=\"center\" valign=\"middle\"><img loading=\"lazy\" decoding=\"async\" class=\"alignnone size-full wp-image-18111\" title=\"GTres Metais\" src=\"http:\/\/www.oarcanjo.net\/site\/wp-content\/uploads\/g3.png\" alt=\"GTres Metais\" width=\"99\" height=\"86\" \/><\/td>\n<td width=\"25%\" align=\"center\" valign=\"middle\"><img loading=\"lazy\" decoding=\"async\" class=\"alignnone size-full wp-image-18112\" title=\"JBL Equipamentos\" src=\"http:\/\/www.oarcanjo.net\/site\/wp-content\/uploads\/jbl-equipamentos.png\" alt=\"JBL Equipamentos\" width=\"101\" height=\"67\" \/><\/td>\n<\/tr>\n<tr>\n<td width=\"25%\" align=\"center\" valign=\"middle\"><img loading=\"lazy\" decoding=\"async\" title=\"Lanchonete Taquari\" src=\"http:\/\/www.oarcanjo.net\/site\/wp-content\/uploads\/lanchonete-taquari.png\" alt=\"Lanchonete Taquari\" width=\"84\" height=\"37\" \/><\/td>\n<td width=\"25%\" align=\"center\" valign=\"middle\"><img loading=\"lazy\" decoding=\"async\" title=\"Padaria Pra\u00e7a dos P\u00e3es\" src=\"http:\/\/www.oarcanjo.net\/site\/wp-content\/uploads\/padaria-praca-paes.png\" alt=\"Padaria Pra\u00e7a dos P\u00e3es\" width=\"76\" height=\"120\" \/><\/td>\n<td width=\"25%\" align=\"center\" valign=\"middle\"><img loading=\"lazy\" decoding=\"async\" title=\"Torres Picolomini\" src=\"http:\/\/www.oarcanjo.net\/site\/wp-content\/uploads\/torres-picolomini.png\" alt=\"Torres Picolomini\" width=\"75\" height=\"63\" \/><\/td>\n<td width=\"25%\" align=\"center\" valign=\"middle\"><img loading=\"lazy\" decoding=\"async\" title=\"Tropical Palmitos\" src=\"http:\/\/www.oarcanjo.net\/site\/wp-content\/uploads\/tropical-palmitos.png\" alt=\"Tropical Palmitos\" width=\"127\" height=\"31\" \/><\/td>\n<\/tr>\n<tr>\n<td width=\"25%\" align=\"center\" valign=\"middle\"><img loading=\"lazy\" decoding=\"async\" title=\"Tuf\u00e3o Express\" src=\"http:\/\/www.oarcanjo.net\/site\/wp-content\/uploads\/tufao.png\" alt=\"Tuf\u00e3o Express\" width=\"165\" height=\"53\" \/><\/td>\n<td width=\"25%\" align=\"center\" valign=\"middle\"><img loading=\"lazy\" decoding=\"async\" title=\"Unidos LL\" src=\"http:\/\/www.oarcanjo.net\/site\/wp-content\/uploads\/unidosll.png\" alt=\"Unidos LL\" width=\"153\" height=\"42\" \/><\/td>\n<td width=\"25%\" align=\"center\" valign=\"middle\"><img loading=\"lazy\" decoding=\"async\" class=\"alignnone size-full wp-image-18119\" title=\"Universidade S\u00e3o Judas\" src=\"http:\/\/www.oarcanjo.net\/site\/wp-content\/uploads\/universidade-sao-judas.png\" alt=\"Universidade S\u00e3o Judas\" width=\"149\" height=\"61\" \/><\/td>\n<td width=\"25%\" align=\"center\" valign=\"middle\"><img loading=\"lazy\" decoding=\"async\" class=\"alignnone size-full wp-image-18119\" title=\"Prevent Senior\" src=\"http:\/\/www.oarcanjo.net\/site\/wp-content\/uploads\/preventsenior.png\" alt=\"Prevent Senior\" width=\"140\" height=\"60\" \/><\/td>\n<\/tr>\n<tr>\n<td width=\"25%\" height=\"20\" align=\"center\" valign=\"middle\"><\/td>\n<td width=\"25%\" height=\"20\" align=\"center\" valign=\"middle\"><\/td>\n<td width=\"25%\" height=\"20\" align=\"center\" valign=\"middle\"><\/td>\n<td width=\"25%\" height=\"20\" align=\"center\" valign=\"middle\"><\/td>\n<\/tr>\n<\/tbody>\n<\/table>\n<div id=\"themify_builder_content-18411\" data-postid=\"18411\" class=\"themify_builder_content themify_builder_content-18411 themify_builder themify_builder_front\">\n\t<\/div>\n<!-- \/themify_builder_content -->","protected":false},"excerpt":{"rendered":"<p>A comunidade S\u00e3o Miguel Arcanjo se alegra com a colabora\u00e7\u00e3o de todos, agradece a sua visita \u00e0\u00a0Festa Junina\u00a0e aguarda a sua participa\u00e7\u00e3o nas pr\u00f3ximas edi\u00e7\u00f5es. Nos avisos do final da missa das 18h de 24\/06, o Pe. Julio agradece a todos os participantes, organizadores e colaboradores pela realiza\u00e7\u00e3o de mais esta confraterniza\u00e7\u00e3o: Veja as fotos [&hellip;]<\/p>\n","protected":false},"author":5,"featured_media":0,"comment_status":"open","ping_status":"open","sticky":false,"template":"","format":"standard","meta":{"ngg_post_thumbnail":0,"footnotes":""},"categories":[476,8,7],"tags":[2243,1023,24,2244,766,765,2240,828,867],"yoast_head":"<!-- This site is optimized with the Yoast SEO plugin v23.5 - https:\/\/yoast.com\/wordpress\/plugins\/seo\/ -->\n<title>Festa Junina 2012 - O Arcanjo no ar<\/title>\n<meta name=\"robots\" content=\"index, follow, max-snippet:-1, max-image-preview:large, max-video-preview:-1\" \/>\n<link rel=\"canonical\" href=\"https:\/\/www.oarcanjo.net\/site\/festa-junina-2012\/\" \/>\n<meta property=\"og:locale\" content=\"pt_BR\" \/>\n<meta property=\"og:type\" content=\"article\" \/>\n<meta property=\"og:title\" content=\"Festa Junina 2012 - O Arcanjo no ar\" \/>\n<meta property=\"og:description\" content=\"A comunidade S\u00e3o Miguel Arcanjo se alegra com a colabora\u00e7\u00e3o de todos, agradece a sua visita \u00e0\u00a0Festa Junina\u00a0e aguarda a sua participa\u00e7\u00e3o nas pr\u00f3ximas edi\u00e7\u00f5es. Nos avisos do final da missa das 18h de 24\/06, o Pe. Julio agradece a todos os participantes, organizadores e colaboradores pela realiza\u00e7\u00e3o de mais esta confraterniza\u00e7\u00e3o: Veja as fotos [&hellip;]\" \/>\n<meta property=\"og:url\" content=\"https:\/\/www.oarcanjo.net\/site\/festa-junina-2012\/\" \/>\n<meta property=\"og:site_name\" content=\"O Arcanjo no ar\" \/>\n<meta property=\"article:publisher\" content=\"https:\/\/www.facebook.com\/OArcanjoNoAr\/\" \/>\n<meta property=\"article:published_time\" content=\"2012-06-25T11:05:14+00:00\" \/>\n<meta property=\"article:modified_time\" content=\"2012-09-30T22:34:25+00:00\" \/>\n<meta property=\"og:image\" content=\"http:\/\/www.oarcanjo.net\/site\/wp-content\/uploads\/prefeitura-sao-paulo.png\" \/>\n<meta name=\"author\" content=\"editor\" \/>\n<meta name=\"twitter:card\" content=\"summary_large_image\" \/>\n<meta name=\"twitter:label1\" content=\"Escrito por\" \/>\n\t<meta name=\"twitter:data1\" content=\"editor\" \/>\n\t<meta name=\"twitter:label2\" content=\"Est. tempo de leitura\" \/>\n\t<meta name=\"twitter:data2\" content=\"1 minuto\" \/>\n<script type=\"application\/ld+json\" class=\"yoast-schema-graph\">{\"@context\":\"https:\/\/schema.org\",\"@graph\":[{\"@type\":\"Article\",\"@id\":\"https:\/\/www.oarcanjo.net\/site\/festa-junina-2012\/#article\",\"isPartOf\":{\"@id\":\"https:\/\/www.oarcanjo.net\/site\/festa-junina-2012\/\"},\"author\":{\"name\":\"editor\",\"@id\":\"https:\/\/www.oarcanjo.net\/site\/#\/schema\/person\/f7024d007863202483a31326673a0838\"},\"headline\":\"Festa Junina 2012\",\"datePublished\":\"2012-06-25T11:05:14+00:00\",\"dateModified\":\"2012-09-30T22:34:25+00:00\",\"mainEntityOfPage\":{\"@id\":\"https:\/\/www.oarcanjo.net\/site\/festa-junina-2012\/\"},\"wordCount\":105,\"commentCount\":6,\"publisher\":{\"@id\":\"https:\/\/www.oarcanjo.net\/site\/#organization\"},\"image\":{\"@id\":\"https:\/\/www.oarcanjo.net\/site\/festa-junina-2012\/#primaryimage\"},\"thumbnailUrl\":\"http:\/\/www.oarcanjo.net\/site\/wp-content\/uploads\/prefeitura-sao-paulo.png\",\"keywords\":[\"Agradecimento\",\"Colabora\u00e7\u00e3o\",\"comunidade\",\"Confraterniza\u00e7\u00e3o\",\"festa junina\",\"Santo Ant\u00f4nio\",\"santos pupulares\",\"S\u00e3o Jo\u00e3o\",\"S\u00e3o Pedro\"],\"articleSection\":[\"Avisos\",\"Not\u00edcias\",\"Rosto da comunidade\"],\"inLanguage\":\"pt-BR\",\"potentialAction\":[{\"@type\":\"CommentAction\",\"name\":\"Comment\",\"target\":[\"https:\/\/www.oarcanjo.net\/site\/festa-junina-2012\/#respond\"]}]},{\"@type\":\"WebPage\",\"@id\":\"https:\/\/www.oarcanjo.net\/site\/festa-junina-2012\/\",\"url\":\"https:\/\/www.oarcanjo.net\/site\/festa-junina-2012\/\",\"name\":\"Festa Junina 2012 - O Arcanjo no ar\",\"isPartOf\":{\"@id\":\"https:\/\/www.oarcanjo.net\/site\/#website\"},\"primaryImageOfPage\":{\"@id\":\"https:\/\/www.oarcanjo.net\/site\/festa-junina-2012\/#primaryimage\"},\"image\":{\"@id\":\"https:\/\/www.oarcanjo.net\/site\/festa-junina-2012\/#primaryimage\"},\"thumbnailUrl\":\"http:\/\/www.oarcanjo.net\/site\/wp-content\/uploads\/prefeitura-sao-paulo.png\",\"datePublished\":\"2012-06-25T11:05:14+00:00\",\"dateModified\":\"2012-09-30T22:34:25+00:00\",\"breadcrumb\":{\"@id\":\"https:\/\/www.oarcanjo.net\/site\/festa-junina-2012\/#breadcrumb\"},\"inLanguage\":\"pt-BR\",\"potentialAction\":[{\"@type\":\"ReadAction\",\"target\":[\"https:\/\/www.oarcanjo.net\/site\/festa-junina-2012\/\"]}]},{\"@type\":\"ImageObject\",\"inLanguage\":\"pt-BR\",\"@id\":\"https:\/\/www.oarcanjo.net\/site\/festa-junina-2012\/#primaryimage\",\"url\":\"https:\/\/www.oarcanjo.net\/site\/wp-content\/uploads\/prefeitura-sao-paulo.png\",\"contentUrl\":\"https:\/\/www.oarcanjo.net\/site\/wp-content\/uploads\/prefeitura-sao-paulo.png\",\"width\":\"176\",\"height\":\"144\"},{\"@type\":\"BreadcrumbList\",\"@id\":\"https:\/\/www.oarcanjo.net\/site\/festa-junina-2012\/#breadcrumb\",\"itemListElement\":[{\"@type\":\"ListItem\",\"position\":1,\"name\":\"In\u00edcio\",\"item\":\"https:\/\/www.oarcanjo.net\/site\/\"},{\"@type\":\"ListItem\",\"position\":2,\"name\":\"Festa Junina 2012\"}]},{\"@type\":\"WebSite\",\"@id\":\"https:\/\/www.oarcanjo.net\/site\/#website\",\"url\":\"https:\/\/www.oarcanjo.net\/site\/\",\"name\":\"O Arcanjo no ar\",\"description\":\"Site da Par\u00f3quia S\u00e3o Miguel Arcanjo (Arquidiocese de SP)\",\"publisher\":{\"@id\":\"https:\/\/www.oarcanjo.net\/site\/#organization\"},\"potentialAction\":[{\"@type\":\"SearchAction\",\"target\":{\"@type\":\"EntryPoint\",\"urlTemplate\":\"https:\/\/www.oarcanjo.net\/site\/?s={search_term_string}\"},\"query-input\":{\"@type\":\"PropertyValueSpecification\",\"valueRequired\":true,\"valueName\":\"search_term_string\"}}],\"inLanguage\":\"pt-BR\"},{\"@type\":\"Organization\",\"@id\":\"https:\/\/www.oarcanjo.net\/site\/#organization\",\"name\":\"Par\u00f3quia S\u00e3o Miguel Arcanjo\",\"url\":\"https:\/\/www.oarcanjo.net\/site\/\",\"logo\":{\"@type\":\"ImageObject\",\"inLanguage\":\"pt-BR\",\"@id\":\"https:\/\/www.oarcanjo.net\/site\/#\/schema\/logo\/image\/\",\"url\":\"https:\/\/www.oarcanjo.net\/site\/wp-content\/uploads\/LogoOArcanjo.png\",\"contentUrl\":\"https:\/\/www.oarcanjo.net\/site\/wp-content\/uploads\/LogoOArcanjo.png\",\"width\":319,\"height\":99,\"caption\":\"Par\u00f3quia S\u00e3o Miguel Arcanjo\"},\"image\":{\"@id\":\"https:\/\/www.oarcanjo.net\/site\/#\/schema\/logo\/image\/\"},\"sameAs\":[\"https:\/\/www.facebook.com\/OArcanjoNoAr\/\"]},{\"@type\":\"Person\",\"@id\":\"https:\/\/www.oarcanjo.net\/site\/#\/schema\/person\/f7024d007863202483a31326673a0838\",\"name\":\"editor\",\"sameAs\":[\"http:\/\/www.oarcanjo.net\"]}]}<\/script>\n<!-- \/ Yoast SEO plugin. -->","yoast_head_json":{"title":"Festa Junina 2012 - O Arcanjo no ar","robots":{"index":"index","follow":"follow","max-snippet":"max-snippet:-1","max-image-preview":"max-image-preview:large","max-video-preview":"max-video-preview:-1"},"canonical":"https:\/\/www.oarcanjo.net\/site\/festa-junina-2012\/","og_locale":"pt_BR","og_type":"article","og_title":"Festa Junina 2012 - O Arcanjo no ar","og_description":"A comunidade S\u00e3o Miguel Arcanjo se alegra com a colabora\u00e7\u00e3o de todos, agradece a sua visita \u00e0\u00a0Festa Junina\u00a0e aguarda a sua participa\u00e7\u00e3o nas pr\u00f3ximas edi\u00e7\u00f5es. Nos avisos do final da missa das 18h de 24\/06, o Pe. Julio agradece a todos os participantes, organizadores e colaboradores pela realiza\u00e7\u00e3o de mais esta confraterniza\u00e7\u00e3o: Veja as fotos [&hellip;]","og_url":"https:\/\/www.oarcanjo.net\/site\/festa-junina-2012\/","og_site_name":"O Arcanjo no ar","article_publisher":"https:\/\/www.facebook.com\/OArcanjoNoAr\/","article_published_time":"2012-06-25T11:05:14+00:00","article_modified_time":"2012-09-30T22:34:25+00:00","og_image":[{"url":"http:\/\/www.oarcanjo.net\/site\/wp-content\/uploads\/prefeitura-sao-paulo.png"}],"author":"editor","twitter_card":"summary_large_image","twitter_misc":{"Escrito por":"editor","Est. tempo de leitura":"1 minuto"},"schema":{"@context":"https:\/\/schema.org","@graph":[{"@type":"Article","@id":"https:\/\/www.oarcanjo.net\/site\/festa-junina-2012\/#article","isPartOf":{"@id":"https:\/\/www.oarcanjo.net\/site\/festa-junina-2012\/"},"author":{"name":"editor","@id":"https:\/\/www.oarcanjo.net\/site\/#\/schema\/person\/f7024d007863202483a31326673a0838"},"headline":"Festa Junina 2012","datePublished":"2012-06-25T11:05:14+00:00","dateModified":"2012-09-30T22:34:25+00:00","mainEntityOfPage":{"@id":"https:\/\/www.oarcanjo.net\/site\/festa-junina-2012\/"},"wordCount":105,"commentCount":6,"publisher":{"@id":"https:\/\/www.oarcanjo.net\/site\/#organization"},"image":{"@id":"https:\/\/www.oarcanjo.net\/site\/festa-junina-2012\/#primaryimage"},"thumbnailUrl":"http:\/\/www.oarcanjo.net\/site\/wp-content\/uploads\/prefeitura-sao-paulo.png","keywords":["Agradecimento","Colabora\u00e7\u00e3o","comunidade","Confraterniza\u00e7\u00e3o","festa junina","Santo Ant\u00f4nio","santos pupulares","S\u00e3o Jo\u00e3o","S\u00e3o Pedro"],"articleSection":["Avisos","Not\u00edcias","Rosto da comunidade"],"inLanguage":"pt-BR","potentialAction":[{"@type":"CommentAction","name":"Comment","target":["https:\/\/www.oarcanjo.net\/site\/festa-junina-2012\/#respond"]}]},{"@type":"WebPage","@id":"https:\/\/www.oarcanjo.net\/site\/festa-junina-2012\/","url":"https:\/\/www.oarcanjo.net\/site\/festa-junina-2012\/","name":"Festa Junina 2012 - O Arcanjo no ar","isPartOf":{"@id":"https:\/\/www.oarcanjo.net\/site\/#website"},"primaryImageOfPage":{"@id":"https:\/\/www.oarcanjo.net\/site\/festa-junina-2012\/#primaryimage"},"image":{"@id":"https:\/\/www.oarcanjo.net\/site\/festa-junina-2012\/#primaryimage"},"thumbnailUrl":"http:\/\/www.oarcanjo.net\/site\/wp-content\/uploads\/prefeitura-sao-paulo.png","datePublished":"2012-06-25T11:05:14+00:00","dateModified":"2012-09-30T22:34:25+00:00","breadcrumb":{"@id":"https:\/\/www.oarcanjo.net\/site\/festa-junina-2012\/#breadcrumb"},"inLanguage":"pt-BR","potentialAction":[{"@type":"ReadAction","target":["https:\/\/www.oarcanjo.net\/site\/festa-junina-2012\/"]}]},{"@type":"ImageObject","inLanguage":"pt-BR","@id":"https:\/\/www.oarcanjo.net\/site\/festa-junina-2012\/#primaryimage","url":"https:\/\/www.oarcanjo.net\/site\/wp-content\/uploads\/prefeitura-sao-paulo.png","contentUrl":"https:\/\/www.oarcanjo.net\/site\/wp-content\/uploads\/prefeitura-sao-paulo.png","width":"176","height":"144"},{"@type":"BreadcrumbList","@id":"https:\/\/www.oarcanjo.net\/site\/festa-junina-2012\/#breadcrumb","itemListElement":[{"@type":"ListItem","position":1,"name":"In\u00edcio","item":"https:\/\/www.oarcanjo.net\/site\/"},{"@type":"ListItem","position":2,"name":"Festa Junina 2012"}]},{"@type":"WebSite","@id":"https:\/\/www.oarcanjo.net\/site\/#website","url":"https:\/\/www.oarcanjo.net\/site\/","name":"O Arcanjo no ar","description":"Site da Par\u00f3quia S\u00e3o Miguel Arcanjo (Arquidiocese de SP)","publisher":{"@id":"https:\/\/www.oarcanjo.net\/site\/#organization"},"potentialAction":[{"@type":"SearchAction","target":{"@type":"EntryPoint","urlTemplate":"https:\/\/www.oarcanjo.net\/site\/?s={search_term_string}"},"query-input":{"@type":"PropertyValueSpecification","valueRequired":true,"valueName":"search_term_string"}}],"inLanguage":"pt-BR"},{"@type":"Organization","@id":"https:\/\/www.oarcanjo.net\/site\/#organization","name":"Par\u00f3quia S\u00e3o Miguel Arcanjo","url":"https:\/\/www.oarcanjo.net\/site\/","logo":{"@type":"ImageObject","inLanguage":"pt-BR","@id":"https:\/\/www.oarcanjo.net\/site\/#\/schema\/logo\/image\/","url":"https:\/\/www.oarcanjo.net\/site\/wp-content\/uploads\/LogoOArcanjo.png","contentUrl":"https:\/\/www.oarcanjo.net\/site\/wp-content\/uploads\/LogoOArcanjo.png","width":319,"height":99,"caption":"Par\u00f3quia S\u00e3o Miguel Arcanjo"},"image":{"@id":"https:\/\/www.oarcanjo.net\/site\/#\/schema\/logo\/image\/"},"sameAs":["https:\/\/www.facebook.com\/OArcanjoNoAr\/"]},{"@type":"Person","@id":"https:\/\/www.oarcanjo.net\/site\/#\/schema\/person\/f7024d007863202483a31326673a0838","name":"editor","sameAs":["http:\/\/www.oarcanjo.net"]}]}},"publishpress_future_action":{"enabled":false,"date":"2026-05-09 08:42:46","action":"category","newStatus":"draft","terms":[],"taxonomy":"category"},"publishpress_future_workflow_manual_trigger":{"enabledWorkflows":[]},"_links":{"self":[{"href":"https:\/\/www.oarcanjo.net\/site\/wp-json\/wp\/v2\/posts\/18411"}],"collection":[{"href":"https:\/\/www.oarcanjo.net\/site\/wp-json\/wp\/v2\/posts"}],"about":[{"href":"https:\/\/www.oarcanjo.net\/site\/wp-json\/wp\/v2\/types\/post"}],"author":[{"embeddable":true,"href":"https:\/\/www.oarcanjo.net\/site\/wp-json\/wp\/v2\/users\/5"}],"replies":[{"embeddable":true,"href":"https:\/\/www.oarcanjo.net\/site\/wp-json\/wp\/v2\/comments?post=18411"}],"version-history":[{"count":0,"href":"https:\/\/www.oarcanjo.net\/site\/wp-json\/wp\/v2\/posts\/18411\/revisions"}],"wp:attachment":[{"href":"https:\/\/www.oarcanjo.net\/site\/wp-json\/wp\/v2\/media?parent=18411"}],"wp:term":[{"taxonomy":"category","embeddable":true,"href":"https:\/\/www.oarcanjo.net\/site\/wp-json\/wp\/v2\/categories?post=18411"},{"taxonomy":"post_tag","embeddable":true,"href":"https:\/\/www.oarcanjo.net\/site\/wp-json\/wp\/v2\/tags?post=18411"}],"curies":[{"name":"wp","href":"https:\/\/api.w.org\/{rel}","templated":true}]}}