
{"id":18428,"date":"2012-06-25T20:05:53","date_gmt":"2012-06-25T23:05:53","guid":{"rendered":"http:\/\/www.oarcanjo.net\/site\/?p=18428"},"modified":"2012-06-26T00:18:07","modified_gmt":"2012-06-26T03:18:07","slug":"preparacao-da-festa-junina-2012-atencao-nos-detalhes","status":"publish","type":"post","link":"https:\/\/www.oarcanjo.net\/site\/preparacao-da-festa-junina-2012-atencao-nos-detalhes\/","title":{"rendered":"Prepara\u00e7\u00e3o da Festa Junina 2012 &#8211; aten\u00e7\u00e3o nos detalhes"},"content":{"rendered":"<p style=\"text-align: justify;\">Ambul\u00e2ncia da Prevent Senior. Curso de Brigada de Inc\u00eandio. Fechamento da Rua Sapucaia com autoriza\u00e7\u00e3o da CET. A organiza\u00e7\u00e3o da festa junina foi cuidadosa nos detalhes, especialmente com a seguran\u00e7a das pessoas.<\/p>\n<p style=\"text-align: justify;\">Foram avaliadas as condi\u00e7\u00f5es para seguran\u00e7a, inclusive considerando a situa\u00e7\u00e3o de utiliza\u00e7\u00e3o de fog\u00f5es e buj\u00f5es de g\u00e1s. Por isso foi realizado curso de brigada de inc\u00eandio e primeiros socorros.<\/p>\n<p style=\"text-align: justify;\">Tinha m\u00e9dico de plant\u00e3o e\u00a0ambul\u00e2ncia com enfermeiro da Prevent Senior, cedidos graciosamente. Poderiam atender eventuais situa\u00e7\u00f5es m\u00e9dicas para a festa e at\u00e9 para vizinhos.<\/p>\n<p style=\"text-align: justify;\">A CET autorizou o fechamento da Rua Sapucaia, possibilitando que os pedestres tivessem toda a seguran\u00e7a, sem a circula\u00e7\u00e3o dos ve\u00edculos.<\/p>\n<p style=\"text-align: justify;\">A Prevent Senior e a N Veras Servi\u00e7os de Seguran\u00e7a do Trabalho e Meio Ambiente, portanto, tamb\u00e9m foram importantes e destacados\u00a0colaboradores na festa junina de 2012.<\/p>\n<p style=\"text-align: justify;\"><span style=\"font-family: Times New Roman; font-size: small;\"> <a href=\"http:\/\/www.oarcanjo.net\/site\/wp-content\/uploads\/IMG_0987.jpg\"><img loading=\"lazy\" decoding=\"async\" class=\"aligncenter size-medium wp-image-18439\" title=\"IMG_0987\" src=\"http:\/\/www.oarcanjo.net\/site\/wp-content\/uploads\/IMG_0987-300x199.jpg\" alt=\"\" width=\"300\" height=\"199\" srcset=\"https:\/\/www.oarcanjo.net\/site\/wp-content\/uploads\/IMG_0987-300x199.jpg 300w, https:\/\/www.oarcanjo.net\/site\/wp-content\/uploads\/IMG_0987.jpg 640w\" sizes=\"(max-width: 300px) 100vw, 300px\" \/><\/a><a href=\"http:\/\/www.oarcanjo.net\/site\/wp-content\/uploads\/IMG_6172.jpg\"><img loading=\"lazy\" decoding=\"async\" class=\"alignright size-medium wp-image-18438\" title=\"IMG_6172\" src=\"http:\/\/www.oarcanjo.net\/site\/wp-content\/uploads\/IMG_6172-300x199.jpg\" alt=\"\" width=\"300\" height=\"199\" srcset=\"https:\/\/www.oarcanjo.net\/site\/wp-content\/uploads\/IMG_6172-300x199.jpg 300w, https:\/\/www.oarcanjo.net\/site\/wp-content\/uploads\/IMG_6172.jpg 640w\" sizes=\"(max-width: 300px) 100vw, 300px\" \/><\/a><a href=\"http:\/\/www.oarcanjo.net\/site\/wp-content\/uploads\/IMG_59321.jpg\"><img loading=\"lazy\" decoding=\"async\" class=\"aligncenter size-medium wp-image-18444\" title=\"IMG_5932\" src=\"http:\/\/www.oarcanjo.net\/site\/wp-content\/uploads\/IMG_59321-300x204.jpg\" alt=\"\" width=\"300\" height=\"204\" srcset=\"https:\/\/www.oarcanjo.net\/site\/wp-content\/uploads\/IMG_59321-300x204.jpg 300w, https:\/\/www.oarcanjo.net\/site\/wp-content\/uploads\/IMG_59321.jpg 640w\" sizes=\"(max-width: 300px) 100vw, 300px\" \/><\/a><a href=\"http:\/\/www.oarcanjo.net\/site\/wp-content\/uploads\/IMG_6138.jpg\"><img loading=\"lazy\" decoding=\"async\" class=\"alignleft size-medium wp-image-18437\" title=\"IMG_6138\" src=\"http:\/\/www.oarcanjo.net\/site\/wp-content\/uploads\/IMG_6138-300x199.jpg\" alt=\"\" width=\"300\" height=\"199\" srcset=\"https:\/\/www.oarcanjo.net\/site\/wp-content\/uploads\/IMG_6138-300x199.jpg 300w, https:\/\/www.oarcanjo.net\/site\/wp-content\/uploads\/IMG_6138.jpg 640w\" sizes=\"(max-width: 300px) 100vw, 300px\" \/><\/a><\/span><\/p>\n<p><span style=\"font-family: Times New Roman; font-size: small;\"> <\/span><\/p>\n<div id=\"themify_builder_content-18428\" data-postid=\"18428\" class=\"themify_builder_content themify_builder_content-18428 themify_builder themify_builder_front\">\n\t<\/div>\n<!-- \/themify_builder_content -->","protected":false},"excerpt":{"rendered":"<p>Ambul\u00e2ncia da Prevent Senior. Curso de Brigada de Inc\u00eandio. Fechamento da Rua Sapucaia com autoriza\u00e7\u00e3o da CET. A organiza\u00e7\u00e3o da festa junina foi cuidadosa nos detalhes, especialmente com a seguran\u00e7a das pessoas. Foram avaliadas as condi\u00e7\u00f5es para seguran\u00e7a, inclusive considerando a situa\u00e7\u00e3o de utiliza\u00e7\u00e3o de fog\u00f5es e buj\u00f5es de g\u00e1s. Por isso foi realizado curso [&hellip;]<\/p>\n","protected":false},"author":10,"featured_media":0,"comment_status":"open","ping_status":"open","sticky":false,"template":"","format":"standard","meta":{"ngg_post_thumbnail":0,"footnotes":""},"categories":[8],"tags":[2242,2241],"yoast_head":"<!-- This site is optimized with the Yoast SEO plugin v23.5 - https:\/\/yoast.com\/wordpress\/plugins\/seo\/ -->\n<title>Prepara\u00e7\u00e3o da Festa Junina 2012 - aten\u00e7\u00e3o nos detalhes - O Arcanjo no ar<\/title>\n<meta name=\"robots\" content=\"index, follow, max-snippet:-1, max-image-preview:large, max-video-preview:-1\" \/>\n<link rel=\"canonical\" href=\"https:\/\/www.oarcanjo.net\/site\/preparacao-da-festa-junina-2012-atencao-nos-detalhes\/\" \/>\n<meta property=\"og:locale\" content=\"pt_BR\" \/>\n<meta property=\"og:type\" content=\"article\" \/>\n<meta property=\"og:title\" content=\"Prepara\u00e7\u00e3o da Festa Junina 2012 - aten\u00e7\u00e3o nos detalhes - O Arcanjo no ar\" \/>\n<meta property=\"og:description\" content=\"Ambul\u00e2ncia da Prevent Senior. Curso de Brigada de Inc\u00eandio. Fechamento da Rua Sapucaia com autoriza\u00e7\u00e3o da CET. A organiza\u00e7\u00e3o da festa junina foi cuidadosa nos detalhes, especialmente com a seguran\u00e7a das pessoas. Foram avaliadas as condi\u00e7\u00f5es para seguran\u00e7a, inclusive considerando a situa\u00e7\u00e3o de utiliza\u00e7\u00e3o de fog\u00f5es e buj\u00f5es de g\u00e1s. Por isso foi realizado curso [&hellip;]\" \/>\n<meta property=\"og:url\" content=\"https:\/\/www.oarcanjo.net\/site\/preparacao-da-festa-junina-2012-atencao-nos-detalhes\/\" \/>\n<meta property=\"og:site_name\" content=\"O Arcanjo no ar\" \/>\n<meta property=\"article:publisher\" content=\"https:\/\/www.facebook.com\/OArcanjoNoAr\/\" \/>\n<meta property=\"article:published_time\" content=\"2012-06-25T23:05:53+00:00\" \/>\n<meta property=\"article:modified_time\" content=\"2012-06-26T03:18:07+00:00\" \/>\n<meta property=\"og:image\" content=\"http:\/\/www.oarcanjo.net\/site\/wp-content\/uploads\/IMG_0987-300x199.jpg\" \/>\n<meta name=\"author\" content=\"carlos\" \/>\n<meta name=\"twitter:card\" content=\"summary_large_image\" \/>\n<meta name=\"twitter:label1\" content=\"Escrito por\" \/>\n\t<meta name=\"twitter:data1\" content=\"carlos\" \/>\n\t<meta name=\"twitter:label2\" content=\"Est. tempo de leitura\" \/>\n\t<meta name=\"twitter:data2\" content=\"1 minuto\" \/>\n<script type=\"application\/ld+json\" class=\"yoast-schema-graph\">{\"@context\":\"https:\/\/schema.org\",\"@graph\":[{\"@type\":\"Article\",\"@id\":\"https:\/\/www.oarcanjo.net\/site\/preparacao-da-festa-junina-2012-atencao-nos-detalhes\/#article\",\"isPartOf\":{\"@id\":\"https:\/\/www.oarcanjo.net\/site\/preparacao-da-festa-junina-2012-atencao-nos-detalhes\/\"},\"author\":{\"name\":\"carlos\",\"@id\":\"https:\/\/www.oarcanjo.net\/site\/#\/schema\/person\/f7870e710d8c8c30673de3a0ac2e451d\"},\"headline\":\"Prepara\u00e7\u00e3o da Festa Junina 2012 &#8211; aten\u00e7\u00e3o nos detalhes\",\"datePublished\":\"2012-06-25T23:05:53+00:00\",\"dateModified\":\"2012-06-26T03:18:07+00:00\",\"mainEntityOfPage\":{\"@id\":\"https:\/\/www.oarcanjo.net\/site\/preparacao-da-festa-junina-2012-atencao-nos-detalhes\/\"},\"wordCount\":168,\"commentCount\":0,\"publisher\":{\"@id\":\"https:\/\/www.oarcanjo.net\/site\/#organization\"},\"image\":{\"@id\":\"https:\/\/www.oarcanjo.net\/site\/preparacao-da-festa-junina-2012-atencao-nos-detalhes\/#primaryimage\"},\"thumbnailUrl\":\"http:\/\/www.oarcanjo.net\/site\/wp-content\/uploads\/IMG_0987-300x199.jpg\",\"keywords\":[\"N Veras\",\"Prevent Senior\"],\"articleSection\":[\"Not\u00edcias\"],\"inLanguage\":\"pt-BR\",\"potentialAction\":[{\"@type\":\"CommentAction\",\"name\":\"Comment\",\"target\":[\"https:\/\/www.oarcanjo.net\/site\/preparacao-da-festa-junina-2012-atencao-nos-detalhes\/#respond\"]}]},{\"@type\":\"WebPage\",\"@id\":\"https:\/\/www.oarcanjo.net\/site\/preparacao-da-festa-junina-2012-atencao-nos-detalhes\/\",\"url\":\"https:\/\/www.oarcanjo.net\/site\/preparacao-da-festa-junina-2012-atencao-nos-detalhes\/\",\"name\":\"Prepara\u00e7\u00e3o da Festa Junina 2012 - aten\u00e7\u00e3o nos detalhes - O Arcanjo no ar\",\"isPartOf\":{\"@id\":\"https:\/\/www.oarcanjo.net\/site\/#website\"},\"primaryImageOfPage\":{\"@id\":\"https:\/\/www.oarcanjo.net\/site\/preparacao-da-festa-junina-2012-atencao-nos-detalhes\/#primaryimage\"},\"image\":{\"@id\":\"https:\/\/www.oarcanjo.net\/site\/preparacao-da-festa-junina-2012-atencao-nos-detalhes\/#primaryimage\"},\"thumbnailUrl\":\"http:\/\/www.oarcanjo.net\/site\/wp-content\/uploads\/IMG_0987-300x199.jpg\",\"datePublished\":\"2012-06-25T23:05:53+00:00\",\"dateModified\":\"2012-06-26T03:18:07+00:00\",\"breadcrumb\":{\"@id\":\"https:\/\/www.oarcanjo.net\/site\/preparacao-da-festa-junina-2012-atencao-nos-detalhes\/#breadcrumb\"},\"inLanguage\":\"pt-BR\",\"potentialAction\":[{\"@type\":\"ReadAction\",\"target\":[\"https:\/\/www.oarcanjo.net\/site\/preparacao-da-festa-junina-2012-atencao-nos-detalhes\/\"]}]},{\"@type\":\"ImageObject\",\"inLanguage\":\"pt-BR\",\"@id\":\"https:\/\/www.oarcanjo.net\/site\/preparacao-da-festa-junina-2012-atencao-nos-detalhes\/#primaryimage\",\"url\":\"https:\/\/www.oarcanjo.net\/site\/wp-content\/uploads\/IMG_0987.jpg\",\"contentUrl\":\"https:\/\/www.oarcanjo.net\/site\/wp-content\/uploads\/IMG_0987.jpg\",\"width\":\"640\",\"height\":\"426\"},{\"@type\":\"BreadcrumbList\",\"@id\":\"https:\/\/www.oarcanjo.net\/site\/preparacao-da-festa-junina-2012-atencao-nos-detalhes\/#breadcrumb\",\"itemListElement\":[{\"@type\":\"ListItem\",\"position\":1,\"name\":\"In\u00edcio\",\"item\":\"https:\/\/www.oarcanjo.net\/site\/\"},{\"@type\":\"ListItem\",\"position\":2,\"name\":\"Prepara\u00e7\u00e3o da Festa Junina 2012 &#8211; aten\u00e7\u00e3o nos detalhes\"}]},{\"@type\":\"WebSite\",\"@id\":\"https:\/\/www.oarcanjo.net\/site\/#website\",\"url\":\"https:\/\/www.oarcanjo.net\/site\/\",\"name\":\"O Arcanjo no ar\",\"description\":\"Site da Par\u00f3quia S\u00e3o Miguel Arcanjo (Arquidiocese de SP)\",\"publisher\":{\"@id\":\"https:\/\/www.oarcanjo.net\/site\/#organization\"},\"potentialAction\":[{\"@type\":\"SearchAction\",\"target\":{\"@type\":\"EntryPoint\",\"urlTemplate\":\"https:\/\/www.oarcanjo.net\/site\/?s={search_term_string}\"},\"query-input\":{\"@type\":\"PropertyValueSpecification\",\"valueRequired\":true,\"valueName\":\"search_term_string\"}}],\"inLanguage\":\"pt-BR\"},{\"@type\":\"Organization\",\"@id\":\"https:\/\/www.oarcanjo.net\/site\/#organization\",\"name\":\"Par\u00f3quia S\u00e3o Miguel Arcanjo\",\"url\":\"https:\/\/www.oarcanjo.net\/site\/\",\"logo\":{\"@type\":\"ImageObject\",\"inLanguage\":\"pt-BR\",\"@id\":\"https:\/\/www.oarcanjo.net\/site\/#\/schema\/logo\/image\/\",\"url\":\"https:\/\/www.oarcanjo.net\/site\/wp-content\/uploads\/LogoOArcanjo.png\",\"contentUrl\":\"https:\/\/www.oarcanjo.net\/site\/wp-content\/uploads\/LogoOArcanjo.png\",\"width\":319,\"height\":99,\"caption\":\"Par\u00f3quia S\u00e3o Miguel Arcanjo\"},\"image\":{\"@id\":\"https:\/\/www.oarcanjo.net\/site\/#\/schema\/logo\/image\/\"},\"sameAs\":[\"https:\/\/www.facebook.com\/OArcanjoNoAr\/\"]},{\"@type\":\"Person\",\"@id\":\"https:\/\/www.oarcanjo.net\/site\/#\/schema\/person\/f7870e710d8c8c30673de3a0ac2e451d\",\"name\":\"carlos\"}]}<\/script>\n<!-- \/ Yoast SEO plugin. -->","yoast_head_json":{"title":"Prepara\u00e7\u00e3o da Festa Junina 2012 - aten\u00e7\u00e3o nos detalhes - O Arcanjo no ar","robots":{"index":"index","follow":"follow","max-snippet":"max-snippet:-1","max-image-preview":"max-image-preview:large","max-video-preview":"max-video-preview:-1"},"canonical":"https:\/\/www.oarcanjo.net\/site\/preparacao-da-festa-junina-2012-atencao-nos-detalhes\/","og_locale":"pt_BR","og_type":"article","og_title":"Prepara\u00e7\u00e3o da Festa Junina 2012 - aten\u00e7\u00e3o nos detalhes - O Arcanjo no ar","og_description":"Ambul\u00e2ncia da Prevent Senior. Curso de Brigada de Inc\u00eandio. Fechamento da Rua Sapucaia com autoriza\u00e7\u00e3o da CET. A organiza\u00e7\u00e3o da festa junina foi cuidadosa nos detalhes, especialmente com a seguran\u00e7a das pessoas. Foram avaliadas as condi\u00e7\u00f5es para seguran\u00e7a, inclusive considerando a situa\u00e7\u00e3o de utiliza\u00e7\u00e3o de fog\u00f5es e buj\u00f5es de g\u00e1s. Por isso foi realizado curso [&hellip;]","og_url":"https:\/\/www.oarcanjo.net\/site\/preparacao-da-festa-junina-2012-atencao-nos-detalhes\/","og_site_name":"O Arcanjo no ar","article_publisher":"https:\/\/www.facebook.com\/OArcanjoNoAr\/","article_published_time":"2012-06-25T23:05:53+00:00","article_modified_time":"2012-06-26T03:18:07+00:00","og_image":[{"url":"http:\/\/www.oarcanjo.net\/site\/wp-content\/uploads\/IMG_0987-300x199.jpg"}],"author":"carlos","twitter_card":"summary_large_image","twitter_misc":{"Escrito por":"carlos","Est. tempo de leitura":"1 minuto"},"schema":{"@context":"https:\/\/schema.org","@graph":[{"@type":"Article","@id":"https:\/\/www.oarcanjo.net\/site\/preparacao-da-festa-junina-2012-atencao-nos-detalhes\/#article","isPartOf":{"@id":"https:\/\/www.oarcanjo.net\/site\/preparacao-da-festa-junina-2012-atencao-nos-detalhes\/"},"author":{"name":"carlos","@id":"https:\/\/www.oarcanjo.net\/site\/#\/schema\/person\/f7870e710d8c8c30673de3a0ac2e451d"},"headline":"Prepara\u00e7\u00e3o da Festa Junina 2012 &#8211; aten\u00e7\u00e3o nos detalhes","datePublished":"2012-06-25T23:05:53+00:00","dateModified":"2012-06-26T03:18:07+00:00","mainEntityOfPage":{"@id":"https:\/\/www.oarcanjo.net\/site\/preparacao-da-festa-junina-2012-atencao-nos-detalhes\/"},"wordCount":168,"commentCount":0,"publisher":{"@id":"https:\/\/www.oarcanjo.net\/site\/#organization"},"image":{"@id":"https:\/\/www.oarcanjo.net\/site\/preparacao-da-festa-junina-2012-atencao-nos-detalhes\/#primaryimage"},"thumbnailUrl":"http:\/\/www.oarcanjo.net\/site\/wp-content\/uploads\/IMG_0987-300x199.jpg","keywords":["N Veras","Prevent Senior"],"articleSection":["Not\u00edcias"],"inLanguage":"pt-BR","potentialAction":[{"@type":"CommentAction","name":"Comment","target":["https:\/\/www.oarcanjo.net\/site\/preparacao-da-festa-junina-2012-atencao-nos-detalhes\/#respond"]}]},{"@type":"WebPage","@id":"https:\/\/www.oarcanjo.net\/site\/preparacao-da-festa-junina-2012-atencao-nos-detalhes\/","url":"https:\/\/www.oarcanjo.net\/site\/preparacao-da-festa-junina-2012-atencao-nos-detalhes\/","name":"Prepara\u00e7\u00e3o da Festa Junina 2012 - aten\u00e7\u00e3o nos detalhes - O Arcanjo no ar","isPartOf":{"@id":"https:\/\/www.oarcanjo.net\/site\/#website"},"primaryImageOfPage":{"@id":"https:\/\/www.oarcanjo.net\/site\/preparacao-da-festa-junina-2012-atencao-nos-detalhes\/#primaryimage"},"image":{"@id":"https:\/\/www.oarcanjo.net\/site\/preparacao-da-festa-junina-2012-atencao-nos-detalhes\/#primaryimage"},"thumbnailUrl":"http:\/\/www.oarcanjo.net\/site\/wp-content\/uploads\/IMG_0987-300x199.jpg","datePublished":"2012-06-25T23:05:53+00:00","dateModified":"2012-06-26T03:18:07+00:00","breadcrumb":{"@id":"https:\/\/www.oarcanjo.net\/site\/preparacao-da-festa-junina-2012-atencao-nos-detalhes\/#breadcrumb"},"inLanguage":"pt-BR","potentialAction":[{"@type":"ReadAction","target":["https:\/\/www.oarcanjo.net\/site\/preparacao-da-festa-junina-2012-atencao-nos-detalhes\/"]}]},{"@type":"ImageObject","inLanguage":"pt-BR","@id":"https:\/\/www.oarcanjo.net\/site\/preparacao-da-festa-junina-2012-atencao-nos-detalhes\/#primaryimage","url":"https:\/\/www.oarcanjo.net\/site\/wp-content\/uploads\/IMG_0987.jpg","contentUrl":"https:\/\/www.oarcanjo.net\/site\/wp-content\/uploads\/IMG_0987.jpg","width":"640","height":"426"},{"@type":"BreadcrumbList","@id":"https:\/\/www.oarcanjo.net\/site\/preparacao-da-festa-junina-2012-atencao-nos-detalhes\/#breadcrumb","itemListElement":[{"@type":"ListItem","position":1,"name":"In\u00edcio","item":"https:\/\/www.oarcanjo.net\/site\/"},{"@type":"ListItem","position":2,"name":"Prepara\u00e7\u00e3o da Festa Junina 2012 &#8211; aten\u00e7\u00e3o nos detalhes"}]},{"@type":"WebSite","@id":"https:\/\/www.oarcanjo.net\/site\/#website","url":"https:\/\/www.oarcanjo.net\/site\/","name":"O Arcanjo no ar","description":"Site da Par\u00f3quia S\u00e3o Miguel Arcanjo (Arquidiocese de SP)","publisher":{"@id":"https:\/\/www.oarcanjo.net\/site\/#organization"},"potentialAction":[{"@type":"SearchAction","target":{"@type":"EntryPoint","urlTemplate":"https:\/\/www.oarcanjo.net\/site\/?s={search_term_string}"},"query-input":{"@type":"PropertyValueSpecification","valueRequired":true,"valueName":"search_term_string"}}],"inLanguage":"pt-BR"},{"@type":"Organization","@id":"https:\/\/www.oarcanjo.net\/site\/#organization","name":"Par\u00f3quia S\u00e3o Miguel Arcanjo","url":"https:\/\/www.oarcanjo.net\/site\/","logo":{"@type":"ImageObject","inLanguage":"pt-BR","@id":"https:\/\/www.oarcanjo.net\/site\/#\/schema\/logo\/image\/","url":"https:\/\/www.oarcanjo.net\/site\/wp-content\/uploads\/LogoOArcanjo.png","contentUrl":"https:\/\/www.oarcanjo.net\/site\/wp-content\/uploads\/LogoOArcanjo.png","width":319,"height":99,"caption":"Par\u00f3quia S\u00e3o Miguel Arcanjo"},"image":{"@id":"https:\/\/www.oarcanjo.net\/site\/#\/schema\/logo\/image\/"},"sameAs":["https:\/\/www.facebook.com\/OArcanjoNoAr\/"]},{"@type":"Person","@id":"https:\/\/www.oarcanjo.net\/site\/#\/schema\/person\/f7870e710d8c8c30673de3a0ac2e451d","name":"carlos"}]}},"publishpress_future_action":{"enabled":false,"date":"2026-05-09 10:17:01","action":"category","newStatus":"draft","terms":[],"taxonomy":"category"},"publishpress_future_workflow_manual_trigger":{"enabledWorkflows":[]},"_links":{"self":[{"href":"https:\/\/www.oarcanjo.net\/site\/wp-json\/wp\/v2\/posts\/18428"}],"collection":[{"href":"https:\/\/www.oarcanjo.net\/site\/wp-json\/wp\/v2\/posts"}],"about":[{"href":"https:\/\/www.oarcanjo.net\/site\/wp-json\/wp\/v2\/types\/post"}],"author":[{"embeddable":true,"href":"https:\/\/www.oarcanjo.net\/site\/wp-json\/wp\/v2\/users\/10"}],"replies":[{"embeddable":true,"href":"https:\/\/www.oarcanjo.net\/site\/wp-json\/wp\/v2\/comments?post=18428"}],"version-history":[{"count":0,"href":"https:\/\/www.oarcanjo.net\/site\/wp-json\/wp\/v2\/posts\/18428\/revisions"}],"wp:attachment":[{"href":"https:\/\/www.oarcanjo.net\/site\/wp-json\/wp\/v2\/media?parent=18428"}],"wp:term":[{"taxonomy":"category","embeddable":true,"href":"https:\/\/www.oarcanjo.net\/site\/wp-json\/wp\/v2\/categories?post=18428"},{"taxonomy":"post_tag","embeddable":true,"href":"https:\/\/www.oarcanjo.net\/site\/wp-json\/wp\/v2\/tags?post=18428"}],"curies":[{"name":"wp","href":"https:\/\/api.w.org\/{rel}","templated":true}]}}