
{"id":18430,"date":"2012-06-25T20:08:46","date_gmt":"2012-06-25T23:08:46","guid":{"rendered":"http:\/\/www.oarcanjo.net\/site\/?p=18430"},"modified":"2012-07-01T11:33:07","modified_gmt":"2012-07-01T14:33:07","slug":"festa-junina-agita-do-sabado-na-mooca","status":"publish","type":"post","link":"https:\/\/www.oarcanjo.net\/site\/festa-junina-agita-do-sabado-na-mooca\/","title":{"rendered":"Festa Junina agita o s\u00e1bado na Mooca"},"content":{"rendered":"<p>Neste s\u00e1bado, 23\/06\/12, comidas t\u00edpicas, muita m\u00fasica e anima\u00e7\u00e3o na festa junina da Par\u00f3quia S\u00e3o Miguel Arcanjo, que assim reverenciou os santos deste m\u00eas, S\u00e3o Jo\u00e3o, Santo Antonio e S\u00e3o Pedro. As m\u00fasicas homenagearam os nossos irm\u00e3os do campo. Carlos Pitty e seus convidados animaram a noite com o talento de suas m\u00fasicas.<\/p>\n<p>Todos os agradecimentos \u00e0 Comunidade S\u00e3o Miguel Arcanjo que colaborou voluntariamente. Tamb\u00e9m aos vizinhos e empresas\u00a0que gentilmente colaboraram para esta festa.<\/p>\nngg_shortcode_0_placeholder\n<div id=\"themify_builder_content-18430\" data-postid=\"18430\" class=\"themify_builder_content themify_builder_content-18430 themify_builder themify_builder_front\">\n\t<\/div>\n<!-- \/themify_builder_content -->","protected":false},"excerpt":{"rendered":"<p>Neste s\u00e1bado, 23\/06\/12, comidas t\u00edpicas, muita m\u00fasica e anima\u00e7\u00e3o na festa junina da Par\u00f3quia S\u00e3o Miguel Arcanjo, que assim reverenciou os santos deste m\u00eas, S\u00e3o Jo\u00e3o, Santo Antonio e S\u00e3o Pedro. As m\u00fasicas homenagearam os nossos irm\u00e3os do campo. Carlos Pitty e seus convidados animaram a noite com o talento de suas m\u00fasicas. Todos os [&hellip;]<\/p>\n","protected":false},"author":10,"featured_media":0,"comment_status":"open","ping_status":"open","sticky":false,"template":"","format":"standard","meta":{"ngg_post_thumbnail":0,"footnotes":""},"categories":[8],"tags":[],"yoast_head":"<!-- This site is optimized with the Yoast SEO plugin v23.5 - https:\/\/yoast.com\/wordpress\/plugins\/seo\/ -->\n<title>Festa Junina agita o s\u00e1bado na Mooca - O Arcanjo no ar<\/title>\n<meta name=\"robots\" content=\"index, follow, max-snippet:-1, max-image-preview:large, max-video-preview:-1\" \/>\n<link rel=\"canonical\" href=\"https:\/\/www.oarcanjo.net\/site\/festa-junina-agita-do-sabado-na-mooca\/\" \/>\n<meta property=\"og:locale\" content=\"pt_BR\" \/>\n<meta property=\"og:type\" content=\"article\" \/>\n<meta property=\"og:title\" content=\"Festa Junina agita o s\u00e1bado na Mooca - O Arcanjo no ar\" \/>\n<meta property=\"og:description\" content=\"Neste s\u00e1bado, 23\/06\/12, comidas t\u00edpicas, muita m\u00fasica e anima\u00e7\u00e3o na festa junina da Par\u00f3quia S\u00e3o Miguel Arcanjo, que assim reverenciou os santos deste m\u00eas, S\u00e3o Jo\u00e3o, Santo Antonio e S\u00e3o Pedro. As m\u00fasicas homenagearam os nossos irm\u00e3os do campo. Carlos Pitty e seus convidados animaram a noite com o talento de suas m\u00fasicas. Todos os [&hellip;]\" \/>\n<meta property=\"og:url\" content=\"https:\/\/www.oarcanjo.net\/site\/festa-junina-agita-do-sabado-na-mooca\/\" \/>\n<meta property=\"og:site_name\" content=\"O Arcanjo no ar\" \/>\n<meta property=\"article:publisher\" content=\"https:\/\/www.facebook.com\/OArcanjoNoAr\/\" \/>\n<meta property=\"article:published_time\" content=\"2012-06-25T23:08:46+00:00\" \/>\n<meta property=\"article:modified_time\" content=\"2012-07-01T14:33:07+00:00\" \/>\n<meta property=\"og:image\" content=\"https:\/\/www.oarcanjo.net\/site\/wp-content\/uploads\/logo-o-arcanjo-no-ar-facebook.png\" \/>\n\t<meta property=\"og:image:width\" content=\"300\" \/>\n\t<meta property=\"og:image:height\" content=\"300\" \/>\n\t<meta property=\"og:image:type\" content=\"image\/png\" \/>\n<meta name=\"author\" content=\"carlos\" \/>\n<meta name=\"twitter:card\" content=\"summary_large_image\" \/>\n<meta name=\"twitter:label1\" content=\"Escrito por\" \/>\n\t<meta name=\"twitter:data1\" content=\"carlos\" \/>\n<script type=\"application\/ld+json\" class=\"yoast-schema-graph\">{\"@context\":\"https:\/\/schema.org\",\"@graph\":[{\"@type\":\"Article\",\"@id\":\"https:\/\/www.oarcanjo.net\/site\/festa-junina-agita-do-sabado-na-mooca\/#article\",\"isPartOf\":{\"@id\":\"https:\/\/www.oarcanjo.net\/site\/festa-junina-agita-do-sabado-na-mooca\/\"},\"author\":{\"name\":\"carlos\",\"@id\":\"https:\/\/www.oarcanjo.net\/site\/#\/schema\/person\/f7870e710d8c8c30673de3a0ac2e451d\"},\"headline\":\"Festa Junina agita o s\u00e1bado na Mooca\",\"datePublished\":\"2012-06-25T23:08:46+00:00\",\"dateModified\":\"2012-07-01T14:33:07+00:00\",\"mainEntityOfPage\":{\"@id\":\"https:\/\/www.oarcanjo.net\/site\/festa-junina-agita-do-sabado-na-mooca\/\"},\"wordCount\":98,\"commentCount\":0,\"publisher\":{\"@id\":\"https:\/\/www.oarcanjo.net\/site\/#organization\"},\"articleSection\":[\"Not\u00edcias\"],\"inLanguage\":\"pt-BR\",\"potentialAction\":[{\"@type\":\"CommentAction\",\"name\":\"Comment\",\"target\":[\"https:\/\/www.oarcanjo.net\/site\/festa-junina-agita-do-sabado-na-mooca\/#respond\"]}]},{\"@type\":\"WebPage\",\"@id\":\"https:\/\/www.oarcanjo.net\/site\/festa-junina-agita-do-sabado-na-mooca\/\",\"url\":\"https:\/\/www.oarcanjo.net\/site\/festa-junina-agita-do-sabado-na-mooca\/\",\"name\":\"Festa Junina agita o s\u00e1bado na Mooca - O Arcanjo no ar\",\"isPartOf\":{\"@id\":\"https:\/\/www.oarcanjo.net\/site\/#website\"},\"datePublished\":\"2012-06-25T23:08:46+00:00\",\"dateModified\":\"2012-07-01T14:33:07+00:00\",\"breadcrumb\":{\"@id\":\"https:\/\/www.oarcanjo.net\/site\/festa-junina-agita-do-sabado-na-mooca\/#breadcrumb\"},\"inLanguage\":\"pt-BR\",\"potentialAction\":[{\"@type\":\"ReadAction\",\"target\":[\"https:\/\/www.oarcanjo.net\/site\/festa-junina-agita-do-sabado-na-mooca\/\"]}]},{\"@type\":\"BreadcrumbList\",\"@id\":\"https:\/\/www.oarcanjo.net\/site\/festa-junina-agita-do-sabado-na-mooca\/#breadcrumb\",\"itemListElement\":[{\"@type\":\"ListItem\",\"position\":1,\"name\":\"In\u00edcio\",\"item\":\"https:\/\/www.oarcanjo.net\/site\/\"},{\"@type\":\"ListItem\",\"position\":2,\"name\":\"Festa Junina agita o s\u00e1bado na Mooca\"}]},{\"@type\":\"WebSite\",\"@id\":\"https:\/\/www.oarcanjo.net\/site\/#website\",\"url\":\"https:\/\/www.oarcanjo.net\/site\/\",\"name\":\"O Arcanjo no ar\",\"description\":\"Site da Par\u00f3quia S\u00e3o Miguel Arcanjo (Arquidiocese de SP)\",\"publisher\":{\"@id\":\"https:\/\/www.oarcanjo.net\/site\/#organization\"},\"potentialAction\":[{\"@type\":\"SearchAction\",\"target\":{\"@type\":\"EntryPoint\",\"urlTemplate\":\"https:\/\/www.oarcanjo.net\/site\/?s={search_term_string}\"},\"query-input\":{\"@type\":\"PropertyValueSpecification\",\"valueRequired\":true,\"valueName\":\"search_term_string\"}}],\"inLanguage\":\"pt-BR\"},{\"@type\":\"Organization\",\"@id\":\"https:\/\/www.oarcanjo.net\/site\/#organization\",\"name\":\"Par\u00f3quia S\u00e3o Miguel Arcanjo\",\"url\":\"https:\/\/www.oarcanjo.net\/site\/\",\"logo\":{\"@type\":\"ImageObject\",\"inLanguage\":\"pt-BR\",\"@id\":\"https:\/\/www.oarcanjo.net\/site\/#\/schema\/logo\/image\/\",\"url\":\"https:\/\/www.oarcanjo.net\/site\/wp-content\/uploads\/LogoOArcanjo.png\",\"contentUrl\":\"https:\/\/www.oarcanjo.net\/site\/wp-content\/uploads\/LogoOArcanjo.png\",\"width\":319,\"height\":99,\"caption\":\"Par\u00f3quia S\u00e3o Miguel Arcanjo\"},\"image\":{\"@id\":\"https:\/\/www.oarcanjo.net\/site\/#\/schema\/logo\/image\/\"},\"sameAs\":[\"https:\/\/www.facebook.com\/OArcanjoNoAr\/\"]},{\"@type\":\"Person\",\"@id\":\"https:\/\/www.oarcanjo.net\/site\/#\/schema\/person\/f7870e710d8c8c30673de3a0ac2e451d\",\"name\":\"carlos\"}]}<\/script>\n<!-- \/ Yoast SEO plugin. -->","yoast_head_json":{"title":"Festa Junina agita o s\u00e1bado na Mooca - O Arcanjo no ar","robots":{"index":"index","follow":"follow","max-snippet":"max-snippet:-1","max-image-preview":"max-image-preview:large","max-video-preview":"max-video-preview:-1"},"canonical":"https:\/\/www.oarcanjo.net\/site\/festa-junina-agita-do-sabado-na-mooca\/","og_locale":"pt_BR","og_type":"article","og_title":"Festa Junina agita o s\u00e1bado na Mooca - O Arcanjo no ar","og_description":"Neste s\u00e1bado, 23\/06\/12, comidas t\u00edpicas, muita m\u00fasica e anima\u00e7\u00e3o na festa junina da Par\u00f3quia S\u00e3o Miguel Arcanjo, que assim reverenciou os santos deste m\u00eas, S\u00e3o Jo\u00e3o, Santo Antonio e S\u00e3o Pedro. As m\u00fasicas homenagearam os nossos irm\u00e3os do campo. Carlos Pitty e seus convidados animaram a noite com o talento de suas m\u00fasicas. Todos os [&hellip;]","og_url":"https:\/\/www.oarcanjo.net\/site\/festa-junina-agita-do-sabado-na-mooca\/","og_site_name":"O Arcanjo no ar","article_publisher":"https:\/\/www.facebook.com\/OArcanjoNoAr\/","article_published_time":"2012-06-25T23:08:46+00:00","article_modified_time":"2012-07-01T14:33:07+00:00","og_image":[{"width":300,"height":300,"url":"https:\/\/www.oarcanjo.net\/site\/wp-content\/uploads\/logo-o-arcanjo-no-ar-facebook.png","type":"image\/png"}],"author":"carlos","twitter_card":"summary_large_image","twitter_misc":{"Escrito por":"carlos"},"schema":{"@context":"https:\/\/schema.org","@graph":[{"@type":"Article","@id":"https:\/\/www.oarcanjo.net\/site\/festa-junina-agita-do-sabado-na-mooca\/#article","isPartOf":{"@id":"https:\/\/www.oarcanjo.net\/site\/festa-junina-agita-do-sabado-na-mooca\/"},"author":{"name":"carlos","@id":"https:\/\/www.oarcanjo.net\/site\/#\/schema\/person\/f7870e710d8c8c30673de3a0ac2e451d"},"headline":"Festa Junina agita o s\u00e1bado na Mooca","datePublished":"2012-06-25T23:08:46+00:00","dateModified":"2012-07-01T14:33:07+00:00","mainEntityOfPage":{"@id":"https:\/\/www.oarcanjo.net\/site\/festa-junina-agita-do-sabado-na-mooca\/"},"wordCount":98,"commentCount":0,"publisher":{"@id":"https:\/\/www.oarcanjo.net\/site\/#organization"},"articleSection":["Not\u00edcias"],"inLanguage":"pt-BR","potentialAction":[{"@type":"CommentAction","name":"Comment","target":["https:\/\/www.oarcanjo.net\/site\/festa-junina-agita-do-sabado-na-mooca\/#respond"]}]},{"@type":"WebPage","@id":"https:\/\/www.oarcanjo.net\/site\/festa-junina-agita-do-sabado-na-mooca\/","url":"https:\/\/www.oarcanjo.net\/site\/festa-junina-agita-do-sabado-na-mooca\/","name":"Festa Junina agita o s\u00e1bado na Mooca - O Arcanjo no ar","isPartOf":{"@id":"https:\/\/www.oarcanjo.net\/site\/#website"},"datePublished":"2012-06-25T23:08:46+00:00","dateModified":"2012-07-01T14:33:07+00:00","breadcrumb":{"@id":"https:\/\/www.oarcanjo.net\/site\/festa-junina-agita-do-sabado-na-mooca\/#breadcrumb"},"inLanguage":"pt-BR","potentialAction":[{"@type":"ReadAction","target":["https:\/\/www.oarcanjo.net\/site\/festa-junina-agita-do-sabado-na-mooca\/"]}]},{"@type":"BreadcrumbList","@id":"https:\/\/www.oarcanjo.net\/site\/festa-junina-agita-do-sabado-na-mooca\/#breadcrumb","itemListElement":[{"@type":"ListItem","position":1,"name":"In\u00edcio","item":"https:\/\/www.oarcanjo.net\/site\/"},{"@type":"ListItem","position":2,"name":"Festa Junina agita o s\u00e1bado na Mooca"}]},{"@type":"WebSite","@id":"https:\/\/www.oarcanjo.net\/site\/#website","url":"https:\/\/www.oarcanjo.net\/site\/","name":"O Arcanjo no ar","description":"Site da Par\u00f3quia S\u00e3o Miguel Arcanjo (Arquidiocese de SP)","publisher":{"@id":"https:\/\/www.oarcanjo.net\/site\/#organization"},"potentialAction":[{"@type":"SearchAction","target":{"@type":"EntryPoint","urlTemplate":"https:\/\/www.oarcanjo.net\/site\/?s={search_term_string}"},"query-input":{"@type":"PropertyValueSpecification","valueRequired":true,"valueName":"search_term_string"}}],"inLanguage":"pt-BR"},{"@type":"Organization","@id":"https:\/\/www.oarcanjo.net\/site\/#organization","name":"Par\u00f3quia S\u00e3o Miguel Arcanjo","url":"https:\/\/www.oarcanjo.net\/site\/","logo":{"@type":"ImageObject","inLanguage":"pt-BR","@id":"https:\/\/www.oarcanjo.net\/site\/#\/schema\/logo\/image\/","url":"https:\/\/www.oarcanjo.net\/site\/wp-content\/uploads\/LogoOArcanjo.png","contentUrl":"https:\/\/www.oarcanjo.net\/site\/wp-content\/uploads\/LogoOArcanjo.png","width":319,"height":99,"caption":"Par\u00f3quia S\u00e3o Miguel Arcanjo"},"image":{"@id":"https:\/\/www.oarcanjo.net\/site\/#\/schema\/logo\/image\/"},"sameAs":["https:\/\/www.facebook.com\/OArcanjoNoAr\/"]},{"@type":"Person","@id":"https:\/\/www.oarcanjo.net\/site\/#\/schema\/person\/f7870e710d8c8c30673de3a0ac2e451d","name":"carlos"}]}},"publishpress_future_action":{"enabled":false,"date":"2026-05-09 08:54:13","action":"category","newStatus":"draft","terms":[],"taxonomy":"category"},"publishpress_future_workflow_manual_trigger":{"enabledWorkflows":[]},"_links":{"self":[{"href":"https:\/\/www.oarcanjo.net\/site\/wp-json\/wp\/v2\/posts\/18430"}],"collection":[{"href":"https:\/\/www.oarcanjo.net\/site\/wp-json\/wp\/v2\/posts"}],"about":[{"href":"https:\/\/www.oarcanjo.net\/site\/wp-json\/wp\/v2\/types\/post"}],"author":[{"embeddable":true,"href":"https:\/\/www.oarcanjo.net\/site\/wp-json\/wp\/v2\/users\/10"}],"replies":[{"embeddable":true,"href":"https:\/\/www.oarcanjo.net\/site\/wp-json\/wp\/v2\/comments?post=18430"}],"version-history":[{"count":0,"href":"https:\/\/www.oarcanjo.net\/site\/wp-json\/wp\/v2\/posts\/18430\/revisions"}],"wp:attachment":[{"href":"https:\/\/www.oarcanjo.net\/site\/wp-json\/wp\/v2\/media?parent=18430"}],"wp:term":[{"taxonomy":"category","embeddable":true,"href":"https:\/\/www.oarcanjo.net\/site\/wp-json\/wp\/v2\/categories?post=18430"},{"taxonomy":"post_tag","embeddable":true,"href":"https:\/\/www.oarcanjo.net\/site\/wp-json\/wp\/v2\/tags?post=18430"}],"curies":[{"name":"wp","href":"https:\/\/api.w.org\/{rel}","templated":true}]}}