
{"id":18434,"date":"2012-06-25T20:20:20","date_gmt":"2012-06-25T23:20:20","guid":{"rendered":"http:\/\/www.oarcanjo.net\/site\/?p=18434"},"modified":"2012-07-01T18:01:04","modified_gmt":"2012-07-01T21:01:04","slug":"uma-das-melhores-festas-juninas-de-2012-na-mooca","status":"publish","type":"post","link":"https:\/\/www.oarcanjo.net\/site\/uma-das-melhores-festas-juninas-de-2012-na-mooca\/","title":{"rendered":"Uma das melhores festas juninas de 2012 na Mooca"},"content":{"rendered":"<p>Uma das melhores festas juninas na Mooca neste ano. Muitas pessoas fizeram esse coment\u00e1rio, pois a festa junina, al\u00e9m de disponibilizar as comidas t\u00edpicas, tamb\u00e9m brindou aqueles que vieram com m\u00fasicas da melhor qualidade. Teve dan\u00e7a, a tradicional quadrilha nordestina com o Grupo Asa Branca, m\u00fasicos consagrados e no final, o Cover Beatles.<\/p>\n<p>Mirian Regina (Miroca) e Carla Fernanda, relataram a festa assim:<\/p>\n<p><strong>DIVERS\u00c3O E TRADI\u00c7\u00c3O JUNINA UNINDO AS FAM\u00cdLIAS<\/strong><\/p>\n<p>Nos dia 23 e 24 de junho de 2012 aconteceu na nossa Par\u00f3quia de S\u00e3o Miguel Arcanjo\u00a0mais uma Festa Junina.<\/p>\n<p>V\u00e1rias barracas\u00a0t\u00edpicas deliciaram os presentes com comidas e doces t\u00edpicos. Teve churrasco, crepe, pastel, batata, frita, quent\u00e3o, vinho quente, macarr\u00e3o, caldo verde e sopa de milho, tudo preparado com muito carinho e capricho por membros da Comunidade.<\/p>\n<p>Tivemos, ainda, barracas dos jovens com brincadeiras e correio elegante.<\/p>\n<p>V\u00e1rias apresenta\u00e7\u00f5es movimentaram o palco: no s\u00e1bado, uma noite sertaneja com shows da dupla de Guarulhos, Marcos e Edu, energia e simpatia &#8211; e em seguida, Carlos Pitty, voz e anima\u00e7\u00e3o, que j\u00e1 possui f\u00e3s na comunidade que cantaram com ele seus sucessos e dan\u00e7aram o melhor do sertanejo.<\/p>\n<p><a href=\"http:\/\/www.oarcanjo.net\/site\/wp-content\/uploads\/CARLOS-PITTY-MOOCA-1.jpg\"><img loading=\"lazy\" decoding=\"async\" class=\"alignleft size-medium wp-image-18476\" title=\"OLYMPUS DIGITAL CAMERA\" src=\"http:\/\/www.oarcanjo.net\/site\/wp-content\/uploads\/CARLOS-PITTY-MOOCA-1-300x225.jpg\" alt=\"\" width=\"300\" height=\"225\" srcset=\"https:\/\/www.oarcanjo.net\/site\/wp-content\/uploads\/CARLOS-PITTY-MOOCA-1-300x225.jpg 300w, https:\/\/www.oarcanjo.net\/site\/wp-content\/uploads\/CARLOS-PITTY-MOOCA-1.jpg 640w\" sizes=\"(max-width: 300px) 100vw, 300px\" \/><\/a><a href=\"http:\/\/www.oarcanjo.net\/site\/wp-content\/uploads\/CARLOS-PITTY-MOOCA-3.jpg\"><img loading=\"lazy\" decoding=\"async\" class=\"alignright size-medium wp-image-18477\" title=\"OLYMPUS DIGITAL CAMERA\" src=\"http:\/\/www.oarcanjo.net\/site\/wp-content\/uploads\/CARLOS-PITTY-MOOCA-3-300x225.jpg\" alt=\"\" width=\"300\" height=\"225\" srcset=\"https:\/\/www.oarcanjo.net\/site\/wp-content\/uploads\/CARLOS-PITTY-MOOCA-3-300x225.jpg 300w, https:\/\/www.oarcanjo.net\/site\/wp-content\/uploads\/CARLOS-PITTY-MOOCA-3.jpg 640w\" sizes=\"(max-width: 300px) 100vw, 300px\" \/><\/a><\/p>\n<p>No domingo, a festa come\u00e7ou com Ricardo Ferrara cantando, com sua voz potente, mod\u00f5es sertanejos e uma m\u00fasica religiosa que contou com a participa\u00e7\u00e3o de C\u00e1tia Teixeira e Tatiane Mendes.<\/p>\n<p><a href=\"http:\/\/www.oarcanjo.net\/site\/wp-content\/uploads\/IMG_00392.jpg\"><img loading=\"lazy\" decoding=\"async\" class=\"alignleft size-medium wp-image-18481\" title=\"IMG_0039\" src=\"http:\/\/www.oarcanjo.net\/site\/wp-content\/uploads\/IMG_00392-300x199.jpg\" alt=\"\" width=\"300\" height=\"199\" srcset=\"https:\/\/www.oarcanjo.net\/site\/wp-content\/uploads\/IMG_00392-300x199.jpg 300w, https:\/\/www.oarcanjo.net\/site\/wp-content\/uploads\/IMG_00392.jpg 640w\" sizes=\"(max-width: 300px) 100vw, 300px\" \/><\/a><\/p>\n<p>Durante a tarde a dupla catarinense Jaisson e Juliano encantaram e cantaram o que o povo quis ouvir e atenderam v\u00e1rios pedidos.<\/p>\n<p><a href=\"http:\/\/www.oarcanjo.net\/site\/wp-content\/uploads\/jaisson-e-juliano-show-moooca-2012-4.jpg\"><img loading=\"lazy\" decoding=\"async\" class=\"alignleft size-medium wp-image-18478\" title=\"OLYMPUS DIGITAL CAMERA\" src=\"http:\/\/www.oarcanjo.net\/site\/wp-content\/uploads\/jaisson-e-juliano-show-moooca-2012-4-300x225.jpg\" alt=\"\" width=\"300\" height=\"225\" srcset=\"https:\/\/www.oarcanjo.net\/site\/wp-content\/uploads\/jaisson-e-juliano-show-moooca-2012-4-300x225.jpg 300w, https:\/\/www.oarcanjo.net\/site\/wp-content\/uploads\/jaisson-e-juliano-show-moooca-2012-4.jpg 640w\" sizes=\"(max-width: 300px) 100vw, 300px\" \/><\/a><a href=\"http:\/\/www.oarcanjo.net\/site\/wp-content\/uploads\/jaisson-e-juliano-show-moooca-2012-1.jpg\"><img loading=\"lazy\" decoding=\"async\" class=\"alignright size-medium wp-image-18479\" title=\"OLYMPUS DIGITAL CAMERA\" src=\"http:\/\/www.oarcanjo.net\/site\/wp-content\/uploads\/jaisson-e-juliano-show-moooca-2012-1-300x225.jpg\" alt=\"\" width=\"300\" height=\"225\" srcset=\"https:\/\/www.oarcanjo.net\/site\/wp-content\/uploads\/jaisson-e-juliano-show-moooca-2012-1-300x225.jpg 300w, https:\/\/www.oarcanjo.net\/site\/wp-content\/uploads\/jaisson-e-juliano-show-moooca-2012-1.jpg 640w\" sizes=\"(max-width: 300px) 100vw, 300px\" \/><\/a><\/p>\n<p>Depois, foi a vez do Grupo de canto da Par\u00f3quia, que liderados pela Liliane e M\u00e1rio, com Regina, Solange e Mirian (Miroca), passearam pelas m\u00fasicas tradicionais juninas, convidando os amigos para cantarem com eles&#8230;<\/p>\n<p><a href=\"http:\/\/www.oarcanjo.net\/site\/wp-content\/uploads\/IMG_0672.jpg\"><img loading=\"lazy\" decoding=\"async\" class=\"alignleft size-medium wp-image-18482\" title=\"IMG_0672\" src=\"http:\/\/www.oarcanjo.net\/site\/wp-content\/uploads\/IMG_0672-300x199.jpg\" alt=\"\" width=\"300\" height=\"199\" srcset=\"https:\/\/www.oarcanjo.net\/site\/wp-content\/uploads\/IMG_0672-300x199.jpg 300w, https:\/\/www.oarcanjo.net\/site\/wp-content\/uploads\/IMG_0672.jpg 640w\" sizes=\"(max-width: 300px) 100vw, 300px\" \/><\/a><\/p>\n<p>Seguiu-se a quadrilha Asa Branca, que animou o p\u00fablico presente e encantou as crian\u00e7as com uma dan\u00e7a muito bem coreografada, que nos levou pelos ritmos do Nordeste.<\/p>\n<p><a href=\"http:\/\/www.oarcanjo.net\/site\/wp-content\/uploads\/IMG_0731.jpg\"><img loading=\"lazy\" decoding=\"async\" class=\"alignleft size-medium wp-image-18483\" title=\"IMG_0731\" src=\"http:\/\/www.oarcanjo.net\/site\/wp-content\/uploads\/IMG_0731-300x199.jpg\" alt=\"\" width=\"300\" height=\"199\" srcset=\"https:\/\/www.oarcanjo.net\/site\/wp-content\/uploads\/IMG_0731-300x199.jpg 300w, https:\/\/www.oarcanjo.net\/site\/wp-content\/uploads\/IMG_0731.jpg 640w\" sizes=\"(max-width: 300px) 100vw, 300px\" \/><\/a><span style=\"font-family: Calibri; font-size: small;\"><a href=\"http:\/\/www.oarcanjo.net\/site\/wp-content\/uploads\/IMG_0772.jpg\"><img loading=\"lazy\" decoding=\"async\" class=\"alignright size-medium wp-image-18484\" title=\"IMG_0772\" src=\"http:\/\/www.oarcanjo.net\/site\/wp-content\/uploads\/IMG_0772-300x199.jpg\" alt=\"\" width=\"300\" height=\"199\" srcset=\"https:\/\/www.oarcanjo.net\/site\/wp-content\/uploads\/IMG_0772-300x199.jpg 300w, https:\/\/www.oarcanjo.net\/site\/wp-content\/uploads\/IMG_0772.jpg 640w\" sizes=\"(max-width: 300px) 100vw, 300px\" \/><\/a><\/span><\/p>\n<p>O Cantor paranaense Fabrini veio acompanhado do sanfoneiro Carlinhos Cok\u00f3 fez um p\u00fablico de quase 2 mil pessoas dan\u00e7ar e cantar o melhor do sertanejo universit\u00e1rio e dos mod\u00f5es.<\/p>\n<p><a href=\"http:\/\/www.oarcanjo.net\/site\/wp-content\/uploads\/fabrini-show-moooca-2012-5.jpg\"><img loading=\"lazy\" decoding=\"async\" class=\"alignleft size-medium wp-image-18485\" title=\"OLYMPUS DIGITAL CAMERA\" src=\"http:\/\/www.oarcanjo.net\/site\/wp-content\/uploads\/fabrini-show-moooca-2012-5-300x225.jpg\" alt=\"\" width=\"300\" height=\"225\" srcset=\"https:\/\/www.oarcanjo.net\/site\/wp-content\/uploads\/fabrini-show-moooca-2012-5-300x225.jpg 300w, https:\/\/www.oarcanjo.net\/site\/wp-content\/uploads\/fabrini-show-moooca-2012-5.jpg 640w\" sizes=\"(max-width: 300px) 100vw, 300px\" \/><\/a><a href=\"http:\/\/www.oarcanjo.net\/site\/wp-content\/uploads\/fabrini-show-moooca-2012-1.jpg\"><img loading=\"lazy\" decoding=\"async\" class=\"alignright size-medium wp-image-18486\" title=\"OLYMPUS DIGITAL CAMERA\" src=\"http:\/\/www.oarcanjo.net\/site\/wp-content\/uploads\/fabrini-show-moooca-2012-1-300x225.jpg\" alt=\"\" width=\"300\" height=\"225\" srcset=\"https:\/\/www.oarcanjo.net\/site\/wp-content\/uploads\/fabrini-show-moooca-2012-1-300x225.jpg 300w, https:\/\/www.oarcanjo.net\/site\/wp-content\/uploads\/fabrini-show-moooca-2012-1.jpg 640w\" sizes=\"(max-width: 300px) 100vw, 300px\" \/><\/a><\/p>\n<p>O cantor Pik Massaru, assim como no ano passado encantou-nos com sua voz de veludo e suas interpreta\u00e7\u00f5es rom\u00e2nticas, preparando o p\u00fablico para a explos\u00e3o que foi a banda Beatles Cover, liderada pelo nosso paroquiano Geraldo, que encerrou as apresenta\u00e7\u00f5es de 2012.<\/p>\n<p><a href=\"http:\/\/www.oarcanjo.net\/site\/wp-content\/uploads\/pik-massaru-show-mooca-2012-14.jpg\"><img loading=\"lazy\" decoding=\"async\" class=\"alignleft size-medium wp-image-18487\" title=\"OLYMPUS DIGITAL CAMERA\" src=\"http:\/\/www.oarcanjo.net\/site\/wp-content\/uploads\/pik-massaru-show-mooca-2012-14-300x225.jpg\" alt=\"\" width=\"300\" height=\"225\" srcset=\"https:\/\/www.oarcanjo.net\/site\/wp-content\/uploads\/pik-massaru-show-mooca-2012-14-300x225.jpg 300w, https:\/\/www.oarcanjo.net\/site\/wp-content\/uploads\/pik-massaru-show-mooca-2012-14.jpg 640w\" sizes=\"(max-width: 300px) 100vw, 300px\" \/><\/a><a href=\"http:\/\/www.oarcanjo.net\/site\/wp-content\/uploads\/pik-massaru-show-mooca-2012-9.jpg\"><img loading=\"lazy\" decoding=\"async\" class=\"alignright size-medium wp-image-18488\" title=\"OLYMPUS DIGITAL CAMERA\" src=\"http:\/\/www.oarcanjo.net\/site\/wp-content\/uploads\/pik-massaru-show-mooca-2012-9-300x225.jpg\" alt=\"\" width=\"300\" height=\"225\" srcset=\"https:\/\/www.oarcanjo.net\/site\/wp-content\/uploads\/pik-massaru-show-mooca-2012-9-300x225.jpg 300w, https:\/\/www.oarcanjo.net\/site\/wp-content\/uploads\/pik-massaru-show-mooca-2012-9.jpg 640w\" sizes=\"(max-width: 300px) 100vw, 300px\" \/><\/a><\/p>\n<p><a href=\"http:\/\/www.oarcanjo.net\/site\/wp-content\/uploads\/the-beatles-cover-show-mooca-6.jpg\"><img loading=\"lazy\" decoding=\"async\" class=\"alignleft size-medium wp-image-18489\" title=\"OLYMPUS DIGITAL CAMERA\" src=\"http:\/\/www.oarcanjo.net\/site\/wp-content\/uploads\/the-beatles-cover-show-mooca-6-300x225.jpg\" alt=\"\" width=\"300\" height=\"225\" srcset=\"https:\/\/www.oarcanjo.net\/site\/wp-content\/uploads\/the-beatles-cover-show-mooca-6-300x225.jpg 300w, https:\/\/www.oarcanjo.net\/site\/wp-content\/uploads\/the-beatles-cover-show-mooca-6.jpg 640w\" sizes=\"(max-width: 300px) 100vw, 300px\" \/><\/a><a href=\"http:\/\/www.oarcanjo.net\/site\/wp-content\/uploads\/the-beatles-cover-show-mooca-2.jpg\"><img loading=\"lazy\" decoding=\"async\" class=\"alignright size-medium wp-image-18490\" title=\"OLYMPUS DIGITAL CAMERA\" src=\"http:\/\/www.oarcanjo.net\/site\/wp-content\/uploads\/the-beatles-cover-show-mooca-2-300x225.jpg\" alt=\"\" width=\"300\" height=\"225\" srcset=\"https:\/\/www.oarcanjo.net\/site\/wp-content\/uploads\/the-beatles-cover-show-mooca-2-300x225.jpg 300w, https:\/\/www.oarcanjo.net\/site\/wp-content\/uploads\/the-beatles-cover-show-mooca-2.jpg 640w\" sizes=\"(max-width: 300px) 100vw, 300px\" \/><\/a><\/p>\n<p>Todos os artistas que se apresentaram levaram seu carinho e talento como convidados e de maneira beneficente, colaborando com as obras sociais da Igreja S\u00e3o Miguel Arcanjo e do nosso querido P\u00e1roco Julio Lancelotti.<\/p>\n<p>A Festa foi um sucesso gra\u00e7as \u00e0 dedica\u00e7\u00e3o da equipe de volunt\u00e1rios,\u00a0liderada pela doce Miriam Meyer.<\/p>\n<p>Agradecemos a todos que fizeram esses momentos poss\u00edveis!<\/p>\n<p>Viva Santo Ant\u00f4nio, S\u00e3o Jo\u00e3o, S\u00e3o Pedro e S\u00e3o Miguel!!!!<\/p>\n<p>&nbsp;<\/p>\n<p>Vejam mais fotos do domingo:<\/p>\nngg_shortcode_0_placeholder\n<div id=\"themify_builder_content-18434\" data-postid=\"18434\" class=\"themify_builder_content themify_builder_content-18434 themify_builder themify_builder_front\">\n\t<\/div>\n<!-- \/themify_builder_content -->","protected":false},"excerpt":{"rendered":"<p>Uma das melhores festas juninas na Mooca neste ano. Muitas pessoas fizeram esse coment\u00e1rio, pois a festa junina, al\u00e9m de disponibilizar as comidas t\u00edpicas, tamb\u00e9m brindou aqueles que vieram com m\u00fasicas da melhor qualidade. Teve dan\u00e7a, a tradicional quadrilha nordestina com o Grupo Asa Branca, m\u00fasicos consagrados e no final, o Cover Beatles. Mirian Regina [&hellip;]<\/p>\n","protected":false},"author":10,"featured_media":0,"comment_status":"open","ping_status":"open","sticky":false,"template":"","format":"standard","meta":{"ngg_post_thumbnail":0,"footnotes":""},"categories":[8],"tags":[],"yoast_head":"<!-- This site is optimized with the Yoast SEO plugin v23.5 - https:\/\/yoast.com\/wordpress\/plugins\/seo\/ -->\n<title>Uma das melhores festas juninas de 2012 na Mooca - O Arcanjo no ar<\/title>\n<meta name=\"robots\" content=\"index, follow, max-snippet:-1, max-image-preview:large, max-video-preview:-1\" \/>\n<link rel=\"canonical\" href=\"https:\/\/www.oarcanjo.net\/site\/uma-das-melhores-festas-juninas-de-2012-na-mooca\/\" \/>\n<meta property=\"og:locale\" content=\"pt_BR\" \/>\n<meta property=\"og:type\" content=\"article\" \/>\n<meta property=\"og:title\" content=\"Uma das melhores festas juninas de 2012 na Mooca - O Arcanjo no ar\" \/>\n<meta property=\"og:description\" content=\"Uma das melhores festas juninas na Mooca neste ano. Muitas pessoas fizeram esse coment\u00e1rio, pois a festa junina, al\u00e9m de disponibilizar as comidas t\u00edpicas, tamb\u00e9m brindou aqueles que vieram com m\u00fasicas da melhor qualidade. Teve dan\u00e7a, a tradicional quadrilha nordestina com o Grupo Asa Branca, m\u00fasicos consagrados e no final, o Cover Beatles. Mirian Regina [&hellip;]\" \/>\n<meta property=\"og:url\" content=\"https:\/\/www.oarcanjo.net\/site\/uma-das-melhores-festas-juninas-de-2012-na-mooca\/\" \/>\n<meta property=\"og:site_name\" content=\"O Arcanjo no ar\" \/>\n<meta property=\"article:publisher\" content=\"https:\/\/www.facebook.com\/OArcanjoNoAr\/\" \/>\n<meta property=\"article:published_time\" content=\"2012-06-25T23:20:20+00:00\" \/>\n<meta property=\"article:modified_time\" content=\"2012-07-01T21:01:04+00:00\" \/>\n<meta property=\"og:image\" content=\"http:\/\/www.oarcanjo.net\/site\/wp-content\/uploads\/CARLOS-PITTY-MOOCA-1-300x225.jpg\" \/>\n<meta name=\"author\" content=\"carlos\" \/>\n<meta name=\"twitter:card\" content=\"summary_large_image\" \/>\n<meta name=\"twitter:label1\" content=\"Escrito por\" \/>\n\t<meta name=\"twitter:data1\" content=\"carlos\" \/>\n\t<meta name=\"twitter:label2\" content=\"Est. tempo de leitura\" \/>\n\t<meta name=\"twitter:data2\" content=\"2 minutos\" \/>\n<script type=\"application\/ld+json\" class=\"yoast-schema-graph\">{\"@context\":\"https:\/\/schema.org\",\"@graph\":[{\"@type\":\"Article\",\"@id\":\"https:\/\/www.oarcanjo.net\/site\/uma-das-melhores-festas-juninas-de-2012-na-mooca\/#article\",\"isPartOf\":{\"@id\":\"https:\/\/www.oarcanjo.net\/site\/uma-das-melhores-festas-juninas-de-2012-na-mooca\/\"},\"author\":{\"name\":\"carlos\",\"@id\":\"https:\/\/www.oarcanjo.net\/site\/#\/schema\/person\/f7870e710d8c8c30673de3a0ac2e451d\"},\"headline\":\"Uma das melhores festas juninas de 2012 na Mooca\",\"datePublished\":\"2012-06-25T23:20:20+00:00\",\"dateModified\":\"2012-07-01T21:01:04+00:00\",\"mainEntityOfPage\":{\"@id\":\"https:\/\/www.oarcanjo.net\/site\/uma-das-melhores-festas-juninas-de-2012-na-mooca\/\"},\"wordCount\":506,\"commentCount\":4,\"publisher\":{\"@id\":\"https:\/\/www.oarcanjo.net\/site\/#organization\"},\"image\":{\"@id\":\"https:\/\/www.oarcanjo.net\/site\/uma-das-melhores-festas-juninas-de-2012-na-mooca\/#primaryimage\"},\"thumbnailUrl\":\"http:\/\/www.oarcanjo.net\/site\/wp-content\/uploads\/CARLOS-PITTY-MOOCA-1-300x225.jpg\",\"articleSection\":[\"Not\u00edcias\"],\"inLanguage\":\"pt-BR\",\"potentialAction\":[{\"@type\":\"CommentAction\",\"name\":\"Comment\",\"target\":[\"https:\/\/www.oarcanjo.net\/site\/uma-das-melhores-festas-juninas-de-2012-na-mooca\/#respond\"]}]},{\"@type\":\"WebPage\",\"@id\":\"https:\/\/www.oarcanjo.net\/site\/uma-das-melhores-festas-juninas-de-2012-na-mooca\/\",\"url\":\"https:\/\/www.oarcanjo.net\/site\/uma-das-melhores-festas-juninas-de-2012-na-mooca\/\",\"name\":\"Uma das melhores festas juninas de 2012 na Mooca - O Arcanjo no ar\",\"isPartOf\":{\"@id\":\"https:\/\/www.oarcanjo.net\/site\/#website\"},\"primaryImageOfPage\":{\"@id\":\"https:\/\/www.oarcanjo.net\/site\/uma-das-melhores-festas-juninas-de-2012-na-mooca\/#primaryimage\"},\"image\":{\"@id\":\"https:\/\/www.oarcanjo.net\/site\/uma-das-melhores-festas-juninas-de-2012-na-mooca\/#primaryimage\"},\"thumbnailUrl\":\"http:\/\/www.oarcanjo.net\/site\/wp-content\/uploads\/CARLOS-PITTY-MOOCA-1-300x225.jpg\",\"datePublished\":\"2012-06-25T23:20:20+00:00\",\"dateModified\":\"2012-07-01T21:01:04+00:00\",\"breadcrumb\":{\"@id\":\"https:\/\/www.oarcanjo.net\/site\/uma-das-melhores-festas-juninas-de-2012-na-mooca\/#breadcrumb\"},\"inLanguage\":\"pt-BR\",\"potentialAction\":[{\"@type\":\"ReadAction\",\"target\":[\"https:\/\/www.oarcanjo.net\/site\/uma-das-melhores-festas-juninas-de-2012-na-mooca\/\"]}]},{\"@type\":\"ImageObject\",\"inLanguage\":\"pt-BR\",\"@id\":\"https:\/\/www.oarcanjo.net\/site\/uma-das-melhores-festas-juninas-de-2012-na-mooca\/#primaryimage\",\"url\":\"https:\/\/www.oarcanjo.net\/site\/wp-content\/uploads\/CARLOS-PITTY-MOOCA-1.jpg\",\"contentUrl\":\"https:\/\/www.oarcanjo.net\/site\/wp-content\/uploads\/CARLOS-PITTY-MOOCA-1.jpg\",\"width\":\"640\",\"height\":\"480\"},{\"@type\":\"BreadcrumbList\",\"@id\":\"https:\/\/www.oarcanjo.net\/site\/uma-das-melhores-festas-juninas-de-2012-na-mooca\/#breadcrumb\",\"itemListElement\":[{\"@type\":\"ListItem\",\"position\":1,\"name\":\"In\u00edcio\",\"item\":\"https:\/\/www.oarcanjo.net\/site\/\"},{\"@type\":\"ListItem\",\"position\":2,\"name\":\"Uma das melhores festas juninas de 2012 na Mooca\"}]},{\"@type\":\"WebSite\",\"@id\":\"https:\/\/www.oarcanjo.net\/site\/#website\",\"url\":\"https:\/\/www.oarcanjo.net\/site\/\",\"name\":\"O Arcanjo no ar\",\"description\":\"Site da Par\u00f3quia S\u00e3o Miguel Arcanjo (Arquidiocese de SP)\",\"publisher\":{\"@id\":\"https:\/\/www.oarcanjo.net\/site\/#organization\"},\"potentialAction\":[{\"@type\":\"SearchAction\",\"target\":{\"@type\":\"EntryPoint\",\"urlTemplate\":\"https:\/\/www.oarcanjo.net\/site\/?s={search_term_string}\"},\"query-input\":{\"@type\":\"PropertyValueSpecification\",\"valueRequired\":true,\"valueName\":\"search_term_string\"}}],\"inLanguage\":\"pt-BR\"},{\"@type\":\"Organization\",\"@id\":\"https:\/\/www.oarcanjo.net\/site\/#organization\",\"name\":\"Par\u00f3quia S\u00e3o Miguel Arcanjo\",\"url\":\"https:\/\/www.oarcanjo.net\/site\/\",\"logo\":{\"@type\":\"ImageObject\",\"inLanguage\":\"pt-BR\",\"@id\":\"https:\/\/www.oarcanjo.net\/site\/#\/schema\/logo\/image\/\",\"url\":\"https:\/\/www.oarcanjo.net\/site\/wp-content\/uploads\/LogoOArcanjo.png\",\"contentUrl\":\"https:\/\/www.oarcanjo.net\/site\/wp-content\/uploads\/LogoOArcanjo.png\",\"width\":319,\"height\":99,\"caption\":\"Par\u00f3quia S\u00e3o Miguel Arcanjo\"},\"image\":{\"@id\":\"https:\/\/www.oarcanjo.net\/site\/#\/schema\/logo\/image\/\"},\"sameAs\":[\"https:\/\/www.facebook.com\/OArcanjoNoAr\/\"]},{\"@type\":\"Person\",\"@id\":\"https:\/\/www.oarcanjo.net\/site\/#\/schema\/person\/f7870e710d8c8c30673de3a0ac2e451d\",\"name\":\"carlos\"}]}<\/script>\n<!-- \/ Yoast SEO plugin. -->","yoast_head_json":{"title":"Uma das melhores festas juninas de 2012 na Mooca - O Arcanjo no ar","robots":{"index":"index","follow":"follow","max-snippet":"max-snippet:-1","max-image-preview":"max-image-preview:large","max-video-preview":"max-video-preview:-1"},"canonical":"https:\/\/www.oarcanjo.net\/site\/uma-das-melhores-festas-juninas-de-2012-na-mooca\/","og_locale":"pt_BR","og_type":"article","og_title":"Uma das melhores festas juninas de 2012 na Mooca - O Arcanjo no ar","og_description":"Uma das melhores festas juninas na Mooca neste ano. Muitas pessoas fizeram esse coment\u00e1rio, pois a festa junina, al\u00e9m de disponibilizar as comidas t\u00edpicas, tamb\u00e9m brindou aqueles que vieram com m\u00fasicas da melhor qualidade. Teve dan\u00e7a, a tradicional quadrilha nordestina com o Grupo Asa Branca, m\u00fasicos consagrados e no final, o Cover Beatles. Mirian Regina [&hellip;]","og_url":"https:\/\/www.oarcanjo.net\/site\/uma-das-melhores-festas-juninas-de-2012-na-mooca\/","og_site_name":"O Arcanjo no ar","article_publisher":"https:\/\/www.facebook.com\/OArcanjoNoAr\/","article_published_time":"2012-06-25T23:20:20+00:00","article_modified_time":"2012-07-01T21:01:04+00:00","og_image":[{"url":"http:\/\/www.oarcanjo.net\/site\/wp-content\/uploads\/CARLOS-PITTY-MOOCA-1-300x225.jpg"}],"author":"carlos","twitter_card":"summary_large_image","twitter_misc":{"Escrito por":"carlos","Est. tempo de leitura":"2 minutos"},"schema":{"@context":"https:\/\/schema.org","@graph":[{"@type":"Article","@id":"https:\/\/www.oarcanjo.net\/site\/uma-das-melhores-festas-juninas-de-2012-na-mooca\/#article","isPartOf":{"@id":"https:\/\/www.oarcanjo.net\/site\/uma-das-melhores-festas-juninas-de-2012-na-mooca\/"},"author":{"name":"carlos","@id":"https:\/\/www.oarcanjo.net\/site\/#\/schema\/person\/f7870e710d8c8c30673de3a0ac2e451d"},"headline":"Uma das melhores festas juninas de 2012 na Mooca","datePublished":"2012-06-25T23:20:20+00:00","dateModified":"2012-07-01T21:01:04+00:00","mainEntityOfPage":{"@id":"https:\/\/www.oarcanjo.net\/site\/uma-das-melhores-festas-juninas-de-2012-na-mooca\/"},"wordCount":506,"commentCount":4,"publisher":{"@id":"https:\/\/www.oarcanjo.net\/site\/#organization"},"image":{"@id":"https:\/\/www.oarcanjo.net\/site\/uma-das-melhores-festas-juninas-de-2012-na-mooca\/#primaryimage"},"thumbnailUrl":"http:\/\/www.oarcanjo.net\/site\/wp-content\/uploads\/CARLOS-PITTY-MOOCA-1-300x225.jpg","articleSection":["Not\u00edcias"],"inLanguage":"pt-BR","potentialAction":[{"@type":"CommentAction","name":"Comment","target":["https:\/\/www.oarcanjo.net\/site\/uma-das-melhores-festas-juninas-de-2012-na-mooca\/#respond"]}]},{"@type":"WebPage","@id":"https:\/\/www.oarcanjo.net\/site\/uma-das-melhores-festas-juninas-de-2012-na-mooca\/","url":"https:\/\/www.oarcanjo.net\/site\/uma-das-melhores-festas-juninas-de-2012-na-mooca\/","name":"Uma das melhores festas juninas de 2012 na Mooca - O Arcanjo no ar","isPartOf":{"@id":"https:\/\/www.oarcanjo.net\/site\/#website"},"primaryImageOfPage":{"@id":"https:\/\/www.oarcanjo.net\/site\/uma-das-melhores-festas-juninas-de-2012-na-mooca\/#primaryimage"},"image":{"@id":"https:\/\/www.oarcanjo.net\/site\/uma-das-melhores-festas-juninas-de-2012-na-mooca\/#primaryimage"},"thumbnailUrl":"http:\/\/www.oarcanjo.net\/site\/wp-content\/uploads\/CARLOS-PITTY-MOOCA-1-300x225.jpg","datePublished":"2012-06-25T23:20:20+00:00","dateModified":"2012-07-01T21:01:04+00:00","breadcrumb":{"@id":"https:\/\/www.oarcanjo.net\/site\/uma-das-melhores-festas-juninas-de-2012-na-mooca\/#breadcrumb"},"inLanguage":"pt-BR","potentialAction":[{"@type":"ReadAction","target":["https:\/\/www.oarcanjo.net\/site\/uma-das-melhores-festas-juninas-de-2012-na-mooca\/"]}]},{"@type":"ImageObject","inLanguage":"pt-BR","@id":"https:\/\/www.oarcanjo.net\/site\/uma-das-melhores-festas-juninas-de-2012-na-mooca\/#primaryimage","url":"https:\/\/www.oarcanjo.net\/site\/wp-content\/uploads\/CARLOS-PITTY-MOOCA-1.jpg","contentUrl":"https:\/\/www.oarcanjo.net\/site\/wp-content\/uploads\/CARLOS-PITTY-MOOCA-1.jpg","width":"640","height":"480"},{"@type":"BreadcrumbList","@id":"https:\/\/www.oarcanjo.net\/site\/uma-das-melhores-festas-juninas-de-2012-na-mooca\/#breadcrumb","itemListElement":[{"@type":"ListItem","position":1,"name":"In\u00edcio","item":"https:\/\/www.oarcanjo.net\/site\/"},{"@type":"ListItem","position":2,"name":"Uma das melhores festas juninas de 2012 na Mooca"}]},{"@type":"WebSite","@id":"https:\/\/www.oarcanjo.net\/site\/#website","url":"https:\/\/www.oarcanjo.net\/site\/","name":"O Arcanjo no ar","description":"Site da Par\u00f3quia S\u00e3o Miguel Arcanjo (Arquidiocese de SP)","publisher":{"@id":"https:\/\/www.oarcanjo.net\/site\/#organization"},"potentialAction":[{"@type":"SearchAction","target":{"@type":"EntryPoint","urlTemplate":"https:\/\/www.oarcanjo.net\/site\/?s={search_term_string}"},"query-input":{"@type":"PropertyValueSpecification","valueRequired":true,"valueName":"search_term_string"}}],"inLanguage":"pt-BR"},{"@type":"Organization","@id":"https:\/\/www.oarcanjo.net\/site\/#organization","name":"Par\u00f3quia S\u00e3o Miguel Arcanjo","url":"https:\/\/www.oarcanjo.net\/site\/","logo":{"@type":"ImageObject","inLanguage":"pt-BR","@id":"https:\/\/www.oarcanjo.net\/site\/#\/schema\/logo\/image\/","url":"https:\/\/www.oarcanjo.net\/site\/wp-content\/uploads\/LogoOArcanjo.png","contentUrl":"https:\/\/www.oarcanjo.net\/site\/wp-content\/uploads\/LogoOArcanjo.png","width":319,"height":99,"caption":"Par\u00f3quia S\u00e3o Miguel Arcanjo"},"image":{"@id":"https:\/\/www.oarcanjo.net\/site\/#\/schema\/logo\/image\/"},"sameAs":["https:\/\/www.facebook.com\/OArcanjoNoAr\/"]},{"@type":"Person","@id":"https:\/\/www.oarcanjo.net\/site\/#\/schema\/person\/f7870e710d8c8c30673de3a0ac2e451d","name":"carlos"}]}},"publishpress_future_action":{"enabled":false,"date":"2026-05-09 08:53:30","action":"category","newStatus":"draft","terms":[],"taxonomy":"category"},"publishpress_future_workflow_manual_trigger":{"enabledWorkflows":[]},"_links":{"self":[{"href":"https:\/\/www.oarcanjo.net\/site\/wp-json\/wp\/v2\/posts\/18434"}],"collection":[{"href":"https:\/\/www.oarcanjo.net\/site\/wp-json\/wp\/v2\/posts"}],"about":[{"href":"https:\/\/www.oarcanjo.net\/site\/wp-json\/wp\/v2\/types\/post"}],"author":[{"embeddable":true,"href":"https:\/\/www.oarcanjo.net\/site\/wp-json\/wp\/v2\/users\/10"}],"replies":[{"embeddable":true,"href":"https:\/\/www.oarcanjo.net\/site\/wp-json\/wp\/v2\/comments?post=18434"}],"version-history":[{"count":0,"href":"https:\/\/www.oarcanjo.net\/site\/wp-json\/wp\/v2\/posts\/18434\/revisions"}],"wp:attachment":[{"href":"https:\/\/www.oarcanjo.net\/site\/wp-json\/wp\/v2\/media?parent=18434"}],"wp:term":[{"taxonomy":"category","embeddable":true,"href":"https:\/\/www.oarcanjo.net\/site\/wp-json\/wp\/v2\/categories?post=18434"},{"taxonomy":"post_tag","embeddable":true,"href":"https:\/\/www.oarcanjo.net\/site\/wp-json\/wp\/v2\/tags?post=18434"}],"curies":[{"name":"wp","href":"https:\/\/api.w.org\/{rel}","templated":true}]}}