
{"id":1844,"date":"2009-02-15T09:18:47","date_gmt":"2009-02-15T11:18:47","guid":{"rendered":"http:\/\/www.oarcanjo.net\/site\/?p=1844"},"modified":"2009-02-24T11:18:14","modified_gmt":"2009-02-24T14:18:14","slug":"o-grupo-arco-iris-discute-o-tema-da-campanha-da-fraternidade","status":"publish","type":"post","link":"https:\/\/www.oarcanjo.net\/site\/o-grupo-arco-iris-discute-o-tema-da-campanha-da-fraternidade\/","title":{"rendered":"Grupo Arco-\u00edris discute tema da Campanha da Fraternidade"},"content":{"rendered":"<p><img loading=\"lazy\" decoding=\"async\" src=\"http:\/\/www.oarcanjo.net\/site\/wp-content\/uploads\/selocf2009.png\" alt=\"A paz \u00e9 fruto da justi\u00e7a\" title=\"Campanha da Fraternidade 2009\" width=\"120\" height=\"168\" class=\"size-full wp-image-1731\" align=\"right\" hspace=\"5\"\/>Segunda-feira, dia 09 de fevereiro, recome\u00e7amos nossos encontros, j\u00e1 com o livrinho da Campanha da Fraternidade de 2009 (CF 2009), apesar de ainda estarmos no TEMPO COMUM. Sempre \u00e9 tempo de ora\u00e7\u00e3o e reflex\u00e3o.<\/p>\n<p><strong>FRATERNIDADE E SEGURAN\u00c7A P\u00daBLICA <\/strong>\u00e9 um assunto pol\u00eamico.<\/p>\n<p>Iniciamos com ora\u00e7\u00f5es, leitura da B\u00edblia e a partilha das experi\u00eancias. Nesse momento quase todos quiseram falar. Mais da metade das pessoas do grupo j\u00e1 sofreu algum tipo de viol\u00eancia, a come\u00e7ar pela Cidinha, que foi o caso mais grave, o caso da L\u00facia que ficou por horas nas m\u00e3os de bandidos (ela e os dois filhos da patroa, de 3 e 6 anos), casos de sequestro-rel\u00e2mpago, assaltos, v\u00edtimas de estelionato etc., sem falar da viol\u00eancia psicol\u00f3gica.<\/p>\n<p>S\u00f3 saber que bandido \u00e9 bandido porque a falta de emprego, moradia, sa\u00fade, educa\u00e7\u00e3o o levou a isso, n\u00e3o resolve o problema da nossa inseguran\u00e7a.<\/p>\n<p>Outro ponto que foi muito falado foi de que a viol\u00eancia tem se disseminado tanto pela certeza da impunidade. Todos n\u00f3s nos sentimos v\u00edtimas, sem poder contar com as autoridades.<\/p>\n<p><strong>GESTO CONCRETO<\/strong><\/p>\n<p>O que fazer? Na nossa fragilidade, a solu\u00e7\u00e3o encontrada foi: <em>orar e pedir \u00e0 Deus prote\u00e7\u00e3o. Na medida do poss\u00edvel sempre acompanharmos uns aos outros.<\/em><\/p>\n<p>J\u00e1 marcamos o pr\u00f3ximo encontro, e vamos ver se podemos fazer mais do que nos comprometemos nesse encontro.<\/p>\n<p>E que DEUS nos aben\u00e7\u00f4e e nos guarde.<\/p>\n<p><em>Grupo Arco-\u00cdris<\/em><\/p>\n<div id=\"themify_builder_content-1844\" data-postid=\"1844\" class=\"themify_builder_content themify_builder_content-1844 themify_builder themify_builder_front\">\n\t<\/div>\n<!-- \/themify_builder_content -->","protected":false},"excerpt":{"rendered":"<p>Segunda-feira, dia 09 de fevereiro, recome\u00e7amos nossos encontros, j\u00e1 com o livrinho da Campanha da Fraternidade de 2009 (CF 2009), apesar de ainda estarmos no TEMPO COMUM. Sempre \u00e9 tempo de ora\u00e7\u00e3o e reflex\u00e3o. FRATERNIDADE E SEGURAN\u00c7A P\u00daBLICA \u00e9 um assunto pol\u00eamico. Iniciamos com ora\u00e7\u00f5es, leitura da B\u00edblia e a partilha das experi\u00eancias. Nesse momento [&hellip;]<\/p>\n","protected":false},"author":3,"featured_media":0,"comment_status":"open","ping_status":"open","sticky":false,"template":"","format":"standard","meta":{"ngg_post_thumbnail":0,"footnotes":""},"categories":[241,8],"tags":[229,253,230,167,231,20],"yoast_head":"<!-- This site is optimized with the Yoast SEO plugin v23.5 - https:\/\/yoast.com\/wordpress\/plugins\/seo\/ -->\n<title>Grupo Arco-\u00edris discute tema da Campanha da Fraternidade - O Arcanjo no ar<\/title>\n<meta name=\"robots\" content=\"index, follow, max-snippet:-1, max-image-preview:large, max-video-preview:-1\" \/>\n<link rel=\"canonical\" href=\"https:\/\/www.oarcanjo.net\/site\/o-grupo-arco-iris-discute-o-tema-da-campanha-da-fraternidade\/\" \/>\n<meta property=\"og:locale\" content=\"pt_BR\" \/>\n<meta property=\"og:type\" content=\"article\" \/>\n<meta property=\"og:title\" content=\"Grupo Arco-\u00edris discute tema da Campanha da Fraternidade - O Arcanjo no ar\" \/>\n<meta property=\"og:description\" content=\"Segunda-feira, dia 09 de fevereiro, recome\u00e7amos nossos encontros, j\u00e1 com o livrinho da Campanha da Fraternidade de 2009 (CF 2009), apesar de ainda estarmos no TEMPO COMUM. Sempre \u00e9 tempo de ora\u00e7\u00e3o e reflex\u00e3o. FRATERNIDADE E SEGURAN\u00c7A P\u00daBLICA \u00e9 um assunto pol\u00eamico. Iniciamos com ora\u00e7\u00f5es, leitura da B\u00edblia e a partilha das experi\u00eancias. Nesse momento [&hellip;]\" \/>\n<meta property=\"og:url\" content=\"https:\/\/www.oarcanjo.net\/site\/o-grupo-arco-iris-discute-o-tema-da-campanha-da-fraternidade\/\" \/>\n<meta property=\"og:site_name\" content=\"O Arcanjo no ar\" \/>\n<meta property=\"article:publisher\" content=\"https:\/\/www.facebook.com\/OArcanjoNoAr\/\" \/>\n<meta property=\"article:published_time\" content=\"2009-02-15T11:18:47+00:00\" \/>\n<meta property=\"article:modified_time\" content=\"2009-02-24T14:18:14+00:00\" \/>\n<meta property=\"og:image\" content=\"http:\/\/www.oarcanjo.net\/site\/wp-content\/uploads\/selocf2009.png\" \/>\n<meta name=\"author\" content=\"miriam.meyer\" \/>\n<meta name=\"twitter:card\" content=\"summary_large_image\" \/>\n<meta name=\"twitter:label1\" content=\"Escrito por\" \/>\n\t<meta name=\"twitter:data1\" content=\"miriam.meyer\" \/>\n\t<meta name=\"twitter:label2\" content=\"Est. tempo de leitura\" \/>\n\t<meta name=\"twitter:data2\" content=\"1 minuto\" \/>\n<script type=\"application\/ld+json\" class=\"yoast-schema-graph\">{\"@context\":\"https:\/\/schema.org\",\"@graph\":[{\"@type\":\"Article\",\"@id\":\"https:\/\/www.oarcanjo.net\/site\/o-grupo-arco-iris-discute-o-tema-da-campanha-da-fraternidade\/#article\",\"isPartOf\":{\"@id\":\"https:\/\/www.oarcanjo.net\/site\/o-grupo-arco-iris-discute-o-tema-da-campanha-da-fraternidade\/\"},\"author\":{\"name\":\"miriam.meyer\",\"@id\":\"https:\/\/www.oarcanjo.net\/site\/#\/schema\/person\/ce0fba3450314a09c6442cfee983a3d8\"},\"headline\":\"Grupo Arco-\u00edris discute tema da Campanha da Fraternidade\",\"datePublished\":\"2009-02-15T11:18:47+00:00\",\"dateModified\":\"2009-02-24T14:18:14+00:00\",\"mainEntityOfPage\":{\"@id\":\"https:\/\/www.oarcanjo.net\/site\/o-grupo-arco-iris-discute-o-tema-da-campanha-da-fraternidade\/\"},\"wordCount\":259,\"commentCount\":6,\"publisher\":{\"@id\":\"https:\/\/www.oarcanjo.net\/site\/#organization\"},\"image\":{\"@id\":\"https:\/\/www.oarcanjo.net\/site\/o-grupo-arco-iris-discute-o-tema-da-campanha-da-fraternidade\/#primaryimage\"},\"thumbnailUrl\":\"http:\/\/www.oarcanjo.net\/site\/wp-content\/uploads\/selocf2009.png\",\"keywords\":[\"Campanha da Fraternidade\",\"grupo arco-\u00edris\",\"justi\u00e7a\",\"paz\",\"seguran\u00e7a\",\"viol\u00eancia\"],\"articleSection\":[\"CF\",\"Not\u00edcias\"],\"inLanguage\":\"pt-BR\",\"potentialAction\":[{\"@type\":\"CommentAction\",\"name\":\"Comment\",\"target\":[\"https:\/\/www.oarcanjo.net\/site\/o-grupo-arco-iris-discute-o-tema-da-campanha-da-fraternidade\/#respond\"]}]},{\"@type\":\"WebPage\",\"@id\":\"https:\/\/www.oarcanjo.net\/site\/o-grupo-arco-iris-discute-o-tema-da-campanha-da-fraternidade\/\",\"url\":\"https:\/\/www.oarcanjo.net\/site\/o-grupo-arco-iris-discute-o-tema-da-campanha-da-fraternidade\/\",\"name\":\"Grupo Arco-\u00edris discute tema da Campanha da Fraternidade - O Arcanjo no ar\",\"isPartOf\":{\"@id\":\"https:\/\/www.oarcanjo.net\/site\/#website\"},\"primaryImageOfPage\":{\"@id\":\"https:\/\/www.oarcanjo.net\/site\/o-grupo-arco-iris-discute-o-tema-da-campanha-da-fraternidade\/#primaryimage\"},\"image\":{\"@id\":\"https:\/\/www.oarcanjo.net\/site\/o-grupo-arco-iris-discute-o-tema-da-campanha-da-fraternidade\/#primaryimage\"},\"thumbnailUrl\":\"http:\/\/www.oarcanjo.net\/site\/wp-content\/uploads\/selocf2009.png\",\"datePublished\":\"2009-02-15T11:18:47+00:00\",\"dateModified\":\"2009-02-24T14:18:14+00:00\",\"breadcrumb\":{\"@id\":\"https:\/\/www.oarcanjo.net\/site\/o-grupo-arco-iris-discute-o-tema-da-campanha-da-fraternidade\/#breadcrumb\"},\"inLanguage\":\"pt-BR\",\"potentialAction\":[{\"@type\":\"ReadAction\",\"target\":[\"https:\/\/www.oarcanjo.net\/site\/o-grupo-arco-iris-discute-o-tema-da-campanha-da-fraternidade\/\"]}]},{\"@type\":\"ImageObject\",\"inLanguage\":\"pt-BR\",\"@id\":\"https:\/\/www.oarcanjo.net\/site\/o-grupo-arco-iris-discute-o-tema-da-campanha-da-fraternidade\/#primaryimage\",\"url\":\"https:\/\/www.oarcanjo.net\/site\/wp-content\/uploads\/selocf2009.png\",\"contentUrl\":\"https:\/\/www.oarcanjo.net\/site\/wp-content\/uploads\/selocf2009.png\",\"width\":120,\"height\":168,\"caption\":\"A paz \u00e9 fruto da justi\u00e7a\"},{\"@type\":\"BreadcrumbList\",\"@id\":\"https:\/\/www.oarcanjo.net\/site\/o-grupo-arco-iris-discute-o-tema-da-campanha-da-fraternidade\/#breadcrumb\",\"itemListElement\":[{\"@type\":\"ListItem\",\"position\":1,\"name\":\"In\u00edcio\",\"item\":\"https:\/\/www.oarcanjo.net\/site\/\"},{\"@type\":\"ListItem\",\"position\":2,\"name\":\"Grupo Arco-\u00edris discute tema da Campanha da Fraternidade\"}]},{\"@type\":\"WebSite\",\"@id\":\"https:\/\/www.oarcanjo.net\/site\/#website\",\"url\":\"https:\/\/www.oarcanjo.net\/site\/\",\"name\":\"O Arcanjo no ar\",\"description\":\"Site da Par\u00f3quia S\u00e3o Miguel Arcanjo (Arquidiocese de SP)\",\"publisher\":{\"@id\":\"https:\/\/www.oarcanjo.net\/site\/#organization\"},\"potentialAction\":[{\"@type\":\"SearchAction\",\"target\":{\"@type\":\"EntryPoint\",\"urlTemplate\":\"https:\/\/www.oarcanjo.net\/site\/?s={search_term_string}\"},\"query-input\":{\"@type\":\"PropertyValueSpecification\",\"valueRequired\":true,\"valueName\":\"search_term_string\"}}],\"inLanguage\":\"pt-BR\"},{\"@type\":\"Organization\",\"@id\":\"https:\/\/www.oarcanjo.net\/site\/#organization\",\"name\":\"Par\u00f3quia S\u00e3o Miguel Arcanjo\",\"url\":\"https:\/\/www.oarcanjo.net\/site\/\",\"logo\":{\"@type\":\"ImageObject\",\"inLanguage\":\"pt-BR\",\"@id\":\"https:\/\/www.oarcanjo.net\/site\/#\/schema\/logo\/image\/\",\"url\":\"https:\/\/www.oarcanjo.net\/site\/wp-content\/uploads\/LogoOArcanjo.png\",\"contentUrl\":\"https:\/\/www.oarcanjo.net\/site\/wp-content\/uploads\/LogoOArcanjo.png\",\"width\":319,\"height\":99,\"caption\":\"Par\u00f3quia S\u00e3o Miguel Arcanjo\"},\"image\":{\"@id\":\"https:\/\/www.oarcanjo.net\/site\/#\/schema\/logo\/image\/\"},\"sameAs\":[\"https:\/\/www.facebook.com\/OArcanjoNoAr\/\"]},{\"@type\":\"Person\",\"@id\":\"https:\/\/www.oarcanjo.net\/site\/#\/schema\/person\/ce0fba3450314a09c6442cfee983a3d8\",\"name\":\"miriam.meyer\"}]}<\/script>\n<!-- \/ Yoast SEO plugin. -->","yoast_head_json":{"title":"Grupo Arco-\u00edris discute tema da Campanha da Fraternidade - O Arcanjo no ar","robots":{"index":"index","follow":"follow","max-snippet":"max-snippet:-1","max-image-preview":"max-image-preview:large","max-video-preview":"max-video-preview:-1"},"canonical":"https:\/\/www.oarcanjo.net\/site\/o-grupo-arco-iris-discute-o-tema-da-campanha-da-fraternidade\/","og_locale":"pt_BR","og_type":"article","og_title":"Grupo Arco-\u00edris discute tema da Campanha da Fraternidade - O Arcanjo no ar","og_description":"Segunda-feira, dia 09 de fevereiro, recome\u00e7amos nossos encontros, j\u00e1 com o livrinho da Campanha da Fraternidade de 2009 (CF 2009), apesar de ainda estarmos no TEMPO COMUM. Sempre \u00e9 tempo de ora\u00e7\u00e3o e reflex\u00e3o. FRATERNIDADE E SEGURAN\u00c7A P\u00daBLICA \u00e9 um assunto pol\u00eamico. Iniciamos com ora\u00e7\u00f5es, leitura da B\u00edblia e a partilha das experi\u00eancias. Nesse momento [&hellip;]","og_url":"https:\/\/www.oarcanjo.net\/site\/o-grupo-arco-iris-discute-o-tema-da-campanha-da-fraternidade\/","og_site_name":"O Arcanjo no ar","article_publisher":"https:\/\/www.facebook.com\/OArcanjoNoAr\/","article_published_time":"2009-02-15T11:18:47+00:00","article_modified_time":"2009-02-24T14:18:14+00:00","og_image":[{"url":"http:\/\/www.oarcanjo.net\/site\/wp-content\/uploads\/selocf2009.png"}],"author":"miriam.meyer","twitter_card":"summary_large_image","twitter_misc":{"Escrito por":"miriam.meyer","Est. tempo de leitura":"1 minuto"},"schema":{"@context":"https:\/\/schema.org","@graph":[{"@type":"Article","@id":"https:\/\/www.oarcanjo.net\/site\/o-grupo-arco-iris-discute-o-tema-da-campanha-da-fraternidade\/#article","isPartOf":{"@id":"https:\/\/www.oarcanjo.net\/site\/o-grupo-arco-iris-discute-o-tema-da-campanha-da-fraternidade\/"},"author":{"name":"miriam.meyer","@id":"https:\/\/www.oarcanjo.net\/site\/#\/schema\/person\/ce0fba3450314a09c6442cfee983a3d8"},"headline":"Grupo Arco-\u00edris discute tema da Campanha da Fraternidade","datePublished":"2009-02-15T11:18:47+00:00","dateModified":"2009-02-24T14:18:14+00:00","mainEntityOfPage":{"@id":"https:\/\/www.oarcanjo.net\/site\/o-grupo-arco-iris-discute-o-tema-da-campanha-da-fraternidade\/"},"wordCount":259,"commentCount":6,"publisher":{"@id":"https:\/\/www.oarcanjo.net\/site\/#organization"},"image":{"@id":"https:\/\/www.oarcanjo.net\/site\/o-grupo-arco-iris-discute-o-tema-da-campanha-da-fraternidade\/#primaryimage"},"thumbnailUrl":"http:\/\/www.oarcanjo.net\/site\/wp-content\/uploads\/selocf2009.png","keywords":["Campanha da Fraternidade","grupo arco-\u00edris","justi\u00e7a","paz","seguran\u00e7a","viol\u00eancia"],"articleSection":["CF","Not\u00edcias"],"inLanguage":"pt-BR","potentialAction":[{"@type":"CommentAction","name":"Comment","target":["https:\/\/www.oarcanjo.net\/site\/o-grupo-arco-iris-discute-o-tema-da-campanha-da-fraternidade\/#respond"]}]},{"@type":"WebPage","@id":"https:\/\/www.oarcanjo.net\/site\/o-grupo-arco-iris-discute-o-tema-da-campanha-da-fraternidade\/","url":"https:\/\/www.oarcanjo.net\/site\/o-grupo-arco-iris-discute-o-tema-da-campanha-da-fraternidade\/","name":"Grupo Arco-\u00edris discute tema da Campanha da Fraternidade - O Arcanjo no ar","isPartOf":{"@id":"https:\/\/www.oarcanjo.net\/site\/#website"},"primaryImageOfPage":{"@id":"https:\/\/www.oarcanjo.net\/site\/o-grupo-arco-iris-discute-o-tema-da-campanha-da-fraternidade\/#primaryimage"},"image":{"@id":"https:\/\/www.oarcanjo.net\/site\/o-grupo-arco-iris-discute-o-tema-da-campanha-da-fraternidade\/#primaryimage"},"thumbnailUrl":"http:\/\/www.oarcanjo.net\/site\/wp-content\/uploads\/selocf2009.png","datePublished":"2009-02-15T11:18:47+00:00","dateModified":"2009-02-24T14:18:14+00:00","breadcrumb":{"@id":"https:\/\/www.oarcanjo.net\/site\/o-grupo-arco-iris-discute-o-tema-da-campanha-da-fraternidade\/#breadcrumb"},"inLanguage":"pt-BR","potentialAction":[{"@type":"ReadAction","target":["https:\/\/www.oarcanjo.net\/site\/o-grupo-arco-iris-discute-o-tema-da-campanha-da-fraternidade\/"]}]},{"@type":"ImageObject","inLanguage":"pt-BR","@id":"https:\/\/www.oarcanjo.net\/site\/o-grupo-arco-iris-discute-o-tema-da-campanha-da-fraternidade\/#primaryimage","url":"https:\/\/www.oarcanjo.net\/site\/wp-content\/uploads\/selocf2009.png","contentUrl":"https:\/\/www.oarcanjo.net\/site\/wp-content\/uploads\/selocf2009.png","width":120,"height":168,"caption":"A paz \u00e9 fruto da justi\u00e7a"},{"@type":"BreadcrumbList","@id":"https:\/\/www.oarcanjo.net\/site\/o-grupo-arco-iris-discute-o-tema-da-campanha-da-fraternidade\/#breadcrumb","itemListElement":[{"@type":"ListItem","position":1,"name":"In\u00edcio","item":"https:\/\/www.oarcanjo.net\/site\/"},{"@type":"ListItem","position":2,"name":"Grupo Arco-\u00edris discute tema da Campanha da Fraternidade"}]},{"@type":"WebSite","@id":"https:\/\/www.oarcanjo.net\/site\/#website","url":"https:\/\/www.oarcanjo.net\/site\/","name":"O Arcanjo no ar","description":"Site da Par\u00f3quia S\u00e3o Miguel Arcanjo (Arquidiocese de SP)","publisher":{"@id":"https:\/\/www.oarcanjo.net\/site\/#organization"},"potentialAction":[{"@type":"SearchAction","target":{"@type":"EntryPoint","urlTemplate":"https:\/\/www.oarcanjo.net\/site\/?s={search_term_string}"},"query-input":{"@type":"PropertyValueSpecification","valueRequired":true,"valueName":"search_term_string"}}],"inLanguage":"pt-BR"},{"@type":"Organization","@id":"https:\/\/www.oarcanjo.net\/site\/#organization","name":"Par\u00f3quia S\u00e3o Miguel Arcanjo","url":"https:\/\/www.oarcanjo.net\/site\/","logo":{"@type":"ImageObject","inLanguage":"pt-BR","@id":"https:\/\/www.oarcanjo.net\/site\/#\/schema\/logo\/image\/","url":"https:\/\/www.oarcanjo.net\/site\/wp-content\/uploads\/LogoOArcanjo.png","contentUrl":"https:\/\/www.oarcanjo.net\/site\/wp-content\/uploads\/LogoOArcanjo.png","width":319,"height":99,"caption":"Par\u00f3quia S\u00e3o Miguel Arcanjo"},"image":{"@id":"https:\/\/www.oarcanjo.net\/site\/#\/schema\/logo\/image\/"},"sameAs":["https:\/\/www.facebook.com\/OArcanjoNoAr\/"]},{"@type":"Person","@id":"https:\/\/www.oarcanjo.net\/site\/#\/schema\/person\/ce0fba3450314a09c6442cfee983a3d8","name":"miriam.meyer"}]}},"publishpress_future_action":{"enabled":false,"date":"2026-05-08 19:33:47","action":"category","newStatus":"draft","terms":[],"taxonomy":"category"},"publishpress_future_workflow_manual_trigger":{"enabledWorkflows":[]},"_links":{"self":[{"href":"https:\/\/www.oarcanjo.net\/site\/wp-json\/wp\/v2\/posts\/1844"}],"collection":[{"href":"https:\/\/www.oarcanjo.net\/site\/wp-json\/wp\/v2\/posts"}],"about":[{"href":"https:\/\/www.oarcanjo.net\/site\/wp-json\/wp\/v2\/types\/post"}],"author":[{"embeddable":true,"href":"https:\/\/www.oarcanjo.net\/site\/wp-json\/wp\/v2\/users\/3"}],"replies":[{"embeddable":true,"href":"https:\/\/www.oarcanjo.net\/site\/wp-json\/wp\/v2\/comments?post=1844"}],"version-history":[{"count":0,"href":"https:\/\/www.oarcanjo.net\/site\/wp-json\/wp\/v2\/posts\/1844\/revisions"}],"wp:attachment":[{"href":"https:\/\/www.oarcanjo.net\/site\/wp-json\/wp\/v2\/media?parent=1844"}],"wp:term":[{"taxonomy":"category","embeddable":true,"href":"https:\/\/www.oarcanjo.net\/site\/wp-json\/wp\/v2\/categories?post=1844"},{"taxonomy":"post_tag","embeddable":true,"href":"https:\/\/www.oarcanjo.net\/site\/wp-json\/wp\/v2\/tags?post=1844"}],"curies":[{"name":"wp","href":"https:\/\/api.w.org\/{rel}","templated":true}]}}