
{"id":18509,"date":"2012-06-30T15:03:42","date_gmt":"2012-06-30T18:03:42","guid":{"rendered":"http:\/\/www.oarcanjo.net\/site\/?p=18509"},"modified":"2012-06-30T15:03:42","modified_gmt":"2012-06-30T18:03:42","slug":"v-semana-social-brasileira-na-arquidiocese-de-fortaleza","status":"publish","type":"post","link":"https:\/\/www.oarcanjo.net\/site\/v-semana-social-brasileira-na-arquidiocese-de-fortaleza\/","title":{"rendered":"V Semana Social Brasileira na Arquidiocese de Fortaleza"},"content":{"rendered":"<div>\n<div>\n<div>Dom Jos\u00e9 Aparecido Tosi Marques*<\/div>\n<\/div>\n<div><a href=\"http:\/\/3.bp.blogspot.com\/-NLWbWNry1Ao\/T-84kvFLebI\/AAAAAAAAEb0\/vyG2Opdj-G0\/s1600\/domjos%C3%A9antonio1-200x200.jpg\"><\/a>&nbsp;<\/p>\n<div style=\"text-align: justify\"><a href=\"http:\/\/www.oarcanjo.net\/site\/wp-content\/uploads\/dom-jose.jpg\"><img loading=\"lazy\" decoding=\"async\" class=\"alignleft size-thumbnail wp-image-18514\" src=\"http:\/\/www.oarcanjo.net\/site\/wp-content\/uploads\/dom-jose-150x150.jpg\" alt=\"\" width=\"150\" height=\"150\" \/><\/a>Nos dias 13 e 14 de julho acontecer\u00e1 um semin\u00e1rio de lan\u00e7amento da 5\u00aa. Semana Social Brasileira na Arquidiocese de Fortaleza.<\/div>\n<\/div>\n<div style=\"text-align: justify\">\n<div>O semin\u00e1rio acontecer\u00e1 no Centro de Pastoral \u201cMaria, M\u00e3e da Igreja\u201d com a presen\u00e7a do assessor nacional da 5\u00aa. Semana Social Brasileira (SSB) professor Cesar Sanson e do professor da Universidade Federal do Cear\u00e1, Leonardo S\u00e1. Os eixos de trabalhos e debates da 5\u00aa. SSB \u00a0s\u00e3o: Sa\u00fade P\u00fablica- drogadi\u00e7\u00e3o, preven\u00e7\u00e3o, sa\u00fade mental; Educa\u00e7\u00e3o P\u00fablica: Pol\u00edtica educacional, sucateamento; Sustentabilidade: impactos ambientais, res\u00edduos s\u00f3lidos e bem viver; Megaprojetos: mobilidade e moradia; Conviv\u00eancia com o Semi\u00e1rido: tecnologias e seguran\u00e7a alimentar.<\/div>\n<\/div>\n<div style=\"text-align: justify\">\n<div>Dom Jos\u00e9 Antonio atrav\u00e9s de uma Carta Circular convida os respons\u00e1veis por par\u00f3quias, \u00e1reas pastorais e comunidades a participarem do \u00a0processo da 5\u00aa. SBB realizando e participando das atividades da mesma relacionando-as as propostas do Plano de Pastoral- 5\u00aa. urg\u00eancia, que se refere \u00e0s consequ\u00eancias sociais. Como tamb\u00e9m, realizar durante a 5\u00aa. SSB o Grito dos Exclu\u00eddos que acontecer\u00e1 no dia 7 de setembro de 2012. A SSB em Fortaleza acontecer\u00e1 de 31 a 7 de setembro de 2012.<\/div>\n<\/div>\n<div style=\"text-align: justify\">\n<div>Carta em anexo.<\/div>\n<\/div>\n<div style=\"text-align: justify\">\n<div><strong>Semana Social Brasileira<\/strong><\/div>\n<\/div>\n<div style=\"text-align: justify\">\n<div>A Semana Social Brasileira tem os objetivos realizar um processo amplo de debate em torno da democratiza\u00e7\u00e3o do estado no Brasil. A 5\u00aa Semana \u00e9 uma atividade que quer aglutinar for\u00e7as organizadas da sociedade, reunir sujeitos sociais para dar curso as lutas e conquistas do povo. De acordo com Regilv\u00e2nia Mateus, da C\u00e1ritas Regional Cear\u00e1 \u201ca semana \u00e9 acima de tudo um momento de articula\u00e7\u00e3o das for\u00e7as sociais, como pastorais e movimentos sociais,, um momento de parar pra pensar, retomar a constru\u00e7\u00e3o de um projeto popular para o Brasil\u201d.<\/div>\n<\/div>\n<div style=\"text-align: justify\">\n<div>A 5\u00aa. SSB pretende reunir organiza\u00e7\u00f5es sociais e a Igrejas para partilhar suas experi\u00eancias do \u201cBem Viver\u201d. Mais do que discutir o Estado pretende-se discutir a sociedade. A aposta \u00e9 que a sociedade tenha organiza\u00e7\u00e3o e for\u00e7a pol\u00edtica para propor o Estado que quer \u2013 para qu\u00ea e para quem.<\/div>\n<\/div>\n<div style=\"text-align: justify\">\n<div>A SSB nacionalmente tem como tema \u201cA participa\u00e7\u00e3o da sociedade no processo de democratiza\u00e7\u00e3o do Estado \u2013 Estado para qu\u00ea e para quem?\u201d. A mesma \u00e9 um evento da Confer\u00eancia Nacional dos Bispos do Brasil (CNBB) e \u00e9 organizado pela Comiss\u00e3o Episcopal Pastoral para o Servi\u00e7o da Caridade, Justi\u00e7a e a Paz.<\/div>\n<\/div>\n<div>\n<div style=\"text-align: justify\">Contatos: Ana Maria Freitas, C\u00e1ritas Arquidiocesana de Fortaleza\u00a0\u00a0(85) 3388 8716; Francisco Vladimir, membro da comiss\u00e3o de comunica\u00e7\u00e3o da 5\u00aa. Semana Social Brasileira e do Secretariado de Pastoral da Arquidiocese de Fortaleza\u00a0\u00a0(85) 3388 8702\u00a0ou 8922 0089; Jeane Freitas, assessora de Comunica\u00e7\u00e3o da C\u00e1ritas Regional Cear\u00e1\u00a0<a href=\"%2885%29%208768%209865\" target=\"_blank\"> (85) 8768 9865<\/a>.<\/div>\n<\/div>\n<div>\n<div>*Arcebispo Metropolitano de Fortaleza<\/div>\n<\/div>\n<\/div>\n<div>\n<div>Postado por\u00a0<a title=\"author profile\" rel=\"author\" href=\"http:\/\/www.blogger.com\/profile\/12037961757835243213\">Par\u00f3quia de Santo Afonso<\/a><\/div>\n<\/div>\n<p>&nbsp;<\/p>\n<div id=\"themify_builder_content-18509\" data-postid=\"18509\" class=\"themify_builder_content themify_builder_content-18509 themify_builder themify_builder_front\">\n\t<\/div>\n<!-- \/themify_builder_content -->","protected":false},"excerpt":{"rendered":"<p>Dom Jos\u00e9 Aparecido Tosi Marques* &nbsp; Nos dias 13 e 14 de julho acontecer\u00e1 um semin\u00e1rio de lan\u00e7amento da 5\u00aa. Semana Social Brasileira na Arquidiocese de Fortaleza. O semin\u00e1rio acontecer\u00e1 no Centro de Pastoral \u201cMaria, M\u00e3e da Igreja\u201d com a presen\u00e7a do assessor nacional da 5\u00aa. Semana Social Brasileira (SSB) professor Cesar Sanson e do [&hellip;]<\/p>\n","protected":false},"author":17,"featured_media":0,"comment_status":"open","ping_status":"open","sticky":false,"template":"","format":"standard","meta":{"ngg_post_thumbnail":0,"footnotes":""},"categories":[8],"tags":[],"yoast_head":"<!-- This site is optimized with the Yoast SEO plugin v23.5 - https:\/\/yoast.com\/wordpress\/plugins\/seo\/ -->\n<title>V Semana Social Brasileira na Arquidiocese de Fortaleza - O Arcanjo no ar<\/title>\n<meta name=\"robots\" content=\"index, follow, max-snippet:-1, max-image-preview:large, max-video-preview:-1\" \/>\n<link rel=\"canonical\" href=\"https:\/\/www.oarcanjo.net\/site\/v-semana-social-brasileira-na-arquidiocese-de-fortaleza\/\" \/>\n<meta property=\"og:locale\" content=\"pt_BR\" \/>\n<meta property=\"og:type\" content=\"article\" \/>\n<meta property=\"og:title\" content=\"V Semana Social Brasileira na Arquidiocese de Fortaleza - O Arcanjo no ar\" \/>\n<meta property=\"og:description\" content=\"Dom Jos\u00e9 Aparecido Tosi Marques* &nbsp; Nos dias 13 e 14 de julho acontecer\u00e1 um semin\u00e1rio de lan\u00e7amento da 5\u00aa. Semana Social Brasileira na Arquidiocese de Fortaleza. O semin\u00e1rio acontecer\u00e1 no Centro de Pastoral \u201cMaria, M\u00e3e da Igreja\u201d com a presen\u00e7a do assessor nacional da 5\u00aa. Semana Social Brasileira (SSB) professor Cesar Sanson e do [&hellip;]\" \/>\n<meta property=\"og:url\" content=\"https:\/\/www.oarcanjo.net\/site\/v-semana-social-brasileira-na-arquidiocese-de-fortaleza\/\" \/>\n<meta property=\"og:site_name\" content=\"O Arcanjo no ar\" \/>\n<meta property=\"article:publisher\" content=\"https:\/\/www.facebook.com\/OArcanjoNoAr\/\" \/>\n<meta property=\"article:published_time\" content=\"2012-06-30T18:03:42+00:00\" \/>\n<meta property=\"og:image\" content=\"http:\/\/www.oarcanjo.net\/site\/wp-content\/uploads\/dom-jose-150x150.jpg\" \/>\n<meta name=\"author\" content=\"pe.geovane\" \/>\n<meta name=\"twitter:card\" content=\"summary_large_image\" \/>\n<meta name=\"twitter:label1\" content=\"Escrito por\" \/>\n\t<meta name=\"twitter:data1\" content=\"pe.geovane\" \/>\n\t<meta name=\"twitter:label2\" content=\"Est. tempo de leitura\" \/>\n\t<meta name=\"twitter:data2\" content=\"2 minutos\" \/>\n<script type=\"application\/ld+json\" class=\"yoast-schema-graph\">{\"@context\":\"https:\/\/schema.org\",\"@graph\":[{\"@type\":\"Article\",\"@id\":\"https:\/\/www.oarcanjo.net\/site\/v-semana-social-brasileira-na-arquidiocese-de-fortaleza\/#article\",\"isPartOf\":{\"@id\":\"https:\/\/www.oarcanjo.net\/site\/v-semana-social-brasileira-na-arquidiocese-de-fortaleza\/\"},\"author\":{\"name\":\"pe.geovane\",\"@id\":\"https:\/\/www.oarcanjo.net\/site\/#\/schema\/person\/58d7f78850a973b8e467c7ae4a7eb4ad\"},\"headline\":\"V Semana Social Brasileira na Arquidiocese de Fortaleza\",\"datePublished\":\"2012-06-30T18:03:42+00:00\",\"dateModified\":\"2012-06-30T18:03:42+00:00\",\"mainEntityOfPage\":{\"@id\":\"https:\/\/www.oarcanjo.net\/site\/v-semana-social-brasileira-na-arquidiocese-de-fortaleza\/\"},\"wordCount\":465,\"commentCount\":0,\"publisher\":{\"@id\":\"https:\/\/www.oarcanjo.net\/site\/#organization\"},\"image\":{\"@id\":\"https:\/\/www.oarcanjo.net\/site\/v-semana-social-brasileira-na-arquidiocese-de-fortaleza\/#primaryimage\"},\"thumbnailUrl\":\"http:\/\/www.oarcanjo.net\/site\/wp-content\/uploads\/dom-jose-150x150.jpg\",\"articleSection\":[\"Not\u00edcias\"],\"inLanguage\":\"pt-BR\",\"potentialAction\":[{\"@type\":\"CommentAction\",\"name\":\"Comment\",\"target\":[\"https:\/\/www.oarcanjo.net\/site\/v-semana-social-brasileira-na-arquidiocese-de-fortaleza\/#respond\"]}]},{\"@type\":\"WebPage\",\"@id\":\"https:\/\/www.oarcanjo.net\/site\/v-semana-social-brasileira-na-arquidiocese-de-fortaleza\/\",\"url\":\"https:\/\/www.oarcanjo.net\/site\/v-semana-social-brasileira-na-arquidiocese-de-fortaleza\/\",\"name\":\"V Semana Social Brasileira na Arquidiocese de Fortaleza - O Arcanjo no ar\",\"isPartOf\":{\"@id\":\"https:\/\/www.oarcanjo.net\/site\/#website\"},\"primaryImageOfPage\":{\"@id\":\"https:\/\/www.oarcanjo.net\/site\/v-semana-social-brasileira-na-arquidiocese-de-fortaleza\/#primaryimage\"},\"image\":{\"@id\":\"https:\/\/www.oarcanjo.net\/site\/v-semana-social-brasileira-na-arquidiocese-de-fortaleza\/#primaryimage\"},\"thumbnailUrl\":\"http:\/\/www.oarcanjo.net\/site\/wp-content\/uploads\/dom-jose-150x150.jpg\",\"datePublished\":\"2012-06-30T18:03:42+00:00\",\"dateModified\":\"2012-06-30T18:03:42+00:00\",\"breadcrumb\":{\"@id\":\"https:\/\/www.oarcanjo.net\/site\/v-semana-social-brasileira-na-arquidiocese-de-fortaleza\/#breadcrumb\"},\"inLanguage\":\"pt-BR\",\"potentialAction\":[{\"@type\":\"ReadAction\",\"target\":[\"https:\/\/www.oarcanjo.net\/site\/v-semana-social-brasileira-na-arquidiocese-de-fortaleza\/\"]}]},{\"@type\":\"ImageObject\",\"inLanguage\":\"pt-BR\",\"@id\":\"https:\/\/www.oarcanjo.net\/site\/v-semana-social-brasileira-na-arquidiocese-de-fortaleza\/#primaryimage\",\"url\":\"https:\/\/www.oarcanjo.net\/site\/wp-content\/uploads\/dom-jose.jpg\",\"contentUrl\":\"https:\/\/www.oarcanjo.net\/site\/wp-content\/uploads\/dom-jose.jpg\",\"width\":\"300\",\"height\":\"248\"},{\"@type\":\"BreadcrumbList\",\"@id\":\"https:\/\/www.oarcanjo.net\/site\/v-semana-social-brasileira-na-arquidiocese-de-fortaleza\/#breadcrumb\",\"itemListElement\":[{\"@type\":\"ListItem\",\"position\":1,\"name\":\"In\u00edcio\",\"item\":\"https:\/\/www.oarcanjo.net\/site\/\"},{\"@type\":\"ListItem\",\"position\":2,\"name\":\"V Semana Social Brasileira na Arquidiocese de Fortaleza\"}]},{\"@type\":\"WebSite\",\"@id\":\"https:\/\/www.oarcanjo.net\/site\/#website\",\"url\":\"https:\/\/www.oarcanjo.net\/site\/\",\"name\":\"O Arcanjo no ar\",\"description\":\"Site da Par\u00f3quia S\u00e3o Miguel Arcanjo (Arquidiocese de SP)\",\"publisher\":{\"@id\":\"https:\/\/www.oarcanjo.net\/site\/#organization\"},\"potentialAction\":[{\"@type\":\"SearchAction\",\"target\":{\"@type\":\"EntryPoint\",\"urlTemplate\":\"https:\/\/www.oarcanjo.net\/site\/?s={search_term_string}\"},\"query-input\":{\"@type\":\"PropertyValueSpecification\",\"valueRequired\":true,\"valueName\":\"search_term_string\"}}],\"inLanguage\":\"pt-BR\"},{\"@type\":\"Organization\",\"@id\":\"https:\/\/www.oarcanjo.net\/site\/#organization\",\"name\":\"Par\u00f3quia S\u00e3o Miguel Arcanjo\",\"url\":\"https:\/\/www.oarcanjo.net\/site\/\",\"logo\":{\"@type\":\"ImageObject\",\"inLanguage\":\"pt-BR\",\"@id\":\"https:\/\/www.oarcanjo.net\/site\/#\/schema\/logo\/image\/\",\"url\":\"https:\/\/www.oarcanjo.net\/site\/wp-content\/uploads\/LogoOArcanjo.png\",\"contentUrl\":\"https:\/\/www.oarcanjo.net\/site\/wp-content\/uploads\/LogoOArcanjo.png\",\"width\":319,\"height\":99,\"caption\":\"Par\u00f3quia S\u00e3o Miguel Arcanjo\"},\"image\":{\"@id\":\"https:\/\/www.oarcanjo.net\/site\/#\/schema\/logo\/image\/\"},\"sameAs\":[\"https:\/\/www.facebook.com\/OArcanjoNoAr\/\"]},{\"@type\":\"Person\",\"@id\":\"https:\/\/www.oarcanjo.net\/site\/#\/schema\/person\/58d7f78850a973b8e467c7ae4a7eb4ad\",\"name\":\"pe.geovane\"}]}<\/script>\n<!-- \/ Yoast SEO plugin. -->","yoast_head_json":{"title":"V Semana Social Brasileira na Arquidiocese de Fortaleza - O Arcanjo no ar","robots":{"index":"index","follow":"follow","max-snippet":"max-snippet:-1","max-image-preview":"max-image-preview:large","max-video-preview":"max-video-preview:-1"},"canonical":"https:\/\/www.oarcanjo.net\/site\/v-semana-social-brasileira-na-arquidiocese-de-fortaleza\/","og_locale":"pt_BR","og_type":"article","og_title":"V Semana Social Brasileira na Arquidiocese de Fortaleza - O Arcanjo no ar","og_description":"Dom Jos\u00e9 Aparecido Tosi Marques* &nbsp; Nos dias 13 e 14 de julho acontecer\u00e1 um semin\u00e1rio de lan\u00e7amento da 5\u00aa. Semana Social Brasileira na Arquidiocese de Fortaleza. O semin\u00e1rio acontecer\u00e1 no Centro de Pastoral \u201cMaria, M\u00e3e da Igreja\u201d com a presen\u00e7a do assessor nacional da 5\u00aa. Semana Social Brasileira (SSB) professor Cesar Sanson e do [&hellip;]","og_url":"https:\/\/www.oarcanjo.net\/site\/v-semana-social-brasileira-na-arquidiocese-de-fortaleza\/","og_site_name":"O Arcanjo no ar","article_publisher":"https:\/\/www.facebook.com\/OArcanjoNoAr\/","article_published_time":"2012-06-30T18:03:42+00:00","og_image":[{"url":"http:\/\/www.oarcanjo.net\/site\/wp-content\/uploads\/dom-jose-150x150.jpg"}],"author":"pe.geovane","twitter_card":"summary_large_image","twitter_misc":{"Escrito por":"pe.geovane","Est. tempo de leitura":"2 minutos"},"schema":{"@context":"https:\/\/schema.org","@graph":[{"@type":"Article","@id":"https:\/\/www.oarcanjo.net\/site\/v-semana-social-brasileira-na-arquidiocese-de-fortaleza\/#article","isPartOf":{"@id":"https:\/\/www.oarcanjo.net\/site\/v-semana-social-brasileira-na-arquidiocese-de-fortaleza\/"},"author":{"name":"pe.geovane","@id":"https:\/\/www.oarcanjo.net\/site\/#\/schema\/person\/58d7f78850a973b8e467c7ae4a7eb4ad"},"headline":"V Semana Social Brasileira na Arquidiocese de Fortaleza","datePublished":"2012-06-30T18:03:42+00:00","dateModified":"2012-06-30T18:03:42+00:00","mainEntityOfPage":{"@id":"https:\/\/www.oarcanjo.net\/site\/v-semana-social-brasileira-na-arquidiocese-de-fortaleza\/"},"wordCount":465,"commentCount":0,"publisher":{"@id":"https:\/\/www.oarcanjo.net\/site\/#organization"},"image":{"@id":"https:\/\/www.oarcanjo.net\/site\/v-semana-social-brasileira-na-arquidiocese-de-fortaleza\/#primaryimage"},"thumbnailUrl":"http:\/\/www.oarcanjo.net\/site\/wp-content\/uploads\/dom-jose-150x150.jpg","articleSection":["Not\u00edcias"],"inLanguage":"pt-BR","potentialAction":[{"@type":"CommentAction","name":"Comment","target":["https:\/\/www.oarcanjo.net\/site\/v-semana-social-brasileira-na-arquidiocese-de-fortaleza\/#respond"]}]},{"@type":"WebPage","@id":"https:\/\/www.oarcanjo.net\/site\/v-semana-social-brasileira-na-arquidiocese-de-fortaleza\/","url":"https:\/\/www.oarcanjo.net\/site\/v-semana-social-brasileira-na-arquidiocese-de-fortaleza\/","name":"V Semana Social Brasileira na Arquidiocese de Fortaleza - O Arcanjo no ar","isPartOf":{"@id":"https:\/\/www.oarcanjo.net\/site\/#website"},"primaryImageOfPage":{"@id":"https:\/\/www.oarcanjo.net\/site\/v-semana-social-brasileira-na-arquidiocese-de-fortaleza\/#primaryimage"},"image":{"@id":"https:\/\/www.oarcanjo.net\/site\/v-semana-social-brasileira-na-arquidiocese-de-fortaleza\/#primaryimage"},"thumbnailUrl":"http:\/\/www.oarcanjo.net\/site\/wp-content\/uploads\/dom-jose-150x150.jpg","datePublished":"2012-06-30T18:03:42+00:00","dateModified":"2012-06-30T18:03:42+00:00","breadcrumb":{"@id":"https:\/\/www.oarcanjo.net\/site\/v-semana-social-brasileira-na-arquidiocese-de-fortaleza\/#breadcrumb"},"inLanguage":"pt-BR","potentialAction":[{"@type":"ReadAction","target":["https:\/\/www.oarcanjo.net\/site\/v-semana-social-brasileira-na-arquidiocese-de-fortaleza\/"]}]},{"@type":"ImageObject","inLanguage":"pt-BR","@id":"https:\/\/www.oarcanjo.net\/site\/v-semana-social-brasileira-na-arquidiocese-de-fortaleza\/#primaryimage","url":"https:\/\/www.oarcanjo.net\/site\/wp-content\/uploads\/dom-jose.jpg","contentUrl":"https:\/\/www.oarcanjo.net\/site\/wp-content\/uploads\/dom-jose.jpg","width":"300","height":"248"},{"@type":"BreadcrumbList","@id":"https:\/\/www.oarcanjo.net\/site\/v-semana-social-brasileira-na-arquidiocese-de-fortaleza\/#breadcrumb","itemListElement":[{"@type":"ListItem","position":1,"name":"In\u00edcio","item":"https:\/\/www.oarcanjo.net\/site\/"},{"@type":"ListItem","position":2,"name":"V Semana Social Brasileira na Arquidiocese de Fortaleza"}]},{"@type":"WebSite","@id":"https:\/\/www.oarcanjo.net\/site\/#website","url":"https:\/\/www.oarcanjo.net\/site\/","name":"O Arcanjo no ar","description":"Site da Par\u00f3quia S\u00e3o Miguel Arcanjo (Arquidiocese de SP)","publisher":{"@id":"https:\/\/www.oarcanjo.net\/site\/#organization"},"potentialAction":[{"@type":"SearchAction","target":{"@type":"EntryPoint","urlTemplate":"https:\/\/www.oarcanjo.net\/site\/?s={search_term_string}"},"query-input":{"@type":"PropertyValueSpecification","valueRequired":true,"valueName":"search_term_string"}}],"inLanguage":"pt-BR"},{"@type":"Organization","@id":"https:\/\/www.oarcanjo.net\/site\/#organization","name":"Par\u00f3quia S\u00e3o Miguel Arcanjo","url":"https:\/\/www.oarcanjo.net\/site\/","logo":{"@type":"ImageObject","inLanguage":"pt-BR","@id":"https:\/\/www.oarcanjo.net\/site\/#\/schema\/logo\/image\/","url":"https:\/\/www.oarcanjo.net\/site\/wp-content\/uploads\/LogoOArcanjo.png","contentUrl":"https:\/\/www.oarcanjo.net\/site\/wp-content\/uploads\/LogoOArcanjo.png","width":319,"height":99,"caption":"Par\u00f3quia S\u00e3o Miguel Arcanjo"},"image":{"@id":"https:\/\/www.oarcanjo.net\/site\/#\/schema\/logo\/image\/"},"sameAs":["https:\/\/www.facebook.com\/OArcanjoNoAr\/"]},{"@type":"Person","@id":"https:\/\/www.oarcanjo.net\/site\/#\/schema\/person\/58d7f78850a973b8e467c7ae4a7eb4ad","name":"pe.geovane"}]}},"publishpress_future_action":{"enabled":false,"date":"2026-05-09 10:23:54","action":"category","newStatus":"draft","terms":[],"taxonomy":"category"},"publishpress_future_workflow_manual_trigger":{"enabledWorkflows":[]},"_links":{"self":[{"href":"https:\/\/www.oarcanjo.net\/site\/wp-json\/wp\/v2\/posts\/18509"}],"collection":[{"href":"https:\/\/www.oarcanjo.net\/site\/wp-json\/wp\/v2\/posts"}],"about":[{"href":"https:\/\/www.oarcanjo.net\/site\/wp-json\/wp\/v2\/types\/post"}],"author":[{"embeddable":true,"href":"https:\/\/www.oarcanjo.net\/site\/wp-json\/wp\/v2\/users\/17"}],"replies":[{"embeddable":true,"href":"https:\/\/www.oarcanjo.net\/site\/wp-json\/wp\/v2\/comments?post=18509"}],"version-history":[{"count":0,"href":"https:\/\/www.oarcanjo.net\/site\/wp-json\/wp\/v2\/posts\/18509\/revisions"}],"wp:attachment":[{"href":"https:\/\/www.oarcanjo.net\/site\/wp-json\/wp\/v2\/media?parent=18509"}],"wp:term":[{"taxonomy":"category","embeddable":true,"href":"https:\/\/www.oarcanjo.net\/site\/wp-json\/wp\/v2\/categories?post=18509"},{"taxonomy":"post_tag","embeddable":true,"href":"https:\/\/www.oarcanjo.net\/site\/wp-json\/wp\/v2\/tags?post=18509"}],"curies":[{"name":"wp","href":"https:\/\/api.w.org\/{rel}","templated":true}]}}