
{"id":18667,"date":"2012-07-07T21:11:45","date_gmt":"2012-07-08T00:11:45","guid":{"rendered":"http:\/\/www.oarcanjo.net\/site\/?p=18667"},"modified":"2012-07-08T21:05:08","modified_gmt":"2012-07-09T00:05:08","slug":"dom-helder-sonhos-e-utopias-2","status":"publish","type":"post","link":"https:\/\/www.oarcanjo.net\/site\/dom-helder-sonhos-e-utopias-2\/","title":{"rendered":"Dom Helder &#8211; sonhos e utopias"},"content":{"rendered":"<div style=\"text-align: justify;\">Pe. Jo\u00e3o Carlos Ribeiro*<\/div>\n<p><img decoding=\"async\" src=\"http:\/\/3.bp.blogspot.com\/-trfERJyGh2A\/T5HAAp597gI\/AAAAAAAACag\/6gl1znscKdA\/s1600\/pe+jo%C3%A3o+carlos.jpg\" border=\"0\" alt=\"\" \/><\/p>\n<p>A homenagem prestada pelo Pe. Geovane Saraiva, expressa nesta obra, \u201cDom Helder: Sonhos e utopias\u201d, com absoluta certeza ser\u00e1 compartilhada por muitos sonhadores, amigos e admiradores do \u201cartes\u00e3o da paz\u201d, do homem que com seu jeito encantador de ser e sua m\u00edstica, uniu \u00e0 terra ao c\u00e9u, como o pastor e profeta dos empobrecidos, dos \u201csem voz e sem vez\u201d.<\/p>\n<p>Depois de ter entregado aos leitores \u201cO Peregrino da Paz\u201d e \u201cNascido Para as Coisas Maiores\u201d, por ocasi\u00e3o do centen\u00e1rio do cidad\u00e3o do planeta (1909-2009), nosso querido Pe. Geovane, sacerdote da Arquidiocese de Fortaleza h\u00e1 24 anos, quer mostrar neste trabalho a homenagem do todos n\u00f3s a Dom Helder Pessoa C\u00e2mara, na riqueza e na for\u00e7a de sua personalidade, profundamente marcada pela gra\u00e7a de Deus e, por isso mesmo, humano ao extremo.<\/p>\n<p><img decoding=\"async\" src=\"http:\/\/3.bp.blogspot.com\/-a8dtsH1oU8U\/T_jNqbAd47I\/AAAAAAAAEqw\/Use83OuW8es\/s1600\/capa_sonhosUtopias-01.jpg\" border=\"0\" alt=\"\" \/><\/p>\n<p>Dom Helder marcou a regi\u00e3o metropolitana do Recife, nos anos em que foi nosso arcebispo. Esteve \u00e0 frente do rebanho em momentos sociais muito tensos e dif\u00edceis, como foi o tempo da ditadura militar. O Brasil e o mundo conheceram um Dom Helder porta-voz dos injusti\u00e7ados e dos empobrecidos. Um homem l\u00facido, profeta segundo o Evangelho, dono de palavras fortes e contundentes. Mas n\u00f3s conhecemos mais do que esse profeta respeitado no exterior e temido, em seu pa\u00eds, por suas posi\u00e7\u00f5es em favor de um mundo fraterno e solid\u00e1rio e de uma Igreja pobre e servidora. Conhecemos um Dom Helder respeitoso das pessoas e cheio de amor para com os sofredores. Um homem simples e ao alcance das pessoas de qualquer classe social.<\/p>\n<p>Com toda certeza, uma das obras mais significativas de Dom Helder foi o Encontro de Irm\u00e3os. O Movimento de Evangeliza\u00e7\u00e3o Encontro de Irm\u00e3os nasceu da confian\u00e7a do Dom no povo pobre da periferia. Ele acreditou no povo sofredor dos bairros populares e o convocou para a grande tarefa da evangeliza\u00e7\u00e3o. Come\u00e7ou no r\u00e1dio, dando dicas sobre o trabalho com a B\u00edblia. Passou a reunir as lideran\u00e7as que foram surgindo. O povo pegou a B\u00edblia nas m\u00e3os e foi \u00e0 luta. Formaram-se grupos que passaram a ler e estudar a B\u00edblia semanalmente. A medita\u00e7\u00e3o dos textos sagrados animou a participa\u00e7\u00e3o das pessoas nas lutas dos bairros, refor\u00e7ou a presen\u00e7a dos crist\u00e3os nas associa\u00e7\u00f5es de moradores, formou gera\u00e7\u00f5es de crist\u00e3os de f\u00e9 e de compromisso. E continua formando, porque o Encontro de Irm\u00e3os continua vivo e atuante, gra\u00e7as a Deus.<\/p>\n<p>\u00c9 o Dom Helder do qual hoje nos lembramos. Um homem do povo. Um homem de Deus. Como ele falava de Deus&#8230; Havia tanto amor nas suas palavras, quando se referia ao Criador e Pai&#8230;. Havia tanta emo\u00e7\u00e3o nas palavras da consagra\u00e7\u00e3o que o vimos muitas vezes chorando ao celebrar a Missa. E sempre repetia com toda convic\u00e7\u00e3o que o verdadeiro celebrante da Missa \u00e9 Nosso Senhor Jesus Cristo.<\/p>\n<p>N\u00e3o h\u00e1 quem n\u00e3o se lembre com afeto da figura de Dom H\u00e9lder: a simplicidade de vida que ele abra\u00e7ou, morando na sacristia da Igreja das Fronteiras; como ia a p\u00e9 para a C\u00faria na Rua do Giriquiti, mesmo sob amea\u00e7a de for\u00e7as paramilitares ligados ao regime militar; como abra\u00e7ava os b\u00eabados, os b\u00eabados que teimavam em pedir-lhe a b\u00ean\u00e7\u00e3o na rua ou na porta de sua casa. Como esse homem era respeitoso com as pessoas: a qualquer um recebia e abra\u00e7ava independentemente de quem fosse com a mesma alegria e sinceridade.<\/p>\n<p>Ao inesquec\u00edvel Dom Helder, figura humana aben\u00e7oada e santa, nossa renovada e imorredoura gratid\u00e3o! Comparamo-lo ao \u201cAp\u00f3stolo dos gentios\u201d, pelos seus grandes sonhos e utopias, na riqueza de sua lavra liter\u00e1ria, homilias, confer\u00eancias, exorta\u00e7\u00f5es e viagens pelo mundo inteiro, numa palavra, \u201coutro cavaleiro andante\u201d. \u00c9 Uma oportunidade a mais para aprendermos, com ele, o respeito pelos humildes, a confian\u00e7a nos sofredores, o amor incondicional ao Pai e Criador.<\/p>\n<p>Ao Pe. Geovane Saraiva, nossos agradecimentos e aplausos, por mais uma homenagem a Dom Helder, renovada nesta obra, que o mant\u00e9m vivo como refer\u00eancia e mem\u00f3ria admir\u00e1vel, cujo testemunho continua a produzir frutos abundantes. Parab\u00e9ns Pe. Geovane!<\/p>\n<p>*Pe. Jo\u00e3o Carlos, cantor, compositor e escritor. \u00c9 Padre Salesiano, atualmente ocupa o cargo de superior da congrega\u00e7\u00e3o salesiana no nordeste do Brasil.<\/p>\n<div>Postado por\u00a0<a title=\"author profile\" rel=\"author\" href=\"http:\/\/www.blogger.com\/profile\/12037961757835243213\">Par\u00f3quia de Santo Afonso<\/a><\/div>\n<div id=\"themify_builder_content-18667\" data-postid=\"18667\" class=\"themify_builder_content themify_builder_content-18667 themify_builder themify_builder_front\">\n\t<\/div>\n<!-- \/themify_builder_content -->","protected":false},"excerpt":{"rendered":"<p>Pe. Jo\u00e3o Carlos Ribeiro* A homenagem prestada pelo Pe. Geovane Saraiva, expressa nesta obra, \u201cDom Helder: Sonhos e utopias\u201d, com absoluta certeza ser\u00e1 compartilhada por muitos sonhadores, amigos e admiradores do \u201cartes\u00e3o da paz\u201d, do homem que com seu jeito encantador de ser e sua m\u00edstica, uniu \u00e0 terra ao c\u00e9u, como o pastor e [&hellip;]<\/p>\n","protected":false},"author":17,"featured_media":0,"comment_status":"open","ping_status":"open","sticky":false,"template":"","format":"standard","meta":{"ngg_post_thumbnail":0,"footnotes":""},"categories":[192],"tags":[],"yoast_head":"<!-- This site is optimized with the Yoast SEO plugin v23.5 - https:\/\/yoast.com\/wordpress\/plugins\/seo\/ -->\n<title>Dom Helder - sonhos e utopias - O Arcanjo no ar<\/title>\n<meta name=\"robots\" content=\"index, follow, max-snippet:-1, max-image-preview:large, max-video-preview:-1\" \/>\n<link rel=\"canonical\" href=\"https:\/\/www.oarcanjo.net\/site\/dom-helder-sonhos-e-utopias-2\/\" \/>\n<meta property=\"og:locale\" content=\"pt_BR\" \/>\n<meta property=\"og:type\" content=\"article\" \/>\n<meta property=\"og:title\" content=\"Dom Helder - sonhos e utopias - O Arcanjo no ar\" \/>\n<meta property=\"og:description\" content=\"Pe. Jo\u00e3o Carlos Ribeiro* A homenagem prestada pelo Pe. Geovane Saraiva, expressa nesta obra, \u201cDom Helder: Sonhos e utopias\u201d, com absoluta certeza ser\u00e1 compartilhada por muitos sonhadores, amigos e admiradores do \u201cartes\u00e3o da paz\u201d, do homem que com seu jeito encantador de ser e sua m\u00edstica, uniu \u00e0 terra ao c\u00e9u, como o pastor e [&hellip;]\" \/>\n<meta property=\"og:url\" content=\"https:\/\/www.oarcanjo.net\/site\/dom-helder-sonhos-e-utopias-2\/\" \/>\n<meta property=\"og:site_name\" content=\"O Arcanjo no ar\" \/>\n<meta property=\"article:publisher\" content=\"https:\/\/www.facebook.com\/OArcanjoNoAr\/\" \/>\n<meta property=\"article:published_time\" content=\"2012-07-08T00:11:45+00:00\" \/>\n<meta property=\"article:modified_time\" content=\"2012-07-09T00:05:08+00:00\" \/>\n<meta property=\"og:image\" content=\"http:\/\/3.bp.blogspot.com\/-trfERJyGh2A\/T5HAAp597gI\/AAAAAAAACag\/6gl1znscKdA\/s1600\/pe+jo%C3%A3o+carlos.jpg\" \/>\n<meta name=\"author\" content=\"pe.geovane\" \/>\n<meta name=\"twitter:card\" content=\"summary_large_image\" \/>\n<meta name=\"twitter:label1\" content=\"Escrito por\" \/>\n\t<meta name=\"twitter:data1\" content=\"pe.geovane\" \/>\n\t<meta name=\"twitter:label2\" content=\"Est. tempo de leitura\" \/>\n\t<meta name=\"twitter:data2\" content=\"4 minutos\" \/>\n<script type=\"application\/ld+json\" class=\"yoast-schema-graph\">{\"@context\":\"https:\/\/schema.org\",\"@graph\":[{\"@type\":\"Article\",\"@id\":\"https:\/\/www.oarcanjo.net\/site\/dom-helder-sonhos-e-utopias-2\/#article\",\"isPartOf\":{\"@id\":\"https:\/\/www.oarcanjo.net\/site\/dom-helder-sonhos-e-utopias-2\/\"},\"author\":{\"name\":\"pe.geovane\",\"@id\":\"https:\/\/www.oarcanjo.net\/site\/#\/schema\/person\/58d7f78850a973b8e467c7ae4a7eb4ad\"},\"headline\":\"Dom Helder &#8211; sonhos e utopias\",\"datePublished\":\"2012-07-08T00:11:45+00:00\",\"dateModified\":\"2012-07-09T00:05:08+00:00\",\"mainEntityOfPage\":{\"@id\":\"https:\/\/www.oarcanjo.net\/site\/dom-helder-sonhos-e-utopias-2\/\"},\"wordCount\":763,\"commentCount\":0,\"publisher\":{\"@id\":\"https:\/\/www.oarcanjo.net\/site\/#organization\"},\"image\":{\"@id\":\"https:\/\/www.oarcanjo.net\/site\/dom-helder-sonhos-e-utopias-2\/#primaryimage\"},\"thumbnailUrl\":\"http:\/\/3.bp.blogspot.com\/-trfERJyGh2A\/T5HAAp597gI\/AAAAAAAACag\/6gl1znscKdA\/s1600\/pe+jo%C3%A3o+carlos.jpg\",\"articleSection\":[\"D. Helder C\u00e2mara\"],\"inLanguage\":\"pt-BR\",\"potentialAction\":[{\"@type\":\"CommentAction\",\"name\":\"Comment\",\"target\":[\"https:\/\/www.oarcanjo.net\/site\/dom-helder-sonhos-e-utopias-2\/#respond\"]}]},{\"@type\":\"WebPage\",\"@id\":\"https:\/\/www.oarcanjo.net\/site\/dom-helder-sonhos-e-utopias-2\/\",\"url\":\"https:\/\/www.oarcanjo.net\/site\/dom-helder-sonhos-e-utopias-2\/\",\"name\":\"Dom Helder - sonhos e utopias - O Arcanjo no ar\",\"isPartOf\":{\"@id\":\"https:\/\/www.oarcanjo.net\/site\/#website\"},\"primaryImageOfPage\":{\"@id\":\"https:\/\/www.oarcanjo.net\/site\/dom-helder-sonhos-e-utopias-2\/#primaryimage\"},\"image\":{\"@id\":\"https:\/\/www.oarcanjo.net\/site\/dom-helder-sonhos-e-utopias-2\/#primaryimage\"},\"thumbnailUrl\":\"http:\/\/3.bp.blogspot.com\/-trfERJyGh2A\/T5HAAp597gI\/AAAAAAAACag\/6gl1znscKdA\/s1600\/pe+jo%C3%A3o+carlos.jpg\",\"datePublished\":\"2012-07-08T00:11:45+00:00\",\"dateModified\":\"2012-07-09T00:05:08+00:00\",\"breadcrumb\":{\"@id\":\"https:\/\/www.oarcanjo.net\/site\/dom-helder-sonhos-e-utopias-2\/#breadcrumb\"},\"inLanguage\":\"pt-BR\",\"potentialAction\":[{\"@type\":\"ReadAction\",\"target\":[\"https:\/\/www.oarcanjo.net\/site\/dom-helder-sonhos-e-utopias-2\/\"]}]},{\"@type\":\"ImageObject\",\"inLanguage\":\"pt-BR\",\"@id\":\"https:\/\/www.oarcanjo.net\/site\/dom-helder-sonhos-e-utopias-2\/#primaryimage\",\"url\":\"http:\/\/3.bp.blogspot.com\/-trfERJyGh2A\/T5HAAp597gI\/AAAAAAAACag\/6gl1znscKdA\/s1600\/pe+jo%C3%A3o+carlos.jpg\",\"contentUrl\":\"http:\/\/3.bp.blogspot.com\/-trfERJyGh2A\/T5HAAp597gI\/AAAAAAAACag\/6gl1znscKdA\/s1600\/pe+jo%C3%A3o+carlos.jpg\"},{\"@type\":\"BreadcrumbList\",\"@id\":\"https:\/\/www.oarcanjo.net\/site\/dom-helder-sonhos-e-utopias-2\/#breadcrumb\",\"itemListElement\":[{\"@type\":\"ListItem\",\"position\":1,\"name\":\"In\u00edcio\",\"item\":\"https:\/\/www.oarcanjo.net\/site\/\"},{\"@type\":\"ListItem\",\"position\":2,\"name\":\"Dom Helder &#8211; sonhos e utopias\"}]},{\"@type\":\"WebSite\",\"@id\":\"https:\/\/www.oarcanjo.net\/site\/#website\",\"url\":\"https:\/\/www.oarcanjo.net\/site\/\",\"name\":\"O Arcanjo no ar\",\"description\":\"Site da Par\u00f3quia S\u00e3o Miguel Arcanjo (Arquidiocese de SP)\",\"publisher\":{\"@id\":\"https:\/\/www.oarcanjo.net\/site\/#organization\"},\"potentialAction\":[{\"@type\":\"SearchAction\",\"target\":{\"@type\":\"EntryPoint\",\"urlTemplate\":\"https:\/\/www.oarcanjo.net\/site\/?s={search_term_string}\"},\"query-input\":{\"@type\":\"PropertyValueSpecification\",\"valueRequired\":true,\"valueName\":\"search_term_string\"}}],\"inLanguage\":\"pt-BR\"},{\"@type\":\"Organization\",\"@id\":\"https:\/\/www.oarcanjo.net\/site\/#organization\",\"name\":\"Par\u00f3quia S\u00e3o Miguel Arcanjo\",\"url\":\"https:\/\/www.oarcanjo.net\/site\/\",\"logo\":{\"@type\":\"ImageObject\",\"inLanguage\":\"pt-BR\",\"@id\":\"https:\/\/www.oarcanjo.net\/site\/#\/schema\/logo\/image\/\",\"url\":\"https:\/\/www.oarcanjo.net\/site\/wp-content\/uploads\/LogoOArcanjo.png\",\"contentUrl\":\"https:\/\/www.oarcanjo.net\/site\/wp-content\/uploads\/LogoOArcanjo.png\",\"width\":319,\"height\":99,\"caption\":\"Par\u00f3quia S\u00e3o Miguel Arcanjo\"},\"image\":{\"@id\":\"https:\/\/www.oarcanjo.net\/site\/#\/schema\/logo\/image\/\"},\"sameAs\":[\"https:\/\/www.facebook.com\/OArcanjoNoAr\/\"]},{\"@type\":\"Person\",\"@id\":\"https:\/\/www.oarcanjo.net\/site\/#\/schema\/person\/58d7f78850a973b8e467c7ae4a7eb4ad\",\"name\":\"pe.geovane\"}]}<\/script>\n<!-- \/ Yoast SEO plugin. -->","yoast_head_json":{"title":"Dom Helder - sonhos e utopias - O Arcanjo no ar","robots":{"index":"index","follow":"follow","max-snippet":"max-snippet:-1","max-image-preview":"max-image-preview:large","max-video-preview":"max-video-preview:-1"},"canonical":"https:\/\/www.oarcanjo.net\/site\/dom-helder-sonhos-e-utopias-2\/","og_locale":"pt_BR","og_type":"article","og_title":"Dom Helder - sonhos e utopias - O Arcanjo no ar","og_description":"Pe. Jo\u00e3o Carlos Ribeiro* A homenagem prestada pelo Pe. Geovane Saraiva, expressa nesta obra, \u201cDom Helder: Sonhos e utopias\u201d, com absoluta certeza ser\u00e1 compartilhada por muitos sonhadores, amigos e admiradores do \u201cartes\u00e3o da paz\u201d, do homem que com seu jeito encantador de ser e sua m\u00edstica, uniu \u00e0 terra ao c\u00e9u, como o pastor e [&hellip;]","og_url":"https:\/\/www.oarcanjo.net\/site\/dom-helder-sonhos-e-utopias-2\/","og_site_name":"O Arcanjo no ar","article_publisher":"https:\/\/www.facebook.com\/OArcanjoNoAr\/","article_published_time":"2012-07-08T00:11:45+00:00","article_modified_time":"2012-07-09T00:05:08+00:00","og_image":[{"url":"http:\/\/3.bp.blogspot.com\/-trfERJyGh2A\/T5HAAp597gI\/AAAAAAAACag\/6gl1znscKdA\/s1600\/pe+jo%C3%A3o+carlos.jpg"}],"author":"pe.geovane","twitter_card":"summary_large_image","twitter_misc":{"Escrito por":"pe.geovane","Est. tempo de leitura":"4 minutos"},"schema":{"@context":"https:\/\/schema.org","@graph":[{"@type":"Article","@id":"https:\/\/www.oarcanjo.net\/site\/dom-helder-sonhos-e-utopias-2\/#article","isPartOf":{"@id":"https:\/\/www.oarcanjo.net\/site\/dom-helder-sonhos-e-utopias-2\/"},"author":{"name":"pe.geovane","@id":"https:\/\/www.oarcanjo.net\/site\/#\/schema\/person\/58d7f78850a973b8e467c7ae4a7eb4ad"},"headline":"Dom Helder &#8211; sonhos e utopias","datePublished":"2012-07-08T00:11:45+00:00","dateModified":"2012-07-09T00:05:08+00:00","mainEntityOfPage":{"@id":"https:\/\/www.oarcanjo.net\/site\/dom-helder-sonhos-e-utopias-2\/"},"wordCount":763,"commentCount":0,"publisher":{"@id":"https:\/\/www.oarcanjo.net\/site\/#organization"},"image":{"@id":"https:\/\/www.oarcanjo.net\/site\/dom-helder-sonhos-e-utopias-2\/#primaryimage"},"thumbnailUrl":"http:\/\/3.bp.blogspot.com\/-trfERJyGh2A\/T5HAAp597gI\/AAAAAAAACag\/6gl1znscKdA\/s1600\/pe+jo%C3%A3o+carlos.jpg","articleSection":["D. Helder C\u00e2mara"],"inLanguage":"pt-BR","potentialAction":[{"@type":"CommentAction","name":"Comment","target":["https:\/\/www.oarcanjo.net\/site\/dom-helder-sonhos-e-utopias-2\/#respond"]}]},{"@type":"WebPage","@id":"https:\/\/www.oarcanjo.net\/site\/dom-helder-sonhos-e-utopias-2\/","url":"https:\/\/www.oarcanjo.net\/site\/dom-helder-sonhos-e-utopias-2\/","name":"Dom Helder - sonhos e utopias - O Arcanjo no ar","isPartOf":{"@id":"https:\/\/www.oarcanjo.net\/site\/#website"},"primaryImageOfPage":{"@id":"https:\/\/www.oarcanjo.net\/site\/dom-helder-sonhos-e-utopias-2\/#primaryimage"},"image":{"@id":"https:\/\/www.oarcanjo.net\/site\/dom-helder-sonhos-e-utopias-2\/#primaryimage"},"thumbnailUrl":"http:\/\/3.bp.blogspot.com\/-trfERJyGh2A\/T5HAAp597gI\/AAAAAAAACag\/6gl1znscKdA\/s1600\/pe+jo%C3%A3o+carlos.jpg","datePublished":"2012-07-08T00:11:45+00:00","dateModified":"2012-07-09T00:05:08+00:00","breadcrumb":{"@id":"https:\/\/www.oarcanjo.net\/site\/dom-helder-sonhos-e-utopias-2\/#breadcrumb"},"inLanguage":"pt-BR","potentialAction":[{"@type":"ReadAction","target":["https:\/\/www.oarcanjo.net\/site\/dom-helder-sonhos-e-utopias-2\/"]}]},{"@type":"ImageObject","inLanguage":"pt-BR","@id":"https:\/\/www.oarcanjo.net\/site\/dom-helder-sonhos-e-utopias-2\/#primaryimage","url":"http:\/\/3.bp.blogspot.com\/-trfERJyGh2A\/T5HAAp597gI\/AAAAAAAACag\/6gl1znscKdA\/s1600\/pe+jo%C3%A3o+carlos.jpg","contentUrl":"http:\/\/3.bp.blogspot.com\/-trfERJyGh2A\/T5HAAp597gI\/AAAAAAAACag\/6gl1znscKdA\/s1600\/pe+jo%C3%A3o+carlos.jpg"},{"@type":"BreadcrumbList","@id":"https:\/\/www.oarcanjo.net\/site\/dom-helder-sonhos-e-utopias-2\/#breadcrumb","itemListElement":[{"@type":"ListItem","position":1,"name":"In\u00edcio","item":"https:\/\/www.oarcanjo.net\/site\/"},{"@type":"ListItem","position":2,"name":"Dom Helder &#8211; sonhos e utopias"}]},{"@type":"WebSite","@id":"https:\/\/www.oarcanjo.net\/site\/#website","url":"https:\/\/www.oarcanjo.net\/site\/","name":"O Arcanjo no ar","description":"Site da Par\u00f3quia S\u00e3o Miguel Arcanjo (Arquidiocese de SP)","publisher":{"@id":"https:\/\/www.oarcanjo.net\/site\/#organization"},"potentialAction":[{"@type":"SearchAction","target":{"@type":"EntryPoint","urlTemplate":"https:\/\/www.oarcanjo.net\/site\/?s={search_term_string}"},"query-input":{"@type":"PropertyValueSpecification","valueRequired":true,"valueName":"search_term_string"}}],"inLanguage":"pt-BR"},{"@type":"Organization","@id":"https:\/\/www.oarcanjo.net\/site\/#organization","name":"Par\u00f3quia S\u00e3o Miguel Arcanjo","url":"https:\/\/www.oarcanjo.net\/site\/","logo":{"@type":"ImageObject","inLanguage":"pt-BR","@id":"https:\/\/www.oarcanjo.net\/site\/#\/schema\/logo\/image\/","url":"https:\/\/www.oarcanjo.net\/site\/wp-content\/uploads\/LogoOArcanjo.png","contentUrl":"https:\/\/www.oarcanjo.net\/site\/wp-content\/uploads\/LogoOArcanjo.png","width":319,"height":99,"caption":"Par\u00f3quia S\u00e3o Miguel Arcanjo"},"image":{"@id":"https:\/\/www.oarcanjo.net\/site\/#\/schema\/logo\/image\/"},"sameAs":["https:\/\/www.facebook.com\/OArcanjoNoAr\/"]},{"@type":"Person","@id":"https:\/\/www.oarcanjo.net\/site\/#\/schema\/person\/58d7f78850a973b8e467c7ae4a7eb4ad","name":"pe.geovane"}]}},"publishpress_future_action":{"enabled":false,"date":"2026-05-08 14:24:08","action":"category","newStatus":"draft","terms":[],"taxonomy":"category"},"publishpress_future_workflow_manual_trigger":{"enabledWorkflows":[]},"_links":{"self":[{"href":"https:\/\/www.oarcanjo.net\/site\/wp-json\/wp\/v2\/posts\/18667"}],"collection":[{"href":"https:\/\/www.oarcanjo.net\/site\/wp-json\/wp\/v2\/posts"}],"about":[{"href":"https:\/\/www.oarcanjo.net\/site\/wp-json\/wp\/v2\/types\/post"}],"author":[{"embeddable":true,"href":"https:\/\/www.oarcanjo.net\/site\/wp-json\/wp\/v2\/users\/17"}],"replies":[{"embeddable":true,"href":"https:\/\/www.oarcanjo.net\/site\/wp-json\/wp\/v2\/comments?post=18667"}],"version-history":[{"count":0,"href":"https:\/\/www.oarcanjo.net\/site\/wp-json\/wp\/v2\/posts\/18667\/revisions"}],"wp:attachment":[{"href":"https:\/\/www.oarcanjo.net\/site\/wp-json\/wp\/v2\/media?parent=18667"}],"wp:term":[{"taxonomy":"category","embeddable":true,"href":"https:\/\/www.oarcanjo.net\/site\/wp-json\/wp\/v2\/categories?post=18667"},{"taxonomy":"post_tag","embeddable":true,"href":"https:\/\/www.oarcanjo.net\/site\/wp-json\/wp\/v2\/tags?post=18667"}],"curies":[{"name":"wp","href":"https:\/\/api.w.org\/{rel}","templated":true}]}}