
{"id":18751,"date":"2012-07-17T13:05:16","date_gmt":"2012-07-17T16:05:16","guid":{"rendered":"http:\/\/www.oarcanjo.net\/site\/?p=18751"},"modified":"2012-07-17T13:05:16","modified_gmt":"2012-07-17T16:05:16","slug":"nosso-livro-dom-helder-sonhos-e-utopias","status":"publish","type":"post","link":"https:\/\/www.oarcanjo.net\/site\/nosso-livro-dom-helder-sonhos-e-utopias\/","title":{"rendered":"Nosso livro: Dom Helder &#8211; sonhos e utopias"},"content":{"rendered":"<h3><\/h3>\n<div>\n<div style=\"text-align: justify\">Padre Geovane Saraiva*<\/div>\n<div style=\"text-align: justify\"><a href=\"http:\/\/2.bp.blogspot.com\/-mYXma3nEVpc\/UAV-mjZoJkI\/AAAAAAAAE2Y\/kdwLDrfbPTg\/s1600\/capa_sonhosUtopias-01.jpg\"><\/a><\/div>\n<div style=\"text-align: justify\"><a href=\"http:\/\/1.bp.blogspot.com\/-isH2_bjQNxc\/UAV_iSWuJUI\/AAAAAAAAE2g\/3BdwlhDLNhk\/s1600\/pe+geovane.jpg\"><\/a> <a href=\"http:\/\/www.oarcanjo.net\/site\/wp-content\/uploads\/pe-geovane13.jpg\"><img loading=\"lazy\" decoding=\"async\" class=\"alignleft size-thumbnail wp-image-18539\" src=\"http:\/\/www.oarcanjo.net\/site\/wp-content\/uploads\/pe-geovane13-150x150.jpg\" alt=\"\" width=\"150\" height=\"150\" \/><\/a>\u201cQuando sonhamos sozinhos \u00e9 s\u00f3 um sonho; mas quando sonhamos juntos \u00e9 o in\u00edcio de uma nova realidade\u201d; \u201cUltrapassa-te a ti mesmo a cada dia, a cada instante&#8230; N\u00e3o por vaidade, mas para corresponderes \u00e0 obriga\u00e7\u00e3o sagrada de contribuir sempre mais e sempre melhor, para a constru\u00e7\u00e3o do mundo (&#8230;)\u201d.<\/div>\n<div style=\"text-align: justify\"><\/div>\n<div style=\"text-align: justify\">\u201cEu sou daqueles que tem a convic\u00e7\u00e3o de que os escritos de Dom Helder ainda ser\u00e3o fonte de inspira\u00e7\u00e3o na Am\u00e9rica Latina daqui a mil anos. Pois, ele lan\u00e7ou sementes destinadas a produzir uma messe abundante nesta nova \u00e9poca do cristianismo que esta come\u00e7ando agora. As suas sucessivas convers\u00f5es sinalizam de certa maneira a futura trajet\u00f3ria da Igreja nesta nova \u00e9poca da hist\u00f3ria da humanidade\u201d (Te\u00f3logo Jos\u00e9 Comblin).<\/div>\n<div style=\"text-align: justify\"><\/div>\n<div style=\"text-align: justify\">E \u00e9 por isso mesmo que n\u00e3o nos cansamos de dizer que a vida do Dom Helder \u00e9 como uma mina de ouro que precisa ser sempre e cada vez mais explorada, com um dom maravilhoso de Deus. Vida de uma beleza, que podemos dizer, diferenciada, nos seus gestos rar\u00edssimos em favor da vida dos empobrecidos, dos \u201csem voz e sem vez\u201d.<\/div>\n<div style=\"text-align: justify\"><\/div>\n<div style=\"text-align: justify\">Ao assumir a Arquidiocese de Olinda e Recife, em abril de 1964, afirmou: \u201cNingu\u00e9m se escandalize quando me vir ao lado de criaturas humanas tidas como indignas e pecadoras (&#8230;). Disse tamb\u00e9m, com ternura e paix\u00e3o: \u201cQuem estiver sofrendo, no corpo ou na alma; quem, pobre ou rico, estiver desesperado, ter\u00e1 lugar no cora\u00e7\u00e3o do bispo\u201d.<\/div>\n<div style=\"text-align: justify\"><\/div>\n<div style=\"text-align: justify\">Dom Helder, pastor da paz e da ternura, sentia-se honrado quando seus inimigos o acusavam de ut\u00f3pico e sonhador, porque se aproximava do \u201ccavaleiro andante\u201d. Dom Helder dizia-lhes: \u201cComparar-me a Dom Quixote, est\u00e1 longe de ser uma nota depreciativa\u201d e acrescentava: \u201cAi do mundo se n\u00e3o fosse a utopia, ai do mundo se n\u00e3o fossem os sonhadores\u201d.<\/div>\n<div style=\"text-align: justify\"><\/div>\n<div style=\"text-align: justify\">Guardemos no \u00edntimo do cora\u00e7\u00e3o a mensagem de otimismo e esperan\u00e7a, deixada por Dom Helder C\u00e2mara, o artes\u00e3o da paz e cidad\u00e3o do mundo, o bispo brasileiro mais influente no Conc\u00edlio Vaticano II, ao abrir o caminho para a renova\u00e7\u00e3o, na sua mais profunda e aut\u00eantica coer\u00eancia em favor dos empobrecidos: \u201cSe n\u00e3o engano, n\u00f3s, os homens da Igreja, dever\u00edamos realizar dentro da Igreja as mudan\u00e7as que exigimos da sociedade\u201d.<\/div>\n<div style=\"text-align: justify\"><\/div>\n<div style=\"text-align: justify\">Falou tamb\u00e9m com extraordin\u00e1ria paix\u00e3o que falou que Deus \u00e9 amor, em tom daquilo que lhe era muito peculiar, a poesia: \u201cFomos n\u00f3s, as tuas criaturas que inventamos teu nome!? O nome n\u00e3o \u00e9, n\u00e3o deve ser um r\u00f3tulo colado sobre as pessoas e sobre as coisas&#8230; O nome vem de dentro das coisas e pessoas, e n\u00e3o deve ser falso&#8230; Tem que exprimir o mais \u00edntimo do \u00edntimo, a pr\u00f3pria raz\u00e3o de ser e existir da coisa ou da pessoa nomeada&#8230; Teu nome \u00e9 e s\u00f3 podia ser amor\u201d.<\/div>\n<div style=\"text-align: justify\"><\/div>\n<div>*<em>Pe. Geovane Saraiva, sacerdote da Arquidiocese de Fortaleza, Escritor, Membro da Academia de Letras dos Munic\u00edpios do Estado Cear\u00e1 (ALMECE), e da Academia Metropolitana de Letras de Fortaleza<\/em><\/div>\n<div><strong>P\u00e1roco de Santo Afonso<\/strong><\/div>\n<div><a href=\"mailto:pegeovane@paroquiasantoafonso.org.br\"><em>pegeovane@paroquiasantoafonso.org.br<\/em><\/a><\/div>\n<\/div>\n<p>&nbsp;<\/p>\n<div id=\"themify_builder_content-18751\" data-postid=\"18751\" class=\"themify_builder_content themify_builder_content-18751 themify_builder themify_builder_front\">\n\t<\/div>\n<!-- \/themify_builder_content -->","protected":false},"excerpt":{"rendered":"<p>Padre Geovane Saraiva* \u201cQuando sonhamos sozinhos \u00e9 s\u00f3 um sonho; mas quando sonhamos juntos \u00e9 o in\u00edcio de uma nova realidade\u201d; \u201cUltrapassa-te a ti mesmo a cada dia, a cada instante&#8230; N\u00e3o por vaidade, mas para corresponderes \u00e0 obriga\u00e7\u00e3o sagrada de contribuir sempre mais e sempre melhor, para a constru\u00e7\u00e3o do mundo (&#8230;)\u201d. \u201cEu sou [&hellip;]<\/p>\n","protected":false},"author":17,"featured_media":0,"comment_status":"open","ping_status":"open","sticky":false,"template":"","format":"standard","meta":{"ngg_post_thumbnail":0,"footnotes":""},"categories":[192],"tags":[],"yoast_head":"<!-- This site is optimized with the Yoast SEO plugin v23.5 - https:\/\/yoast.com\/wordpress\/plugins\/seo\/ -->\n<title>Nosso livro: Dom Helder - sonhos e utopias - O Arcanjo no ar<\/title>\n<meta name=\"robots\" content=\"index, follow, max-snippet:-1, max-image-preview:large, max-video-preview:-1\" \/>\n<link rel=\"canonical\" href=\"https:\/\/www.oarcanjo.net\/site\/nosso-livro-dom-helder-sonhos-e-utopias\/\" \/>\n<meta property=\"og:locale\" content=\"pt_BR\" \/>\n<meta property=\"og:type\" content=\"article\" \/>\n<meta property=\"og:title\" content=\"Nosso livro: Dom Helder - sonhos e utopias - O Arcanjo no ar\" \/>\n<meta property=\"og:description\" content=\"Padre Geovane Saraiva* \u201cQuando sonhamos sozinhos \u00e9 s\u00f3 um sonho; mas quando sonhamos juntos \u00e9 o in\u00edcio de uma nova realidade\u201d; \u201cUltrapassa-te a ti mesmo a cada dia, a cada instante&#8230; N\u00e3o por vaidade, mas para corresponderes \u00e0 obriga\u00e7\u00e3o sagrada de contribuir sempre mais e sempre melhor, para a constru\u00e7\u00e3o do mundo (&#8230;)\u201d. \u201cEu sou [&hellip;]\" \/>\n<meta property=\"og:url\" content=\"https:\/\/www.oarcanjo.net\/site\/nosso-livro-dom-helder-sonhos-e-utopias\/\" \/>\n<meta property=\"og:site_name\" content=\"O Arcanjo no ar\" \/>\n<meta property=\"article:publisher\" content=\"https:\/\/www.facebook.com\/OArcanjoNoAr\/\" \/>\n<meta property=\"article:published_time\" content=\"2012-07-17T16:05:16+00:00\" \/>\n<meta property=\"og:image\" content=\"http:\/\/www.oarcanjo.net\/site\/wp-content\/uploads\/pe-geovane13-150x150.jpg\" \/>\n<meta name=\"author\" content=\"pe.geovane\" \/>\n<meta name=\"twitter:card\" content=\"summary_large_image\" \/>\n<meta name=\"twitter:label1\" content=\"Escrito por\" \/>\n\t<meta name=\"twitter:data1\" content=\"pe.geovane\" \/>\n\t<meta name=\"twitter:label2\" content=\"Est. tempo de leitura\" \/>\n\t<meta name=\"twitter:data2\" content=\"3 minutos\" \/>\n<script type=\"application\/ld+json\" class=\"yoast-schema-graph\">{\"@context\":\"https:\/\/schema.org\",\"@graph\":[{\"@type\":\"Article\",\"@id\":\"https:\/\/www.oarcanjo.net\/site\/nosso-livro-dom-helder-sonhos-e-utopias\/#article\",\"isPartOf\":{\"@id\":\"https:\/\/www.oarcanjo.net\/site\/nosso-livro-dom-helder-sonhos-e-utopias\/\"},\"author\":{\"name\":\"pe.geovane\",\"@id\":\"https:\/\/www.oarcanjo.net\/site\/#\/schema\/person\/58d7f78850a973b8e467c7ae4a7eb4ad\"},\"headline\":\"Nosso livro: Dom Helder &#8211; sonhos e utopias\",\"datePublished\":\"2012-07-17T16:05:16+00:00\",\"dateModified\":\"2012-07-17T16:05:16+00:00\",\"mainEntityOfPage\":{\"@id\":\"https:\/\/www.oarcanjo.net\/site\/nosso-livro-dom-helder-sonhos-e-utopias\/\"},\"wordCount\":538,\"commentCount\":0,\"publisher\":{\"@id\":\"https:\/\/www.oarcanjo.net\/site\/#organization\"},\"image\":{\"@id\":\"https:\/\/www.oarcanjo.net\/site\/nosso-livro-dom-helder-sonhos-e-utopias\/#primaryimage\"},\"thumbnailUrl\":\"http:\/\/www.oarcanjo.net\/site\/wp-content\/uploads\/pe-geovane13-150x150.jpg\",\"articleSection\":[\"D. Helder C\u00e2mara\"],\"inLanguage\":\"pt-BR\",\"potentialAction\":[{\"@type\":\"CommentAction\",\"name\":\"Comment\",\"target\":[\"https:\/\/www.oarcanjo.net\/site\/nosso-livro-dom-helder-sonhos-e-utopias\/#respond\"]}]},{\"@type\":\"WebPage\",\"@id\":\"https:\/\/www.oarcanjo.net\/site\/nosso-livro-dom-helder-sonhos-e-utopias\/\",\"url\":\"https:\/\/www.oarcanjo.net\/site\/nosso-livro-dom-helder-sonhos-e-utopias\/\",\"name\":\"Nosso livro: Dom Helder - sonhos e utopias - O Arcanjo no ar\",\"isPartOf\":{\"@id\":\"https:\/\/www.oarcanjo.net\/site\/#website\"},\"primaryImageOfPage\":{\"@id\":\"https:\/\/www.oarcanjo.net\/site\/nosso-livro-dom-helder-sonhos-e-utopias\/#primaryimage\"},\"image\":{\"@id\":\"https:\/\/www.oarcanjo.net\/site\/nosso-livro-dom-helder-sonhos-e-utopias\/#primaryimage\"},\"thumbnailUrl\":\"http:\/\/www.oarcanjo.net\/site\/wp-content\/uploads\/pe-geovane13-150x150.jpg\",\"datePublished\":\"2012-07-17T16:05:16+00:00\",\"dateModified\":\"2012-07-17T16:05:16+00:00\",\"breadcrumb\":{\"@id\":\"https:\/\/www.oarcanjo.net\/site\/nosso-livro-dom-helder-sonhos-e-utopias\/#breadcrumb\"},\"inLanguage\":\"pt-BR\",\"potentialAction\":[{\"@type\":\"ReadAction\",\"target\":[\"https:\/\/www.oarcanjo.net\/site\/nosso-livro-dom-helder-sonhos-e-utopias\/\"]}]},{\"@type\":\"ImageObject\",\"inLanguage\":\"pt-BR\",\"@id\":\"https:\/\/www.oarcanjo.net\/site\/nosso-livro-dom-helder-sonhos-e-utopias\/#primaryimage\",\"url\":\"https:\/\/www.oarcanjo.net\/site\/wp-content\/uploads\/pe-geovane13.jpg\",\"contentUrl\":\"https:\/\/www.oarcanjo.net\/site\/wp-content\/uploads\/pe-geovane13.jpg\",\"width\":\"320\",\"height\":\"480\"},{\"@type\":\"BreadcrumbList\",\"@id\":\"https:\/\/www.oarcanjo.net\/site\/nosso-livro-dom-helder-sonhos-e-utopias\/#breadcrumb\",\"itemListElement\":[{\"@type\":\"ListItem\",\"position\":1,\"name\":\"In\u00edcio\",\"item\":\"https:\/\/www.oarcanjo.net\/site\/\"},{\"@type\":\"ListItem\",\"position\":2,\"name\":\"Nosso livro: Dom Helder &#8211; sonhos e utopias\"}]},{\"@type\":\"WebSite\",\"@id\":\"https:\/\/www.oarcanjo.net\/site\/#website\",\"url\":\"https:\/\/www.oarcanjo.net\/site\/\",\"name\":\"O Arcanjo no ar\",\"description\":\"Site da Par\u00f3quia S\u00e3o Miguel Arcanjo (Arquidiocese de SP)\",\"publisher\":{\"@id\":\"https:\/\/www.oarcanjo.net\/site\/#organization\"},\"potentialAction\":[{\"@type\":\"SearchAction\",\"target\":{\"@type\":\"EntryPoint\",\"urlTemplate\":\"https:\/\/www.oarcanjo.net\/site\/?s={search_term_string}\"},\"query-input\":{\"@type\":\"PropertyValueSpecification\",\"valueRequired\":true,\"valueName\":\"search_term_string\"}}],\"inLanguage\":\"pt-BR\"},{\"@type\":\"Organization\",\"@id\":\"https:\/\/www.oarcanjo.net\/site\/#organization\",\"name\":\"Par\u00f3quia S\u00e3o Miguel Arcanjo\",\"url\":\"https:\/\/www.oarcanjo.net\/site\/\",\"logo\":{\"@type\":\"ImageObject\",\"inLanguage\":\"pt-BR\",\"@id\":\"https:\/\/www.oarcanjo.net\/site\/#\/schema\/logo\/image\/\",\"url\":\"https:\/\/www.oarcanjo.net\/site\/wp-content\/uploads\/LogoOArcanjo.png\",\"contentUrl\":\"https:\/\/www.oarcanjo.net\/site\/wp-content\/uploads\/LogoOArcanjo.png\",\"width\":319,\"height\":99,\"caption\":\"Par\u00f3quia S\u00e3o Miguel Arcanjo\"},\"image\":{\"@id\":\"https:\/\/www.oarcanjo.net\/site\/#\/schema\/logo\/image\/\"},\"sameAs\":[\"https:\/\/www.facebook.com\/OArcanjoNoAr\/\"]},{\"@type\":\"Person\",\"@id\":\"https:\/\/www.oarcanjo.net\/site\/#\/schema\/person\/58d7f78850a973b8e467c7ae4a7eb4ad\",\"name\":\"pe.geovane\"}]}<\/script>\n<!-- \/ Yoast SEO plugin. -->","yoast_head_json":{"title":"Nosso livro: Dom Helder - sonhos e utopias - O Arcanjo no ar","robots":{"index":"index","follow":"follow","max-snippet":"max-snippet:-1","max-image-preview":"max-image-preview:large","max-video-preview":"max-video-preview:-1"},"canonical":"https:\/\/www.oarcanjo.net\/site\/nosso-livro-dom-helder-sonhos-e-utopias\/","og_locale":"pt_BR","og_type":"article","og_title":"Nosso livro: Dom Helder - sonhos e utopias - O Arcanjo no ar","og_description":"Padre Geovane Saraiva* \u201cQuando sonhamos sozinhos \u00e9 s\u00f3 um sonho; mas quando sonhamos juntos \u00e9 o in\u00edcio de uma nova realidade\u201d; \u201cUltrapassa-te a ti mesmo a cada dia, a cada instante&#8230; N\u00e3o por vaidade, mas para corresponderes \u00e0 obriga\u00e7\u00e3o sagrada de contribuir sempre mais e sempre melhor, para a constru\u00e7\u00e3o do mundo (&#8230;)\u201d. \u201cEu sou [&hellip;]","og_url":"https:\/\/www.oarcanjo.net\/site\/nosso-livro-dom-helder-sonhos-e-utopias\/","og_site_name":"O Arcanjo no ar","article_publisher":"https:\/\/www.facebook.com\/OArcanjoNoAr\/","article_published_time":"2012-07-17T16:05:16+00:00","og_image":[{"url":"http:\/\/www.oarcanjo.net\/site\/wp-content\/uploads\/pe-geovane13-150x150.jpg"}],"author":"pe.geovane","twitter_card":"summary_large_image","twitter_misc":{"Escrito por":"pe.geovane","Est. tempo de leitura":"3 minutos"},"schema":{"@context":"https:\/\/schema.org","@graph":[{"@type":"Article","@id":"https:\/\/www.oarcanjo.net\/site\/nosso-livro-dom-helder-sonhos-e-utopias\/#article","isPartOf":{"@id":"https:\/\/www.oarcanjo.net\/site\/nosso-livro-dom-helder-sonhos-e-utopias\/"},"author":{"name":"pe.geovane","@id":"https:\/\/www.oarcanjo.net\/site\/#\/schema\/person\/58d7f78850a973b8e467c7ae4a7eb4ad"},"headline":"Nosso livro: Dom Helder &#8211; sonhos e utopias","datePublished":"2012-07-17T16:05:16+00:00","dateModified":"2012-07-17T16:05:16+00:00","mainEntityOfPage":{"@id":"https:\/\/www.oarcanjo.net\/site\/nosso-livro-dom-helder-sonhos-e-utopias\/"},"wordCount":538,"commentCount":0,"publisher":{"@id":"https:\/\/www.oarcanjo.net\/site\/#organization"},"image":{"@id":"https:\/\/www.oarcanjo.net\/site\/nosso-livro-dom-helder-sonhos-e-utopias\/#primaryimage"},"thumbnailUrl":"http:\/\/www.oarcanjo.net\/site\/wp-content\/uploads\/pe-geovane13-150x150.jpg","articleSection":["D. Helder C\u00e2mara"],"inLanguage":"pt-BR","potentialAction":[{"@type":"CommentAction","name":"Comment","target":["https:\/\/www.oarcanjo.net\/site\/nosso-livro-dom-helder-sonhos-e-utopias\/#respond"]}]},{"@type":"WebPage","@id":"https:\/\/www.oarcanjo.net\/site\/nosso-livro-dom-helder-sonhos-e-utopias\/","url":"https:\/\/www.oarcanjo.net\/site\/nosso-livro-dom-helder-sonhos-e-utopias\/","name":"Nosso livro: Dom Helder - sonhos e utopias - O Arcanjo no ar","isPartOf":{"@id":"https:\/\/www.oarcanjo.net\/site\/#website"},"primaryImageOfPage":{"@id":"https:\/\/www.oarcanjo.net\/site\/nosso-livro-dom-helder-sonhos-e-utopias\/#primaryimage"},"image":{"@id":"https:\/\/www.oarcanjo.net\/site\/nosso-livro-dom-helder-sonhos-e-utopias\/#primaryimage"},"thumbnailUrl":"http:\/\/www.oarcanjo.net\/site\/wp-content\/uploads\/pe-geovane13-150x150.jpg","datePublished":"2012-07-17T16:05:16+00:00","dateModified":"2012-07-17T16:05:16+00:00","breadcrumb":{"@id":"https:\/\/www.oarcanjo.net\/site\/nosso-livro-dom-helder-sonhos-e-utopias\/#breadcrumb"},"inLanguage":"pt-BR","potentialAction":[{"@type":"ReadAction","target":["https:\/\/www.oarcanjo.net\/site\/nosso-livro-dom-helder-sonhos-e-utopias\/"]}]},{"@type":"ImageObject","inLanguage":"pt-BR","@id":"https:\/\/www.oarcanjo.net\/site\/nosso-livro-dom-helder-sonhos-e-utopias\/#primaryimage","url":"https:\/\/www.oarcanjo.net\/site\/wp-content\/uploads\/pe-geovane13.jpg","contentUrl":"https:\/\/www.oarcanjo.net\/site\/wp-content\/uploads\/pe-geovane13.jpg","width":"320","height":"480"},{"@type":"BreadcrumbList","@id":"https:\/\/www.oarcanjo.net\/site\/nosso-livro-dom-helder-sonhos-e-utopias\/#breadcrumb","itemListElement":[{"@type":"ListItem","position":1,"name":"In\u00edcio","item":"https:\/\/www.oarcanjo.net\/site\/"},{"@type":"ListItem","position":2,"name":"Nosso livro: Dom Helder &#8211; sonhos e utopias"}]},{"@type":"WebSite","@id":"https:\/\/www.oarcanjo.net\/site\/#website","url":"https:\/\/www.oarcanjo.net\/site\/","name":"O Arcanjo no ar","description":"Site da Par\u00f3quia S\u00e3o Miguel Arcanjo (Arquidiocese de SP)","publisher":{"@id":"https:\/\/www.oarcanjo.net\/site\/#organization"},"potentialAction":[{"@type":"SearchAction","target":{"@type":"EntryPoint","urlTemplate":"https:\/\/www.oarcanjo.net\/site\/?s={search_term_string}"},"query-input":{"@type":"PropertyValueSpecification","valueRequired":true,"valueName":"search_term_string"}}],"inLanguage":"pt-BR"},{"@type":"Organization","@id":"https:\/\/www.oarcanjo.net\/site\/#organization","name":"Par\u00f3quia S\u00e3o Miguel Arcanjo","url":"https:\/\/www.oarcanjo.net\/site\/","logo":{"@type":"ImageObject","inLanguage":"pt-BR","@id":"https:\/\/www.oarcanjo.net\/site\/#\/schema\/logo\/image\/","url":"https:\/\/www.oarcanjo.net\/site\/wp-content\/uploads\/LogoOArcanjo.png","contentUrl":"https:\/\/www.oarcanjo.net\/site\/wp-content\/uploads\/LogoOArcanjo.png","width":319,"height":99,"caption":"Par\u00f3quia S\u00e3o Miguel Arcanjo"},"image":{"@id":"https:\/\/www.oarcanjo.net\/site\/#\/schema\/logo\/image\/"},"sameAs":["https:\/\/www.facebook.com\/OArcanjoNoAr\/"]},{"@type":"Person","@id":"https:\/\/www.oarcanjo.net\/site\/#\/schema\/person\/58d7f78850a973b8e467c7ae4a7eb4ad","name":"pe.geovane"}]}},"publishpress_future_action":{"enabled":false,"date":"2026-05-08 11:45:03","action":"category","newStatus":"draft","terms":[],"taxonomy":"category"},"publishpress_future_workflow_manual_trigger":{"enabledWorkflows":[]},"_links":{"self":[{"href":"https:\/\/www.oarcanjo.net\/site\/wp-json\/wp\/v2\/posts\/18751"}],"collection":[{"href":"https:\/\/www.oarcanjo.net\/site\/wp-json\/wp\/v2\/posts"}],"about":[{"href":"https:\/\/www.oarcanjo.net\/site\/wp-json\/wp\/v2\/types\/post"}],"author":[{"embeddable":true,"href":"https:\/\/www.oarcanjo.net\/site\/wp-json\/wp\/v2\/users\/17"}],"replies":[{"embeddable":true,"href":"https:\/\/www.oarcanjo.net\/site\/wp-json\/wp\/v2\/comments?post=18751"}],"version-history":[{"count":0,"href":"https:\/\/www.oarcanjo.net\/site\/wp-json\/wp\/v2\/posts\/18751\/revisions"}],"wp:attachment":[{"href":"https:\/\/www.oarcanjo.net\/site\/wp-json\/wp\/v2\/media?parent=18751"}],"wp:term":[{"taxonomy":"category","embeddable":true,"href":"https:\/\/www.oarcanjo.net\/site\/wp-json\/wp\/v2\/categories?post=18751"},{"taxonomy":"post_tag","embeddable":true,"href":"https:\/\/www.oarcanjo.net\/site\/wp-json\/wp\/v2\/tags?post=18751"}],"curies":[{"name":"wp","href":"https:\/\/api.w.org\/{rel}","templated":true}]}}