
{"id":18778,"date":"2012-07-23T01:24:47","date_gmt":"2012-07-23T04:24:47","guid":{"rendered":"http:\/\/www.oarcanjo.net\/site\/?p=18778"},"modified":"2012-07-25T22:42:58","modified_gmt":"2012-07-26T01:42:58","slug":"batizados-de-julho-de-2012","status":"publish","type":"post","link":"https:\/\/www.oarcanjo.net\/site\/batizados-de-julho-de-2012\/","title":{"rendered":"Batizados de Julho de 2012"},"content":{"rendered":"<p>22\/07\/12, neste ensolarado domingo,  18 crian\u00e7as foram batizadas na Capela da Universidade S\u00e3o Judas Tadeu, o Arthur Tuccio, Carolina H. Gouv\u00eaa Bastos, Enzo Garcia Ferreira, Fernanda Vila Nova Bai\u00e3o, Gabriela Martinez Zumas de Lima, Giovanna Martins Tuccio, Guilherme Kimura Bar\u00e3o, Heloisa de Castro Mann, Heloisa Rodrigues de Almeida, In\u00e1cio Manna Wolf, Isabella Colomba Kanashiro da Silva, Isabela Zampieri Arias, Jos\u00e9 Augusto Togniolo Junior, Lucca Recrosio Marcos, Luiz Fernando D\u2019Attilio, Nicolly Figueiredo Lima da Silva, Vin\u00edcius Augusto Garcia Sciannamea Morlino e o Vitor Ribeiro Zampieri.<\/p>\n<p>Domingo que o Evangelho de Marcos nos revela o Bom Pastor: \u201cAo desembarcar, Jesus viu uma numerosa multid\u00e3o e teve compaix\u00e3o, porque eram como ovelhas sem pastor. Come\u00e7ou, pois, a ensinar-lhes muitas coisas.\u201d<\/p>\n<p>O Pe Julio suscitou a todos os pais e padrinhos a de fato tratarem a educa\u00e7\u00e3o de seus filhos e afilhados na f\u00e9. Durante a  Celebra\u00e7\u00e3o Eucar\u00edstica, ocorreu o casamento do Thiago e da Maura, pais da Isabela Zampieri Arias.<\/p>\nngg_shortcode_0_placeholder\n<p>Batizado na Igreja S\u00e3o Miguel Arcanjo<br \/>\nNa missa das 18hs, na Par\u00f3quia  S\u00e3o Miguel Arcanjo, o batizado do Antonio Petta Massuda.<\/p>\n<p>Vejam tamb\u00e9m as fotos<\/p>\nngg_shortcode_1_placeholder\n<p>&nbsp;<\/p>\n<div id=\"themify_builder_content-18778\" data-postid=\"18778\" class=\"themify_builder_content themify_builder_content-18778 themify_builder themify_builder_front\">\n\t<\/div>\n<!-- \/themify_builder_content -->","protected":false},"excerpt":{"rendered":"<p>22\/07\/12, neste ensolarado domingo, 18 crian\u00e7as foram batizadas na Capela da Universidade S\u00e3o Judas Tadeu, o Arthur Tuccio, Carolina H. Gouv\u00eaa Bastos, Enzo Garcia Ferreira, Fernanda Vila Nova Bai\u00e3o, Gabriela Martinez Zumas de Lima, Giovanna Martins Tuccio, Guilherme Kimura Bar\u00e3o, Heloisa de Castro Mann, Heloisa Rodrigues de Almeida, In\u00e1cio Manna Wolf, Isabella Colomba Kanashiro da [&hellip;]<\/p>\n","protected":false},"author":10,"featured_media":0,"comment_status":"open","ping_status":"open","sticky":false,"template":"","format":"standard","meta":{"ngg_post_thumbnail":0,"footnotes":""},"categories":[3,8,7],"tags":[],"yoast_head":"<!-- This site is optimized with the Yoast SEO plugin v23.5 - https:\/\/yoast.com\/wordpress\/plugins\/seo\/ -->\n<title>Batizados de Julho de 2012 - O Arcanjo no ar<\/title>\n<meta name=\"robots\" content=\"index, follow, max-snippet:-1, max-image-preview:large, max-video-preview:-1\" \/>\n<link rel=\"canonical\" href=\"https:\/\/www.oarcanjo.net\/site\/batizados-de-julho-de-2012\/\" \/>\n<meta property=\"og:locale\" content=\"pt_BR\" \/>\n<meta property=\"og:type\" content=\"article\" \/>\n<meta property=\"og:title\" content=\"Batizados de Julho de 2012 - O Arcanjo no ar\" \/>\n<meta property=\"og:description\" content=\"22\/07\/12, neste ensolarado domingo, 18 crian\u00e7as foram batizadas na Capela da Universidade S\u00e3o Judas Tadeu, o Arthur Tuccio, Carolina H. Gouv\u00eaa Bastos, Enzo Garcia Ferreira, Fernanda Vila Nova Bai\u00e3o, Gabriela Martinez Zumas de Lima, Giovanna Martins Tuccio, Guilherme Kimura Bar\u00e3o, Heloisa de Castro Mann, Heloisa Rodrigues de Almeida, In\u00e1cio Manna Wolf, Isabella Colomba Kanashiro da [&hellip;]\" \/>\n<meta property=\"og:url\" content=\"https:\/\/www.oarcanjo.net\/site\/batizados-de-julho-de-2012\/\" \/>\n<meta property=\"og:site_name\" content=\"O Arcanjo no ar\" \/>\n<meta property=\"article:publisher\" content=\"https:\/\/www.facebook.com\/OArcanjoNoAr\/\" \/>\n<meta property=\"article:published_time\" content=\"2012-07-23T04:24:47+00:00\" \/>\n<meta property=\"article:modified_time\" content=\"2012-07-26T01:42:58+00:00\" \/>\n<meta property=\"og:image\" content=\"https:\/\/www.oarcanjo.net\/site\/wp-content\/uploads\/logo-o-arcanjo-no-ar-facebook.png\" \/>\n\t<meta property=\"og:image:width\" content=\"300\" \/>\n\t<meta property=\"og:image:height\" content=\"300\" \/>\n\t<meta property=\"og:image:type\" content=\"image\/png\" \/>\n<meta name=\"author\" content=\"carlos\" \/>\n<meta name=\"twitter:card\" content=\"summary_large_image\" \/>\n<meta name=\"twitter:label1\" content=\"Escrito por\" \/>\n\t<meta name=\"twitter:data1\" content=\"carlos\" \/>\n\t<meta name=\"twitter:label2\" content=\"Est. tempo de leitura\" \/>\n\t<meta name=\"twitter:data2\" content=\"1 minuto\" \/>\n<script type=\"application\/ld+json\" class=\"yoast-schema-graph\">{\"@context\":\"https:\/\/schema.org\",\"@graph\":[{\"@type\":\"Article\",\"@id\":\"https:\/\/www.oarcanjo.net\/site\/batizados-de-julho-de-2012\/#article\",\"isPartOf\":{\"@id\":\"https:\/\/www.oarcanjo.net\/site\/batizados-de-julho-de-2012\/\"},\"author\":{\"name\":\"carlos\",\"@id\":\"https:\/\/www.oarcanjo.net\/site\/#\/schema\/person\/f7870e710d8c8c30673de3a0ac2e451d\"},\"headline\":\"Batizados de Julho de 2012\",\"datePublished\":\"2012-07-23T04:24:47+00:00\",\"dateModified\":\"2012-07-26T01:42:58+00:00\",\"mainEntityOfPage\":{\"@id\":\"https:\/\/www.oarcanjo.net\/site\/batizados-de-julho-de-2012\/\"},\"wordCount\":207,\"commentCount\":0,\"publisher\":{\"@id\":\"https:\/\/www.oarcanjo.net\/site\/#organization\"},\"articleSection\":[\"Destaques\",\"Not\u00edcias\",\"Rosto da comunidade\"],\"inLanguage\":\"pt-BR\",\"potentialAction\":[{\"@type\":\"CommentAction\",\"name\":\"Comment\",\"target\":[\"https:\/\/www.oarcanjo.net\/site\/batizados-de-julho-de-2012\/#respond\"]}]},{\"@type\":\"WebPage\",\"@id\":\"https:\/\/www.oarcanjo.net\/site\/batizados-de-julho-de-2012\/\",\"url\":\"https:\/\/www.oarcanjo.net\/site\/batizados-de-julho-de-2012\/\",\"name\":\"Batizados de Julho de 2012 - O Arcanjo no ar\",\"isPartOf\":{\"@id\":\"https:\/\/www.oarcanjo.net\/site\/#website\"},\"datePublished\":\"2012-07-23T04:24:47+00:00\",\"dateModified\":\"2012-07-26T01:42:58+00:00\",\"breadcrumb\":{\"@id\":\"https:\/\/www.oarcanjo.net\/site\/batizados-de-julho-de-2012\/#breadcrumb\"},\"inLanguage\":\"pt-BR\",\"potentialAction\":[{\"@type\":\"ReadAction\",\"target\":[\"https:\/\/www.oarcanjo.net\/site\/batizados-de-julho-de-2012\/\"]}]},{\"@type\":\"BreadcrumbList\",\"@id\":\"https:\/\/www.oarcanjo.net\/site\/batizados-de-julho-de-2012\/#breadcrumb\",\"itemListElement\":[{\"@type\":\"ListItem\",\"position\":1,\"name\":\"In\u00edcio\",\"item\":\"https:\/\/www.oarcanjo.net\/site\/\"},{\"@type\":\"ListItem\",\"position\":2,\"name\":\"Batizados de Julho de 2012\"}]},{\"@type\":\"WebSite\",\"@id\":\"https:\/\/www.oarcanjo.net\/site\/#website\",\"url\":\"https:\/\/www.oarcanjo.net\/site\/\",\"name\":\"O Arcanjo no ar\",\"description\":\"Site da Par\u00f3quia S\u00e3o Miguel Arcanjo (Arquidiocese de SP)\",\"publisher\":{\"@id\":\"https:\/\/www.oarcanjo.net\/site\/#organization\"},\"potentialAction\":[{\"@type\":\"SearchAction\",\"target\":{\"@type\":\"EntryPoint\",\"urlTemplate\":\"https:\/\/www.oarcanjo.net\/site\/?s={search_term_string}\"},\"query-input\":{\"@type\":\"PropertyValueSpecification\",\"valueRequired\":true,\"valueName\":\"search_term_string\"}}],\"inLanguage\":\"pt-BR\"},{\"@type\":\"Organization\",\"@id\":\"https:\/\/www.oarcanjo.net\/site\/#organization\",\"name\":\"Par\u00f3quia S\u00e3o Miguel Arcanjo\",\"url\":\"https:\/\/www.oarcanjo.net\/site\/\",\"logo\":{\"@type\":\"ImageObject\",\"inLanguage\":\"pt-BR\",\"@id\":\"https:\/\/www.oarcanjo.net\/site\/#\/schema\/logo\/image\/\",\"url\":\"https:\/\/www.oarcanjo.net\/site\/wp-content\/uploads\/LogoOArcanjo.png\",\"contentUrl\":\"https:\/\/www.oarcanjo.net\/site\/wp-content\/uploads\/LogoOArcanjo.png\",\"width\":319,\"height\":99,\"caption\":\"Par\u00f3quia S\u00e3o Miguel Arcanjo\"},\"image\":{\"@id\":\"https:\/\/www.oarcanjo.net\/site\/#\/schema\/logo\/image\/\"},\"sameAs\":[\"https:\/\/www.facebook.com\/OArcanjoNoAr\/\"]},{\"@type\":\"Person\",\"@id\":\"https:\/\/www.oarcanjo.net\/site\/#\/schema\/person\/f7870e710d8c8c30673de3a0ac2e451d\",\"name\":\"carlos\"}]}<\/script>\n<!-- \/ Yoast SEO plugin. -->","yoast_head_json":{"title":"Batizados de Julho de 2012 - O Arcanjo no ar","robots":{"index":"index","follow":"follow","max-snippet":"max-snippet:-1","max-image-preview":"max-image-preview:large","max-video-preview":"max-video-preview:-1"},"canonical":"https:\/\/www.oarcanjo.net\/site\/batizados-de-julho-de-2012\/","og_locale":"pt_BR","og_type":"article","og_title":"Batizados de Julho de 2012 - O Arcanjo no ar","og_description":"22\/07\/12, neste ensolarado domingo, 18 crian\u00e7as foram batizadas na Capela da Universidade S\u00e3o Judas Tadeu, o Arthur Tuccio, Carolina H. Gouv\u00eaa Bastos, Enzo Garcia Ferreira, Fernanda Vila Nova Bai\u00e3o, Gabriela Martinez Zumas de Lima, Giovanna Martins Tuccio, Guilherme Kimura Bar\u00e3o, Heloisa de Castro Mann, Heloisa Rodrigues de Almeida, In\u00e1cio Manna Wolf, Isabella Colomba Kanashiro da [&hellip;]","og_url":"https:\/\/www.oarcanjo.net\/site\/batizados-de-julho-de-2012\/","og_site_name":"O Arcanjo no ar","article_publisher":"https:\/\/www.facebook.com\/OArcanjoNoAr\/","article_published_time":"2012-07-23T04:24:47+00:00","article_modified_time":"2012-07-26T01:42:58+00:00","og_image":[{"width":300,"height":300,"url":"https:\/\/www.oarcanjo.net\/site\/wp-content\/uploads\/logo-o-arcanjo-no-ar-facebook.png","type":"image\/png"}],"author":"carlos","twitter_card":"summary_large_image","twitter_misc":{"Escrito por":"carlos","Est. tempo de leitura":"1 minuto"},"schema":{"@context":"https:\/\/schema.org","@graph":[{"@type":"Article","@id":"https:\/\/www.oarcanjo.net\/site\/batizados-de-julho-de-2012\/#article","isPartOf":{"@id":"https:\/\/www.oarcanjo.net\/site\/batizados-de-julho-de-2012\/"},"author":{"name":"carlos","@id":"https:\/\/www.oarcanjo.net\/site\/#\/schema\/person\/f7870e710d8c8c30673de3a0ac2e451d"},"headline":"Batizados de Julho de 2012","datePublished":"2012-07-23T04:24:47+00:00","dateModified":"2012-07-26T01:42:58+00:00","mainEntityOfPage":{"@id":"https:\/\/www.oarcanjo.net\/site\/batizados-de-julho-de-2012\/"},"wordCount":207,"commentCount":0,"publisher":{"@id":"https:\/\/www.oarcanjo.net\/site\/#organization"},"articleSection":["Destaques","Not\u00edcias","Rosto da comunidade"],"inLanguage":"pt-BR","potentialAction":[{"@type":"CommentAction","name":"Comment","target":["https:\/\/www.oarcanjo.net\/site\/batizados-de-julho-de-2012\/#respond"]}]},{"@type":"WebPage","@id":"https:\/\/www.oarcanjo.net\/site\/batizados-de-julho-de-2012\/","url":"https:\/\/www.oarcanjo.net\/site\/batizados-de-julho-de-2012\/","name":"Batizados de Julho de 2012 - O Arcanjo no ar","isPartOf":{"@id":"https:\/\/www.oarcanjo.net\/site\/#website"},"datePublished":"2012-07-23T04:24:47+00:00","dateModified":"2012-07-26T01:42:58+00:00","breadcrumb":{"@id":"https:\/\/www.oarcanjo.net\/site\/batizados-de-julho-de-2012\/#breadcrumb"},"inLanguage":"pt-BR","potentialAction":[{"@type":"ReadAction","target":["https:\/\/www.oarcanjo.net\/site\/batizados-de-julho-de-2012\/"]}]},{"@type":"BreadcrumbList","@id":"https:\/\/www.oarcanjo.net\/site\/batizados-de-julho-de-2012\/#breadcrumb","itemListElement":[{"@type":"ListItem","position":1,"name":"In\u00edcio","item":"https:\/\/www.oarcanjo.net\/site\/"},{"@type":"ListItem","position":2,"name":"Batizados de Julho de 2012"}]},{"@type":"WebSite","@id":"https:\/\/www.oarcanjo.net\/site\/#website","url":"https:\/\/www.oarcanjo.net\/site\/","name":"O Arcanjo no ar","description":"Site da Par\u00f3quia S\u00e3o Miguel Arcanjo (Arquidiocese de SP)","publisher":{"@id":"https:\/\/www.oarcanjo.net\/site\/#organization"},"potentialAction":[{"@type":"SearchAction","target":{"@type":"EntryPoint","urlTemplate":"https:\/\/www.oarcanjo.net\/site\/?s={search_term_string}"},"query-input":{"@type":"PropertyValueSpecification","valueRequired":true,"valueName":"search_term_string"}}],"inLanguage":"pt-BR"},{"@type":"Organization","@id":"https:\/\/www.oarcanjo.net\/site\/#organization","name":"Par\u00f3quia S\u00e3o Miguel Arcanjo","url":"https:\/\/www.oarcanjo.net\/site\/","logo":{"@type":"ImageObject","inLanguage":"pt-BR","@id":"https:\/\/www.oarcanjo.net\/site\/#\/schema\/logo\/image\/","url":"https:\/\/www.oarcanjo.net\/site\/wp-content\/uploads\/LogoOArcanjo.png","contentUrl":"https:\/\/www.oarcanjo.net\/site\/wp-content\/uploads\/LogoOArcanjo.png","width":319,"height":99,"caption":"Par\u00f3quia S\u00e3o Miguel Arcanjo"},"image":{"@id":"https:\/\/www.oarcanjo.net\/site\/#\/schema\/logo\/image\/"},"sameAs":["https:\/\/www.facebook.com\/OArcanjoNoAr\/"]},{"@type":"Person","@id":"https:\/\/www.oarcanjo.net\/site\/#\/schema\/person\/f7870e710d8c8c30673de3a0ac2e451d","name":"carlos"}]}},"publishpress_future_action":{"enabled":false,"date":"2026-05-09 07:23:56","action":"category","newStatus":"draft","terms":[],"taxonomy":"category"},"publishpress_future_workflow_manual_trigger":{"enabledWorkflows":[]},"_links":{"self":[{"href":"https:\/\/www.oarcanjo.net\/site\/wp-json\/wp\/v2\/posts\/18778"}],"collection":[{"href":"https:\/\/www.oarcanjo.net\/site\/wp-json\/wp\/v2\/posts"}],"about":[{"href":"https:\/\/www.oarcanjo.net\/site\/wp-json\/wp\/v2\/types\/post"}],"author":[{"embeddable":true,"href":"https:\/\/www.oarcanjo.net\/site\/wp-json\/wp\/v2\/users\/10"}],"replies":[{"embeddable":true,"href":"https:\/\/www.oarcanjo.net\/site\/wp-json\/wp\/v2\/comments?post=18778"}],"version-history":[{"count":0,"href":"https:\/\/www.oarcanjo.net\/site\/wp-json\/wp\/v2\/posts\/18778\/revisions"}],"wp:attachment":[{"href":"https:\/\/www.oarcanjo.net\/site\/wp-json\/wp\/v2\/media?parent=18778"}],"wp:term":[{"taxonomy":"category","embeddable":true,"href":"https:\/\/www.oarcanjo.net\/site\/wp-json\/wp\/v2\/categories?post=18778"},{"taxonomy":"post_tag","embeddable":true,"href":"https:\/\/www.oarcanjo.net\/site\/wp-json\/wp\/v2\/tags?post=18778"}],"curies":[{"name":"wp","href":"https:\/\/api.w.org\/{rel}","templated":true}]}}