
{"id":18781,"date":"2012-07-23T01:29:29","date_gmt":"2012-07-23T04:29:29","guid":{"rendered":"http:\/\/www.oarcanjo.net\/site\/?p=18781"},"modified":"2012-07-25T23:42:49","modified_gmt":"2012-07-26T02:42:49","slug":"celebracao-ao-meio-dia-na-praca-da-se","status":"publish","type":"post","link":"https:\/\/www.oarcanjo.net\/site\/celebracao-ao-meio-dia-na-praca-da-se\/","title":{"rendered":"Celebra\u00e7\u00e3o ao Meio Dia na Pra\u00e7a da S\u00e9"},"content":{"rendered":"<p><span style=\"font-family: Times New Roman; font-size: small;\"> <\/span><span style=\"font-family: Calibri; font-size: small;\">Celebra\u00e7\u00e3o ao Meio Dia na Pra\u00e7a da S\u00e9<\/span><span style=\"font-family: Times New Roman; font-size: small;\"> <\/span><\/p>\n<p><span style=\"font-family: Calibri; font-size: small;\">Ao meio dia, celebra\u00e7\u00e3o na Pra\u00e7a da S\u00e9, com a Miss\u00e3o Bel\u00e9m, para os sofredores de rua. Sol forte, f\u00e9 mais fortalecida. Muitos atendimentos. A celebra\u00e7\u00e3o do Amor. N\u00e3o faltou sensibilidade, at\u00e9 de um morador de rua, que cedeu seu bon\u00e9 para o Pe Julio.<\/span><\/p>\n<p><span style=\"font-family: Times New Roman; font-size: small;\"> <\/span><\/p>\n<p><span style=\"font-family: Calibri; font-size: small;\">Seguem as fotos desse momento celebrativo.<\/span><\/p>\n<p><span style=\"font-family: Times New Roman; font-size: small;\"> <\/span><\/p>\n<p><span style=\"font-family: Calibri; font-size: small;\">ngg_shortcode_0_placeholder<\/span><\/p>\n<p><span style=\"font-family: Times New Roman; font-size: small;\"> <\/span><\/p>\n<div id=\"themify_builder_content-18781\" data-postid=\"18781\" class=\"themify_builder_content themify_builder_content-18781 themify_builder themify_builder_front\">\n\t<\/div>\n<!-- \/themify_builder_content -->","protected":false},"excerpt":{"rendered":"<p>Celebra\u00e7\u00e3o ao Meio Dia na Pra\u00e7a da S\u00e9 Ao meio dia, celebra\u00e7\u00e3o na Pra\u00e7a da S\u00e9, com a Miss\u00e3o Bel\u00e9m, para os sofredores de rua. Sol forte, f\u00e9 mais fortalecida. Muitos atendimentos. A celebra\u00e7\u00e3o do Amor. N\u00e3o faltou sensibilidade, at\u00e9 de um morador de rua, que cedeu seu bon\u00e9 para o Pe Julio. Seguem as [&hellip;]<\/p>\n","protected":false},"author":10,"featured_media":0,"comment_status":"open","ping_status":"open","sticky":false,"template":"","format":"standard","meta":{"ngg_post_thumbnail":0,"footnotes":""},"categories":[3,8,7],"tags":[],"yoast_head":"<!-- This site is optimized with the Yoast SEO plugin v23.5 - https:\/\/yoast.com\/wordpress\/plugins\/seo\/ -->\n<title>Celebra\u00e7\u00e3o ao Meio Dia na Pra\u00e7a da S\u00e9 - O Arcanjo no ar<\/title>\n<meta name=\"robots\" content=\"index, follow, max-snippet:-1, max-image-preview:large, max-video-preview:-1\" \/>\n<link rel=\"canonical\" href=\"https:\/\/www.oarcanjo.net\/site\/celebracao-ao-meio-dia-na-praca-da-se\/\" \/>\n<meta property=\"og:locale\" content=\"pt_BR\" \/>\n<meta property=\"og:type\" content=\"article\" \/>\n<meta property=\"og:title\" content=\"Celebra\u00e7\u00e3o ao Meio Dia na Pra\u00e7a da S\u00e9 - O Arcanjo no ar\" \/>\n<meta property=\"og:description\" content=\"Celebra\u00e7\u00e3o ao Meio Dia na Pra\u00e7a da S\u00e9 Ao meio dia, celebra\u00e7\u00e3o na Pra\u00e7a da S\u00e9, com a Miss\u00e3o Bel\u00e9m, para os sofredores de rua. Sol forte, f\u00e9 mais fortalecida. Muitos atendimentos. A celebra\u00e7\u00e3o do Amor. N\u00e3o faltou sensibilidade, at\u00e9 de um morador de rua, que cedeu seu bon\u00e9 para o Pe Julio. Seguem as [&hellip;]\" \/>\n<meta property=\"og:url\" content=\"https:\/\/www.oarcanjo.net\/site\/celebracao-ao-meio-dia-na-praca-da-se\/\" \/>\n<meta property=\"og:site_name\" content=\"O Arcanjo no ar\" \/>\n<meta property=\"article:publisher\" content=\"https:\/\/www.facebook.com\/OArcanjoNoAr\/\" \/>\n<meta property=\"article:published_time\" content=\"2012-07-23T04:29:29+00:00\" \/>\n<meta property=\"article:modified_time\" content=\"2012-07-26T02:42:49+00:00\" \/>\n<meta property=\"og:image\" content=\"https:\/\/www.oarcanjo.net\/site\/wp-content\/uploads\/logo-o-arcanjo-no-ar-facebook.png\" \/>\n\t<meta property=\"og:image:width\" content=\"300\" \/>\n\t<meta property=\"og:image:height\" content=\"300\" \/>\n\t<meta property=\"og:image:type\" content=\"image\/png\" \/>\n<meta name=\"author\" content=\"carlos\" \/>\n<meta name=\"twitter:card\" content=\"summary_large_image\" \/>\n<meta name=\"twitter:label1\" content=\"Escrito por\" \/>\n\t<meta name=\"twitter:data1\" content=\"carlos\" \/>\n<script type=\"application\/ld+json\" class=\"yoast-schema-graph\">{\"@context\":\"https:\/\/schema.org\",\"@graph\":[{\"@type\":\"Article\",\"@id\":\"https:\/\/www.oarcanjo.net\/site\/celebracao-ao-meio-dia-na-praca-da-se\/#article\",\"isPartOf\":{\"@id\":\"https:\/\/www.oarcanjo.net\/site\/celebracao-ao-meio-dia-na-praca-da-se\/\"},\"author\":{\"name\":\"carlos\",\"@id\":\"https:\/\/www.oarcanjo.net\/site\/#\/schema\/person\/f7870e710d8c8c30673de3a0ac2e451d\"},\"headline\":\"Celebra\u00e7\u00e3o ao Meio Dia na Pra\u00e7a da S\u00e9\",\"datePublished\":\"2012-07-23T04:29:29+00:00\",\"dateModified\":\"2012-07-26T02:42:49+00:00\",\"mainEntityOfPage\":{\"@id\":\"https:\/\/www.oarcanjo.net\/site\/celebracao-ao-meio-dia-na-praca-da-se\/\"},\"wordCount\":79,\"commentCount\":2,\"publisher\":{\"@id\":\"https:\/\/www.oarcanjo.net\/site\/#organization\"},\"articleSection\":[\"Destaques\",\"Not\u00edcias\",\"Rosto da comunidade\"],\"inLanguage\":\"pt-BR\",\"potentialAction\":[{\"@type\":\"CommentAction\",\"name\":\"Comment\",\"target\":[\"https:\/\/www.oarcanjo.net\/site\/celebracao-ao-meio-dia-na-praca-da-se\/#respond\"]}]},{\"@type\":\"WebPage\",\"@id\":\"https:\/\/www.oarcanjo.net\/site\/celebracao-ao-meio-dia-na-praca-da-se\/\",\"url\":\"https:\/\/www.oarcanjo.net\/site\/celebracao-ao-meio-dia-na-praca-da-se\/\",\"name\":\"Celebra\u00e7\u00e3o ao Meio Dia na Pra\u00e7a da S\u00e9 - O Arcanjo no ar\",\"isPartOf\":{\"@id\":\"https:\/\/www.oarcanjo.net\/site\/#website\"},\"datePublished\":\"2012-07-23T04:29:29+00:00\",\"dateModified\":\"2012-07-26T02:42:49+00:00\",\"breadcrumb\":{\"@id\":\"https:\/\/www.oarcanjo.net\/site\/celebracao-ao-meio-dia-na-praca-da-se\/#breadcrumb\"},\"inLanguage\":\"pt-BR\",\"potentialAction\":[{\"@type\":\"ReadAction\",\"target\":[\"https:\/\/www.oarcanjo.net\/site\/celebracao-ao-meio-dia-na-praca-da-se\/\"]}]},{\"@type\":\"BreadcrumbList\",\"@id\":\"https:\/\/www.oarcanjo.net\/site\/celebracao-ao-meio-dia-na-praca-da-se\/#breadcrumb\",\"itemListElement\":[{\"@type\":\"ListItem\",\"position\":1,\"name\":\"In\u00edcio\",\"item\":\"https:\/\/www.oarcanjo.net\/site\/\"},{\"@type\":\"ListItem\",\"position\":2,\"name\":\"Celebra\u00e7\u00e3o ao Meio Dia na Pra\u00e7a da S\u00e9\"}]},{\"@type\":\"WebSite\",\"@id\":\"https:\/\/www.oarcanjo.net\/site\/#website\",\"url\":\"https:\/\/www.oarcanjo.net\/site\/\",\"name\":\"O Arcanjo no ar\",\"description\":\"Site da Par\u00f3quia S\u00e3o Miguel Arcanjo (Arquidiocese de SP)\",\"publisher\":{\"@id\":\"https:\/\/www.oarcanjo.net\/site\/#organization\"},\"potentialAction\":[{\"@type\":\"SearchAction\",\"target\":{\"@type\":\"EntryPoint\",\"urlTemplate\":\"https:\/\/www.oarcanjo.net\/site\/?s={search_term_string}\"},\"query-input\":{\"@type\":\"PropertyValueSpecification\",\"valueRequired\":true,\"valueName\":\"search_term_string\"}}],\"inLanguage\":\"pt-BR\"},{\"@type\":\"Organization\",\"@id\":\"https:\/\/www.oarcanjo.net\/site\/#organization\",\"name\":\"Par\u00f3quia S\u00e3o Miguel Arcanjo\",\"url\":\"https:\/\/www.oarcanjo.net\/site\/\",\"logo\":{\"@type\":\"ImageObject\",\"inLanguage\":\"pt-BR\",\"@id\":\"https:\/\/www.oarcanjo.net\/site\/#\/schema\/logo\/image\/\",\"url\":\"https:\/\/www.oarcanjo.net\/site\/wp-content\/uploads\/LogoOArcanjo.png\",\"contentUrl\":\"https:\/\/www.oarcanjo.net\/site\/wp-content\/uploads\/LogoOArcanjo.png\",\"width\":319,\"height\":99,\"caption\":\"Par\u00f3quia S\u00e3o Miguel Arcanjo\"},\"image\":{\"@id\":\"https:\/\/www.oarcanjo.net\/site\/#\/schema\/logo\/image\/\"},\"sameAs\":[\"https:\/\/www.facebook.com\/OArcanjoNoAr\/\"]},{\"@type\":\"Person\",\"@id\":\"https:\/\/www.oarcanjo.net\/site\/#\/schema\/person\/f7870e710d8c8c30673de3a0ac2e451d\",\"name\":\"carlos\"}]}<\/script>\n<!-- \/ Yoast SEO plugin. -->","yoast_head_json":{"title":"Celebra\u00e7\u00e3o ao Meio Dia na Pra\u00e7a da S\u00e9 - O Arcanjo no ar","robots":{"index":"index","follow":"follow","max-snippet":"max-snippet:-1","max-image-preview":"max-image-preview:large","max-video-preview":"max-video-preview:-1"},"canonical":"https:\/\/www.oarcanjo.net\/site\/celebracao-ao-meio-dia-na-praca-da-se\/","og_locale":"pt_BR","og_type":"article","og_title":"Celebra\u00e7\u00e3o ao Meio Dia na Pra\u00e7a da S\u00e9 - O Arcanjo no ar","og_description":"Celebra\u00e7\u00e3o ao Meio Dia na Pra\u00e7a da S\u00e9 Ao meio dia, celebra\u00e7\u00e3o na Pra\u00e7a da S\u00e9, com a Miss\u00e3o Bel\u00e9m, para os sofredores de rua. Sol forte, f\u00e9 mais fortalecida. Muitos atendimentos. A celebra\u00e7\u00e3o do Amor. N\u00e3o faltou sensibilidade, at\u00e9 de um morador de rua, que cedeu seu bon\u00e9 para o Pe Julio. Seguem as [&hellip;]","og_url":"https:\/\/www.oarcanjo.net\/site\/celebracao-ao-meio-dia-na-praca-da-se\/","og_site_name":"O Arcanjo no ar","article_publisher":"https:\/\/www.facebook.com\/OArcanjoNoAr\/","article_published_time":"2012-07-23T04:29:29+00:00","article_modified_time":"2012-07-26T02:42:49+00:00","og_image":[{"width":300,"height":300,"url":"https:\/\/www.oarcanjo.net\/site\/wp-content\/uploads\/logo-o-arcanjo-no-ar-facebook.png","type":"image\/png"}],"author":"carlos","twitter_card":"summary_large_image","twitter_misc":{"Escrito por":"carlos"},"schema":{"@context":"https:\/\/schema.org","@graph":[{"@type":"Article","@id":"https:\/\/www.oarcanjo.net\/site\/celebracao-ao-meio-dia-na-praca-da-se\/#article","isPartOf":{"@id":"https:\/\/www.oarcanjo.net\/site\/celebracao-ao-meio-dia-na-praca-da-se\/"},"author":{"name":"carlos","@id":"https:\/\/www.oarcanjo.net\/site\/#\/schema\/person\/f7870e710d8c8c30673de3a0ac2e451d"},"headline":"Celebra\u00e7\u00e3o ao Meio Dia na Pra\u00e7a da S\u00e9","datePublished":"2012-07-23T04:29:29+00:00","dateModified":"2012-07-26T02:42:49+00:00","mainEntityOfPage":{"@id":"https:\/\/www.oarcanjo.net\/site\/celebracao-ao-meio-dia-na-praca-da-se\/"},"wordCount":79,"commentCount":2,"publisher":{"@id":"https:\/\/www.oarcanjo.net\/site\/#organization"},"articleSection":["Destaques","Not\u00edcias","Rosto da comunidade"],"inLanguage":"pt-BR","potentialAction":[{"@type":"CommentAction","name":"Comment","target":["https:\/\/www.oarcanjo.net\/site\/celebracao-ao-meio-dia-na-praca-da-se\/#respond"]}]},{"@type":"WebPage","@id":"https:\/\/www.oarcanjo.net\/site\/celebracao-ao-meio-dia-na-praca-da-se\/","url":"https:\/\/www.oarcanjo.net\/site\/celebracao-ao-meio-dia-na-praca-da-se\/","name":"Celebra\u00e7\u00e3o ao Meio Dia na Pra\u00e7a da S\u00e9 - O Arcanjo no ar","isPartOf":{"@id":"https:\/\/www.oarcanjo.net\/site\/#website"},"datePublished":"2012-07-23T04:29:29+00:00","dateModified":"2012-07-26T02:42:49+00:00","breadcrumb":{"@id":"https:\/\/www.oarcanjo.net\/site\/celebracao-ao-meio-dia-na-praca-da-se\/#breadcrumb"},"inLanguage":"pt-BR","potentialAction":[{"@type":"ReadAction","target":["https:\/\/www.oarcanjo.net\/site\/celebracao-ao-meio-dia-na-praca-da-se\/"]}]},{"@type":"BreadcrumbList","@id":"https:\/\/www.oarcanjo.net\/site\/celebracao-ao-meio-dia-na-praca-da-se\/#breadcrumb","itemListElement":[{"@type":"ListItem","position":1,"name":"In\u00edcio","item":"https:\/\/www.oarcanjo.net\/site\/"},{"@type":"ListItem","position":2,"name":"Celebra\u00e7\u00e3o ao Meio Dia na Pra\u00e7a da S\u00e9"}]},{"@type":"WebSite","@id":"https:\/\/www.oarcanjo.net\/site\/#website","url":"https:\/\/www.oarcanjo.net\/site\/","name":"O Arcanjo no ar","description":"Site da Par\u00f3quia S\u00e3o Miguel Arcanjo (Arquidiocese de SP)","publisher":{"@id":"https:\/\/www.oarcanjo.net\/site\/#organization"},"potentialAction":[{"@type":"SearchAction","target":{"@type":"EntryPoint","urlTemplate":"https:\/\/www.oarcanjo.net\/site\/?s={search_term_string}"},"query-input":{"@type":"PropertyValueSpecification","valueRequired":true,"valueName":"search_term_string"}}],"inLanguage":"pt-BR"},{"@type":"Organization","@id":"https:\/\/www.oarcanjo.net\/site\/#organization","name":"Par\u00f3quia S\u00e3o Miguel Arcanjo","url":"https:\/\/www.oarcanjo.net\/site\/","logo":{"@type":"ImageObject","inLanguage":"pt-BR","@id":"https:\/\/www.oarcanjo.net\/site\/#\/schema\/logo\/image\/","url":"https:\/\/www.oarcanjo.net\/site\/wp-content\/uploads\/LogoOArcanjo.png","contentUrl":"https:\/\/www.oarcanjo.net\/site\/wp-content\/uploads\/LogoOArcanjo.png","width":319,"height":99,"caption":"Par\u00f3quia S\u00e3o Miguel Arcanjo"},"image":{"@id":"https:\/\/www.oarcanjo.net\/site\/#\/schema\/logo\/image\/"},"sameAs":["https:\/\/www.facebook.com\/OArcanjoNoAr\/"]},{"@type":"Person","@id":"https:\/\/www.oarcanjo.net\/site\/#\/schema\/person\/f7870e710d8c8c30673de3a0ac2e451d","name":"carlos"}]}},"publishpress_future_action":{"enabled":false,"date":"2026-05-09 07:24:57","action":"category","newStatus":"draft","terms":[],"taxonomy":"category"},"publishpress_future_workflow_manual_trigger":{"enabledWorkflows":[]},"_links":{"self":[{"href":"https:\/\/www.oarcanjo.net\/site\/wp-json\/wp\/v2\/posts\/18781"}],"collection":[{"href":"https:\/\/www.oarcanjo.net\/site\/wp-json\/wp\/v2\/posts"}],"about":[{"href":"https:\/\/www.oarcanjo.net\/site\/wp-json\/wp\/v2\/types\/post"}],"author":[{"embeddable":true,"href":"https:\/\/www.oarcanjo.net\/site\/wp-json\/wp\/v2\/users\/10"}],"replies":[{"embeddable":true,"href":"https:\/\/www.oarcanjo.net\/site\/wp-json\/wp\/v2\/comments?post=18781"}],"version-history":[{"count":0,"href":"https:\/\/www.oarcanjo.net\/site\/wp-json\/wp\/v2\/posts\/18781\/revisions"}],"wp:attachment":[{"href":"https:\/\/www.oarcanjo.net\/site\/wp-json\/wp\/v2\/media?parent=18781"}],"wp:term":[{"taxonomy":"category","embeddable":true,"href":"https:\/\/www.oarcanjo.net\/site\/wp-json\/wp\/v2\/categories?post=18781"},{"taxonomy":"post_tag","embeddable":true,"href":"https:\/\/www.oarcanjo.net\/site\/wp-json\/wp\/v2\/tags?post=18781"}],"curies":[{"name":"wp","href":"https:\/\/api.w.org\/{rel}","templated":true}]}}