
{"id":18796,"date":"2012-07-20T16:22:03","date_gmt":"2012-07-20T19:22:03","guid":{"rendered":"http:\/\/www.oarcanjo.net\/site\/?p=18796"},"modified":"2012-07-24T10:52:40","modified_gmt":"2012-07-24T13:52:40","slug":"a-equipe-de-preparacao-da-festa-junina-faz-avaliacao-e-presta-contas","status":"publish","type":"post","link":"https:\/\/www.oarcanjo.net\/site\/a-equipe-de-preparacao-da-festa-junina-faz-avaliacao-e-presta-contas\/","title":{"rendered":"A equipe de prepara\u00e7\u00e3o da Festa Junina faz avalia\u00e7\u00e3o e presta contas"},"content":{"rendered":"<p>Neste ano, a Festa Junina da par\u00f3quia foi considerada mais organizada e fluiu muito bem, sem imprevistos, com muita integra\u00e7\u00e3o e sentido comunit\u00e1rio. Todos que vieram foram acolhidos com alegria e fartura.<\/p>\n<p>O retorno da festa, discriminado abaixo, foi revertido para as despesas da par\u00f3quia:<\/p>\n<p>Receita: R$ 29.455,95<br \/>\nDespesa: R$ 14.774,59<br \/>\nResultado: R$ 14.681,36<br \/>\nVerba 2011: R$ 1.543,00<br \/>\nResultado final: R$ 16.224,36<\/p>\n<p>Na reuni\u00e3o de avalia\u00e7\u00e3o, alguns pontos foram levantados, conforme ata realizada pela Keyla, abaixo:<\/p>\n<p><strong>Participantes: <\/strong>Pe. Julio, Miriam, Mariana, Keyla, Marco Ant\u00f4nio, Sol, Noeli, Rinalda, Eliana, Maria In\u00eas, Alexandre Nunes, Alessandra, Miroca, Danielle, Carlos, Ot\u00e1vio e Vit\u00f3ria<\/p>\n<p><strong>Participantes Mirins:<\/strong> Antonella e Pedrinho<\/p>\n<p>Itens abordados na reuni\u00e3o:<\/p>\n<p>\u2022\tDivulga\u00e7\u00e3o da arrecada\u00e7\u00e3o final da festa (valores obtidos com as vendas dos produtos nas barracas + valores doados em dinheiro). Tamb\u00e9m foi apresentado o gasto para a prepara\u00e7\u00e3o do evento.<br \/>\n\u2022\tHouve um consenso de que a festa integrou as pessoas e foi super positiva. Inclusive o Pe. Julio disse que o povo da rua veio e foi acolhido, pode comer e beber \u00e0 vontade etc.<br \/>\n\u2022\tO Pe. Julio solicitou que coloc\u00e1ssemos o balan\u00e7o final da festa no site para que todos pudessem ver. J\u00e1 havia sido cobrado disso. (valor gasto com preparativos, valor arrecadado com as vendas dos produtos nas barracas).<br \/>\n\u2022\tSer\u00e1 mantido na conta banc\u00e1ria da Par\u00f3quia um fundo de R$ 2.000,00 para o in\u00edcio da festa do ano que vem.<br \/>\n\u2022\tNesse ano tivemos dificuldades para conseguir extintores adequados para todas as barracas, em fun\u00e7\u00e3o do tipo de produto manuseado. A sugest\u00e3o para 2013 \u00e9 alugar.<br \/>\n\u2022\tEvitar colocar cadeiras e mesas nas laterais da rua, pois dificulta a passagem das pessoas.<br \/>\n\u2022\tAvaliamos que as equipes devem se empenhar mais no pedido de doa\u00e7\u00f5es.<br \/>\n\u2022\tPrecisamos divulgar a festa com maior anteced\u00eancia durante as missas.<br \/>\n\u2022\tFoi feita sugest\u00e3o de melhorar o repert\u00f3rio dos artistas. Nesse ano houve reclama\u00e7\u00e3o pela execu\u00e7\u00e3o excessiva das mesmas m\u00fasicas.<br \/>\n\u2022\tEntrar em contato com maior anteced\u00eancia com o grupo de violeiros para tentar lev\u00e1-los \u00e0 festa de 2013.<br \/>\n\u2022\tNovamente, se questionou o perfil de m\u00fasica do grupo The Beatles Cover na festa junina, mas houve manifesta\u00e7\u00e3o de aprova\u00e7\u00e3o por maior parte da equipe.<br \/>\n\u2022\tE por fim, j\u00e1 est\u00e1 definida a data da festa junina de 2013: 29 e 30 de junho para comemorarmos S\u00e3o Pedro! Com a ressalva de que precisamos verificar a disponibilidade do imprescind\u00edvel China.<\/p>\n<div id=\"themify_builder_content-18796\" data-postid=\"18796\" class=\"themify_builder_content themify_builder_content-18796 themify_builder themify_builder_front\">\n\t<\/div>\n<!-- \/themify_builder_content -->","protected":false},"excerpt":{"rendered":"<p>Neste ano, a Festa Junina da par\u00f3quia foi considerada mais organizada e fluiu muito bem, sem imprevistos, com muita integra\u00e7\u00e3o e sentido comunit\u00e1rio. Todos que vieram foram acolhidos com alegria e fartura. O retorno da festa, discriminado abaixo, foi revertido para as despesas da par\u00f3quia: Receita: R$ 29.455,95 Despesa: R$ 14.774,59 Resultado: R$ 14.681,36 Verba [&hellip;]<\/p>\n","protected":false},"author":5,"featured_media":0,"comment_status":"open","ping_status":"open","sticky":false,"template":"","format":"standard","meta":{"ngg_post_thumbnail":0,"footnotes":""},"categories":[8,7],"tags":[],"yoast_head":"<!-- This site is optimized with the Yoast SEO plugin v23.5 - https:\/\/yoast.com\/wordpress\/plugins\/seo\/ -->\n<title>A equipe de prepara\u00e7\u00e3o da Festa Junina faz avalia\u00e7\u00e3o e presta contas - O Arcanjo no ar<\/title>\n<meta name=\"robots\" content=\"index, follow, max-snippet:-1, max-image-preview:large, max-video-preview:-1\" \/>\n<link rel=\"canonical\" href=\"https:\/\/www.oarcanjo.net\/site\/a-equipe-de-preparacao-da-festa-junina-faz-avaliacao-e-presta-contas\/\" \/>\n<meta property=\"og:locale\" content=\"pt_BR\" \/>\n<meta property=\"og:type\" content=\"article\" \/>\n<meta property=\"og:title\" content=\"A equipe de prepara\u00e7\u00e3o da Festa Junina faz avalia\u00e7\u00e3o e presta contas - O Arcanjo no ar\" \/>\n<meta property=\"og:description\" content=\"Neste ano, a Festa Junina da par\u00f3quia foi considerada mais organizada e fluiu muito bem, sem imprevistos, com muita integra\u00e7\u00e3o e sentido comunit\u00e1rio. Todos que vieram foram acolhidos com alegria e fartura. O retorno da festa, discriminado abaixo, foi revertido para as despesas da par\u00f3quia: Receita: R$ 29.455,95 Despesa: R$ 14.774,59 Resultado: R$ 14.681,36 Verba [&hellip;]\" \/>\n<meta property=\"og:url\" content=\"https:\/\/www.oarcanjo.net\/site\/a-equipe-de-preparacao-da-festa-junina-faz-avaliacao-e-presta-contas\/\" \/>\n<meta property=\"og:site_name\" content=\"O Arcanjo no ar\" \/>\n<meta property=\"article:publisher\" content=\"https:\/\/www.facebook.com\/OArcanjoNoAr\/\" \/>\n<meta property=\"article:published_time\" content=\"2012-07-20T19:22:03+00:00\" \/>\n<meta property=\"article:modified_time\" content=\"2012-07-24T13:52:40+00:00\" \/>\n<meta property=\"og:image\" content=\"https:\/\/www.oarcanjo.net\/site\/wp-content\/uploads\/logo-o-arcanjo-no-ar-facebook.png\" \/>\n\t<meta property=\"og:image:width\" content=\"300\" \/>\n\t<meta property=\"og:image:height\" content=\"300\" \/>\n\t<meta property=\"og:image:type\" content=\"image\/png\" \/>\n<meta name=\"author\" content=\"editor\" \/>\n<meta name=\"twitter:card\" content=\"summary_large_image\" \/>\n<meta name=\"twitter:label1\" content=\"Escrito por\" \/>\n\t<meta name=\"twitter:data1\" content=\"editor\" \/>\n\t<meta name=\"twitter:label2\" content=\"Est. tempo de leitura\" \/>\n\t<meta name=\"twitter:data2\" content=\"2 minutos\" \/>\n<script type=\"application\/ld+json\" class=\"yoast-schema-graph\">{\"@context\":\"https:\/\/schema.org\",\"@graph\":[{\"@type\":\"Article\",\"@id\":\"https:\/\/www.oarcanjo.net\/site\/a-equipe-de-preparacao-da-festa-junina-faz-avaliacao-e-presta-contas\/#article\",\"isPartOf\":{\"@id\":\"https:\/\/www.oarcanjo.net\/site\/a-equipe-de-preparacao-da-festa-junina-faz-avaliacao-e-presta-contas\/\"},\"author\":{\"name\":\"editor\",\"@id\":\"https:\/\/www.oarcanjo.net\/site\/#\/schema\/person\/f7024d007863202483a31326673a0838\"},\"headline\":\"A equipe de prepara\u00e7\u00e3o da Festa Junina faz avalia\u00e7\u00e3o e presta contas\",\"datePublished\":\"2012-07-20T19:22:03+00:00\",\"dateModified\":\"2012-07-24T13:52:40+00:00\",\"mainEntityOfPage\":{\"@id\":\"https:\/\/www.oarcanjo.net\/site\/a-equipe-de-preparacao-da-festa-junina-faz-avaliacao-e-presta-contas\/\"},\"wordCount\":422,\"commentCount\":0,\"publisher\":{\"@id\":\"https:\/\/www.oarcanjo.net\/site\/#organization\"},\"articleSection\":[\"Not\u00edcias\",\"Rosto da comunidade\"],\"inLanguage\":\"pt-BR\",\"potentialAction\":[{\"@type\":\"CommentAction\",\"name\":\"Comment\",\"target\":[\"https:\/\/www.oarcanjo.net\/site\/a-equipe-de-preparacao-da-festa-junina-faz-avaliacao-e-presta-contas\/#respond\"]}]},{\"@type\":\"WebPage\",\"@id\":\"https:\/\/www.oarcanjo.net\/site\/a-equipe-de-preparacao-da-festa-junina-faz-avaliacao-e-presta-contas\/\",\"url\":\"https:\/\/www.oarcanjo.net\/site\/a-equipe-de-preparacao-da-festa-junina-faz-avaliacao-e-presta-contas\/\",\"name\":\"A equipe de prepara\u00e7\u00e3o da Festa Junina faz avalia\u00e7\u00e3o e presta contas - O Arcanjo no ar\",\"isPartOf\":{\"@id\":\"https:\/\/www.oarcanjo.net\/site\/#website\"},\"datePublished\":\"2012-07-20T19:22:03+00:00\",\"dateModified\":\"2012-07-24T13:52:40+00:00\",\"breadcrumb\":{\"@id\":\"https:\/\/www.oarcanjo.net\/site\/a-equipe-de-preparacao-da-festa-junina-faz-avaliacao-e-presta-contas\/#breadcrumb\"},\"inLanguage\":\"pt-BR\",\"potentialAction\":[{\"@type\":\"ReadAction\",\"target\":[\"https:\/\/www.oarcanjo.net\/site\/a-equipe-de-preparacao-da-festa-junina-faz-avaliacao-e-presta-contas\/\"]}]},{\"@type\":\"BreadcrumbList\",\"@id\":\"https:\/\/www.oarcanjo.net\/site\/a-equipe-de-preparacao-da-festa-junina-faz-avaliacao-e-presta-contas\/#breadcrumb\",\"itemListElement\":[{\"@type\":\"ListItem\",\"position\":1,\"name\":\"In\u00edcio\",\"item\":\"https:\/\/www.oarcanjo.net\/site\/\"},{\"@type\":\"ListItem\",\"position\":2,\"name\":\"A equipe de prepara\u00e7\u00e3o da Festa Junina faz avalia\u00e7\u00e3o e presta contas\"}]},{\"@type\":\"WebSite\",\"@id\":\"https:\/\/www.oarcanjo.net\/site\/#website\",\"url\":\"https:\/\/www.oarcanjo.net\/site\/\",\"name\":\"O Arcanjo no ar\",\"description\":\"Site da Par\u00f3quia S\u00e3o Miguel Arcanjo (Arquidiocese de SP)\",\"publisher\":{\"@id\":\"https:\/\/www.oarcanjo.net\/site\/#organization\"},\"potentialAction\":[{\"@type\":\"SearchAction\",\"target\":{\"@type\":\"EntryPoint\",\"urlTemplate\":\"https:\/\/www.oarcanjo.net\/site\/?s={search_term_string}\"},\"query-input\":{\"@type\":\"PropertyValueSpecification\",\"valueRequired\":true,\"valueName\":\"search_term_string\"}}],\"inLanguage\":\"pt-BR\"},{\"@type\":\"Organization\",\"@id\":\"https:\/\/www.oarcanjo.net\/site\/#organization\",\"name\":\"Par\u00f3quia S\u00e3o Miguel Arcanjo\",\"url\":\"https:\/\/www.oarcanjo.net\/site\/\",\"logo\":{\"@type\":\"ImageObject\",\"inLanguage\":\"pt-BR\",\"@id\":\"https:\/\/www.oarcanjo.net\/site\/#\/schema\/logo\/image\/\",\"url\":\"https:\/\/www.oarcanjo.net\/site\/wp-content\/uploads\/LogoOArcanjo.png\",\"contentUrl\":\"https:\/\/www.oarcanjo.net\/site\/wp-content\/uploads\/LogoOArcanjo.png\",\"width\":319,\"height\":99,\"caption\":\"Par\u00f3quia S\u00e3o Miguel Arcanjo\"},\"image\":{\"@id\":\"https:\/\/www.oarcanjo.net\/site\/#\/schema\/logo\/image\/\"},\"sameAs\":[\"https:\/\/www.facebook.com\/OArcanjoNoAr\/\"]},{\"@type\":\"Person\",\"@id\":\"https:\/\/www.oarcanjo.net\/site\/#\/schema\/person\/f7024d007863202483a31326673a0838\",\"name\":\"editor\",\"sameAs\":[\"http:\/\/www.oarcanjo.net\"]}]}<\/script>\n<!-- \/ Yoast SEO plugin. -->","yoast_head_json":{"title":"A equipe de prepara\u00e7\u00e3o da Festa Junina faz avalia\u00e7\u00e3o e presta contas - O Arcanjo no ar","robots":{"index":"index","follow":"follow","max-snippet":"max-snippet:-1","max-image-preview":"max-image-preview:large","max-video-preview":"max-video-preview:-1"},"canonical":"https:\/\/www.oarcanjo.net\/site\/a-equipe-de-preparacao-da-festa-junina-faz-avaliacao-e-presta-contas\/","og_locale":"pt_BR","og_type":"article","og_title":"A equipe de prepara\u00e7\u00e3o da Festa Junina faz avalia\u00e7\u00e3o e presta contas - O Arcanjo no ar","og_description":"Neste ano, a Festa Junina da par\u00f3quia foi considerada mais organizada e fluiu muito bem, sem imprevistos, com muita integra\u00e7\u00e3o e sentido comunit\u00e1rio. Todos que vieram foram acolhidos com alegria e fartura. O retorno da festa, discriminado abaixo, foi revertido para as despesas da par\u00f3quia: Receita: R$ 29.455,95 Despesa: R$ 14.774,59 Resultado: R$ 14.681,36 Verba [&hellip;]","og_url":"https:\/\/www.oarcanjo.net\/site\/a-equipe-de-preparacao-da-festa-junina-faz-avaliacao-e-presta-contas\/","og_site_name":"O Arcanjo no ar","article_publisher":"https:\/\/www.facebook.com\/OArcanjoNoAr\/","article_published_time":"2012-07-20T19:22:03+00:00","article_modified_time":"2012-07-24T13:52:40+00:00","og_image":[{"width":300,"height":300,"url":"https:\/\/www.oarcanjo.net\/site\/wp-content\/uploads\/logo-o-arcanjo-no-ar-facebook.png","type":"image\/png"}],"author":"editor","twitter_card":"summary_large_image","twitter_misc":{"Escrito por":"editor","Est. tempo de leitura":"2 minutos"},"schema":{"@context":"https:\/\/schema.org","@graph":[{"@type":"Article","@id":"https:\/\/www.oarcanjo.net\/site\/a-equipe-de-preparacao-da-festa-junina-faz-avaliacao-e-presta-contas\/#article","isPartOf":{"@id":"https:\/\/www.oarcanjo.net\/site\/a-equipe-de-preparacao-da-festa-junina-faz-avaliacao-e-presta-contas\/"},"author":{"name":"editor","@id":"https:\/\/www.oarcanjo.net\/site\/#\/schema\/person\/f7024d007863202483a31326673a0838"},"headline":"A equipe de prepara\u00e7\u00e3o da Festa Junina faz avalia\u00e7\u00e3o e presta contas","datePublished":"2012-07-20T19:22:03+00:00","dateModified":"2012-07-24T13:52:40+00:00","mainEntityOfPage":{"@id":"https:\/\/www.oarcanjo.net\/site\/a-equipe-de-preparacao-da-festa-junina-faz-avaliacao-e-presta-contas\/"},"wordCount":422,"commentCount":0,"publisher":{"@id":"https:\/\/www.oarcanjo.net\/site\/#organization"},"articleSection":["Not\u00edcias","Rosto da comunidade"],"inLanguage":"pt-BR","potentialAction":[{"@type":"CommentAction","name":"Comment","target":["https:\/\/www.oarcanjo.net\/site\/a-equipe-de-preparacao-da-festa-junina-faz-avaliacao-e-presta-contas\/#respond"]}]},{"@type":"WebPage","@id":"https:\/\/www.oarcanjo.net\/site\/a-equipe-de-preparacao-da-festa-junina-faz-avaliacao-e-presta-contas\/","url":"https:\/\/www.oarcanjo.net\/site\/a-equipe-de-preparacao-da-festa-junina-faz-avaliacao-e-presta-contas\/","name":"A equipe de prepara\u00e7\u00e3o da Festa Junina faz avalia\u00e7\u00e3o e presta contas - O Arcanjo no ar","isPartOf":{"@id":"https:\/\/www.oarcanjo.net\/site\/#website"},"datePublished":"2012-07-20T19:22:03+00:00","dateModified":"2012-07-24T13:52:40+00:00","breadcrumb":{"@id":"https:\/\/www.oarcanjo.net\/site\/a-equipe-de-preparacao-da-festa-junina-faz-avaliacao-e-presta-contas\/#breadcrumb"},"inLanguage":"pt-BR","potentialAction":[{"@type":"ReadAction","target":["https:\/\/www.oarcanjo.net\/site\/a-equipe-de-preparacao-da-festa-junina-faz-avaliacao-e-presta-contas\/"]}]},{"@type":"BreadcrumbList","@id":"https:\/\/www.oarcanjo.net\/site\/a-equipe-de-preparacao-da-festa-junina-faz-avaliacao-e-presta-contas\/#breadcrumb","itemListElement":[{"@type":"ListItem","position":1,"name":"In\u00edcio","item":"https:\/\/www.oarcanjo.net\/site\/"},{"@type":"ListItem","position":2,"name":"A equipe de prepara\u00e7\u00e3o da Festa Junina faz avalia\u00e7\u00e3o e presta contas"}]},{"@type":"WebSite","@id":"https:\/\/www.oarcanjo.net\/site\/#website","url":"https:\/\/www.oarcanjo.net\/site\/","name":"O Arcanjo no ar","description":"Site da Par\u00f3quia S\u00e3o Miguel Arcanjo (Arquidiocese de SP)","publisher":{"@id":"https:\/\/www.oarcanjo.net\/site\/#organization"},"potentialAction":[{"@type":"SearchAction","target":{"@type":"EntryPoint","urlTemplate":"https:\/\/www.oarcanjo.net\/site\/?s={search_term_string}"},"query-input":{"@type":"PropertyValueSpecification","valueRequired":true,"valueName":"search_term_string"}}],"inLanguage":"pt-BR"},{"@type":"Organization","@id":"https:\/\/www.oarcanjo.net\/site\/#organization","name":"Par\u00f3quia S\u00e3o Miguel Arcanjo","url":"https:\/\/www.oarcanjo.net\/site\/","logo":{"@type":"ImageObject","inLanguage":"pt-BR","@id":"https:\/\/www.oarcanjo.net\/site\/#\/schema\/logo\/image\/","url":"https:\/\/www.oarcanjo.net\/site\/wp-content\/uploads\/LogoOArcanjo.png","contentUrl":"https:\/\/www.oarcanjo.net\/site\/wp-content\/uploads\/LogoOArcanjo.png","width":319,"height":99,"caption":"Par\u00f3quia S\u00e3o Miguel Arcanjo"},"image":{"@id":"https:\/\/www.oarcanjo.net\/site\/#\/schema\/logo\/image\/"},"sameAs":["https:\/\/www.facebook.com\/OArcanjoNoAr\/"]},{"@type":"Person","@id":"https:\/\/www.oarcanjo.net\/site\/#\/schema\/person\/f7024d007863202483a31326673a0838","name":"editor","sameAs":["http:\/\/www.oarcanjo.net"]}]}},"publishpress_future_action":{"enabled":false,"date":"2026-05-09 09:04:54","action":"category","newStatus":"draft","terms":[],"taxonomy":"category"},"publishpress_future_workflow_manual_trigger":{"enabledWorkflows":[]},"_links":{"self":[{"href":"https:\/\/www.oarcanjo.net\/site\/wp-json\/wp\/v2\/posts\/18796"}],"collection":[{"href":"https:\/\/www.oarcanjo.net\/site\/wp-json\/wp\/v2\/posts"}],"about":[{"href":"https:\/\/www.oarcanjo.net\/site\/wp-json\/wp\/v2\/types\/post"}],"author":[{"embeddable":true,"href":"https:\/\/www.oarcanjo.net\/site\/wp-json\/wp\/v2\/users\/5"}],"replies":[{"embeddable":true,"href":"https:\/\/www.oarcanjo.net\/site\/wp-json\/wp\/v2\/comments?post=18796"}],"version-history":[{"count":0,"href":"https:\/\/www.oarcanjo.net\/site\/wp-json\/wp\/v2\/posts\/18796\/revisions"}],"wp:attachment":[{"href":"https:\/\/www.oarcanjo.net\/site\/wp-json\/wp\/v2\/media?parent=18796"}],"wp:term":[{"taxonomy":"category","embeddable":true,"href":"https:\/\/www.oarcanjo.net\/site\/wp-json\/wp\/v2\/categories?post=18796"},{"taxonomy":"post_tag","embeddable":true,"href":"https:\/\/www.oarcanjo.net\/site\/wp-json\/wp\/v2\/tags?post=18796"}],"curies":[{"name":"wp","href":"https:\/\/api.w.org\/{rel}","templated":true}]}}