
{"id":1888,"date":"2009-02-16T20:09:05","date_gmt":"2009-02-16T23:09:05","guid":{"rendered":"http:\/\/www.oarcanjo.net\/site\/?p=1888"},"modified":"2009-02-25T12:07:27","modified_gmt":"2009-02-25T15:07:27","slug":"secretario-geral-da-cnbb-fala-sobre-cf2009","status":"publish","type":"post","link":"https:\/\/www.oarcanjo.net\/site\/secretario-geral-da-cnbb-fala-sobre-cf2009\/","title":{"rendered":"Secret\u00e1rio geral da CNBB fala sobre CF2009"},"content":{"rendered":"<p><img loading=\"lazy\" decoding=\"async\" src=\"http:\/\/www.oarcanjo.net\/site\/wp-content\/uploads\/selocf2009.png\" alt=\"A paz \u00e9 fruto da justi\u00e7a\" title=\"Campanha da Fraternidade 2009\" width=\"120\" height=\"168\" class=\"size-full wp-image-1731\" align=\"right\" hspace=\"5\"\/>A Campanha da Fraternidade, realizada na Quaresma, discute nesta edi\u00e7\u00e3o o tema \u201cFraternidade e Seguran\u00e7a P\u00fablica\u201d. O secret\u00e1rio geral da CNBB (Confer\u00eancia Nacional dos Bispos do Brasil), Dom Dimas Lara Barbosa, concedeu entrevista \u00e0 Assessoria de Imprensa da CNBB para falar sobre a Campanha.<\/p>\n<p>\u2013Quais s\u00e3o os objetivos da CF 2009?<\/p>\n<p>\u2013Dom Dimas: A CF tem como objetivo mais profundo levar \u00e0 viv\u00eancia da Quaresma, tempo forte de convers\u00e3o, em que por meio da ora\u00e7\u00e3o, do jejum, da caridade, da escuta da Palavra, da vida comunit\u00e1ria, nos preparamos para viver de maneira mais concreta a pr\u00f3pria P\u00e1scoa. A Campanha deste ano mostra a preocupa\u00e7\u00e3o da Igreja com o problema da viol\u00eancia e da inseguran\u00e7a que assola a sociedade de maneira geral, nos grandes centros, no interior e no campo. Nosso objetivo \u00e9 suscitar um debate sobre a quest\u00e3o da Seguran\u00e7a P\u00fablica, [conhecer] as causas da viol\u00eancia e a cultura do medo que reina em muitos lugares. Queremos promover uma cultura da paz em todos os \u00e2mbitos. <\/p>\n<p>\u2013O texto-base da CF 2009 fala em conflito e viol\u00eancia. Qual a diferen\u00e7a entre esses dois atos? Como lidar com cada tipo de situa\u00e7\u00e3o?<\/p>\n<p>\u2013Dom Dimas: Pode haver um conflito de ideias ou de decis\u00f5es, por exemplo, no momento de uma assembleia escolher a prioridade da diocese ou da par\u00f3quia. Os conflitos podem surgir, inclusive, dentro da pr\u00f3pria casa. A quest\u00e3o \u00e9 a maneira como se vai resolver o conflito, se atrav\u00e9s do di\u00e1logo, buscando uma s\u00edntese, ou da for\u00e7a, da viol\u00eancia, de modo que as opini\u00f5es de uma pessoa prevale\u00e7am diante da realidade do outro. Se por conflitos entendemos diverg\u00eancias, \u00e9 evidente que, ao se trabalhar juntos, eles v\u00e3o surgir. O conflito n\u00e3o precisa necessariamente levar \u00e0 viol\u00eancia. Queremos trabalhar o conflito atrav\u00e9s do di\u00e1logo. Para mediar os conflitos mais s\u00e9rios, podemos criar, no n\u00edvel de Igreja, um minist\u00e9rio e, no n\u00edvel dos poderes p\u00fablicos, uma atividade institucional. Atualmente o principal mediador de conflitos \u00e9 o juiz, o sistema judici\u00e1rio que, diante de um conflito de interesses, verifica, \u00e0 luz da legisla\u00e7\u00e3o, quem \u00e9 que tem raz\u00e3o. Existem propostas de leis para se ampliar essa media\u00e7\u00e3o de conflitos de modo que n\u00e3o apenas advogados, mas tamb\u00e9m psic\u00f3logos, te\u00f3logos, possam atuar como mediadores de conflitos, por exemplo, entre casais.<\/p>\n<p>\u2013E a viol\u00eancia?<\/p>\n<p>\u2013Dom Dimas: Se a viol\u00eancia existe, ela precisa ser denunciada. A sociedade tem o direito de defender, sobretudo aqueles que s\u00e3o mais vulner\u00e1veis. Sabemos que existe a viol\u00eancia dom\u00e9stica grav\u00edssima, sobretudo contra a mulher e a crian\u00e7a. Existe a viol\u00eancia dos grupos do crime organizado; h\u00e1 a viol\u00eancia tanto praticada quanto sofrida por policiais; existe o racismo, viol\u00eancia simb\u00f3lica. Isso sem contar os abusos expl\u00edcitos no que diz respeito aos direitos humanos: tortura nas pris\u00f5es, trabalho escravo. H\u00e1 casos em que \u00e9 poss\u00edvel fazer com que essas viol\u00eancias cessem atrav\u00e9s de uma media\u00e7\u00e3o, de um trabalho de reconcilia\u00e7\u00e3o e de perd\u00e3o. H\u00e1 excelentes trabalhos como o da Pastoral Familiar, Pastoral Carcer\u00e1ria, Pastoral do Menor, que ajudam pessoas que, muitas vezes, est\u00e3o vivenciando uma verdadeira desestrutura\u00e7\u00e3o psicol\u00f3gica e familiar. Existem outros casos, no entanto, em que \u00e9 preciso a den\u00fancia prof\u00e9tica para que a for\u00e7a da autoridade p\u00fablica se fa\u00e7a valer. A\u00ed o judici\u00e1rio e a pol\u00edcia t\u00eam mais efici\u00eancia. N\u00e3o somos contra uma a\u00e7\u00e3o da pol\u00edcia, mas ela n\u00e3o precisa ser feita de modo a combater a viol\u00eancia com mais viol\u00eancia. Quando a viol\u00eancia existe, a postura tem de ser de defesa, sobretudo, dos inocentes e mais vulner\u00e1veis.<\/p>\n<p>\u2013Como a Igreja vai agir junto \u00e0s comunidades para trabalhar um tema t\u00e3o complexo como Seguran\u00e7a P\u00fablica?<\/p>\n<p>\u2013Dom Dimas: Acima de tudo a Campanha da Fraternidade quer suscitar o debate para que cada comunidade levante as situa\u00e7\u00f5es de mais inseguran\u00e7a e viol\u00eancia presentes nela, questione sobre suas causas e procure se organizar para combat\u00ea-las pela raiz. Nesse sentido, a paz que queremos construir como fruto da justi\u00e7a h\u00e1 de ser resultado de um mutir\u00e3o, com a sociedade organizada atuando em parceria com as organiza\u00e7\u00f5es da Igreja e o Poder P\u00fablico para buscar solu\u00e7\u00f5es.<br \/>\nO texto-base da CF, no entanto, apresenta, como sugest\u00f5es, v\u00e1rias pistas de a\u00e7\u00e3o. Algumas, evidentemente, valem para todos, como procurar conhecer a Defensoria P\u00fablica e fazer parcerias com ela para que, por exemplo, os pobres tenham um advogado que os defenda em casos de necessidade. As comunidades podem participar das confer\u00eancias municipais, estaduais e nacional de Seguran\u00e7a P\u00fablica, organizadas pelo Minist\u00e9rio da Justi\u00e7a que permite, ainda, a realiza\u00e7\u00e3o das chamadas Confer\u00eancias Livres. Elas podem ser organizadas por qualquer comunidade, associa\u00e7\u00e3o de moradores, condom\u00ednios. As conclus\u00f5es destas Confer\u00eancias Livres podem ser enviadas diretamente para o Minist\u00e9rio da Justi\u00e7a, sem a necessidade de passar pela Secretaria Estadual e Municipal de Seguran\u00e7a P\u00fablica. <\/p>\n<p>\u2013Como despertar nas comunidades a responsabilidade pela Seguran\u00e7a P\u00fablica e pela promo\u00e7\u00e3o da cultura de paz?<\/p>\n<p>\u2013Dom Dimas: Atrav\u00e9s da pr\u00f3pria din\u00e2mica da CF, que apresenta diversos subs\u00eddios. O texto-base \u00e9 apenas o texto fundamental, a partir do qual foram elaborados outros como celebra\u00e7\u00f5es penitenciais, via-sacra, c\u00edrculos b\u00edblicos, encontros para as fam\u00edlias, para a juventude, para as escolas. Al\u00e9m disso, o tema da CF \u00e9 apresentado no Congresso Nacional e o texto-base enviado aos deputados, ministros e outras autoridades. O tema \u00e9 discutido tamb\u00e9m nas escolas e universidades. A CF atinge desde as popula\u00e7\u00f5es ribeirinhas, no Amazonas, at\u00e9 os condom\u00ednios das nossas grandes cidades. Nenhum outro instrumento da Igreja Cat\u00f3lica no Brasil tem uma capilaridade como essa.<\/p>\n<p>\u2013A Campanha da Fraternidade tem um gesto concreto que \u00e9 a Coleta da Solidariedade. Qual sua finalidade?<\/p>\n<p>\u2013Dom Dimas: O gesto concreto \u00e9 uma atividade peculiar, enquanto se trata de uma doa\u00e7\u00e3o em dinheiro feita na coleta do domingo de Ramos. Com isso \u00e9 constitu\u00eddo o Fundo Nacional de Solidariedade que financia projetos das mais diversas comunidades. Centenas de projetos, pequenos, m\u00e9dios e grandes, s\u00e3o financiados a partir desta colabora\u00e7\u00e3o. Essa \u00e9 outra forma de colaborar com a Campanha da Fraternidade.<\/p>\n<div id=\"themify_builder_content-1888\" data-postid=\"1888\" class=\"themify_builder_content themify_builder_content-1888 themify_builder themify_builder_front\">\n\t<\/div>\n<!-- \/themify_builder_content -->","protected":false},"excerpt":{"rendered":"<p>A Campanha da Fraternidade, realizada na Quaresma, discute nesta edi\u00e7\u00e3o o tema \u201cFraternidade e Seguran\u00e7a P\u00fablica\u201d. O secret\u00e1rio geral da CNBB (Confer\u00eancia Nacional dos Bispos do Brasil), Dom Dimas Lara Barbosa, concedeu entrevista \u00e0 Assessoria de Imprensa da CNBB para falar sobre a Campanha. \u2013Quais s\u00e3o os objetivos da CF 2009? \u2013Dom Dimas: A CF [&hellip;]<\/p>\n","protected":false},"author":5,"featured_media":0,"comment_status":"open","ping_status":"open","sticky":false,"template":"","format":"standard","meta":{"ngg_post_thumbnail":0,"footnotes":""},"categories":[241],"tags":[229,3206,63,88,20],"yoast_head":"<!-- This site is optimized with the Yoast SEO plugin v23.5 - https:\/\/yoast.com\/wordpress\/plugins\/seo\/ -->\n<title>Secret\u00e1rio geral da CNBB fala sobre CF2009 - O Arcanjo no ar<\/title>\n<meta name=\"robots\" content=\"index, follow, max-snippet:-1, max-image-preview:large, max-video-preview:-1\" \/>\n<link rel=\"canonical\" href=\"https:\/\/www.oarcanjo.net\/site\/secretario-geral-da-cnbb-fala-sobre-cf2009\/\" \/>\n<meta property=\"og:locale\" content=\"pt_BR\" \/>\n<meta property=\"og:type\" content=\"article\" \/>\n<meta property=\"og:title\" content=\"Secret\u00e1rio geral da CNBB fala sobre CF2009 - O Arcanjo no ar\" \/>\n<meta property=\"og:description\" content=\"A Campanha da Fraternidade, realizada na Quaresma, discute nesta edi\u00e7\u00e3o o tema \u201cFraternidade e Seguran\u00e7a P\u00fablica\u201d. O secret\u00e1rio geral da CNBB (Confer\u00eancia Nacional dos Bispos do Brasil), Dom Dimas Lara Barbosa, concedeu entrevista \u00e0 Assessoria de Imprensa da CNBB para falar sobre a Campanha. \u2013Quais s\u00e3o os objetivos da CF 2009? \u2013Dom Dimas: A CF [&hellip;]\" \/>\n<meta property=\"og:url\" content=\"https:\/\/www.oarcanjo.net\/site\/secretario-geral-da-cnbb-fala-sobre-cf2009\/\" \/>\n<meta property=\"og:site_name\" content=\"O Arcanjo no ar\" \/>\n<meta property=\"article:publisher\" content=\"https:\/\/www.facebook.com\/OArcanjoNoAr\/\" \/>\n<meta property=\"article:published_time\" content=\"2009-02-16T23:09:05+00:00\" \/>\n<meta property=\"article:modified_time\" content=\"2009-02-25T15:07:27+00:00\" \/>\n<meta property=\"og:image\" content=\"http:\/\/www.oarcanjo.net\/site\/wp-content\/uploads\/selocf2009.png\" \/>\n<meta name=\"author\" content=\"editor\" \/>\n<meta name=\"twitter:card\" content=\"summary_large_image\" \/>\n<meta name=\"twitter:label1\" content=\"Escrito por\" \/>\n\t<meta name=\"twitter:data1\" content=\"editor\" \/>\n\t<meta name=\"twitter:label2\" content=\"Est. tempo de leitura\" \/>\n\t<meta name=\"twitter:data2\" content=\"6 minutos\" \/>\n<script type=\"application\/ld+json\" class=\"yoast-schema-graph\">{\"@context\":\"https:\/\/schema.org\",\"@graph\":[{\"@type\":\"Article\",\"@id\":\"https:\/\/www.oarcanjo.net\/site\/secretario-geral-da-cnbb-fala-sobre-cf2009\/#article\",\"isPartOf\":{\"@id\":\"https:\/\/www.oarcanjo.net\/site\/secretario-geral-da-cnbb-fala-sobre-cf2009\/\"},\"author\":{\"name\":\"editor\",\"@id\":\"https:\/\/www.oarcanjo.net\/site\/#\/schema\/person\/f7024d007863202483a31326673a0838\"},\"headline\":\"Secret\u00e1rio geral da CNBB fala sobre CF2009\",\"datePublished\":\"2009-02-16T23:09:05+00:00\",\"dateModified\":\"2009-02-25T15:07:27+00:00\",\"mainEntityOfPage\":{\"@id\":\"https:\/\/www.oarcanjo.net\/site\/secretario-geral-da-cnbb-fala-sobre-cf2009\/\"},\"wordCount\":1110,\"commentCount\":1,\"publisher\":{\"@id\":\"https:\/\/www.oarcanjo.net\/site\/#organization\"},\"image\":{\"@id\":\"https:\/\/www.oarcanjo.net\/site\/secretario-geral-da-cnbb-fala-sobre-cf2009\/#primaryimage\"},\"thumbnailUrl\":\"http:\/\/www.oarcanjo.net\/site\/wp-content\/uploads\/selocf2009.png\",\"keywords\":[\"Campanha da Fraternidade\",\"CF\",\"CNBB\",\"solidariedade\",\"viol\u00eancia\"],\"articleSection\":[\"CF\"],\"inLanguage\":\"pt-BR\",\"potentialAction\":[{\"@type\":\"CommentAction\",\"name\":\"Comment\",\"target\":[\"https:\/\/www.oarcanjo.net\/site\/secretario-geral-da-cnbb-fala-sobre-cf2009\/#respond\"]}]},{\"@type\":\"WebPage\",\"@id\":\"https:\/\/www.oarcanjo.net\/site\/secretario-geral-da-cnbb-fala-sobre-cf2009\/\",\"url\":\"https:\/\/www.oarcanjo.net\/site\/secretario-geral-da-cnbb-fala-sobre-cf2009\/\",\"name\":\"Secret\u00e1rio geral da CNBB fala sobre CF2009 - O Arcanjo no ar\",\"isPartOf\":{\"@id\":\"https:\/\/www.oarcanjo.net\/site\/#website\"},\"primaryImageOfPage\":{\"@id\":\"https:\/\/www.oarcanjo.net\/site\/secretario-geral-da-cnbb-fala-sobre-cf2009\/#primaryimage\"},\"image\":{\"@id\":\"https:\/\/www.oarcanjo.net\/site\/secretario-geral-da-cnbb-fala-sobre-cf2009\/#primaryimage\"},\"thumbnailUrl\":\"http:\/\/www.oarcanjo.net\/site\/wp-content\/uploads\/selocf2009.png\",\"datePublished\":\"2009-02-16T23:09:05+00:00\",\"dateModified\":\"2009-02-25T15:07:27+00:00\",\"breadcrumb\":{\"@id\":\"https:\/\/www.oarcanjo.net\/site\/secretario-geral-da-cnbb-fala-sobre-cf2009\/#breadcrumb\"},\"inLanguage\":\"pt-BR\",\"potentialAction\":[{\"@type\":\"ReadAction\",\"target\":[\"https:\/\/www.oarcanjo.net\/site\/secretario-geral-da-cnbb-fala-sobre-cf2009\/\"]}]},{\"@type\":\"ImageObject\",\"inLanguage\":\"pt-BR\",\"@id\":\"https:\/\/www.oarcanjo.net\/site\/secretario-geral-da-cnbb-fala-sobre-cf2009\/#primaryimage\",\"url\":\"https:\/\/www.oarcanjo.net\/site\/wp-content\/uploads\/selocf2009.png\",\"contentUrl\":\"https:\/\/www.oarcanjo.net\/site\/wp-content\/uploads\/selocf2009.png\",\"width\":120,\"height\":168,\"caption\":\"A paz \u00e9 fruto da justi\u00e7a\"},{\"@type\":\"BreadcrumbList\",\"@id\":\"https:\/\/www.oarcanjo.net\/site\/secretario-geral-da-cnbb-fala-sobre-cf2009\/#breadcrumb\",\"itemListElement\":[{\"@type\":\"ListItem\",\"position\":1,\"name\":\"In\u00edcio\",\"item\":\"https:\/\/www.oarcanjo.net\/site\/\"},{\"@type\":\"ListItem\",\"position\":2,\"name\":\"Secret\u00e1rio geral da CNBB fala sobre CF2009\"}]},{\"@type\":\"WebSite\",\"@id\":\"https:\/\/www.oarcanjo.net\/site\/#website\",\"url\":\"https:\/\/www.oarcanjo.net\/site\/\",\"name\":\"O Arcanjo no ar\",\"description\":\"Site da Par\u00f3quia S\u00e3o Miguel Arcanjo (Arquidiocese de SP)\",\"publisher\":{\"@id\":\"https:\/\/www.oarcanjo.net\/site\/#organization\"},\"potentialAction\":[{\"@type\":\"SearchAction\",\"target\":{\"@type\":\"EntryPoint\",\"urlTemplate\":\"https:\/\/www.oarcanjo.net\/site\/?s={search_term_string}\"},\"query-input\":{\"@type\":\"PropertyValueSpecification\",\"valueRequired\":true,\"valueName\":\"search_term_string\"}}],\"inLanguage\":\"pt-BR\"},{\"@type\":\"Organization\",\"@id\":\"https:\/\/www.oarcanjo.net\/site\/#organization\",\"name\":\"Par\u00f3quia S\u00e3o Miguel Arcanjo\",\"url\":\"https:\/\/www.oarcanjo.net\/site\/\",\"logo\":{\"@type\":\"ImageObject\",\"inLanguage\":\"pt-BR\",\"@id\":\"https:\/\/www.oarcanjo.net\/site\/#\/schema\/logo\/image\/\",\"url\":\"https:\/\/www.oarcanjo.net\/site\/wp-content\/uploads\/LogoOArcanjo.png\",\"contentUrl\":\"https:\/\/www.oarcanjo.net\/site\/wp-content\/uploads\/LogoOArcanjo.png\",\"width\":319,\"height\":99,\"caption\":\"Par\u00f3quia S\u00e3o Miguel Arcanjo\"},\"image\":{\"@id\":\"https:\/\/www.oarcanjo.net\/site\/#\/schema\/logo\/image\/\"},\"sameAs\":[\"https:\/\/www.facebook.com\/OArcanjoNoAr\/\"]},{\"@type\":\"Person\",\"@id\":\"https:\/\/www.oarcanjo.net\/site\/#\/schema\/person\/f7024d007863202483a31326673a0838\",\"name\":\"editor\",\"sameAs\":[\"http:\/\/www.oarcanjo.net\"]}]}<\/script>\n<!-- \/ Yoast SEO plugin. -->","yoast_head_json":{"title":"Secret\u00e1rio geral da CNBB fala sobre CF2009 - O Arcanjo no ar","robots":{"index":"index","follow":"follow","max-snippet":"max-snippet:-1","max-image-preview":"max-image-preview:large","max-video-preview":"max-video-preview:-1"},"canonical":"https:\/\/www.oarcanjo.net\/site\/secretario-geral-da-cnbb-fala-sobre-cf2009\/","og_locale":"pt_BR","og_type":"article","og_title":"Secret\u00e1rio geral da CNBB fala sobre CF2009 - O Arcanjo no ar","og_description":"A Campanha da Fraternidade, realizada na Quaresma, discute nesta edi\u00e7\u00e3o o tema \u201cFraternidade e Seguran\u00e7a P\u00fablica\u201d. O secret\u00e1rio geral da CNBB (Confer\u00eancia Nacional dos Bispos do Brasil), Dom Dimas Lara Barbosa, concedeu entrevista \u00e0 Assessoria de Imprensa da CNBB para falar sobre a Campanha. \u2013Quais s\u00e3o os objetivos da CF 2009? \u2013Dom Dimas: A CF [&hellip;]","og_url":"https:\/\/www.oarcanjo.net\/site\/secretario-geral-da-cnbb-fala-sobre-cf2009\/","og_site_name":"O Arcanjo no ar","article_publisher":"https:\/\/www.facebook.com\/OArcanjoNoAr\/","article_published_time":"2009-02-16T23:09:05+00:00","article_modified_time":"2009-02-25T15:07:27+00:00","og_image":[{"url":"http:\/\/www.oarcanjo.net\/site\/wp-content\/uploads\/selocf2009.png"}],"author":"editor","twitter_card":"summary_large_image","twitter_misc":{"Escrito por":"editor","Est. tempo de leitura":"6 minutos"},"schema":{"@context":"https:\/\/schema.org","@graph":[{"@type":"Article","@id":"https:\/\/www.oarcanjo.net\/site\/secretario-geral-da-cnbb-fala-sobre-cf2009\/#article","isPartOf":{"@id":"https:\/\/www.oarcanjo.net\/site\/secretario-geral-da-cnbb-fala-sobre-cf2009\/"},"author":{"name":"editor","@id":"https:\/\/www.oarcanjo.net\/site\/#\/schema\/person\/f7024d007863202483a31326673a0838"},"headline":"Secret\u00e1rio geral da CNBB fala sobre CF2009","datePublished":"2009-02-16T23:09:05+00:00","dateModified":"2009-02-25T15:07:27+00:00","mainEntityOfPage":{"@id":"https:\/\/www.oarcanjo.net\/site\/secretario-geral-da-cnbb-fala-sobre-cf2009\/"},"wordCount":1110,"commentCount":1,"publisher":{"@id":"https:\/\/www.oarcanjo.net\/site\/#organization"},"image":{"@id":"https:\/\/www.oarcanjo.net\/site\/secretario-geral-da-cnbb-fala-sobre-cf2009\/#primaryimage"},"thumbnailUrl":"http:\/\/www.oarcanjo.net\/site\/wp-content\/uploads\/selocf2009.png","keywords":["Campanha da Fraternidade","CF","CNBB","solidariedade","viol\u00eancia"],"articleSection":["CF"],"inLanguage":"pt-BR","potentialAction":[{"@type":"CommentAction","name":"Comment","target":["https:\/\/www.oarcanjo.net\/site\/secretario-geral-da-cnbb-fala-sobre-cf2009\/#respond"]}]},{"@type":"WebPage","@id":"https:\/\/www.oarcanjo.net\/site\/secretario-geral-da-cnbb-fala-sobre-cf2009\/","url":"https:\/\/www.oarcanjo.net\/site\/secretario-geral-da-cnbb-fala-sobre-cf2009\/","name":"Secret\u00e1rio geral da CNBB fala sobre CF2009 - O Arcanjo no ar","isPartOf":{"@id":"https:\/\/www.oarcanjo.net\/site\/#website"},"primaryImageOfPage":{"@id":"https:\/\/www.oarcanjo.net\/site\/secretario-geral-da-cnbb-fala-sobre-cf2009\/#primaryimage"},"image":{"@id":"https:\/\/www.oarcanjo.net\/site\/secretario-geral-da-cnbb-fala-sobre-cf2009\/#primaryimage"},"thumbnailUrl":"http:\/\/www.oarcanjo.net\/site\/wp-content\/uploads\/selocf2009.png","datePublished":"2009-02-16T23:09:05+00:00","dateModified":"2009-02-25T15:07:27+00:00","breadcrumb":{"@id":"https:\/\/www.oarcanjo.net\/site\/secretario-geral-da-cnbb-fala-sobre-cf2009\/#breadcrumb"},"inLanguage":"pt-BR","potentialAction":[{"@type":"ReadAction","target":["https:\/\/www.oarcanjo.net\/site\/secretario-geral-da-cnbb-fala-sobre-cf2009\/"]}]},{"@type":"ImageObject","inLanguage":"pt-BR","@id":"https:\/\/www.oarcanjo.net\/site\/secretario-geral-da-cnbb-fala-sobre-cf2009\/#primaryimage","url":"https:\/\/www.oarcanjo.net\/site\/wp-content\/uploads\/selocf2009.png","contentUrl":"https:\/\/www.oarcanjo.net\/site\/wp-content\/uploads\/selocf2009.png","width":120,"height":168,"caption":"A paz \u00e9 fruto da justi\u00e7a"},{"@type":"BreadcrumbList","@id":"https:\/\/www.oarcanjo.net\/site\/secretario-geral-da-cnbb-fala-sobre-cf2009\/#breadcrumb","itemListElement":[{"@type":"ListItem","position":1,"name":"In\u00edcio","item":"https:\/\/www.oarcanjo.net\/site\/"},{"@type":"ListItem","position":2,"name":"Secret\u00e1rio geral da CNBB fala sobre CF2009"}]},{"@type":"WebSite","@id":"https:\/\/www.oarcanjo.net\/site\/#website","url":"https:\/\/www.oarcanjo.net\/site\/","name":"O Arcanjo no ar","description":"Site da Par\u00f3quia S\u00e3o Miguel Arcanjo (Arquidiocese de SP)","publisher":{"@id":"https:\/\/www.oarcanjo.net\/site\/#organization"},"potentialAction":[{"@type":"SearchAction","target":{"@type":"EntryPoint","urlTemplate":"https:\/\/www.oarcanjo.net\/site\/?s={search_term_string}"},"query-input":{"@type":"PropertyValueSpecification","valueRequired":true,"valueName":"search_term_string"}}],"inLanguage":"pt-BR"},{"@type":"Organization","@id":"https:\/\/www.oarcanjo.net\/site\/#organization","name":"Par\u00f3quia S\u00e3o Miguel Arcanjo","url":"https:\/\/www.oarcanjo.net\/site\/","logo":{"@type":"ImageObject","inLanguage":"pt-BR","@id":"https:\/\/www.oarcanjo.net\/site\/#\/schema\/logo\/image\/","url":"https:\/\/www.oarcanjo.net\/site\/wp-content\/uploads\/LogoOArcanjo.png","contentUrl":"https:\/\/www.oarcanjo.net\/site\/wp-content\/uploads\/LogoOArcanjo.png","width":319,"height":99,"caption":"Par\u00f3quia S\u00e3o Miguel Arcanjo"},"image":{"@id":"https:\/\/www.oarcanjo.net\/site\/#\/schema\/logo\/image\/"},"sameAs":["https:\/\/www.facebook.com\/OArcanjoNoAr\/"]},{"@type":"Person","@id":"https:\/\/www.oarcanjo.net\/site\/#\/schema\/person\/f7024d007863202483a31326673a0838","name":"editor","sameAs":["http:\/\/www.oarcanjo.net"]}]}},"publishpress_future_action":{"enabled":false,"date":"2026-05-09 00:11:51","action":"category","newStatus":"draft","terms":[],"taxonomy":"category"},"publishpress_future_workflow_manual_trigger":{"enabledWorkflows":[]},"_links":{"self":[{"href":"https:\/\/www.oarcanjo.net\/site\/wp-json\/wp\/v2\/posts\/1888"}],"collection":[{"href":"https:\/\/www.oarcanjo.net\/site\/wp-json\/wp\/v2\/posts"}],"about":[{"href":"https:\/\/www.oarcanjo.net\/site\/wp-json\/wp\/v2\/types\/post"}],"author":[{"embeddable":true,"href":"https:\/\/www.oarcanjo.net\/site\/wp-json\/wp\/v2\/users\/5"}],"replies":[{"embeddable":true,"href":"https:\/\/www.oarcanjo.net\/site\/wp-json\/wp\/v2\/comments?post=1888"}],"version-history":[{"count":0,"href":"https:\/\/www.oarcanjo.net\/site\/wp-json\/wp\/v2\/posts\/1888\/revisions"}],"wp:attachment":[{"href":"https:\/\/www.oarcanjo.net\/site\/wp-json\/wp\/v2\/media?parent=1888"}],"wp:term":[{"taxonomy":"category","embeddable":true,"href":"https:\/\/www.oarcanjo.net\/site\/wp-json\/wp\/v2\/categories?post=1888"},{"taxonomy":"post_tag","embeddable":true,"href":"https:\/\/www.oarcanjo.net\/site\/wp-json\/wp\/v2\/tags?post=1888"}],"curies":[{"name":"wp","href":"https:\/\/api.w.org\/{rel}","templated":true}]}}