
{"id":1891,"date":"2009-02-16T20:23:57","date_gmt":"2009-02-16T23:23:57","guid":{"rendered":"http:\/\/www.oarcanjo.net\/site\/?p=1891"},"modified":"2009-02-25T12:07:07","modified_gmt":"2009-02-25T15:07:07","slug":"cf-2009-a-violencia-que-atinge-nossas-criancas-e-adolescentes","status":"publish","type":"post","link":"https:\/\/www.oarcanjo.net\/site\/cf-2009-a-violencia-que-atinge-nossas-criancas-e-adolescentes\/","title":{"rendered":"CF 2009: A viol\u00eancia que atinge nossas crian\u00e7as e adolescentes"},"content":{"rendered":"<p>Ant\u00f4nio Coquito<\/p>\n<p><em>A inf\u00e2ncia cada vez mais cedo no mundo da criminalidade.<\/em><\/p>\n<p><img loading=\"lazy\" decoding=\"async\" src=\"http:\/\/www.oarcanjo.net\/site\/wp-content\/uploads\/selocf2009.png\" alt=\"A paz \u00e9 fruto da justi\u00e7a\" title=\"Campanha da Fraternidade 2009\" width=\"120\" height=\"168\" class=\"size-full wp-image-1731\" align=\"right\" hspace=\"5\"\/>A proposta da Confer\u00eancia Nacional dos Bispos do Brasil- CNBB &#8211; na Campanha da Fraternidade deste ano, ao chamar a aten\u00e7\u00e3o para os caminhos e descaminhos da viol\u00eancia nos provoca a um olhar atento e comprometido com nosso cotidiano, e em especial, com a popula\u00e7\u00e3o infanto-juvenil. Como o tema &#8220;Fraternidade e Seguran\u00e7a P\u00fablica&#8221; e o lema &#8220;A paz \u00e9 fruto da justi\u00e7a&#8221;, a tem\u00e1tica p\u00f5e em destaque a reflex\u00e3o em torno de um quadro de agress\u00f5es cotidianas no campo social, pol\u00edtico, econ\u00f4mico e cultural; que impedem a concretiza\u00e7\u00e3o de uma sociedade inclusiva e cidad\u00e3.<\/p>\n<p>A pobreza ou ser pobre n\u00e3o quer dizer ser violento, mas a nega\u00e7\u00e3o das condi\u00e7\u00f5es dignas de sobreviv\u00eancia, em si j\u00e1 contribuem para o estado de viol\u00eancia. Dados do relat\u00f3rio da Situa\u00e7\u00e3o Mundial da Inf\u00e2ncia -2008, do Fundo das Na\u00e7\u00f5es Unidas para a Inf\u00e2ncia &#8211; UNICEF, apontam para a exist\u00eancia de cerca 60 milh\u00f5es de crian\u00e7as e adolescentes no Brasil, que correspondem a aproximadamente um ter\u00e7o da popula\u00e7\u00e3o. Destes, muitos vivendo em situa\u00e7\u00e3o social cr\u00edtica e acometidos por todos os tipos de viol\u00eancia.<\/p>\n<p>Da tem\u00e1tica e do cen\u00e1rio, destacamos um alerta presenciado todos os dias nos notici\u00e1rios e em nosso cotidiano: o envolvimento cada vez mais precoce de crian\u00e7as e adolescentes com o mundo do crime organizado e do narcotr\u00e1fico. Neste sentido, a afirma\u00e7\u00e3o popular de que crian\u00e7as e adolescentes t\u00eam uma vida pela frente, muitas vezes, n\u00e3o est\u00e1 se confirmando na pr\u00e1tica. A realidade tem mostrado que elas s\u00e3o v\u00edtimas da viol\u00eancia em suas m\u00faltiplas faces. Nossa inf\u00e2ncia convive com um conjunto de vulnerabilidades como o abandono, as agress\u00f5es, maus tratos, trabalho infantil, explora\u00e7\u00e3o sexual, nega\u00e7\u00e3o do direito \u00e0 educa\u00e7\u00e3o, pedofilia na internet, drogas e criminalidade.<\/p>\n<p>O desafio do debate \u00e9 irmos al\u00e9m! A sociedade brasileira precisa assumir seu papel protagonista no debate e interven\u00e7\u00f5es nas pol\u00edticas p\u00fablicas para a revers\u00e3o das condi\u00e7\u00f5es de vulnerabilidade social. Estas que se d\u00e3o na uni\u00e3o de esfor\u00e7os com organiza\u00e7\u00f5es n\u00e3o governamentais &#8211; ONGs, \u00f3rg\u00e3os governamentais, entidades nacionais e internacionais, f\u00f3runs e redes na preocupa\u00e7\u00e3o com o futuro da popula\u00e7\u00e3o infanto-juvenil.<\/p>\n<p>Constata\u00e7\u00e3o e atitude<\/p>\n<p>O Relat\u00f3rio Viol\u00eancia nas Cidades da Organiza\u00e7\u00e3o das Na\u00e7\u00f5es Unidas -ONU afirma que a viol\u00eancia no Brasil \u00e9 jovem. Esta an\u00e1lise vai ao encontro dos dados do Mapa da Viol\u00eancia, que de 1996 a 2006 aponta o aumento dos \u00edndices que acometem a popula\u00e7\u00e3o de 15 a 24 anos. No per\u00edodo citado, houve um acr\u00e9scimo de 31,3%, ou seja, os homic\u00eddios juvenis subiram de 13.186 (treze mil cento e oitenta e seis) para 17.312 (dezessete mil trezentos e doze). Ao lado destes, um n\u00famero crescente de crian\u00e7as envolvidas com o mundo da criminalidade \u00e9 outra constata\u00e7\u00e3o da ONU. Cita o documento: &#8220;crian\u00e7as de 6 anos j\u00e1 fazem parte de quadrilhas do crime organizado com a fun\u00e7\u00e3o de carregar drogas&#8221;. Unindo-se a estes dados, um estudo da Organiza\u00e7\u00e3o Internacional do Trabalho &#8211; OIT, sinaliza que 15% dos jovens que trabalham no tr\u00e1fico t\u00eam entre 13 e 14 anos.<\/p>\n<p>Outro dado da ONU \u00e9 que o Brasil \u00e9 o pa\u00eds em que mais se morre e mais se mata com arma de fogo no mundo. Os dados da entidade mostram que, s\u00f3 em 2003, foram 36 mil mortos a tiros (em 2004, este n\u00famero caiu para 32 mil). A cada dia, morrem em m\u00e9dia cem brasileiros &#8211; 40 s\u00e3o jovens &#8211; v\u00edtimas das armas de fogo. A popula\u00e7\u00e3o brasileira representa 2,8% da popula\u00e7\u00e3o mundial, mas responde por 7% dos homic\u00eddios por arma de fogo em todo o mundo, morre-se mais por arma de fogo (29,6%) do que por acidente de tr\u00e2nsito (25,1%). A taxa de homic\u00eddios por arma de fogo no Brasil \u00e9 cinco vezes mais alta do que nos EUA, um pa\u00eds violento.<\/p>\n<p>Os dados preocupam. Eles trazem \u00e0 tona a urg\u00eancia para a efetividade de pol\u00edticas preventivas com crian\u00e7as e adolescentes. Por tr\u00e1s dos \u00edndices, est\u00e3o popula\u00e7\u00f5es em estado de vulnerabilidade total, &#8220;presas&#8221; f\u00e1ceis do crime organizado e do narcotr\u00e1fico. Esta radiografia da viol\u00eancia est\u00e1 denunciando e pedindo emerg\u00eancia de respostas.<\/p>\n<p>Preocupado com a conjuntura, o oficial de projetos para adolescentes do UNICEF M\u00e1rio Volpi aponta que &#8220;infelizmente a presen\u00e7a de crian\u00e7as e adolescentes em conflitos armados, no tr\u00e1fico, na pr\u00e1tica de atos infracionais vai se tornando banal e adquire ares de normalidade&#8221;. Ele fala da necessidade e urg\u00eancia de atitudes: &#8220;\u00e9 preciso que o Estado, a fam\u00edlia e a sociedade se escandalizem, fiquem indignadas e promovam pol\u00edticas e a\u00e7\u00f5es que permitam \u00e0s crian\u00e7as e aos adolescentes se desenvolverem num ambiente de respeito aos seus direitos e \u00e0 sua dignidade humana&#8221;. <\/p>\n<p>De acordo com Volpi, &#8220;o assassinato de adolescentes no Brasil \u00e9 maior que muitos pa\u00edses que est\u00e3o em guerra&#8221;. O cen\u00e1rio de coopta\u00e7\u00e3o da for\u00e7a ativa da sociedade -nossas crian\u00e7as, adolescentes e jovens-pelo crime organizado e pelo tr\u00e1fico de drogas merece aten\u00e7\u00e3o de todos os defensores e promotores dos direitos, seja nas entidades e nos governos. O oficial de projetos adverte &#8220;n\u00e3o podemos abandonar nossos adolescentes nas m\u00e3os de justiceiros, grupos de exterm\u00ednio, falsos policiais e pol\u00edticas paralelas de elimina\u00e7\u00e3o sum\u00e1ria&#8221;. Para Volpi uma grande mobiliza\u00e7\u00e3o social contra o assassinato de adolescentes e a responsabiliza\u00e7\u00e3o de assassinos, somados ao desenvolvimento de pol\u00edticas de preven\u00e7\u00e3o \u00e9 a tarefa mais urgente. &#8220;Precisamos debater o tema&#8221;, atenta Volpi.<\/p>\n<p>Pol\u00edticas P\u00fablicas e a CF 2009<\/p>\n<p>O cen\u00e1rio de pobreza, desemprego, desigualdade social e explos\u00e3o demogr\u00e1fica das cidades tem favorecido a cultura da viol\u00eancia. Estes dados s\u00e3o apontados como agravantes no Relat\u00f3rio Viol\u00eancia nas Cidades da Organiza\u00e7\u00e3o das Na\u00e7\u00f5es Unidas &#8211; ONU. Os dados conjunturais do documento citado sinalizam uma radiografia preocupante que refletem diretamente nas formata\u00e7\u00f5es das pol\u00edticas p\u00fablicas.<\/p>\n<p>Os conselhos de pol\u00edticas p\u00fablicas, a sociedade civil e as gest\u00f5es municipais, estaduais e federal devem considerar estes fatores causadores e suas diversas solu\u00e7\u00f5es. Estas que exigem a\u00e7\u00f5es amplas e com vis\u00f5es interconectadas. Neste sentido, Volpi fala da necessidade de que &#8220;os governos precisam investir na integra\u00e7\u00e3o de a\u00e7\u00f5es da educa\u00e7\u00e3o, da sa\u00fade, da assist\u00eancia social, da cultura, do esporte e do lazer de forma a garantir que os adolescentes tenham espa\u00e7os seguros e protegidos para o seu desenvolvimento&#8221;. Ele reconhece a exist\u00eancia de programas na \u00e1rea, mas sinaliza &#8220;muitos est\u00e3o atuando isoladamente e sem resultados efetivos&#8221;. E complementa as cidades precisam ser reorganizadas a partir de a\u00e7\u00f5es integradas para poder contribuir com a participa\u00e7\u00e3o e o desenvolvimento de cada adolescente&#8221;.<\/p>\n<p>A CF 2009 sinaliza o caminho da constru\u00e7\u00e3o da cultura de paz e da cidadania alicer\u00e7ada em Isaias na afirma\u00e7\u00e3o de &#8220;a paz fruto da justi\u00e7a&#8221; (Is 32,17). O documento texto-base da CF 2009 fala da necessidade dos espa\u00e7os de controle social e elabora\u00e7\u00e3o pol\u00edtica &#8220;a seguran\u00e7a \u00e9 uma quest\u00e3o s\u00f3ciopol\u00edtica que envolve a todos. Nenhum elemento da sociedade organizada deve ser exclu\u00eddo do processo ou eximir-se de sua responsabilidade&#8221;. O texto conclama a que &#8220;todos devem, portanto, colaborar na cria\u00e7\u00e3o e na constru\u00e7\u00e3o da ordem justa, sem a qual a paz \u00e9 ilus\u00f3ria e n\u00e3o h\u00e1 seguran\u00e7a&#8221;.<\/p>\n<div id=\"themify_builder_content-1891\" data-postid=\"1891\" class=\"themify_builder_content themify_builder_content-1891 themify_builder themify_builder_front\">\n\t<\/div>\n<!-- \/themify_builder_content -->","protected":false},"excerpt":{"rendered":"<p>Ant\u00f4nio Coquito A inf\u00e2ncia cada vez mais cedo no mundo da criminalidade. A proposta da Confer\u00eancia Nacional dos Bispos do Brasil- CNBB &#8211; na Campanha da Fraternidade deste ano, ao chamar a aten\u00e7\u00e3o para os caminhos e descaminhos da viol\u00eancia nos provoca a um olhar atento e comprometido com nosso cotidiano, e em especial, com [&hellip;]<\/p>\n","protected":false},"author":5,"featured_media":0,"comment_status":"open","ping_status":"open","sticky":false,"template":"","format":"standard","meta":{"ngg_post_thumbnail":0,"footnotes":""},"categories":[241],"tags":[261,229,260,225,20],"yoast_head":"<!-- This site is optimized with the Yoast SEO plugin v23.5 - https:\/\/yoast.com\/wordpress\/plugins\/seo\/ -->\n<title>CF 2009: A viol\u00eancia que atinge nossas crian\u00e7as e adolescentes - O Arcanjo no ar<\/title>\n<meta name=\"robots\" content=\"index, follow, max-snippet:-1, max-image-preview:large, max-video-preview:-1\" \/>\n<link rel=\"canonical\" href=\"https:\/\/www.oarcanjo.net\/site\/cf-2009-a-violencia-que-atinge-nossas-criancas-e-adolescentes\/\" \/>\n<meta property=\"og:locale\" content=\"pt_BR\" \/>\n<meta property=\"og:type\" content=\"article\" \/>\n<meta property=\"og:title\" content=\"CF 2009: A viol\u00eancia que atinge nossas crian\u00e7as e adolescentes - O Arcanjo no ar\" \/>\n<meta property=\"og:description\" content=\"Ant\u00f4nio Coquito A inf\u00e2ncia cada vez mais cedo no mundo da criminalidade. A proposta da Confer\u00eancia Nacional dos Bispos do Brasil- CNBB &#8211; na Campanha da Fraternidade deste ano, ao chamar a aten\u00e7\u00e3o para os caminhos e descaminhos da viol\u00eancia nos provoca a um olhar atento e comprometido com nosso cotidiano, e em especial, com [&hellip;]\" \/>\n<meta property=\"og:url\" content=\"https:\/\/www.oarcanjo.net\/site\/cf-2009-a-violencia-que-atinge-nossas-criancas-e-adolescentes\/\" \/>\n<meta property=\"og:site_name\" content=\"O Arcanjo no ar\" \/>\n<meta property=\"article:publisher\" content=\"https:\/\/www.facebook.com\/OArcanjoNoAr\/\" \/>\n<meta property=\"article:published_time\" content=\"2009-02-16T23:23:57+00:00\" \/>\n<meta property=\"article:modified_time\" content=\"2009-02-25T15:07:07+00:00\" \/>\n<meta property=\"og:image\" content=\"http:\/\/www.oarcanjo.net\/site\/wp-content\/uploads\/selocf2009.png\" \/>\n<meta name=\"author\" content=\"editor\" \/>\n<meta name=\"twitter:card\" content=\"summary_large_image\" \/>\n<meta name=\"twitter:label1\" content=\"Escrito por\" \/>\n\t<meta name=\"twitter:data1\" content=\"editor\" \/>\n\t<meta name=\"twitter:label2\" content=\"Est. tempo de leitura\" \/>\n\t<meta name=\"twitter:data2\" content=\"7 minutos\" \/>\n<script type=\"application\/ld+json\" class=\"yoast-schema-graph\">{\"@context\":\"https:\/\/schema.org\",\"@graph\":[{\"@type\":\"Article\",\"@id\":\"https:\/\/www.oarcanjo.net\/site\/cf-2009-a-violencia-que-atinge-nossas-criancas-e-adolescentes\/#article\",\"isPartOf\":{\"@id\":\"https:\/\/www.oarcanjo.net\/site\/cf-2009-a-violencia-que-atinge-nossas-criancas-e-adolescentes\/\"},\"author\":{\"name\":\"editor\",\"@id\":\"https:\/\/www.oarcanjo.net\/site\/#\/schema\/person\/f7024d007863202483a31326673a0838\"},\"headline\":\"CF 2009: A viol\u00eancia que atinge nossas crian\u00e7as e adolescentes\",\"datePublished\":\"2009-02-16T23:23:57+00:00\",\"dateModified\":\"2009-02-25T15:07:07+00:00\",\"mainEntityOfPage\":{\"@id\":\"https:\/\/www.oarcanjo.net\/site\/cf-2009-a-violencia-que-atinge-nossas-criancas-e-adolescentes\/\"},\"wordCount\":1317,\"commentCount\":1,\"publisher\":{\"@id\":\"https:\/\/www.oarcanjo.net\/site\/#organization\"},\"image\":{\"@id\":\"https:\/\/www.oarcanjo.net\/site\/cf-2009-a-violencia-que-atinge-nossas-criancas-e-adolescentes\/#primaryimage\"},\"thumbnailUrl\":\"http:\/\/www.oarcanjo.net\/site\/wp-content\/uploads\/selocf2009.png\",\"keywords\":[\"adolescente\",\"Campanha da Fraternidade\",\"crian\u00e7a\",\"juventude\",\"viol\u00eancia\"],\"articleSection\":[\"CF\"],\"inLanguage\":\"pt-BR\",\"potentialAction\":[{\"@type\":\"CommentAction\",\"name\":\"Comment\",\"target\":[\"https:\/\/www.oarcanjo.net\/site\/cf-2009-a-violencia-que-atinge-nossas-criancas-e-adolescentes\/#respond\"]}]},{\"@type\":\"WebPage\",\"@id\":\"https:\/\/www.oarcanjo.net\/site\/cf-2009-a-violencia-que-atinge-nossas-criancas-e-adolescentes\/\",\"url\":\"https:\/\/www.oarcanjo.net\/site\/cf-2009-a-violencia-que-atinge-nossas-criancas-e-adolescentes\/\",\"name\":\"CF 2009: A viol\u00eancia que atinge nossas crian\u00e7as e adolescentes - O Arcanjo no ar\",\"isPartOf\":{\"@id\":\"https:\/\/www.oarcanjo.net\/site\/#website\"},\"primaryImageOfPage\":{\"@id\":\"https:\/\/www.oarcanjo.net\/site\/cf-2009-a-violencia-que-atinge-nossas-criancas-e-adolescentes\/#primaryimage\"},\"image\":{\"@id\":\"https:\/\/www.oarcanjo.net\/site\/cf-2009-a-violencia-que-atinge-nossas-criancas-e-adolescentes\/#primaryimage\"},\"thumbnailUrl\":\"http:\/\/www.oarcanjo.net\/site\/wp-content\/uploads\/selocf2009.png\",\"datePublished\":\"2009-02-16T23:23:57+00:00\",\"dateModified\":\"2009-02-25T15:07:07+00:00\",\"breadcrumb\":{\"@id\":\"https:\/\/www.oarcanjo.net\/site\/cf-2009-a-violencia-que-atinge-nossas-criancas-e-adolescentes\/#breadcrumb\"},\"inLanguage\":\"pt-BR\",\"potentialAction\":[{\"@type\":\"ReadAction\",\"target\":[\"https:\/\/www.oarcanjo.net\/site\/cf-2009-a-violencia-que-atinge-nossas-criancas-e-adolescentes\/\"]}]},{\"@type\":\"ImageObject\",\"inLanguage\":\"pt-BR\",\"@id\":\"https:\/\/www.oarcanjo.net\/site\/cf-2009-a-violencia-que-atinge-nossas-criancas-e-adolescentes\/#primaryimage\",\"url\":\"https:\/\/www.oarcanjo.net\/site\/wp-content\/uploads\/selocf2009.png\",\"contentUrl\":\"https:\/\/www.oarcanjo.net\/site\/wp-content\/uploads\/selocf2009.png\",\"width\":120,\"height\":168,\"caption\":\"A paz \u00e9 fruto da justi\u00e7a\"},{\"@type\":\"BreadcrumbList\",\"@id\":\"https:\/\/www.oarcanjo.net\/site\/cf-2009-a-violencia-que-atinge-nossas-criancas-e-adolescentes\/#breadcrumb\",\"itemListElement\":[{\"@type\":\"ListItem\",\"position\":1,\"name\":\"In\u00edcio\",\"item\":\"https:\/\/www.oarcanjo.net\/site\/\"},{\"@type\":\"ListItem\",\"position\":2,\"name\":\"CF 2009: A viol\u00eancia que atinge nossas crian\u00e7as e adolescentes\"}]},{\"@type\":\"WebSite\",\"@id\":\"https:\/\/www.oarcanjo.net\/site\/#website\",\"url\":\"https:\/\/www.oarcanjo.net\/site\/\",\"name\":\"O Arcanjo no ar\",\"description\":\"Site da Par\u00f3quia S\u00e3o Miguel Arcanjo (Arquidiocese de SP)\",\"publisher\":{\"@id\":\"https:\/\/www.oarcanjo.net\/site\/#organization\"},\"potentialAction\":[{\"@type\":\"SearchAction\",\"target\":{\"@type\":\"EntryPoint\",\"urlTemplate\":\"https:\/\/www.oarcanjo.net\/site\/?s={search_term_string}\"},\"query-input\":{\"@type\":\"PropertyValueSpecification\",\"valueRequired\":true,\"valueName\":\"search_term_string\"}}],\"inLanguage\":\"pt-BR\"},{\"@type\":\"Organization\",\"@id\":\"https:\/\/www.oarcanjo.net\/site\/#organization\",\"name\":\"Par\u00f3quia S\u00e3o Miguel Arcanjo\",\"url\":\"https:\/\/www.oarcanjo.net\/site\/\",\"logo\":{\"@type\":\"ImageObject\",\"inLanguage\":\"pt-BR\",\"@id\":\"https:\/\/www.oarcanjo.net\/site\/#\/schema\/logo\/image\/\",\"url\":\"https:\/\/www.oarcanjo.net\/site\/wp-content\/uploads\/LogoOArcanjo.png\",\"contentUrl\":\"https:\/\/www.oarcanjo.net\/site\/wp-content\/uploads\/LogoOArcanjo.png\",\"width\":319,\"height\":99,\"caption\":\"Par\u00f3quia S\u00e3o Miguel Arcanjo\"},\"image\":{\"@id\":\"https:\/\/www.oarcanjo.net\/site\/#\/schema\/logo\/image\/\"},\"sameAs\":[\"https:\/\/www.facebook.com\/OArcanjoNoAr\/\"]},{\"@type\":\"Person\",\"@id\":\"https:\/\/www.oarcanjo.net\/site\/#\/schema\/person\/f7024d007863202483a31326673a0838\",\"name\":\"editor\",\"sameAs\":[\"http:\/\/www.oarcanjo.net\"]}]}<\/script>\n<!-- \/ Yoast SEO plugin. -->","yoast_head_json":{"title":"CF 2009: A viol\u00eancia que atinge nossas crian\u00e7as e adolescentes - O Arcanjo no ar","robots":{"index":"index","follow":"follow","max-snippet":"max-snippet:-1","max-image-preview":"max-image-preview:large","max-video-preview":"max-video-preview:-1"},"canonical":"https:\/\/www.oarcanjo.net\/site\/cf-2009-a-violencia-que-atinge-nossas-criancas-e-adolescentes\/","og_locale":"pt_BR","og_type":"article","og_title":"CF 2009: A viol\u00eancia que atinge nossas crian\u00e7as e adolescentes - O Arcanjo no ar","og_description":"Ant\u00f4nio Coquito A inf\u00e2ncia cada vez mais cedo no mundo da criminalidade. A proposta da Confer\u00eancia Nacional dos Bispos do Brasil- CNBB &#8211; na Campanha da Fraternidade deste ano, ao chamar a aten\u00e7\u00e3o para os caminhos e descaminhos da viol\u00eancia nos provoca a um olhar atento e comprometido com nosso cotidiano, e em especial, com [&hellip;]","og_url":"https:\/\/www.oarcanjo.net\/site\/cf-2009-a-violencia-que-atinge-nossas-criancas-e-adolescentes\/","og_site_name":"O Arcanjo no ar","article_publisher":"https:\/\/www.facebook.com\/OArcanjoNoAr\/","article_published_time":"2009-02-16T23:23:57+00:00","article_modified_time":"2009-02-25T15:07:07+00:00","og_image":[{"url":"http:\/\/www.oarcanjo.net\/site\/wp-content\/uploads\/selocf2009.png"}],"author":"editor","twitter_card":"summary_large_image","twitter_misc":{"Escrito por":"editor","Est. tempo de leitura":"7 minutos"},"schema":{"@context":"https:\/\/schema.org","@graph":[{"@type":"Article","@id":"https:\/\/www.oarcanjo.net\/site\/cf-2009-a-violencia-que-atinge-nossas-criancas-e-adolescentes\/#article","isPartOf":{"@id":"https:\/\/www.oarcanjo.net\/site\/cf-2009-a-violencia-que-atinge-nossas-criancas-e-adolescentes\/"},"author":{"name":"editor","@id":"https:\/\/www.oarcanjo.net\/site\/#\/schema\/person\/f7024d007863202483a31326673a0838"},"headline":"CF 2009: A viol\u00eancia que atinge nossas crian\u00e7as e adolescentes","datePublished":"2009-02-16T23:23:57+00:00","dateModified":"2009-02-25T15:07:07+00:00","mainEntityOfPage":{"@id":"https:\/\/www.oarcanjo.net\/site\/cf-2009-a-violencia-que-atinge-nossas-criancas-e-adolescentes\/"},"wordCount":1317,"commentCount":1,"publisher":{"@id":"https:\/\/www.oarcanjo.net\/site\/#organization"},"image":{"@id":"https:\/\/www.oarcanjo.net\/site\/cf-2009-a-violencia-que-atinge-nossas-criancas-e-adolescentes\/#primaryimage"},"thumbnailUrl":"http:\/\/www.oarcanjo.net\/site\/wp-content\/uploads\/selocf2009.png","keywords":["adolescente","Campanha da Fraternidade","crian\u00e7a","juventude","viol\u00eancia"],"articleSection":["CF"],"inLanguage":"pt-BR","potentialAction":[{"@type":"CommentAction","name":"Comment","target":["https:\/\/www.oarcanjo.net\/site\/cf-2009-a-violencia-que-atinge-nossas-criancas-e-adolescentes\/#respond"]}]},{"@type":"WebPage","@id":"https:\/\/www.oarcanjo.net\/site\/cf-2009-a-violencia-que-atinge-nossas-criancas-e-adolescentes\/","url":"https:\/\/www.oarcanjo.net\/site\/cf-2009-a-violencia-que-atinge-nossas-criancas-e-adolescentes\/","name":"CF 2009: A viol\u00eancia que atinge nossas crian\u00e7as e adolescentes - O Arcanjo no ar","isPartOf":{"@id":"https:\/\/www.oarcanjo.net\/site\/#website"},"primaryImageOfPage":{"@id":"https:\/\/www.oarcanjo.net\/site\/cf-2009-a-violencia-que-atinge-nossas-criancas-e-adolescentes\/#primaryimage"},"image":{"@id":"https:\/\/www.oarcanjo.net\/site\/cf-2009-a-violencia-que-atinge-nossas-criancas-e-adolescentes\/#primaryimage"},"thumbnailUrl":"http:\/\/www.oarcanjo.net\/site\/wp-content\/uploads\/selocf2009.png","datePublished":"2009-02-16T23:23:57+00:00","dateModified":"2009-02-25T15:07:07+00:00","breadcrumb":{"@id":"https:\/\/www.oarcanjo.net\/site\/cf-2009-a-violencia-que-atinge-nossas-criancas-e-adolescentes\/#breadcrumb"},"inLanguage":"pt-BR","potentialAction":[{"@type":"ReadAction","target":["https:\/\/www.oarcanjo.net\/site\/cf-2009-a-violencia-que-atinge-nossas-criancas-e-adolescentes\/"]}]},{"@type":"ImageObject","inLanguage":"pt-BR","@id":"https:\/\/www.oarcanjo.net\/site\/cf-2009-a-violencia-que-atinge-nossas-criancas-e-adolescentes\/#primaryimage","url":"https:\/\/www.oarcanjo.net\/site\/wp-content\/uploads\/selocf2009.png","contentUrl":"https:\/\/www.oarcanjo.net\/site\/wp-content\/uploads\/selocf2009.png","width":120,"height":168,"caption":"A paz \u00e9 fruto da justi\u00e7a"},{"@type":"BreadcrumbList","@id":"https:\/\/www.oarcanjo.net\/site\/cf-2009-a-violencia-que-atinge-nossas-criancas-e-adolescentes\/#breadcrumb","itemListElement":[{"@type":"ListItem","position":1,"name":"In\u00edcio","item":"https:\/\/www.oarcanjo.net\/site\/"},{"@type":"ListItem","position":2,"name":"CF 2009: A viol\u00eancia que atinge nossas crian\u00e7as e adolescentes"}]},{"@type":"WebSite","@id":"https:\/\/www.oarcanjo.net\/site\/#website","url":"https:\/\/www.oarcanjo.net\/site\/","name":"O Arcanjo no ar","description":"Site da Par\u00f3quia S\u00e3o Miguel Arcanjo (Arquidiocese de SP)","publisher":{"@id":"https:\/\/www.oarcanjo.net\/site\/#organization"},"potentialAction":[{"@type":"SearchAction","target":{"@type":"EntryPoint","urlTemplate":"https:\/\/www.oarcanjo.net\/site\/?s={search_term_string}"},"query-input":{"@type":"PropertyValueSpecification","valueRequired":true,"valueName":"search_term_string"}}],"inLanguage":"pt-BR"},{"@type":"Organization","@id":"https:\/\/www.oarcanjo.net\/site\/#organization","name":"Par\u00f3quia S\u00e3o Miguel Arcanjo","url":"https:\/\/www.oarcanjo.net\/site\/","logo":{"@type":"ImageObject","inLanguage":"pt-BR","@id":"https:\/\/www.oarcanjo.net\/site\/#\/schema\/logo\/image\/","url":"https:\/\/www.oarcanjo.net\/site\/wp-content\/uploads\/LogoOArcanjo.png","contentUrl":"https:\/\/www.oarcanjo.net\/site\/wp-content\/uploads\/LogoOArcanjo.png","width":319,"height":99,"caption":"Par\u00f3quia S\u00e3o Miguel Arcanjo"},"image":{"@id":"https:\/\/www.oarcanjo.net\/site\/#\/schema\/logo\/image\/"},"sameAs":["https:\/\/www.facebook.com\/OArcanjoNoAr\/"]},{"@type":"Person","@id":"https:\/\/www.oarcanjo.net\/site\/#\/schema\/person\/f7024d007863202483a31326673a0838","name":"editor","sameAs":["http:\/\/www.oarcanjo.net"]}]}},"publishpress_future_action":{"enabled":false,"date":"2026-05-08 22:53:22","action":"category","newStatus":"draft","terms":[],"taxonomy":"category"},"publishpress_future_workflow_manual_trigger":{"enabledWorkflows":[]},"_links":{"self":[{"href":"https:\/\/www.oarcanjo.net\/site\/wp-json\/wp\/v2\/posts\/1891"}],"collection":[{"href":"https:\/\/www.oarcanjo.net\/site\/wp-json\/wp\/v2\/posts"}],"about":[{"href":"https:\/\/www.oarcanjo.net\/site\/wp-json\/wp\/v2\/types\/post"}],"author":[{"embeddable":true,"href":"https:\/\/www.oarcanjo.net\/site\/wp-json\/wp\/v2\/users\/5"}],"replies":[{"embeddable":true,"href":"https:\/\/www.oarcanjo.net\/site\/wp-json\/wp\/v2\/comments?post=1891"}],"version-history":[{"count":0,"href":"https:\/\/www.oarcanjo.net\/site\/wp-json\/wp\/v2\/posts\/1891\/revisions"}],"wp:attachment":[{"href":"https:\/\/www.oarcanjo.net\/site\/wp-json\/wp\/v2\/media?parent=1891"}],"wp:term":[{"taxonomy":"category","embeddable":true,"href":"https:\/\/www.oarcanjo.net\/site\/wp-json\/wp\/v2\/categories?post=1891"},{"taxonomy":"post_tag","embeddable":true,"href":"https:\/\/www.oarcanjo.net\/site\/wp-json\/wp\/v2\/tags?post=1891"}],"curies":[{"name":"wp","href":"https:\/\/api.w.org\/{rel}","templated":true}]}}