
{"id":18961,"date":"2012-08-08T23:51:19","date_gmt":"2012-08-09T02:51:19","guid":{"rendered":"http:\/\/www.oarcanjo.net\/site\/?p=18961"},"modified":"2012-08-08T23:51:19","modified_gmt":"2012-08-09T02:51:19","slug":"rastros-de-luz-dom-luciano-mendes-e-dom-helder-camara","status":"publish","type":"post","link":"https:\/\/www.oarcanjo.net\/site\/rastros-de-luz-dom-luciano-mendes-e-dom-helder-camara\/","title":{"rendered":"Rastros de luz: Dom Luciano Mendes e Dom Helder Camara"},"content":{"rendered":"<p>Geraldo Trindade<\/p>\n<p>O arcebispo marianense, Dom Luciano Pedro Mendes de Almeida, \u00e9 lembrado pela sua grandeza espiritual. N\u00e3o foi apenas bispo, mas tamb\u00e9m companheiro, pastor, irm\u00e3o de todos; doce e am\u00e1vel no trato. Quem o conheceu teve dele uma acolhida marcante e \u00edmpar. Este pr\u00f3ximo 27 de agosto remonta \u00e0quele de 6 anos atr\u00e1s, quando este grande homem despedia-se deste mundo e adentrava aos c\u00e9us com as palavras &#8220;Deus \u00e9 bom!\u201d.<\/p>\n<p>O &#8220;bispo dos pobres\u201d, como era comumente chamado, viveu sua f\u00e9 na radicalidade e por isso se tornou um eco profundo de que se deve acreditar em Deus e colocar em pr\u00e1tica os valores evang\u00e9licos. Ele sabia como ningu\u00e9m amalgamar a vida e a ora\u00e7\u00e3o, n\u00e3o apenas em sua express\u00e3o verbal ou declarativa; mas plena na a\u00e7\u00e3o real e concreta. Ele soube, em meio \u00e0s dores f\u00edsicas e espirituais, aceitar a cruz por si mesma, pelos outros, pelos sofredores an\u00f4nimos que padecem e, por isso, tocaram com profundidade a alma de Dom Luciano.<\/p>\n<p>As palavras, os gestos, a vida de Dom Luciano colocam em xeque as nossas palavras, gestos e a nossa vida. O bispo marianense sofria de alto senso de dignidade humana, que, muitas vezes, era incompreendido. Ele sofria com o outro, comportava-se com os outros tratando todos como iguais, dignos de confian\u00e7a. Ele via em cada pessoa uma criatura am\u00e1vel, linda e admir\u00e1vel. Por tudo isso, ele foi deixando um rastro de luz por onde passou.<\/p>\n<p>A Comenda Dom Luciano Mendes de Almeida de M\u00e9rito Social e Educacional, outorgado pela Arquidiocese de Mariana, ser\u00e1 no pr\u00f3ximo dia 27. A homenagem a Dom Luciano ter\u00e1 in\u00edcio com uma celebra\u00e7\u00e3o eucar\u00edstica, na Catedral, \u00e0s 18h30, seguida da sess\u00e3o solene, no Centro Cultural Arquidiocesano Dom Frei Manoel da Cruz, onde ser\u00e1 conferida a honraria da comenda aos homenageados: Dom Walmor Oliveira de Azevedo (arcebispo de Belo Horizonte), Dom Francisco Barroso Filho (bispo em\u00e9rito de Oliveira), Dom Jos\u00e9 Belvino do Nascimento (bispo em\u00e9rito de Divin\u00f3polis), Mons. Fl\u00e1vio Carneiro Rodrigues (diretor do Arquivo Eclesi\u00e1stico de Mariana), Mons. J\u00falio Lancelloti (Vig\u00e1rio Episcopal para o Povo da Rua da Arquidiocese de S\u00e3o Paulo) e as Irm\u00e3s da Benefic\u00eancia Popular.<\/p>\n<p>\u00c9 tamb\u00e9m neste dia que nossas mem\u00f3rias se misturam pela lembran\u00e7a de outra figura singular, Dom Helder Camara, que foi arcebispo de Olinda e Recife. Ambos, Dom Luciano e Dom Helder, souberam viver neste mundo a diaconia crist\u00e3, do servi\u00e7o fraterno, alegre e impetuoso, pois eram tomados pela f\u00e9 em Cristo e em seu projeto de salva\u00e7\u00e3o. Eles nos envergonham pela radicalidade e fidelidade ao Evangelho, pois sabiam que o mundo, sofrido, complexo, pluricultural, midi\u00e1tico e ide\u00e1rio \u00e9 espa\u00e7o absoluto e completo da a\u00e7\u00e3o do evangelizador. Souberam anunciar as verdades da f\u00e9 crist\u00e3 no amor ao pobre, ao sofredor, \u00e0 crian\u00e7a \u00f3rf\u00e3, ao doente abandonado, ao faminto que clamava um peda\u00e7o de p\u00e3o&#8230;<\/p>\n<p>Caracterizam estes santos homens a express\u00e3o de que souberam revestir de cotidiano as verdades eternas do Reino prometido. Esta atitude exige ser tomado pela pura humildade na mais completa atitude de ser servidor, tornando presente o amor de Jesus aos simples e pequenos. &#8220;Quando fizestes a um desses irm\u00e3os mais pequeninos, a mim fizestes\u201d (Mt 25, 40).<\/p>\n<div id=\"themify_builder_content-18961\" data-postid=\"18961\" class=\"themify_builder_content themify_builder_content-18961 themify_builder themify_builder_front\">\n\t<\/div>\n<!-- \/themify_builder_content -->","protected":false},"excerpt":{"rendered":"<p>Geraldo Trindade O arcebispo marianense, Dom Luciano Pedro Mendes de Almeida, \u00e9 lembrado pela sua grandeza espiritual. N\u00e3o foi apenas bispo, mas tamb\u00e9m companheiro, pastor, irm\u00e3o de todos; doce e am\u00e1vel no trato. Quem o conheceu teve dele uma acolhida marcante e \u00edmpar. Este pr\u00f3ximo 27 de agosto remonta \u00e0quele de 6 anos atr\u00e1s, quando [&hellip;]<\/p>\n","protected":false},"author":5,"featured_media":0,"comment_status":"open","ping_status":"open","sticky":false,"template":"","format":"standard","meta":{"ngg_post_thumbnail":0,"footnotes":""},"categories":[192,1027,186],"tags":[273,441,473],"yoast_head":"<!-- This site is optimized with the Yoast SEO plugin v23.5 - https:\/\/yoast.com\/wordpress\/plugins\/seo\/ -->\n<title>Rastros de luz: Dom Luciano Mendes e Dom Helder Camara - O Arcanjo no ar<\/title>\n<meta name=\"robots\" content=\"index, follow, max-snippet:-1, max-image-preview:large, max-video-preview:-1\" \/>\n<link rel=\"canonical\" href=\"https:\/\/www.oarcanjo.net\/site\/rastros-de-luz-dom-luciano-mendes-e-dom-helder-camara\/\" \/>\n<meta property=\"og:locale\" content=\"pt_BR\" \/>\n<meta property=\"og:type\" content=\"article\" \/>\n<meta property=\"og:title\" content=\"Rastros de luz: Dom Luciano Mendes e Dom Helder Camara - O Arcanjo no ar\" \/>\n<meta property=\"og:description\" content=\"Geraldo Trindade O arcebispo marianense, Dom Luciano Pedro Mendes de Almeida, \u00e9 lembrado pela sua grandeza espiritual. N\u00e3o foi apenas bispo, mas tamb\u00e9m companheiro, pastor, irm\u00e3o de todos; doce e am\u00e1vel no trato. Quem o conheceu teve dele uma acolhida marcante e \u00edmpar. Este pr\u00f3ximo 27 de agosto remonta \u00e0quele de 6 anos atr\u00e1s, quando [&hellip;]\" \/>\n<meta property=\"og:url\" content=\"https:\/\/www.oarcanjo.net\/site\/rastros-de-luz-dom-luciano-mendes-e-dom-helder-camara\/\" \/>\n<meta property=\"og:site_name\" content=\"O Arcanjo no ar\" \/>\n<meta property=\"article:publisher\" content=\"https:\/\/www.facebook.com\/OArcanjoNoAr\/\" \/>\n<meta property=\"article:published_time\" content=\"2012-08-09T02:51:19+00:00\" \/>\n<meta property=\"og:image\" content=\"https:\/\/www.oarcanjo.net\/site\/wp-content\/uploads\/logo-o-arcanjo-no-ar-facebook.png\" \/>\n\t<meta property=\"og:image:width\" content=\"300\" \/>\n\t<meta property=\"og:image:height\" content=\"300\" \/>\n\t<meta property=\"og:image:type\" content=\"image\/png\" \/>\n<meta name=\"author\" content=\"editor\" \/>\n<meta name=\"twitter:card\" content=\"summary_large_image\" \/>\n<meta name=\"twitter:label1\" content=\"Escrito por\" \/>\n\t<meta name=\"twitter:data1\" content=\"editor\" \/>\n\t<meta name=\"twitter:label2\" content=\"Est. tempo de leitura\" \/>\n\t<meta name=\"twitter:data2\" content=\"3 minutos\" \/>\n<script type=\"application\/ld+json\" class=\"yoast-schema-graph\">{\"@context\":\"https:\/\/schema.org\",\"@graph\":[{\"@type\":\"Article\",\"@id\":\"https:\/\/www.oarcanjo.net\/site\/rastros-de-luz-dom-luciano-mendes-e-dom-helder-camara\/#article\",\"isPartOf\":{\"@id\":\"https:\/\/www.oarcanjo.net\/site\/rastros-de-luz-dom-luciano-mendes-e-dom-helder-camara\/\"},\"author\":{\"name\":\"editor\",\"@id\":\"https:\/\/www.oarcanjo.net\/site\/#\/schema\/person\/f7024d007863202483a31326673a0838\"},\"headline\":\"Rastros de luz: Dom Luciano Mendes e Dom Helder Camara\",\"datePublished\":\"2012-08-09T02:51:19+00:00\",\"dateModified\":\"2012-08-09T02:51:19+00:00\",\"mainEntityOfPage\":{\"@id\":\"https:\/\/www.oarcanjo.net\/site\/rastros-de-luz-dom-luciano-mendes-e-dom-helder-camara\/\"},\"wordCount\":574,\"commentCount\":0,\"publisher\":{\"@id\":\"https:\/\/www.oarcanjo.net\/site\/#organization\"},\"keywords\":[\"evangelho\",\"f\u00e9\",\"testemunho\"],\"articleSection\":[\"D. Helder C\u00e2mara\",\"D. Luciano Mendes de Almeida\",\"Testemunhos\"],\"inLanguage\":\"pt-BR\",\"potentialAction\":[{\"@type\":\"CommentAction\",\"name\":\"Comment\",\"target\":[\"https:\/\/www.oarcanjo.net\/site\/rastros-de-luz-dom-luciano-mendes-e-dom-helder-camara\/#respond\"]}]},{\"@type\":\"WebPage\",\"@id\":\"https:\/\/www.oarcanjo.net\/site\/rastros-de-luz-dom-luciano-mendes-e-dom-helder-camara\/\",\"url\":\"https:\/\/www.oarcanjo.net\/site\/rastros-de-luz-dom-luciano-mendes-e-dom-helder-camara\/\",\"name\":\"Rastros de luz: Dom Luciano Mendes e Dom Helder Camara - O Arcanjo no ar\",\"isPartOf\":{\"@id\":\"https:\/\/www.oarcanjo.net\/site\/#website\"},\"datePublished\":\"2012-08-09T02:51:19+00:00\",\"dateModified\":\"2012-08-09T02:51:19+00:00\",\"breadcrumb\":{\"@id\":\"https:\/\/www.oarcanjo.net\/site\/rastros-de-luz-dom-luciano-mendes-e-dom-helder-camara\/#breadcrumb\"},\"inLanguage\":\"pt-BR\",\"potentialAction\":[{\"@type\":\"ReadAction\",\"target\":[\"https:\/\/www.oarcanjo.net\/site\/rastros-de-luz-dom-luciano-mendes-e-dom-helder-camara\/\"]}]},{\"@type\":\"BreadcrumbList\",\"@id\":\"https:\/\/www.oarcanjo.net\/site\/rastros-de-luz-dom-luciano-mendes-e-dom-helder-camara\/#breadcrumb\",\"itemListElement\":[{\"@type\":\"ListItem\",\"position\":1,\"name\":\"In\u00edcio\",\"item\":\"https:\/\/www.oarcanjo.net\/site\/\"},{\"@type\":\"ListItem\",\"position\":2,\"name\":\"Rastros de luz: Dom Luciano Mendes e Dom Helder Camara\"}]},{\"@type\":\"WebSite\",\"@id\":\"https:\/\/www.oarcanjo.net\/site\/#website\",\"url\":\"https:\/\/www.oarcanjo.net\/site\/\",\"name\":\"O Arcanjo no ar\",\"description\":\"Site da Par\u00f3quia S\u00e3o Miguel Arcanjo (Arquidiocese de SP)\",\"publisher\":{\"@id\":\"https:\/\/www.oarcanjo.net\/site\/#organization\"},\"potentialAction\":[{\"@type\":\"SearchAction\",\"target\":{\"@type\":\"EntryPoint\",\"urlTemplate\":\"https:\/\/www.oarcanjo.net\/site\/?s={search_term_string}\"},\"query-input\":{\"@type\":\"PropertyValueSpecification\",\"valueRequired\":true,\"valueName\":\"search_term_string\"}}],\"inLanguage\":\"pt-BR\"},{\"@type\":\"Organization\",\"@id\":\"https:\/\/www.oarcanjo.net\/site\/#organization\",\"name\":\"Par\u00f3quia S\u00e3o Miguel Arcanjo\",\"url\":\"https:\/\/www.oarcanjo.net\/site\/\",\"logo\":{\"@type\":\"ImageObject\",\"inLanguage\":\"pt-BR\",\"@id\":\"https:\/\/www.oarcanjo.net\/site\/#\/schema\/logo\/image\/\",\"url\":\"https:\/\/www.oarcanjo.net\/site\/wp-content\/uploads\/LogoOArcanjo.png\",\"contentUrl\":\"https:\/\/www.oarcanjo.net\/site\/wp-content\/uploads\/LogoOArcanjo.png\",\"width\":319,\"height\":99,\"caption\":\"Par\u00f3quia S\u00e3o Miguel Arcanjo\"},\"image\":{\"@id\":\"https:\/\/www.oarcanjo.net\/site\/#\/schema\/logo\/image\/\"},\"sameAs\":[\"https:\/\/www.facebook.com\/OArcanjoNoAr\/\"]},{\"@type\":\"Person\",\"@id\":\"https:\/\/www.oarcanjo.net\/site\/#\/schema\/person\/f7024d007863202483a31326673a0838\",\"name\":\"editor\",\"sameAs\":[\"http:\/\/www.oarcanjo.net\"]}]}<\/script>\n<!-- \/ Yoast SEO plugin. -->","yoast_head_json":{"title":"Rastros de luz: Dom Luciano Mendes e Dom Helder Camara - O Arcanjo no ar","robots":{"index":"index","follow":"follow","max-snippet":"max-snippet:-1","max-image-preview":"max-image-preview:large","max-video-preview":"max-video-preview:-1"},"canonical":"https:\/\/www.oarcanjo.net\/site\/rastros-de-luz-dom-luciano-mendes-e-dom-helder-camara\/","og_locale":"pt_BR","og_type":"article","og_title":"Rastros de luz: Dom Luciano Mendes e Dom Helder Camara - O Arcanjo no ar","og_description":"Geraldo Trindade O arcebispo marianense, Dom Luciano Pedro Mendes de Almeida, \u00e9 lembrado pela sua grandeza espiritual. N\u00e3o foi apenas bispo, mas tamb\u00e9m companheiro, pastor, irm\u00e3o de todos; doce e am\u00e1vel no trato. Quem o conheceu teve dele uma acolhida marcante e \u00edmpar. Este pr\u00f3ximo 27 de agosto remonta \u00e0quele de 6 anos atr\u00e1s, quando [&hellip;]","og_url":"https:\/\/www.oarcanjo.net\/site\/rastros-de-luz-dom-luciano-mendes-e-dom-helder-camara\/","og_site_name":"O Arcanjo no ar","article_publisher":"https:\/\/www.facebook.com\/OArcanjoNoAr\/","article_published_time":"2012-08-09T02:51:19+00:00","og_image":[{"width":300,"height":300,"url":"https:\/\/www.oarcanjo.net\/site\/wp-content\/uploads\/logo-o-arcanjo-no-ar-facebook.png","type":"image\/png"}],"author":"editor","twitter_card":"summary_large_image","twitter_misc":{"Escrito por":"editor","Est. tempo de leitura":"3 minutos"},"schema":{"@context":"https:\/\/schema.org","@graph":[{"@type":"Article","@id":"https:\/\/www.oarcanjo.net\/site\/rastros-de-luz-dom-luciano-mendes-e-dom-helder-camara\/#article","isPartOf":{"@id":"https:\/\/www.oarcanjo.net\/site\/rastros-de-luz-dom-luciano-mendes-e-dom-helder-camara\/"},"author":{"name":"editor","@id":"https:\/\/www.oarcanjo.net\/site\/#\/schema\/person\/f7024d007863202483a31326673a0838"},"headline":"Rastros de luz: Dom Luciano Mendes e Dom Helder Camara","datePublished":"2012-08-09T02:51:19+00:00","dateModified":"2012-08-09T02:51:19+00:00","mainEntityOfPage":{"@id":"https:\/\/www.oarcanjo.net\/site\/rastros-de-luz-dom-luciano-mendes-e-dom-helder-camara\/"},"wordCount":574,"commentCount":0,"publisher":{"@id":"https:\/\/www.oarcanjo.net\/site\/#organization"},"keywords":["evangelho","f\u00e9","testemunho"],"articleSection":["D. Helder C\u00e2mara","D. Luciano Mendes de Almeida","Testemunhos"],"inLanguage":"pt-BR","potentialAction":[{"@type":"CommentAction","name":"Comment","target":["https:\/\/www.oarcanjo.net\/site\/rastros-de-luz-dom-luciano-mendes-e-dom-helder-camara\/#respond"]}]},{"@type":"WebPage","@id":"https:\/\/www.oarcanjo.net\/site\/rastros-de-luz-dom-luciano-mendes-e-dom-helder-camara\/","url":"https:\/\/www.oarcanjo.net\/site\/rastros-de-luz-dom-luciano-mendes-e-dom-helder-camara\/","name":"Rastros de luz: Dom Luciano Mendes e Dom Helder Camara - O Arcanjo no ar","isPartOf":{"@id":"https:\/\/www.oarcanjo.net\/site\/#website"},"datePublished":"2012-08-09T02:51:19+00:00","dateModified":"2012-08-09T02:51:19+00:00","breadcrumb":{"@id":"https:\/\/www.oarcanjo.net\/site\/rastros-de-luz-dom-luciano-mendes-e-dom-helder-camara\/#breadcrumb"},"inLanguage":"pt-BR","potentialAction":[{"@type":"ReadAction","target":["https:\/\/www.oarcanjo.net\/site\/rastros-de-luz-dom-luciano-mendes-e-dom-helder-camara\/"]}]},{"@type":"BreadcrumbList","@id":"https:\/\/www.oarcanjo.net\/site\/rastros-de-luz-dom-luciano-mendes-e-dom-helder-camara\/#breadcrumb","itemListElement":[{"@type":"ListItem","position":1,"name":"In\u00edcio","item":"https:\/\/www.oarcanjo.net\/site\/"},{"@type":"ListItem","position":2,"name":"Rastros de luz: Dom Luciano Mendes e Dom Helder Camara"}]},{"@type":"WebSite","@id":"https:\/\/www.oarcanjo.net\/site\/#website","url":"https:\/\/www.oarcanjo.net\/site\/","name":"O Arcanjo no ar","description":"Site da Par\u00f3quia S\u00e3o Miguel Arcanjo (Arquidiocese de SP)","publisher":{"@id":"https:\/\/www.oarcanjo.net\/site\/#organization"},"potentialAction":[{"@type":"SearchAction","target":{"@type":"EntryPoint","urlTemplate":"https:\/\/www.oarcanjo.net\/site\/?s={search_term_string}"},"query-input":{"@type":"PropertyValueSpecification","valueRequired":true,"valueName":"search_term_string"}}],"inLanguage":"pt-BR"},{"@type":"Organization","@id":"https:\/\/www.oarcanjo.net\/site\/#organization","name":"Par\u00f3quia S\u00e3o Miguel Arcanjo","url":"https:\/\/www.oarcanjo.net\/site\/","logo":{"@type":"ImageObject","inLanguage":"pt-BR","@id":"https:\/\/www.oarcanjo.net\/site\/#\/schema\/logo\/image\/","url":"https:\/\/www.oarcanjo.net\/site\/wp-content\/uploads\/LogoOArcanjo.png","contentUrl":"https:\/\/www.oarcanjo.net\/site\/wp-content\/uploads\/LogoOArcanjo.png","width":319,"height":99,"caption":"Par\u00f3quia S\u00e3o Miguel Arcanjo"},"image":{"@id":"https:\/\/www.oarcanjo.net\/site\/#\/schema\/logo\/image\/"},"sameAs":["https:\/\/www.facebook.com\/OArcanjoNoAr\/"]},{"@type":"Person","@id":"https:\/\/www.oarcanjo.net\/site\/#\/schema\/person\/f7024d007863202483a31326673a0838","name":"editor","sameAs":["http:\/\/www.oarcanjo.net"]}]}},"publishpress_future_action":{"enabled":false,"date":"2026-05-08 10:25:05","action":"category","newStatus":"draft","terms":[],"taxonomy":"category"},"publishpress_future_workflow_manual_trigger":{"enabledWorkflows":[]},"_links":{"self":[{"href":"https:\/\/www.oarcanjo.net\/site\/wp-json\/wp\/v2\/posts\/18961"}],"collection":[{"href":"https:\/\/www.oarcanjo.net\/site\/wp-json\/wp\/v2\/posts"}],"about":[{"href":"https:\/\/www.oarcanjo.net\/site\/wp-json\/wp\/v2\/types\/post"}],"author":[{"embeddable":true,"href":"https:\/\/www.oarcanjo.net\/site\/wp-json\/wp\/v2\/users\/5"}],"replies":[{"embeddable":true,"href":"https:\/\/www.oarcanjo.net\/site\/wp-json\/wp\/v2\/comments?post=18961"}],"version-history":[{"count":0,"href":"https:\/\/www.oarcanjo.net\/site\/wp-json\/wp\/v2\/posts\/18961\/revisions"}],"wp:attachment":[{"href":"https:\/\/www.oarcanjo.net\/site\/wp-json\/wp\/v2\/media?parent=18961"}],"wp:term":[{"taxonomy":"category","embeddable":true,"href":"https:\/\/www.oarcanjo.net\/site\/wp-json\/wp\/v2\/categories?post=18961"},{"taxonomy":"post_tag","embeddable":true,"href":"https:\/\/www.oarcanjo.net\/site\/wp-json\/wp\/v2\/tags?post=18961"}],"curies":[{"name":"wp","href":"https:\/\/api.w.org\/{rel}","templated":true}]}}