
{"id":1903,"date":"2009-02-17T23:39:29","date_gmt":"2009-02-18T02:39:29","guid":{"rendered":"http:\/\/www.oarcanjo.net\/site\/?p=1903"},"modified":"2009-02-17T23:39:29","modified_gmt":"2009-02-18T02:39:29","slug":"dom-helder-centenario-perigoso","status":"publish","type":"post","link":"https:\/\/www.oarcanjo.net\/site\/dom-helder-centenario-perigoso\/","title":{"rendered":"Dom Helder: centen\u00e1rio perigoso"},"content":{"rendered":"<p>Marcelo Barros *<\/p>\n<p>No Brasil e no mundo todo, grupos crist\u00e3os e ligados \u00e0 luta pelos direitos humanos dedicam este m\u00eas de fevereiro \u00e0s justas comemora\u00e7\u00f5es do centen\u00e1rio do nascimento de Dom Helder Camara. Como todos sabem, foi arcebispo do Recife durante 20 anos, foi o primeiro bispo que engajou a Igreja Cat\u00f3lica e outras Igrejas na luta pac\u00edfica pela justi\u00e7a, fundou a CNBB e morreu aos 90 anos em 1999. At\u00e9 poucos dias antes, repetia: &#8220;Quero dedicar-me at\u00e9 o \u00faltimo suspiro \u00e0 justi\u00e7a e liberta\u00e7\u00e3o dos oprimidos&#8221;.<\/p>\n<p>No ano 2000, uma revista internacional fez uma pesquisa e ele foi escolhido, na sua \u00e1rea, como o brasileiro mais famoso e influente do s\u00e9culo XX.<\/p>\n<p>Como \u00e9 impressionante e bom que, depois de tantos anos, a mem\u00f3ria do Dom e o carinho do povo continuem t\u00e3o fortes e atuais. Mas, confesso um pressentimento que n\u00e3o posso provar. Nas poucas comemora\u00e7\u00f5es que tive oportunidade de participar do seu centen\u00e1rio, fiquei me perguntando se certas homenagens e discursos n\u00e3o expressavam o tom de uma louva\u00e7\u00e3o a algu\u00e9m bem morto e enterrado, que aquelas cerim\u00f4nias fechavam com chave de ouro em um mausol\u00e9u precioso.<\/p>\n<p>Na Nicar\u00e1gua, antes da vit\u00f3ria da revolu\u00e7\u00e3o sandinista, os presos pol\u00edticos, encerrados em um por\u00e3o da ditadura, receberam uma not\u00edcia. Um guarda entrou, todo orgulhoso do seu feito e gritou: &#8220;Acabamos de matar o comandante Carlos Fonseca!&#8221;. Thomas Borge, um dos prisioneiros, respondeu na hora, sem hesitar: &#8220;Carlos Fonseca \u00e9 dos homens que nunca morrem!&#8221;. <\/p>\n<p>Celebrar o centen\u00e1rio do nascimento de Dom Helder precisa ter este conte\u00fado de testemunhar que o seu ideal e sua profecia n\u00e3o morreram. Que adiantam missas solenes e clericais, assim como comemora\u00e7\u00f5es civis belas e tocantes, se olhamos em volta e parece que tudo acabou e nada mais resta do fogo do esp\u00edrito que animou Dom Helder e garantiria a sua continuidade. A sua mem\u00f3ria n\u00e3o pode ser apenas uma recorda\u00e7\u00e3o da vida, da obra, da genialidade e das lutas, como de um her\u00f3i do passado.<\/p>\n<p>\u00c9 preciso encontrar modos de refazer, hoje, em express\u00e3o atual e sem cair em nostalgia reacion\u00e1ria, o pacto de simplicidade e pobreza que, desde o Conc\u00edlio Vaticano II, norteou e orientou a vida do Dom. Principalmente, neste contexto de mundo no qual a sobriedade e a luta contra o consumismo s\u00e3o elementos fundamentais em um caminho ecol\u00f3gico urgente para salvar o mundo do caos.<\/p>\n<p>Quem assume a sua heran\u00e7a precisa encontrar formas de se constitu\u00edrem novamente como &#8220;minoras abr\u00e2amicas&#8221;, grupos de espiritualidade e resist\u00eancia cultural que, nesta realidade eclesial que sofremos, testemunhem que Igreja \u00e9 comunidade local e que a eclesialidade \u00e9 prerrogativa de todos os batizados. Somos plenamente Igreja e marcados pela liberdade da profecia. Assumamos, cada um de n\u00f3s, herdeiros da profecia de Dom Helder, o compromisso que ele prop\u00f4s aos bispos em Medell\u00edn (1968): &#8220;Que se apresente cada vez mais n\u00edtido, na Am\u00e9rica Latina, o rosto de uma Igreja autenticamente pobre, mission\u00e1ria e pascal, desligada de todo o poder temporal e corajosamente comprometida na liberta\u00e7\u00e3o do ser humano como um todo e de toda a humanidade&#8221; (Medell\u00edn. 5, 15 a) <\/p>\n<p>Temos de dar o testemunho de pessoas que, como Dom Helder, quanto mais velhas ficam, mais abertas e livres. Se ele estivesse conosco, celebrando os seus cem anos, tentaria dar uns passos de frevo com um bloco que veio homenage\u00e1-lo e lan\u00e7aria uma nova campanha &#8220;Por um respeito sagrado \u00e0 Terra e \u00e0s \u00c1guas&#8221;. <\/p>\n<p>\u00c9 claro: por baixo disso tudo e como fogo original, h\u00e1 a f\u00e9 e a m\u00edstica viva de um homem normal, cheio de pequenos defeitos, que, entretanto, mesmo nas limita\u00e7\u00f5es, era o exemplo vivo do que S\u00e3o Paulo escreveu: &#8220;Deus fez reluzir o conhecimento da gl\u00f3ria de Deus, que resplandece na face do Cristo. Todavia, este tesouro, n\u00f3s o levamos em vasos de barro, para que todos reconhe\u00e7am que este incompar\u00e1vel poder pertence a Deus e n\u00e3o \u00e9 propriedade nossa&#8221; (2 Cor\u00edntios 4, 9- 10).  <\/p>\n<p>* Monge beneditino e escritor<\/p>\n<div id=\"themify_builder_content-1903\" data-postid=\"1903\" class=\"themify_builder_content themify_builder_content-1903 themify_builder themify_builder_front\">\n\t<\/div>\n<!-- \/themify_builder_content -->","protected":false},"excerpt":{"rendered":"<p>Marcelo Barros * No Brasil e no mundo todo, grupos crist\u00e3os e ligados \u00e0 luta pelos direitos humanos dedicam este m\u00eas de fevereiro \u00e0s justas comemora\u00e7\u00f5es do centen\u00e1rio do nascimento de Dom Helder Camara. Como todos sabem, foi arcebispo do Recife durante 20 anos, foi o primeiro bispo que engajou a Igreja Cat\u00f3lica e outras [&hellip;]<\/p>\n","protected":false},"author":5,"featured_media":0,"comment_status":"open","ping_status":"open","sticky":false,"template":"","format":"standard","meta":{"ngg_post_thumbnail":0,"footnotes":""},"categories":[192],"tags":[210,75,147],"yoast_head":"<!-- This site is optimized with the Yoast SEO plugin v23.5 - https:\/\/yoast.com\/wordpress\/plugins\/seo\/ -->\n<title>Dom Helder: centen\u00e1rio perigoso - O Arcanjo no ar<\/title>\n<meta name=\"robots\" content=\"index, follow, max-snippet:-1, max-image-preview:large, max-video-preview:-1\" \/>\n<link rel=\"canonical\" href=\"https:\/\/www.oarcanjo.net\/site\/dom-helder-centenario-perigoso\/\" \/>\n<meta property=\"og:locale\" content=\"pt_BR\" \/>\n<meta property=\"og:type\" content=\"article\" \/>\n<meta property=\"og:title\" content=\"Dom Helder: centen\u00e1rio perigoso - O Arcanjo no ar\" \/>\n<meta property=\"og:description\" content=\"Marcelo Barros * No Brasil e no mundo todo, grupos crist\u00e3os e ligados \u00e0 luta pelos direitos humanos dedicam este m\u00eas de fevereiro \u00e0s justas comemora\u00e7\u00f5es do centen\u00e1rio do nascimento de Dom Helder Camara. Como todos sabem, foi arcebispo do Recife durante 20 anos, foi o primeiro bispo que engajou a Igreja Cat\u00f3lica e outras [&hellip;]\" \/>\n<meta property=\"og:url\" content=\"https:\/\/www.oarcanjo.net\/site\/dom-helder-centenario-perigoso\/\" \/>\n<meta property=\"og:site_name\" content=\"O Arcanjo no ar\" \/>\n<meta property=\"article:publisher\" content=\"https:\/\/www.facebook.com\/OArcanjoNoAr\/\" \/>\n<meta property=\"article:published_time\" content=\"2009-02-18T02:39:29+00:00\" \/>\n<meta property=\"og:image\" content=\"https:\/\/www.oarcanjo.net\/site\/wp-content\/uploads\/logo-o-arcanjo-no-ar-facebook.png\" \/>\n\t<meta property=\"og:image:width\" content=\"300\" \/>\n\t<meta property=\"og:image:height\" content=\"300\" \/>\n\t<meta property=\"og:image:type\" content=\"image\/png\" \/>\n<meta name=\"author\" content=\"editor\" \/>\n<meta name=\"twitter:card\" content=\"summary_large_image\" \/>\n<meta name=\"twitter:label1\" content=\"Escrito por\" \/>\n\t<meta name=\"twitter:data1\" content=\"editor\" \/>\n\t<meta name=\"twitter:label2\" content=\"Est. tempo de leitura\" \/>\n\t<meta name=\"twitter:data2\" content=\"3 minutos\" \/>\n<script type=\"application\/ld+json\" class=\"yoast-schema-graph\">{\"@context\":\"https:\/\/schema.org\",\"@graph\":[{\"@type\":\"Article\",\"@id\":\"https:\/\/www.oarcanjo.net\/site\/dom-helder-centenario-perigoso\/#article\",\"isPartOf\":{\"@id\":\"https:\/\/www.oarcanjo.net\/site\/dom-helder-centenario-perigoso\/\"},\"author\":{\"name\":\"editor\",\"@id\":\"https:\/\/www.oarcanjo.net\/site\/#\/schema\/person\/f7024d007863202483a31326673a0838\"},\"headline\":\"Dom Helder: centen\u00e1rio perigoso\",\"datePublished\":\"2009-02-18T02:39:29+00:00\",\"dateModified\":\"2009-02-18T02:39:29+00:00\",\"mainEntityOfPage\":{\"@id\":\"https:\/\/www.oarcanjo.net\/site\/dom-helder-centenario-perigoso\/\"},\"wordCount\":704,\"commentCount\":0,\"publisher\":{\"@id\":\"https:\/\/www.oarcanjo.net\/site\/#organization\"},\"keywords\":[\"Dom Helder Camara\",\"Justi\u00e7a social\",\"Mem\u00f3ria\"],\"articleSection\":[\"D. Helder C\u00e2mara\"],\"inLanguage\":\"pt-BR\",\"potentialAction\":[{\"@type\":\"CommentAction\",\"name\":\"Comment\",\"target\":[\"https:\/\/www.oarcanjo.net\/site\/dom-helder-centenario-perigoso\/#respond\"]}]},{\"@type\":\"WebPage\",\"@id\":\"https:\/\/www.oarcanjo.net\/site\/dom-helder-centenario-perigoso\/\",\"url\":\"https:\/\/www.oarcanjo.net\/site\/dom-helder-centenario-perigoso\/\",\"name\":\"Dom Helder: centen\u00e1rio perigoso - O Arcanjo no ar\",\"isPartOf\":{\"@id\":\"https:\/\/www.oarcanjo.net\/site\/#website\"},\"datePublished\":\"2009-02-18T02:39:29+00:00\",\"dateModified\":\"2009-02-18T02:39:29+00:00\",\"breadcrumb\":{\"@id\":\"https:\/\/www.oarcanjo.net\/site\/dom-helder-centenario-perigoso\/#breadcrumb\"},\"inLanguage\":\"pt-BR\",\"potentialAction\":[{\"@type\":\"ReadAction\",\"target\":[\"https:\/\/www.oarcanjo.net\/site\/dom-helder-centenario-perigoso\/\"]}]},{\"@type\":\"BreadcrumbList\",\"@id\":\"https:\/\/www.oarcanjo.net\/site\/dom-helder-centenario-perigoso\/#breadcrumb\",\"itemListElement\":[{\"@type\":\"ListItem\",\"position\":1,\"name\":\"In\u00edcio\",\"item\":\"https:\/\/www.oarcanjo.net\/site\/\"},{\"@type\":\"ListItem\",\"position\":2,\"name\":\"Dom Helder: centen\u00e1rio perigoso\"}]},{\"@type\":\"WebSite\",\"@id\":\"https:\/\/www.oarcanjo.net\/site\/#website\",\"url\":\"https:\/\/www.oarcanjo.net\/site\/\",\"name\":\"O Arcanjo no ar\",\"description\":\"Site da Par\u00f3quia S\u00e3o Miguel Arcanjo (Arquidiocese de SP)\",\"publisher\":{\"@id\":\"https:\/\/www.oarcanjo.net\/site\/#organization\"},\"potentialAction\":[{\"@type\":\"SearchAction\",\"target\":{\"@type\":\"EntryPoint\",\"urlTemplate\":\"https:\/\/www.oarcanjo.net\/site\/?s={search_term_string}\"},\"query-input\":{\"@type\":\"PropertyValueSpecification\",\"valueRequired\":true,\"valueName\":\"search_term_string\"}}],\"inLanguage\":\"pt-BR\"},{\"@type\":\"Organization\",\"@id\":\"https:\/\/www.oarcanjo.net\/site\/#organization\",\"name\":\"Par\u00f3quia S\u00e3o Miguel Arcanjo\",\"url\":\"https:\/\/www.oarcanjo.net\/site\/\",\"logo\":{\"@type\":\"ImageObject\",\"inLanguage\":\"pt-BR\",\"@id\":\"https:\/\/www.oarcanjo.net\/site\/#\/schema\/logo\/image\/\",\"url\":\"https:\/\/www.oarcanjo.net\/site\/wp-content\/uploads\/LogoOArcanjo.png\",\"contentUrl\":\"https:\/\/www.oarcanjo.net\/site\/wp-content\/uploads\/LogoOArcanjo.png\",\"width\":319,\"height\":99,\"caption\":\"Par\u00f3quia S\u00e3o Miguel Arcanjo\"},\"image\":{\"@id\":\"https:\/\/www.oarcanjo.net\/site\/#\/schema\/logo\/image\/\"},\"sameAs\":[\"https:\/\/www.facebook.com\/OArcanjoNoAr\/\"]},{\"@type\":\"Person\",\"@id\":\"https:\/\/www.oarcanjo.net\/site\/#\/schema\/person\/f7024d007863202483a31326673a0838\",\"name\":\"editor\",\"sameAs\":[\"http:\/\/www.oarcanjo.net\"]}]}<\/script>\n<!-- \/ Yoast SEO plugin. -->","yoast_head_json":{"title":"Dom Helder: centen\u00e1rio perigoso - O Arcanjo no ar","robots":{"index":"index","follow":"follow","max-snippet":"max-snippet:-1","max-image-preview":"max-image-preview:large","max-video-preview":"max-video-preview:-1"},"canonical":"https:\/\/www.oarcanjo.net\/site\/dom-helder-centenario-perigoso\/","og_locale":"pt_BR","og_type":"article","og_title":"Dom Helder: centen\u00e1rio perigoso - O Arcanjo no ar","og_description":"Marcelo Barros * No Brasil e no mundo todo, grupos crist\u00e3os e ligados \u00e0 luta pelos direitos humanos dedicam este m\u00eas de fevereiro \u00e0s justas comemora\u00e7\u00f5es do centen\u00e1rio do nascimento de Dom Helder Camara. Como todos sabem, foi arcebispo do Recife durante 20 anos, foi o primeiro bispo que engajou a Igreja Cat\u00f3lica e outras [&hellip;]","og_url":"https:\/\/www.oarcanjo.net\/site\/dom-helder-centenario-perigoso\/","og_site_name":"O Arcanjo no ar","article_publisher":"https:\/\/www.facebook.com\/OArcanjoNoAr\/","article_published_time":"2009-02-18T02:39:29+00:00","og_image":[{"width":300,"height":300,"url":"https:\/\/www.oarcanjo.net\/site\/wp-content\/uploads\/logo-o-arcanjo-no-ar-facebook.png","type":"image\/png"}],"author":"editor","twitter_card":"summary_large_image","twitter_misc":{"Escrito por":"editor","Est. tempo de leitura":"3 minutos"},"schema":{"@context":"https:\/\/schema.org","@graph":[{"@type":"Article","@id":"https:\/\/www.oarcanjo.net\/site\/dom-helder-centenario-perigoso\/#article","isPartOf":{"@id":"https:\/\/www.oarcanjo.net\/site\/dom-helder-centenario-perigoso\/"},"author":{"name":"editor","@id":"https:\/\/www.oarcanjo.net\/site\/#\/schema\/person\/f7024d007863202483a31326673a0838"},"headline":"Dom Helder: centen\u00e1rio perigoso","datePublished":"2009-02-18T02:39:29+00:00","dateModified":"2009-02-18T02:39:29+00:00","mainEntityOfPage":{"@id":"https:\/\/www.oarcanjo.net\/site\/dom-helder-centenario-perigoso\/"},"wordCount":704,"commentCount":0,"publisher":{"@id":"https:\/\/www.oarcanjo.net\/site\/#organization"},"keywords":["Dom Helder Camara","Justi\u00e7a social","Mem\u00f3ria"],"articleSection":["D. Helder C\u00e2mara"],"inLanguage":"pt-BR","potentialAction":[{"@type":"CommentAction","name":"Comment","target":["https:\/\/www.oarcanjo.net\/site\/dom-helder-centenario-perigoso\/#respond"]}]},{"@type":"WebPage","@id":"https:\/\/www.oarcanjo.net\/site\/dom-helder-centenario-perigoso\/","url":"https:\/\/www.oarcanjo.net\/site\/dom-helder-centenario-perigoso\/","name":"Dom Helder: centen\u00e1rio perigoso - O Arcanjo no ar","isPartOf":{"@id":"https:\/\/www.oarcanjo.net\/site\/#website"},"datePublished":"2009-02-18T02:39:29+00:00","dateModified":"2009-02-18T02:39:29+00:00","breadcrumb":{"@id":"https:\/\/www.oarcanjo.net\/site\/dom-helder-centenario-perigoso\/#breadcrumb"},"inLanguage":"pt-BR","potentialAction":[{"@type":"ReadAction","target":["https:\/\/www.oarcanjo.net\/site\/dom-helder-centenario-perigoso\/"]}]},{"@type":"BreadcrumbList","@id":"https:\/\/www.oarcanjo.net\/site\/dom-helder-centenario-perigoso\/#breadcrumb","itemListElement":[{"@type":"ListItem","position":1,"name":"In\u00edcio","item":"https:\/\/www.oarcanjo.net\/site\/"},{"@type":"ListItem","position":2,"name":"Dom Helder: centen\u00e1rio perigoso"}]},{"@type":"WebSite","@id":"https:\/\/www.oarcanjo.net\/site\/#website","url":"https:\/\/www.oarcanjo.net\/site\/","name":"O Arcanjo no ar","description":"Site da Par\u00f3quia S\u00e3o Miguel Arcanjo (Arquidiocese de SP)","publisher":{"@id":"https:\/\/www.oarcanjo.net\/site\/#organization"},"potentialAction":[{"@type":"SearchAction","target":{"@type":"EntryPoint","urlTemplate":"https:\/\/www.oarcanjo.net\/site\/?s={search_term_string}"},"query-input":{"@type":"PropertyValueSpecification","valueRequired":true,"valueName":"search_term_string"}}],"inLanguage":"pt-BR"},{"@type":"Organization","@id":"https:\/\/www.oarcanjo.net\/site\/#organization","name":"Par\u00f3quia S\u00e3o Miguel Arcanjo","url":"https:\/\/www.oarcanjo.net\/site\/","logo":{"@type":"ImageObject","inLanguage":"pt-BR","@id":"https:\/\/www.oarcanjo.net\/site\/#\/schema\/logo\/image\/","url":"https:\/\/www.oarcanjo.net\/site\/wp-content\/uploads\/LogoOArcanjo.png","contentUrl":"https:\/\/www.oarcanjo.net\/site\/wp-content\/uploads\/LogoOArcanjo.png","width":319,"height":99,"caption":"Par\u00f3quia S\u00e3o Miguel Arcanjo"},"image":{"@id":"https:\/\/www.oarcanjo.net\/site\/#\/schema\/logo\/image\/"},"sameAs":["https:\/\/www.facebook.com\/OArcanjoNoAr\/"]},{"@type":"Person","@id":"https:\/\/www.oarcanjo.net\/site\/#\/schema\/person\/f7024d007863202483a31326673a0838","name":"editor","sameAs":["http:\/\/www.oarcanjo.net"]}]}},"publishpress_future_action":{"enabled":false,"date":"2026-05-07 11:36:49","action":"category","newStatus":"draft","terms":[],"taxonomy":"category"},"publishpress_future_workflow_manual_trigger":{"enabledWorkflows":[]},"_links":{"self":[{"href":"https:\/\/www.oarcanjo.net\/site\/wp-json\/wp\/v2\/posts\/1903"}],"collection":[{"href":"https:\/\/www.oarcanjo.net\/site\/wp-json\/wp\/v2\/posts"}],"about":[{"href":"https:\/\/www.oarcanjo.net\/site\/wp-json\/wp\/v2\/types\/post"}],"author":[{"embeddable":true,"href":"https:\/\/www.oarcanjo.net\/site\/wp-json\/wp\/v2\/users\/5"}],"replies":[{"embeddable":true,"href":"https:\/\/www.oarcanjo.net\/site\/wp-json\/wp\/v2\/comments?post=1903"}],"version-history":[{"count":0,"href":"https:\/\/www.oarcanjo.net\/site\/wp-json\/wp\/v2\/posts\/1903\/revisions"}],"wp:attachment":[{"href":"https:\/\/www.oarcanjo.net\/site\/wp-json\/wp\/v2\/media?parent=1903"}],"wp:term":[{"taxonomy":"category","embeddable":true,"href":"https:\/\/www.oarcanjo.net\/site\/wp-json\/wp\/v2\/categories?post=1903"},{"taxonomy":"post_tag","embeddable":true,"href":"https:\/\/www.oarcanjo.net\/site\/wp-json\/wp\/v2\/tags?post=1903"}],"curies":[{"name":"wp","href":"https:\/\/api.w.org\/{rel}","templated":true}]}}