
{"id":1905,"date":"2009-02-18T20:38:55","date_gmt":"2009-02-18T23:38:55","guid":{"rendered":"http:\/\/www.oarcanjo.net\/site\/?p=1905"},"modified":"2009-02-18T20:38:55","modified_gmt":"2009-02-18T23:38:55","slug":"dom-helder-homem-dos-grandes-sonhos","status":"publish","type":"post","link":"https:\/\/www.oarcanjo.net\/site\/dom-helder-homem-dos-grandes-sonhos\/","title":{"rendered":"Dom Helder: homem dos grandes sonhos"},"content":{"rendered":"<p>Pe Geovane Saraiva<\/p>\n<p>Sonhar com uma civiliza\u00e7\u00e3o ideal, com um povo organizado, vivendo em boas condi\u00e7\u00f5es, com equil\u00edbrio, justi\u00e7a e paz, em um lugar e em um mundo poss\u00edvel, n\u00e3o s\u00f3 no futuro, mas j\u00e1 no presente, no tempo real, esta foi, durante toda vida, a luta do peregrino da paz, Dom Helder C\u00e2mara.<\/p>\n<p>Ele n\u00e3o s\u00f3 pensou e imaginou, mas teve clareza e persist\u00eancia e, com suas id\u00e9ias fixas, aspirou por um mundo segundo a vontade Deus, de tal modo que os seus sonhos e suas utopias transformaram-se em realidade. Essa afirma\u00e7\u00e3o nos faz pensar nos suas obras e realiza\u00e7\u00f5es em favor da humanidade. \u00c9 s\u00f3 olhar para seus escritos, poemas e pensamentos. Sua fidelidade a Deus e ao povo o fez manter-se acordado, olhando para dentro de si e, ao mesmo tempo, externando-a atrav\u00e9s dos sonhos e utopias.<\/p>\n<p>Como Abra\u00e3o, acreditou, sem jamais perder a esperan\u00e7a. Da\u00ed as marcas profundas deixadas por este homem de Deus. Ap\u00f3s o seu centen\u00e1rio, percebemos, com todas as evid\u00eancias, tudo o que ele representou para o Brasil e para o mundo, como s\u00edmbolo, como patrim\u00f4nio e, sobretudo, como referencial. Por isso, mesmo que algu\u00e9m ou grupo tentem ofuscar ou neutralizar, n\u00e3o ir\u00e3o destru\u00ed-lo nunca. A hist\u00f3ria o tem e o ter\u00e1 sempre como imortal.<\/p>\n<p>Dom Helder, pastor da paz e da ternura, sentia-se honrado quando seus inimigos o acusavam de ut\u00f3pico, porque se aproximava do \u201ccavaleiro andante\u201d. Dom Helder dizia-lhes: \u201cComparar-me a Dom Quixote, est\u00e1 longe de ser uma nota depreciativa\u201d e acrescentava: \u201cAi do mundo se n\u00e3o fosse a utopia, ai do mundo se n\u00e3o fossem os sonhadores\u201d. <\/p>\n<p>Hoje, diante do avan\u00e7o que experimentamos no mundo inteiro, nem sempre positivo, deve-se aos sonhadores. Dom Dem\u00e9trio Valentini, bispo de Jales \u2013 SP, afirmou: \u201cDom Helder foi indiscutivelmente um grande poeta e um sonhador das grandes utopias humanas e crist\u00e3s\u201d (Adital, 04.02.2009). Os sonhadores e os ut\u00f3picos, a exemplo de Dom Helder, mudaram e continuar\u00e3o a mudar a hist\u00f3ria da humanidade, porque aventura e fasc\u00ednio maior n\u00e3o \u00e9 s\u00f3 sonhar, mas, sobretudo, ver os sonhos transformados em realidade.<\/p>\n<p>Poeta e um sonhador, ele o foi. Eu, por\u00e9m, digo que ele foi muito mais: Foi um santo, porque forte e corajoso, ao mesmo tempo em que se igualou ao menor dos menores. Guardemos esse seu pensamento: \u201cQuem aceita o imposs\u00edvel como uma realidade e acolhe o mist\u00e9rio como bebe \u00e1gua? Sem d\u00favida, as crian\u00e7as, os embriagados, os loucos, os poetas e os santos\u201d. <\/p>\n<p>Urge n\u00e3o ter medo da utopia, como aquele lugar que parece n\u00e3o existir, como um mundo poss\u00edvel e harm\u00f4nico, j\u00e1 aqui e agora. Dom Helder, homem dos grandes sonhos e das realidades \u00faltimas, gostava de repetir: \u201cQuando se sonha sozinho, \u00e9 apenas um sonho, mas quando se sonha em mutir\u00e3o, j\u00e1 \u00e9 uma realidade\u201d.<\/p>\n<div id=\"themify_builder_content-1905\" data-postid=\"1905\" class=\"themify_builder_content themify_builder_content-1905 themify_builder themify_builder_front\">\n\t<\/div>\n<!-- \/themify_builder_content -->","protected":false},"excerpt":{"rendered":"<p>Pe Geovane Saraiva Sonhar com uma civiliza\u00e7\u00e3o ideal, com um povo organizado, vivendo em boas condi\u00e7\u00f5es, com equil\u00edbrio, justi\u00e7a e paz, em um lugar e em um mundo poss\u00edvel, n\u00e3o s\u00f3 no futuro, mas j\u00e1 no presente, no tempo real, esta foi, durante toda vida, a luta do peregrino da paz, Dom Helder C\u00e2mara. Ele [&hellip;]<\/p>\n","protected":false},"author":5,"featured_media":0,"comment_status":"open","ping_status":"open","sticky":false,"template":"","format":"standard","meta":{"ngg_post_thumbnail":0,"footnotes":""},"categories":[192],"tags":[210],"yoast_head":"<!-- This site is optimized with the Yoast SEO plugin v23.5 - https:\/\/yoast.com\/wordpress\/plugins\/seo\/ -->\n<title>Dom Helder: homem dos grandes sonhos - O Arcanjo no ar<\/title>\n<meta name=\"robots\" content=\"index, follow, max-snippet:-1, max-image-preview:large, max-video-preview:-1\" \/>\n<link rel=\"canonical\" href=\"https:\/\/www.oarcanjo.net\/site\/dom-helder-homem-dos-grandes-sonhos\/\" \/>\n<meta property=\"og:locale\" content=\"pt_BR\" \/>\n<meta property=\"og:type\" content=\"article\" \/>\n<meta property=\"og:title\" content=\"Dom Helder: homem dos grandes sonhos - O Arcanjo no ar\" \/>\n<meta property=\"og:description\" content=\"Pe Geovane Saraiva Sonhar com uma civiliza\u00e7\u00e3o ideal, com um povo organizado, vivendo em boas condi\u00e7\u00f5es, com equil\u00edbrio, justi\u00e7a e paz, em um lugar e em um mundo poss\u00edvel, n\u00e3o s\u00f3 no futuro, mas j\u00e1 no presente, no tempo real, esta foi, durante toda vida, a luta do peregrino da paz, Dom Helder C\u00e2mara. Ele [&hellip;]\" \/>\n<meta property=\"og:url\" content=\"https:\/\/www.oarcanjo.net\/site\/dom-helder-homem-dos-grandes-sonhos\/\" \/>\n<meta property=\"og:site_name\" content=\"O Arcanjo no ar\" \/>\n<meta property=\"article:publisher\" content=\"https:\/\/www.facebook.com\/OArcanjoNoAr\/\" \/>\n<meta property=\"article:published_time\" content=\"2009-02-18T23:38:55+00:00\" \/>\n<meta property=\"og:image\" content=\"https:\/\/www.oarcanjo.net\/site\/wp-content\/uploads\/logo-o-arcanjo-no-ar-facebook.png\" \/>\n\t<meta property=\"og:image:width\" content=\"300\" \/>\n\t<meta property=\"og:image:height\" content=\"300\" \/>\n\t<meta property=\"og:image:type\" content=\"image\/png\" \/>\n<meta name=\"author\" content=\"editor\" \/>\n<meta name=\"twitter:card\" content=\"summary_large_image\" \/>\n<meta name=\"twitter:label1\" content=\"Escrito por\" \/>\n\t<meta name=\"twitter:data1\" content=\"editor\" \/>\n\t<meta name=\"twitter:label2\" content=\"Est. tempo de leitura\" \/>\n\t<meta name=\"twitter:data2\" content=\"3 minutos\" \/>\n<script type=\"application\/ld+json\" class=\"yoast-schema-graph\">{\"@context\":\"https:\/\/schema.org\",\"@graph\":[{\"@type\":\"Article\",\"@id\":\"https:\/\/www.oarcanjo.net\/site\/dom-helder-homem-dos-grandes-sonhos\/#article\",\"isPartOf\":{\"@id\":\"https:\/\/www.oarcanjo.net\/site\/dom-helder-homem-dos-grandes-sonhos\/\"},\"author\":{\"name\":\"editor\",\"@id\":\"https:\/\/www.oarcanjo.net\/site\/#\/schema\/person\/f7024d007863202483a31326673a0838\"},\"headline\":\"Dom Helder: homem dos grandes sonhos\",\"datePublished\":\"2009-02-18T23:38:55+00:00\",\"dateModified\":\"2009-02-18T23:38:55+00:00\",\"mainEntityOfPage\":{\"@id\":\"https:\/\/www.oarcanjo.net\/site\/dom-helder-homem-dos-grandes-sonhos\/\"},\"wordCount\":509,\"commentCount\":1,\"publisher\":{\"@id\":\"https:\/\/www.oarcanjo.net\/site\/#organization\"},\"keywords\":[\"Dom Helder Camara\"],\"articleSection\":[\"D. Helder C\u00e2mara\"],\"inLanguage\":\"pt-BR\",\"potentialAction\":[{\"@type\":\"CommentAction\",\"name\":\"Comment\",\"target\":[\"https:\/\/www.oarcanjo.net\/site\/dom-helder-homem-dos-grandes-sonhos\/#respond\"]}]},{\"@type\":\"WebPage\",\"@id\":\"https:\/\/www.oarcanjo.net\/site\/dom-helder-homem-dos-grandes-sonhos\/\",\"url\":\"https:\/\/www.oarcanjo.net\/site\/dom-helder-homem-dos-grandes-sonhos\/\",\"name\":\"Dom Helder: homem dos grandes sonhos - O Arcanjo no ar\",\"isPartOf\":{\"@id\":\"https:\/\/www.oarcanjo.net\/site\/#website\"},\"datePublished\":\"2009-02-18T23:38:55+00:00\",\"dateModified\":\"2009-02-18T23:38:55+00:00\",\"breadcrumb\":{\"@id\":\"https:\/\/www.oarcanjo.net\/site\/dom-helder-homem-dos-grandes-sonhos\/#breadcrumb\"},\"inLanguage\":\"pt-BR\",\"potentialAction\":[{\"@type\":\"ReadAction\",\"target\":[\"https:\/\/www.oarcanjo.net\/site\/dom-helder-homem-dos-grandes-sonhos\/\"]}]},{\"@type\":\"BreadcrumbList\",\"@id\":\"https:\/\/www.oarcanjo.net\/site\/dom-helder-homem-dos-grandes-sonhos\/#breadcrumb\",\"itemListElement\":[{\"@type\":\"ListItem\",\"position\":1,\"name\":\"In\u00edcio\",\"item\":\"https:\/\/www.oarcanjo.net\/site\/\"},{\"@type\":\"ListItem\",\"position\":2,\"name\":\"Dom Helder: homem dos grandes sonhos\"}]},{\"@type\":\"WebSite\",\"@id\":\"https:\/\/www.oarcanjo.net\/site\/#website\",\"url\":\"https:\/\/www.oarcanjo.net\/site\/\",\"name\":\"O Arcanjo no ar\",\"description\":\"Site da Par\u00f3quia S\u00e3o Miguel Arcanjo (Arquidiocese de SP)\",\"publisher\":{\"@id\":\"https:\/\/www.oarcanjo.net\/site\/#organization\"},\"potentialAction\":[{\"@type\":\"SearchAction\",\"target\":{\"@type\":\"EntryPoint\",\"urlTemplate\":\"https:\/\/www.oarcanjo.net\/site\/?s={search_term_string}\"},\"query-input\":{\"@type\":\"PropertyValueSpecification\",\"valueRequired\":true,\"valueName\":\"search_term_string\"}}],\"inLanguage\":\"pt-BR\"},{\"@type\":\"Organization\",\"@id\":\"https:\/\/www.oarcanjo.net\/site\/#organization\",\"name\":\"Par\u00f3quia S\u00e3o Miguel Arcanjo\",\"url\":\"https:\/\/www.oarcanjo.net\/site\/\",\"logo\":{\"@type\":\"ImageObject\",\"inLanguage\":\"pt-BR\",\"@id\":\"https:\/\/www.oarcanjo.net\/site\/#\/schema\/logo\/image\/\",\"url\":\"https:\/\/www.oarcanjo.net\/site\/wp-content\/uploads\/LogoOArcanjo.png\",\"contentUrl\":\"https:\/\/www.oarcanjo.net\/site\/wp-content\/uploads\/LogoOArcanjo.png\",\"width\":319,\"height\":99,\"caption\":\"Par\u00f3quia S\u00e3o Miguel Arcanjo\"},\"image\":{\"@id\":\"https:\/\/www.oarcanjo.net\/site\/#\/schema\/logo\/image\/\"},\"sameAs\":[\"https:\/\/www.facebook.com\/OArcanjoNoAr\/\"]},{\"@type\":\"Person\",\"@id\":\"https:\/\/www.oarcanjo.net\/site\/#\/schema\/person\/f7024d007863202483a31326673a0838\",\"name\":\"editor\",\"sameAs\":[\"http:\/\/www.oarcanjo.net\"]}]}<\/script>\n<!-- \/ Yoast SEO plugin. -->","yoast_head_json":{"title":"Dom Helder: homem dos grandes sonhos - O Arcanjo no ar","robots":{"index":"index","follow":"follow","max-snippet":"max-snippet:-1","max-image-preview":"max-image-preview:large","max-video-preview":"max-video-preview:-1"},"canonical":"https:\/\/www.oarcanjo.net\/site\/dom-helder-homem-dos-grandes-sonhos\/","og_locale":"pt_BR","og_type":"article","og_title":"Dom Helder: homem dos grandes sonhos - O Arcanjo no ar","og_description":"Pe Geovane Saraiva Sonhar com uma civiliza\u00e7\u00e3o ideal, com um povo organizado, vivendo em boas condi\u00e7\u00f5es, com equil\u00edbrio, justi\u00e7a e paz, em um lugar e em um mundo poss\u00edvel, n\u00e3o s\u00f3 no futuro, mas j\u00e1 no presente, no tempo real, esta foi, durante toda vida, a luta do peregrino da paz, Dom Helder C\u00e2mara. Ele [&hellip;]","og_url":"https:\/\/www.oarcanjo.net\/site\/dom-helder-homem-dos-grandes-sonhos\/","og_site_name":"O Arcanjo no ar","article_publisher":"https:\/\/www.facebook.com\/OArcanjoNoAr\/","article_published_time":"2009-02-18T23:38:55+00:00","og_image":[{"width":300,"height":300,"url":"https:\/\/www.oarcanjo.net\/site\/wp-content\/uploads\/logo-o-arcanjo-no-ar-facebook.png","type":"image\/png"}],"author":"editor","twitter_card":"summary_large_image","twitter_misc":{"Escrito por":"editor","Est. tempo de leitura":"3 minutos"},"schema":{"@context":"https:\/\/schema.org","@graph":[{"@type":"Article","@id":"https:\/\/www.oarcanjo.net\/site\/dom-helder-homem-dos-grandes-sonhos\/#article","isPartOf":{"@id":"https:\/\/www.oarcanjo.net\/site\/dom-helder-homem-dos-grandes-sonhos\/"},"author":{"name":"editor","@id":"https:\/\/www.oarcanjo.net\/site\/#\/schema\/person\/f7024d007863202483a31326673a0838"},"headline":"Dom Helder: homem dos grandes sonhos","datePublished":"2009-02-18T23:38:55+00:00","dateModified":"2009-02-18T23:38:55+00:00","mainEntityOfPage":{"@id":"https:\/\/www.oarcanjo.net\/site\/dom-helder-homem-dos-grandes-sonhos\/"},"wordCount":509,"commentCount":1,"publisher":{"@id":"https:\/\/www.oarcanjo.net\/site\/#organization"},"keywords":["Dom Helder Camara"],"articleSection":["D. Helder C\u00e2mara"],"inLanguage":"pt-BR","potentialAction":[{"@type":"CommentAction","name":"Comment","target":["https:\/\/www.oarcanjo.net\/site\/dom-helder-homem-dos-grandes-sonhos\/#respond"]}]},{"@type":"WebPage","@id":"https:\/\/www.oarcanjo.net\/site\/dom-helder-homem-dos-grandes-sonhos\/","url":"https:\/\/www.oarcanjo.net\/site\/dom-helder-homem-dos-grandes-sonhos\/","name":"Dom Helder: homem dos grandes sonhos - O Arcanjo no ar","isPartOf":{"@id":"https:\/\/www.oarcanjo.net\/site\/#website"},"datePublished":"2009-02-18T23:38:55+00:00","dateModified":"2009-02-18T23:38:55+00:00","breadcrumb":{"@id":"https:\/\/www.oarcanjo.net\/site\/dom-helder-homem-dos-grandes-sonhos\/#breadcrumb"},"inLanguage":"pt-BR","potentialAction":[{"@type":"ReadAction","target":["https:\/\/www.oarcanjo.net\/site\/dom-helder-homem-dos-grandes-sonhos\/"]}]},{"@type":"BreadcrumbList","@id":"https:\/\/www.oarcanjo.net\/site\/dom-helder-homem-dos-grandes-sonhos\/#breadcrumb","itemListElement":[{"@type":"ListItem","position":1,"name":"In\u00edcio","item":"https:\/\/www.oarcanjo.net\/site\/"},{"@type":"ListItem","position":2,"name":"Dom Helder: homem dos grandes sonhos"}]},{"@type":"WebSite","@id":"https:\/\/www.oarcanjo.net\/site\/#website","url":"https:\/\/www.oarcanjo.net\/site\/","name":"O Arcanjo no ar","description":"Site da Par\u00f3quia S\u00e3o Miguel Arcanjo (Arquidiocese de SP)","publisher":{"@id":"https:\/\/www.oarcanjo.net\/site\/#organization"},"potentialAction":[{"@type":"SearchAction","target":{"@type":"EntryPoint","urlTemplate":"https:\/\/www.oarcanjo.net\/site\/?s={search_term_string}"},"query-input":{"@type":"PropertyValueSpecification","valueRequired":true,"valueName":"search_term_string"}}],"inLanguage":"pt-BR"},{"@type":"Organization","@id":"https:\/\/www.oarcanjo.net\/site\/#organization","name":"Par\u00f3quia S\u00e3o Miguel Arcanjo","url":"https:\/\/www.oarcanjo.net\/site\/","logo":{"@type":"ImageObject","inLanguage":"pt-BR","@id":"https:\/\/www.oarcanjo.net\/site\/#\/schema\/logo\/image\/","url":"https:\/\/www.oarcanjo.net\/site\/wp-content\/uploads\/LogoOArcanjo.png","contentUrl":"https:\/\/www.oarcanjo.net\/site\/wp-content\/uploads\/LogoOArcanjo.png","width":319,"height":99,"caption":"Par\u00f3quia S\u00e3o Miguel Arcanjo"},"image":{"@id":"https:\/\/www.oarcanjo.net\/site\/#\/schema\/logo\/image\/"},"sameAs":["https:\/\/www.facebook.com\/OArcanjoNoAr\/"]},{"@type":"Person","@id":"https:\/\/www.oarcanjo.net\/site\/#\/schema\/person\/f7024d007863202483a31326673a0838","name":"editor","sameAs":["http:\/\/www.oarcanjo.net"]}]}},"publishpress_future_action":{"enabled":false,"date":"2026-05-07 10:16:37","action":"category","newStatus":"draft","terms":[],"taxonomy":"category"},"publishpress_future_workflow_manual_trigger":{"enabledWorkflows":[]},"_links":{"self":[{"href":"https:\/\/www.oarcanjo.net\/site\/wp-json\/wp\/v2\/posts\/1905"}],"collection":[{"href":"https:\/\/www.oarcanjo.net\/site\/wp-json\/wp\/v2\/posts"}],"about":[{"href":"https:\/\/www.oarcanjo.net\/site\/wp-json\/wp\/v2\/types\/post"}],"author":[{"embeddable":true,"href":"https:\/\/www.oarcanjo.net\/site\/wp-json\/wp\/v2\/users\/5"}],"replies":[{"embeddable":true,"href":"https:\/\/www.oarcanjo.net\/site\/wp-json\/wp\/v2\/comments?post=1905"}],"version-history":[{"count":0,"href":"https:\/\/www.oarcanjo.net\/site\/wp-json\/wp\/v2\/posts\/1905\/revisions"}],"wp:attachment":[{"href":"https:\/\/www.oarcanjo.net\/site\/wp-json\/wp\/v2\/media?parent=1905"}],"wp:term":[{"taxonomy":"category","embeddable":true,"href":"https:\/\/www.oarcanjo.net\/site\/wp-json\/wp\/v2\/categories?post=1905"},{"taxonomy":"post_tag","embeddable":true,"href":"https:\/\/www.oarcanjo.net\/site\/wp-json\/wp\/v2\/tags?post=1905"}],"curies":[{"name":"wp","href":"https:\/\/api.w.org\/{rel}","templated":true}]}}