
{"id":19056,"date":"2012-08-21T09:37:22","date_gmt":"2012-08-21T12:37:22","guid":{"rendered":"http:\/\/www.oarcanjo.net\/site\/?p=19056"},"modified":"2012-08-21T09:37:22","modified_gmt":"2012-08-21T12:37:22","slug":"dom-sergio-da-rocha-e-o-mais-novo-cidadao-de-fortaleza","status":"publish","type":"post","link":"https:\/\/www.oarcanjo.net\/site\/dom-sergio-da-rocha-e-o-mais-novo-cidadao-de-fortaleza\/","title":{"rendered":"Dom S\u00e9rgio da Rocha \u00e9 o mais novo cidad\u00e3o de Fortaleza"},"content":{"rendered":"<h3><\/h3>\n<div>\n<div>\n<div style=\"text-align: justify\">A C\u00e2mara Municipal de Fortaleza realiza no pr\u00f3ximo dia 21 de agosto de 2012, \u00e0s 19h30min, Sess\u00e3o Solene de entrega do T\u00edtulo de Cidad\u00e3o de Fortaleza aos bispos Dom Pl\u00ednio Jos\u00e9 da Luz Silva e Dom S\u00e9rgio da Rocha. Ambos foram bispos auxiliares de Fortaleza. A iniciativa foi do Vereador Joaquim Rocha, do Partido Verde.<\/div>\n<\/div>\n<div style=\"text-align: justify\">\n<div><a href=\"http:\/\/2.bp.blogspot.com\/-ufE9iuFDat4\/UDN56G6z8yI\/AAAAAAAAIHg\/1FyGgGYUWuE\/s1600\/dom+sergio+da+rocha.jpg\"><img decoding=\"async\" src=\"http:\/\/2.bp.blogspot.com\/-ufE9iuFDat4\/UDN56G6z8yI\/AAAAAAAAIHg\/1FyGgGYUWuE\/s1600\/dom+sergio+da+rocha.jpg\" border=\"0\" alt=\"\" \/><\/a><\/div>\n<div>Dom S\u00e9rgio da Rocha \u00e9 natural de Dobrada, no estado de S\u00e3o \u00a0Paulo, 52 anos. Fez seus estudos em S\u00e3o Paulo e foi ordenado presb\u00edtero na Diocese de S\u00e3o Carlos no dia 14 de dezembro de 1984. Fez Mestrado em Teologia Moral pela Pontif\u00edcia Faculdade de Teologia Nossa Senhora da Assun\u00e7\u00e3o, de S\u00e3o Paulo, e obteve o Doutorado na Academia Alfonsiana da Pontif\u00edcia Universidade Lateranense, em Roma, aos 21\/1\/1997.<\/div>\n<\/div>\n<div style=\"text-align: justify\">\n<div>Como Presb\u00edtero trabalhou no Semin\u00e1rio Diocesano de Filosofia, em S\u00e3o Carlos, como diretor espiritual, professor de filosofia e reitor. No Semin\u00e1rio de Teologia de S. Carlos, em Campinas, foi diretor espiritual e reitor; foi tamb\u00e9m professor e membro da Equipe de Forma\u00e7\u00e3o dos Di\u00e1conos Permanentes da Diocese de S\u00e3o Carlos. Exerceu, tamb\u00e9m, na Diocese de S\u00e3o Carlos, as seguintes fun\u00e7\u00f5es pastorais: assessor da Pastoral da Juventude, coordenador da Pastoral Vocacional, coordenador da Escola de Agentes de Pastoral, coordenador Diocesano de Pastoral, vig\u00e1rio paroquial das Par\u00f3quias Nossa Senhora de F\u00e1tima e Catedral, reitor da Igreja S\u00e3o Judas Tadeu, em S. Carlos, p\u00e1roco de \u00c1gua Vermelha e de Santa Eud\u00f3xia.<\/div>\n<\/div>\n<div style=\"text-align: justify\">\n<div>Foi ainda professor de Teologia Moral na Pontif\u00edcia Universidade Cat\u00f3lica de Campinas (1989-2001), colaborando como tal em Porto Velho-RO, no Projeto Mission\u00e1rio Sul I \/ Norte I e na Escola de Teologia Pastoral de S\u00e3o Luiz de Montes Belos \u2013 GO, Igreja Irm\u00e3 da Diocese de S\u00e3o Carlos.<\/div>\n<\/div>\n<div style=\"text-align: justify\">\n<div>Foi nomeado, pelo Papa Jo\u00e3o Paulo II, Bispo Auxiliar em Fortaleza, Cear\u00e1, e Titular de Alba aos 13 de junho de 2001. Foi ordenado Bispo no dia 11 de agosto do mesmo ano, na Catedral de S. Carlos \u2013 SP. Aos 31 de janeiro de 2007, foi nomeado pelo Papa Bento XVI Arcebispo Coadjutor da Arquidiocese de Teresina. Dom S\u00e9rgio da Rocha iniciou seu trabalho na Arquidiocese de Teresina, como Arcebispo Coadjutor no dia 30 de mar\u00e7o de 2007 e como Arcebispo Metropolitano em 3 de setembro de 2008. Aos 15 de junho de 2011 foi nomeado pelo Papa Bento XVI Arcebispo Metropolitano de Bras\u00edlia, tendo sido acolhido na Catedral Metropolitana de Bras\u00edlia aos 6 de agosto de 2011.<\/div>\n<\/div>\n<div style=\"text-align: justify\">\n<div>Seu lema episcopal \u00e9:<em> \u201cOmnia in Caritate\u201d<\/em> (1Cor 16,14) \u2013 \u201cTudo na caridade\u201d<\/div>\n<\/div>\n<div style=\"text-align: justify\">\n<div><strong>Atividades como Bispo<\/strong><\/div>\n<\/div>\n<div>\n<div style=\"text-align: justify\">Foi bispo auxiliar de Fortaleza (2001-2007), arcebispo coadjutor de Teresina (2007-2008), arcebispo metropolitano de Teresina (2008-2011), membro da Comiss\u00e3o Episcopal para a Doutrina da F\u00e9 \u2013 CNBB (2002-2007), membro da Comiss\u00e3o Episcopal do Mutir\u00e3o de Supera\u00e7\u00e3o da Mis\u00e9ria e da Fome da CNBB (2001-2004), secret\u00e1rio do Regional Nordeste I (2002-2007), bispo de refer\u00eancia da Pastoral da Juventude e da Pastoral Vocacional no Regional Nordeste I (2002-2007), bispo de refer\u00eancia para o Ensino Religioso e para os Presb\u00edteros, no Regional Nordeste IV (2007-2011), presidente da Comiss\u00e3o Episcopal para o Semin\u00e1rio do Regional Nordeste IV (2007-2011), membro da Comiss\u00e3o Episcopal para os Minist\u00e9rios Ordenados e a Vida Consagrada da CNBB (2007-2011), presidente do Departamento de Voca\u00e7\u00f5es e Minist\u00e9rios do CELAM (2007-2011), e presidente do Regional Nordeste IV (2007-2011). Atualmente, \u00e9 Arcebispo Metropolitano de Bras\u00edlia, presidente da Comiss\u00e3o Episcopal para Doutrina da F\u00e9, da CNBB, membro do Conselho de Pastoral (CONSEP) e do Conselho Permanente da CNBB.<\/div>\n<\/div>\n<\/div>\n<div>\n<div>Postado por\u00a0<a title=\"author profile\" rel=\"author\" href=\"http:\/\/www.blogger.com\/profile\/12037961757835243213\">Par\u00f3quia de Santo Afonso<\/a><\/div>\n<\/div>\n<p>&nbsp;<\/p>\n<div id=\"themify_builder_content-19056\" data-postid=\"19056\" class=\"themify_builder_content themify_builder_content-19056 themify_builder themify_builder_front\">\n\t<\/div>\n<!-- \/themify_builder_content -->","protected":false},"excerpt":{"rendered":"<p>A C\u00e2mara Municipal de Fortaleza realiza no pr\u00f3ximo dia 21 de agosto de 2012, \u00e0s 19h30min, Sess\u00e3o Solene de entrega do T\u00edtulo de Cidad\u00e3o de Fortaleza aos bispos Dom Pl\u00ednio Jos\u00e9 da Luz Silva e Dom S\u00e9rgio da Rocha. Ambos foram bispos auxiliares de Fortaleza. A iniciativa foi do Vereador Joaquim Rocha, do Partido Verde. [&hellip;]<\/p>\n","protected":false},"author":17,"featured_media":0,"comment_status":"open","ping_status":"open","sticky":false,"template":"","format":"standard","meta":{"ngg_post_thumbnail":0,"footnotes":""},"categories":[8],"tags":[],"yoast_head":"<!-- This site is optimized with the Yoast SEO plugin v23.5 - https:\/\/yoast.com\/wordpress\/plugins\/seo\/ -->\n<title>Dom S\u00e9rgio da Rocha \u00e9 o mais novo cidad\u00e3o de Fortaleza - O Arcanjo no ar<\/title>\n<meta name=\"robots\" content=\"index, follow, max-snippet:-1, max-image-preview:large, max-video-preview:-1\" \/>\n<link rel=\"canonical\" href=\"https:\/\/www.oarcanjo.net\/site\/dom-sergio-da-rocha-e-o-mais-novo-cidadao-de-fortaleza\/\" \/>\n<meta property=\"og:locale\" content=\"pt_BR\" \/>\n<meta property=\"og:type\" content=\"article\" \/>\n<meta property=\"og:title\" content=\"Dom S\u00e9rgio da Rocha \u00e9 o mais novo cidad\u00e3o de Fortaleza - O Arcanjo no ar\" \/>\n<meta property=\"og:description\" content=\"A C\u00e2mara Municipal de Fortaleza realiza no pr\u00f3ximo dia 21 de agosto de 2012, \u00e0s 19h30min, Sess\u00e3o Solene de entrega do T\u00edtulo de Cidad\u00e3o de Fortaleza aos bispos Dom Pl\u00ednio Jos\u00e9 da Luz Silva e Dom S\u00e9rgio da Rocha. Ambos foram bispos auxiliares de Fortaleza. A iniciativa foi do Vereador Joaquim Rocha, do Partido Verde. [&hellip;]\" \/>\n<meta property=\"og:url\" content=\"https:\/\/www.oarcanjo.net\/site\/dom-sergio-da-rocha-e-o-mais-novo-cidadao-de-fortaleza\/\" \/>\n<meta property=\"og:site_name\" content=\"O Arcanjo no ar\" \/>\n<meta property=\"article:publisher\" content=\"https:\/\/www.facebook.com\/OArcanjoNoAr\/\" \/>\n<meta property=\"article:published_time\" content=\"2012-08-21T12:37:22+00:00\" \/>\n<meta property=\"og:image\" content=\"http:\/\/2.bp.blogspot.com\/-ufE9iuFDat4\/UDN56G6z8yI\/AAAAAAAAIHg\/1FyGgGYUWuE\/s1600\/dom+sergio+da+rocha.jpg\" \/>\n<meta name=\"author\" content=\"pe.geovane\" \/>\n<meta name=\"twitter:card\" content=\"summary_large_image\" \/>\n<meta name=\"twitter:label1\" content=\"Escrito por\" \/>\n\t<meta name=\"twitter:data1\" content=\"pe.geovane\" \/>\n\t<meta name=\"twitter:label2\" content=\"Est. tempo de leitura\" \/>\n\t<meta name=\"twitter:data2\" content=\"3 minutos\" \/>\n<script type=\"application\/ld+json\" class=\"yoast-schema-graph\">{\"@context\":\"https:\/\/schema.org\",\"@graph\":[{\"@type\":\"Article\",\"@id\":\"https:\/\/www.oarcanjo.net\/site\/dom-sergio-da-rocha-e-o-mais-novo-cidadao-de-fortaleza\/#article\",\"isPartOf\":{\"@id\":\"https:\/\/www.oarcanjo.net\/site\/dom-sergio-da-rocha-e-o-mais-novo-cidadao-de-fortaleza\/\"},\"author\":{\"name\":\"pe.geovane\",\"@id\":\"https:\/\/www.oarcanjo.net\/site\/#\/schema\/person\/58d7f78850a973b8e467c7ae4a7eb4ad\"},\"headline\":\"Dom S\u00e9rgio da Rocha \u00e9 o mais novo cidad\u00e3o de Fortaleza\",\"datePublished\":\"2012-08-21T12:37:22+00:00\",\"dateModified\":\"2012-08-21T12:37:22+00:00\",\"mainEntityOfPage\":{\"@id\":\"https:\/\/www.oarcanjo.net\/site\/dom-sergio-da-rocha-e-o-mais-novo-cidadao-de-fortaleza\/\"},\"wordCount\":622,\"commentCount\":0,\"publisher\":{\"@id\":\"https:\/\/www.oarcanjo.net\/site\/#organization\"},\"image\":{\"@id\":\"https:\/\/www.oarcanjo.net\/site\/dom-sergio-da-rocha-e-o-mais-novo-cidadao-de-fortaleza\/#primaryimage\"},\"thumbnailUrl\":\"http:\/\/2.bp.blogspot.com\/-ufE9iuFDat4\/UDN56G6z8yI\/AAAAAAAAIHg\/1FyGgGYUWuE\/s1600\/dom+sergio+da+rocha.jpg\",\"articleSection\":[\"Not\u00edcias\"],\"inLanguage\":\"pt-BR\",\"potentialAction\":[{\"@type\":\"CommentAction\",\"name\":\"Comment\",\"target\":[\"https:\/\/www.oarcanjo.net\/site\/dom-sergio-da-rocha-e-o-mais-novo-cidadao-de-fortaleza\/#respond\"]}]},{\"@type\":\"WebPage\",\"@id\":\"https:\/\/www.oarcanjo.net\/site\/dom-sergio-da-rocha-e-o-mais-novo-cidadao-de-fortaleza\/\",\"url\":\"https:\/\/www.oarcanjo.net\/site\/dom-sergio-da-rocha-e-o-mais-novo-cidadao-de-fortaleza\/\",\"name\":\"Dom S\u00e9rgio da Rocha \u00e9 o mais novo cidad\u00e3o de Fortaleza - O Arcanjo no ar\",\"isPartOf\":{\"@id\":\"https:\/\/www.oarcanjo.net\/site\/#website\"},\"primaryImageOfPage\":{\"@id\":\"https:\/\/www.oarcanjo.net\/site\/dom-sergio-da-rocha-e-o-mais-novo-cidadao-de-fortaleza\/#primaryimage\"},\"image\":{\"@id\":\"https:\/\/www.oarcanjo.net\/site\/dom-sergio-da-rocha-e-o-mais-novo-cidadao-de-fortaleza\/#primaryimage\"},\"thumbnailUrl\":\"http:\/\/2.bp.blogspot.com\/-ufE9iuFDat4\/UDN56G6z8yI\/AAAAAAAAIHg\/1FyGgGYUWuE\/s1600\/dom+sergio+da+rocha.jpg\",\"datePublished\":\"2012-08-21T12:37:22+00:00\",\"dateModified\":\"2012-08-21T12:37:22+00:00\",\"breadcrumb\":{\"@id\":\"https:\/\/www.oarcanjo.net\/site\/dom-sergio-da-rocha-e-o-mais-novo-cidadao-de-fortaleza\/#breadcrumb\"},\"inLanguage\":\"pt-BR\",\"potentialAction\":[{\"@type\":\"ReadAction\",\"target\":[\"https:\/\/www.oarcanjo.net\/site\/dom-sergio-da-rocha-e-o-mais-novo-cidadao-de-fortaleza\/\"]}]},{\"@type\":\"ImageObject\",\"inLanguage\":\"pt-BR\",\"@id\":\"https:\/\/www.oarcanjo.net\/site\/dom-sergio-da-rocha-e-o-mais-novo-cidadao-de-fortaleza\/#primaryimage\",\"url\":\"http:\/\/2.bp.blogspot.com\/-ufE9iuFDat4\/UDN56G6z8yI\/AAAAAAAAIHg\/1FyGgGYUWuE\/s1600\/dom+sergio+da+rocha.jpg\",\"contentUrl\":\"http:\/\/2.bp.blogspot.com\/-ufE9iuFDat4\/UDN56G6z8yI\/AAAAAAAAIHg\/1FyGgGYUWuE\/s1600\/dom+sergio+da+rocha.jpg\"},{\"@type\":\"BreadcrumbList\",\"@id\":\"https:\/\/www.oarcanjo.net\/site\/dom-sergio-da-rocha-e-o-mais-novo-cidadao-de-fortaleza\/#breadcrumb\",\"itemListElement\":[{\"@type\":\"ListItem\",\"position\":1,\"name\":\"In\u00edcio\",\"item\":\"https:\/\/www.oarcanjo.net\/site\/\"},{\"@type\":\"ListItem\",\"position\":2,\"name\":\"Dom S\u00e9rgio da Rocha \u00e9 o mais novo cidad\u00e3o de Fortaleza\"}]},{\"@type\":\"WebSite\",\"@id\":\"https:\/\/www.oarcanjo.net\/site\/#website\",\"url\":\"https:\/\/www.oarcanjo.net\/site\/\",\"name\":\"O Arcanjo no ar\",\"description\":\"Site da Par\u00f3quia S\u00e3o Miguel Arcanjo (Arquidiocese de SP)\",\"publisher\":{\"@id\":\"https:\/\/www.oarcanjo.net\/site\/#organization\"},\"potentialAction\":[{\"@type\":\"SearchAction\",\"target\":{\"@type\":\"EntryPoint\",\"urlTemplate\":\"https:\/\/www.oarcanjo.net\/site\/?s={search_term_string}\"},\"query-input\":{\"@type\":\"PropertyValueSpecification\",\"valueRequired\":true,\"valueName\":\"search_term_string\"}}],\"inLanguage\":\"pt-BR\"},{\"@type\":\"Organization\",\"@id\":\"https:\/\/www.oarcanjo.net\/site\/#organization\",\"name\":\"Par\u00f3quia S\u00e3o Miguel Arcanjo\",\"url\":\"https:\/\/www.oarcanjo.net\/site\/\",\"logo\":{\"@type\":\"ImageObject\",\"inLanguage\":\"pt-BR\",\"@id\":\"https:\/\/www.oarcanjo.net\/site\/#\/schema\/logo\/image\/\",\"url\":\"https:\/\/www.oarcanjo.net\/site\/wp-content\/uploads\/LogoOArcanjo.png\",\"contentUrl\":\"https:\/\/www.oarcanjo.net\/site\/wp-content\/uploads\/LogoOArcanjo.png\",\"width\":319,\"height\":99,\"caption\":\"Par\u00f3quia S\u00e3o Miguel Arcanjo\"},\"image\":{\"@id\":\"https:\/\/www.oarcanjo.net\/site\/#\/schema\/logo\/image\/\"},\"sameAs\":[\"https:\/\/www.facebook.com\/OArcanjoNoAr\/\"]},{\"@type\":\"Person\",\"@id\":\"https:\/\/www.oarcanjo.net\/site\/#\/schema\/person\/58d7f78850a973b8e467c7ae4a7eb4ad\",\"name\":\"pe.geovane\"}]}<\/script>\n<!-- \/ Yoast SEO plugin. -->","yoast_head_json":{"title":"Dom S\u00e9rgio da Rocha \u00e9 o mais novo cidad\u00e3o de Fortaleza - O Arcanjo no ar","robots":{"index":"index","follow":"follow","max-snippet":"max-snippet:-1","max-image-preview":"max-image-preview:large","max-video-preview":"max-video-preview:-1"},"canonical":"https:\/\/www.oarcanjo.net\/site\/dom-sergio-da-rocha-e-o-mais-novo-cidadao-de-fortaleza\/","og_locale":"pt_BR","og_type":"article","og_title":"Dom S\u00e9rgio da Rocha \u00e9 o mais novo cidad\u00e3o de Fortaleza - O Arcanjo no ar","og_description":"A C\u00e2mara Municipal de Fortaleza realiza no pr\u00f3ximo dia 21 de agosto de 2012, \u00e0s 19h30min, Sess\u00e3o Solene de entrega do T\u00edtulo de Cidad\u00e3o de Fortaleza aos bispos Dom Pl\u00ednio Jos\u00e9 da Luz Silva e Dom S\u00e9rgio da Rocha. Ambos foram bispos auxiliares de Fortaleza. A iniciativa foi do Vereador Joaquim Rocha, do Partido Verde. [&hellip;]","og_url":"https:\/\/www.oarcanjo.net\/site\/dom-sergio-da-rocha-e-o-mais-novo-cidadao-de-fortaleza\/","og_site_name":"O Arcanjo no ar","article_publisher":"https:\/\/www.facebook.com\/OArcanjoNoAr\/","article_published_time":"2012-08-21T12:37:22+00:00","og_image":[{"url":"http:\/\/2.bp.blogspot.com\/-ufE9iuFDat4\/UDN56G6z8yI\/AAAAAAAAIHg\/1FyGgGYUWuE\/s1600\/dom+sergio+da+rocha.jpg"}],"author":"pe.geovane","twitter_card":"summary_large_image","twitter_misc":{"Escrito por":"pe.geovane","Est. tempo de leitura":"3 minutos"},"schema":{"@context":"https:\/\/schema.org","@graph":[{"@type":"Article","@id":"https:\/\/www.oarcanjo.net\/site\/dom-sergio-da-rocha-e-o-mais-novo-cidadao-de-fortaleza\/#article","isPartOf":{"@id":"https:\/\/www.oarcanjo.net\/site\/dom-sergio-da-rocha-e-o-mais-novo-cidadao-de-fortaleza\/"},"author":{"name":"pe.geovane","@id":"https:\/\/www.oarcanjo.net\/site\/#\/schema\/person\/58d7f78850a973b8e467c7ae4a7eb4ad"},"headline":"Dom S\u00e9rgio da Rocha \u00e9 o mais novo cidad\u00e3o de Fortaleza","datePublished":"2012-08-21T12:37:22+00:00","dateModified":"2012-08-21T12:37:22+00:00","mainEntityOfPage":{"@id":"https:\/\/www.oarcanjo.net\/site\/dom-sergio-da-rocha-e-o-mais-novo-cidadao-de-fortaleza\/"},"wordCount":622,"commentCount":0,"publisher":{"@id":"https:\/\/www.oarcanjo.net\/site\/#organization"},"image":{"@id":"https:\/\/www.oarcanjo.net\/site\/dom-sergio-da-rocha-e-o-mais-novo-cidadao-de-fortaleza\/#primaryimage"},"thumbnailUrl":"http:\/\/2.bp.blogspot.com\/-ufE9iuFDat4\/UDN56G6z8yI\/AAAAAAAAIHg\/1FyGgGYUWuE\/s1600\/dom+sergio+da+rocha.jpg","articleSection":["Not\u00edcias"],"inLanguage":"pt-BR","potentialAction":[{"@type":"CommentAction","name":"Comment","target":["https:\/\/www.oarcanjo.net\/site\/dom-sergio-da-rocha-e-o-mais-novo-cidadao-de-fortaleza\/#respond"]}]},{"@type":"WebPage","@id":"https:\/\/www.oarcanjo.net\/site\/dom-sergio-da-rocha-e-o-mais-novo-cidadao-de-fortaleza\/","url":"https:\/\/www.oarcanjo.net\/site\/dom-sergio-da-rocha-e-o-mais-novo-cidadao-de-fortaleza\/","name":"Dom S\u00e9rgio da Rocha \u00e9 o mais novo cidad\u00e3o de Fortaleza - O Arcanjo no ar","isPartOf":{"@id":"https:\/\/www.oarcanjo.net\/site\/#website"},"primaryImageOfPage":{"@id":"https:\/\/www.oarcanjo.net\/site\/dom-sergio-da-rocha-e-o-mais-novo-cidadao-de-fortaleza\/#primaryimage"},"image":{"@id":"https:\/\/www.oarcanjo.net\/site\/dom-sergio-da-rocha-e-o-mais-novo-cidadao-de-fortaleza\/#primaryimage"},"thumbnailUrl":"http:\/\/2.bp.blogspot.com\/-ufE9iuFDat4\/UDN56G6z8yI\/AAAAAAAAIHg\/1FyGgGYUWuE\/s1600\/dom+sergio+da+rocha.jpg","datePublished":"2012-08-21T12:37:22+00:00","dateModified":"2012-08-21T12:37:22+00:00","breadcrumb":{"@id":"https:\/\/www.oarcanjo.net\/site\/dom-sergio-da-rocha-e-o-mais-novo-cidadao-de-fortaleza\/#breadcrumb"},"inLanguage":"pt-BR","potentialAction":[{"@type":"ReadAction","target":["https:\/\/www.oarcanjo.net\/site\/dom-sergio-da-rocha-e-o-mais-novo-cidadao-de-fortaleza\/"]}]},{"@type":"ImageObject","inLanguage":"pt-BR","@id":"https:\/\/www.oarcanjo.net\/site\/dom-sergio-da-rocha-e-o-mais-novo-cidadao-de-fortaleza\/#primaryimage","url":"http:\/\/2.bp.blogspot.com\/-ufE9iuFDat4\/UDN56G6z8yI\/AAAAAAAAIHg\/1FyGgGYUWuE\/s1600\/dom+sergio+da+rocha.jpg","contentUrl":"http:\/\/2.bp.blogspot.com\/-ufE9iuFDat4\/UDN56G6z8yI\/AAAAAAAAIHg\/1FyGgGYUWuE\/s1600\/dom+sergio+da+rocha.jpg"},{"@type":"BreadcrumbList","@id":"https:\/\/www.oarcanjo.net\/site\/dom-sergio-da-rocha-e-o-mais-novo-cidadao-de-fortaleza\/#breadcrumb","itemListElement":[{"@type":"ListItem","position":1,"name":"In\u00edcio","item":"https:\/\/www.oarcanjo.net\/site\/"},{"@type":"ListItem","position":2,"name":"Dom S\u00e9rgio da Rocha \u00e9 o mais novo cidad\u00e3o de Fortaleza"}]},{"@type":"WebSite","@id":"https:\/\/www.oarcanjo.net\/site\/#website","url":"https:\/\/www.oarcanjo.net\/site\/","name":"O Arcanjo no ar","description":"Site da Par\u00f3quia S\u00e3o Miguel Arcanjo (Arquidiocese de SP)","publisher":{"@id":"https:\/\/www.oarcanjo.net\/site\/#organization"},"potentialAction":[{"@type":"SearchAction","target":{"@type":"EntryPoint","urlTemplate":"https:\/\/www.oarcanjo.net\/site\/?s={search_term_string}"},"query-input":{"@type":"PropertyValueSpecification","valueRequired":true,"valueName":"search_term_string"}}],"inLanguage":"pt-BR"},{"@type":"Organization","@id":"https:\/\/www.oarcanjo.net\/site\/#organization","name":"Par\u00f3quia S\u00e3o Miguel Arcanjo","url":"https:\/\/www.oarcanjo.net\/site\/","logo":{"@type":"ImageObject","inLanguage":"pt-BR","@id":"https:\/\/www.oarcanjo.net\/site\/#\/schema\/logo\/image\/","url":"https:\/\/www.oarcanjo.net\/site\/wp-content\/uploads\/LogoOArcanjo.png","contentUrl":"https:\/\/www.oarcanjo.net\/site\/wp-content\/uploads\/LogoOArcanjo.png","width":319,"height":99,"caption":"Par\u00f3quia S\u00e3o Miguel Arcanjo"},"image":{"@id":"https:\/\/www.oarcanjo.net\/site\/#\/schema\/logo\/image\/"},"sameAs":["https:\/\/www.facebook.com\/OArcanjoNoAr\/"]},{"@type":"Person","@id":"https:\/\/www.oarcanjo.net\/site\/#\/schema\/person\/58d7f78850a973b8e467c7ae4a7eb4ad","name":"pe.geovane"}]}},"publishpress_future_action":{"enabled":false,"date":"2026-05-07 11:38:45","action":"category","newStatus":"draft","terms":[],"taxonomy":"category"},"publishpress_future_workflow_manual_trigger":{"enabledWorkflows":[]},"_links":{"self":[{"href":"https:\/\/www.oarcanjo.net\/site\/wp-json\/wp\/v2\/posts\/19056"}],"collection":[{"href":"https:\/\/www.oarcanjo.net\/site\/wp-json\/wp\/v2\/posts"}],"about":[{"href":"https:\/\/www.oarcanjo.net\/site\/wp-json\/wp\/v2\/types\/post"}],"author":[{"embeddable":true,"href":"https:\/\/www.oarcanjo.net\/site\/wp-json\/wp\/v2\/users\/17"}],"replies":[{"embeddable":true,"href":"https:\/\/www.oarcanjo.net\/site\/wp-json\/wp\/v2\/comments?post=19056"}],"version-history":[{"count":0,"href":"https:\/\/www.oarcanjo.net\/site\/wp-json\/wp\/v2\/posts\/19056\/revisions"}],"wp:attachment":[{"href":"https:\/\/www.oarcanjo.net\/site\/wp-json\/wp\/v2\/media?parent=19056"}],"wp:term":[{"taxonomy":"category","embeddable":true,"href":"https:\/\/www.oarcanjo.net\/site\/wp-json\/wp\/v2\/categories?post=19056"},{"taxonomy":"post_tag","embeddable":true,"href":"https:\/\/www.oarcanjo.net\/site\/wp-json\/wp\/v2\/tags?post=19056"}],"curies":[{"name":"wp","href":"https:\/\/api.w.org\/{rel}","templated":true}]}}