
{"id":1907,"date":"2009-02-18T20:41:00","date_gmt":"2009-02-18T23:41:00","guid":{"rendered":"http:\/\/www.oarcanjo.net\/site\/?p=1907"},"modified":"2009-02-18T20:41:00","modified_gmt":"2009-02-18T23:41:00","slug":"mensagem-do-celam-diante-da-crise-atual","status":"publish","type":"post","link":"https:\/\/www.oarcanjo.net\/site\/mensagem-do-celam-diante-da-crise-atual\/","title":{"rendered":"Mensagem do CELAM diante da crise atual"},"content":{"rendered":"<p>1. A Presid\u00eancia do CELAM (Conselho Episcopal Latino Americano), reunida em Bogot\u00e1 nos dias 05 e 06 de fevereiro, com os Bispos Diretores dos Departamentos e Centros, no esp\u00edrito da Miss\u00e3o Continental, manifesta sua preocupa\u00e7\u00e3o e sua  solidariedade diante da grave crise atual.  Ao mesmo tempo, chama a aten\u00e7\u00e3o sobre a responsabilidade que todos n\u00f3s temos: governantes, pol\u00edticos, empres\u00e1rios, trabalhadores, associa\u00e7\u00f5es civis e comunidades religiosas dos diversos credos, de promover a humaniza\u00e7\u00e3o das estruturas pol\u00edticas, econ\u00f4micas e de desenvolvimento, para que estejam a servi\u00e7o do bem comum, da primazia do trabalho sobre o capital e da produ\u00e7\u00e3o sobre as finan\u00e7as. Queremos percorrer juntos este caminho de amea\u00e7as e de oportunidades, apostando  nos valores da democracia, da participa\u00e7\u00e3o e do di\u00e1logo. <\/p>\n<p>2. \u201cNingu\u00e9m coloca um remendo de pano novo em roupa velha, porque o remendo repuxa a roupa e o rasg\u00e3o fica ainda maior..\u201d (Mt 9, 16), palavras do Evangelho que  Bento XVI recordou  em sua b\u00ean\u00e7\u00e3o de Ano Novo. A refer\u00eancia faz clara alus\u00e3o \u00e0s medidas que temos de tomar diante da  atual crise econ\u00f4mica global. Para o Pont\u00edfice, esta crise p\u00f5e a prova o futuro  da globaliza\u00e7\u00e3o.   Na realidade, a crise atual n\u00e3o \u00e9 o resultado de dificuldades financeiras imediatas, mas \u00e9 uma  consequ\u00eancia do estado da sa\u00fade ecol\u00f3gica do planeta, sobretudo, da crise cultural e moral que vivemos, cujos sintomas s\u00e3o evidentes h\u00e1 tempo em todo o mundo. (cf. Bento XVI, Homilia de 1\u00ba. de janeiro de 2009).<\/p>\n<p>3. \u00c0 luz do apelo do Papa, esta situa\u00e7\u00e3o alarmante nos interpela duplamente: de um lado, nos compromete a expressar nossa solidariedade em a\u00e7\u00f5es e obras concretas, que facilitem a busca de solu\u00e7\u00f5es para os  problemas do desemprego; da fome; da migra\u00e7\u00e3o for\u00e7ada; a deteriora\u00e7\u00e3o da sa\u00fade e da perda de qualidade de vida dos pobres que, como sempre, s\u00e3o as v\u00edtimas mais afetadas das crises;  por outro lado, nos estimula a empenhar  os melhores esfor\u00e7os das universidades e dos institutos cat\u00f3licos, de  investigadores e agentes de pastoral social, para  contribuir na forma\u00e7\u00e3o de um novo modelo de desenvolvimento para a Am\u00e9rica Latina e o Caribe e de um sistema econ\u00f4mico mundial mais bem regulamentado, que elimine a pobreza e promova a justi\u00e7a e a solidariedade em nosso  Continente, tristemente o mais desigual do  planeta.<\/p>\n<p>4. Os Bispos da Am\u00e9rica Latina  e do Caribe, reunidos em Aparecida, advertiram que a \u201cglobaliza\u00e7\u00e3o comporta o risco do fortalecimento dos grandes monop\u00f3lios e de converter o lucro em valor supremo\u201d (cf. Documento de Aparecida, n. 60). Da\u00ed, a urgente necessidade de que a globaliza\u00e7\u00e3o deva reger-se pela \u00e9tica, colocando tudo a  servi\u00e7o da pessoa humana, criada \u00e0 imagem e   semelhan\u00e7a de Deus. (Ibid.). A atual crise financeira tem manifestado a ambi\u00e7\u00e3o excessiva do lucro acima da valoriza\u00e7\u00e3o do trabalho e do emprego, transformando-o em um fim em si mesmo. <\/p>\n<p>5. Essa invers\u00e3o de valores corrompe as rela\u00e7\u00f5es humanas substituindo-as pelas transa\u00e7\u00f5es financeiras, que deveriam estar a servi\u00e7o da produ\u00e7\u00e3o e da satisfa\u00e7\u00e3o das necessidades humanas. Ficou evidente que a globaliza\u00e7\u00e3o, tal  como est\u00e1 configurada, atualmente, n\u00e3o tem sido capaz de interpretar e  reagir em  fun\u00e7\u00e3o de valores objetivos, que se encontram  para al\u00e9m do mercado e que constituem o que h\u00e1 de mais importante na vida humana: a verdade, a justi\u00e7a, o amor e muito, especialmente, a dignidade e os direitos de todos, inclusive, daqueles que vivem \u00e0 margem do pr\u00f3prio mercado (cf. DA, n. 61). A economia internacional tem concentrado o poder e a riqueza nas m\u00e3os de poucos, excluindo os desfavorecidos e aumentando a desigualdade (cf. DA, n. 62). <\/p>\n<p>6. Isso nos leva a considerar seriamente a necessidade de estabelecer as bases para uma nova ordem internacional, fundada em novas regras de jogo, que tamb\u00e9m tenham em conta os valores do Evangelho e os ensinamentos sociais da Igreja, a fim de promover uma globaliza\u00e7\u00e3o marcada pela solidariedade e pela racionalidade, que fa\u00e7a deste  Continente, n\u00e3o s\u00f3 o Continente da esperan\u00e7a, mas tamb\u00e9m o Continente  do amor. (cf. DA, n. 64). Para alcan\u00e7ar esse prop\u00f3sito, torna-se indispens\u00e1vel a presen\u00e7a e a colabora\u00e7\u00e3o de todos os homens e de todas as mulheres de boa vontade, sem discrimina\u00e7\u00e3o religiosa, cultural, pol\u00edtica e ideol\u00f3gica. <\/p>\n<p>7. Diante do desejo de construir a paz, uma vida mais digna e plena para todos e de abrir caminhos de esperan\u00e7a para os pobres e exclu\u00eddos, queremos concluir, fazendo nossas as perguntas de Bento XVI: \u201cComo n\u00e3o pensar em tantas pessoas e fam\u00edlias afetadas pelas dificuldades e as incertezas que a atual crise financeira e econ\u00f4mica tem provocado em escala mundial?  Como n\u00e3o recordar a crise alimentar e o aquecimento clim\u00e1tico, que tornam ainda mais dif\u00edcil o acesso \u00e0 alimenta\u00e7\u00e3o e \u00e0 \u00e1gua para os habitantes das regi\u00f5es mais pobres do planeta?\u201d (Discurso aos Membros do Corpo Diplom\u00e1tico, 8 de janeiro de 2009). <\/p>\n<p>Esses questionamentos fazem ressoar hoje, com mais veem\u00eancia, a dram\u00e1tica pergunta de Deus a Caim que nos afeta a todos,  nos interpela  e n\u00e3o nos pode deixar indiferentes: \u201conde est\u00e1 teu irm\u00e3o\u201d (Gen. 4, 9). <\/p>\n<p>Bogot\u00e1, 7 de fevereiro de 2009<\/p>\n<p>+ Raymundo Damasceno Assis<br \/>\nArcebispo de Aparecida, Brasil<br \/>\nPresidente do CELAM<\/p>\n<p>+ Baltazar Enrique Porras Cardozo<br \/>\nArcebispo de M\u00e9rida, Venezuela<br \/>\nPrimeiro Vice-presidente do CELAM<\/p>\n<p>+ Andr\u00e9s Stanovnik, OFM.Cap.<br \/>\nArcebispo de Corrientes, Argentina<br \/>\nSegundo Vice-presidente do CELAM<\/p>\n<p>+ V\u00edctor S\u00e1nchez Espinosa<br \/>\nArcebispo eleito de Puebla-M\u00e9xico<br \/>\nSecret\u00e1rio-geral do CELAM<\/p>\n<p>+ Emilio Aranguren Echeverr\u00eda<br \/>\nBispo de Holgu\u00edn, Cuba<br \/>\nPresidente do Comit\u00ea Econ\u00f4mico do CELAM<\/p>\n<div id=\"themify_builder_content-1907\" data-postid=\"1907\" class=\"themify_builder_content themify_builder_content-1907 themify_builder themify_builder_front\">\n\t<\/div>\n<!-- \/themify_builder_content -->","protected":false},"excerpt":{"rendered":"<p>1. A Presid\u00eancia do CELAM (Conselho Episcopal Latino Americano), reunida em Bogot\u00e1 nos dias 05 e 06 de fevereiro, com os Bispos Diretores dos Departamentos e Centros, no esp\u00edrito da Miss\u00e3o Continental, manifesta sua preocupa\u00e7\u00e3o e sua solidariedade diante da grave crise atual. Ao mesmo tempo, chama a aten\u00e7\u00e3o sobre a responsabilidade que todos n\u00f3s [&hellip;]<\/p>\n","protected":false},"author":5,"featured_media":0,"comment_status":"open","ping_status":"open","sticky":false,"template":"","format":"standard","meta":{"ngg_post_thumbnail":0,"footnotes":""},"categories":[8],"tags":[234,36],"yoast_head":"<!-- This site is optimized with the Yoast SEO plugin v23.5 - https:\/\/yoast.com\/wordpress\/plugins\/seo\/ -->\n<title>Mensagem do CELAM diante da crise atual - O Arcanjo no ar<\/title>\n<meta name=\"robots\" content=\"index, follow, max-snippet:-1, max-image-preview:large, max-video-preview:-1\" \/>\n<link rel=\"canonical\" href=\"https:\/\/www.oarcanjo.net\/site\/mensagem-do-celam-diante-da-crise-atual\/\" \/>\n<meta property=\"og:locale\" content=\"pt_BR\" \/>\n<meta property=\"og:type\" content=\"article\" \/>\n<meta property=\"og:title\" content=\"Mensagem do CELAM diante da crise atual - O Arcanjo no ar\" \/>\n<meta property=\"og:description\" content=\"1. A Presid\u00eancia do CELAM (Conselho Episcopal Latino Americano), reunida em Bogot\u00e1 nos dias 05 e 06 de fevereiro, com os Bispos Diretores dos Departamentos e Centros, no esp\u00edrito da Miss\u00e3o Continental, manifesta sua preocupa\u00e7\u00e3o e sua solidariedade diante da grave crise atual. Ao mesmo tempo, chama a aten\u00e7\u00e3o sobre a responsabilidade que todos n\u00f3s [&hellip;]\" \/>\n<meta property=\"og:url\" content=\"https:\/\/www.oarcanjo.net\/site\/mensagem-do-celam-diante-da-crise-atual\/\" \/>\n<meta property=\"og:site_name\" content=\"O Arcanjo no ar\" \/>\n<meta property=\"article:publisher\" content=\"https:\/\/www.facebook.com\/OArcanjoNoAr\/\" \/>\n<meta property=\"article:published_time\" content=\"2009-02-18T23:41:00+00:00\" \/>\n<meta property=\"og:image\" content=\"https:\/\/www.oarcanjo.net\/site\/wp-content\/uploads\/logo-o-arcanjo-no-ar-facebook.png\" \/>\n\t<meta property=\"og:image:width\" content=\"300\" \/>\n\t<meta property=\"og:image:height\" content=\"300\" \/>\n\t<meta property=\"og:image:type\" content=\"image\/png\" \/>\n<meta name=\"author\" content=\"editor\" \/>\n<meta name=\"twitter:card\" content=\"summary_large_image\" \/>\n<meta name=\"twitter:label1\" content=\"Escrito por\" \/>\n\t<meta name=\"twitter:data1\" content=\"editor\" \/>\n\t<meta name=\"twitter:label2\" content=\"Est. tempo de leitura\" \/>\n\t<meta name=\"twitter:data2\" content=\"5 minutos\" \/>\n<script type=\"application\/ld+json\" class=\"yoast-schema-graph\">{\"@context\":\"https:\/\/schema.org\",\"@graph\":[{\"@type\":\"Article\",\"@id\":\"https:\/\/www.oarcanjo.net\/site\/mensagem-do-celam-diante-da-crise-atual\/#article\",\"isPartOf\":{\"@id\":\"https:\/\/www.oarcanjo.net\/site\/mensagem-do-celam-diante-da-crise-atual\/\"},\"author\":{\"name\":\"editor\",\"@id\":\"https:\/\/www.oarcanjo.net\/site\/#\/schema\/person\/f7024d007863202483a31326673a0838\"},\"headline\":\"Mensagem do CELAM diante da crise atual\",\"datePublished\":\"2009-02-18T23:41:00+00:00\",\"dateModified\":\"2009-02-18T23:41:00+00:00\",\"mainEntityOfPage\":{\"@id\":\"https:\/\/www.oarcanjo.net\/site\/mensagem-do-celam-diante-da-crise-atual\/\"},\"wordCount\":975,\"commentCount\":1,\"publisher\":{\"@id\":\"https:\/\/www.oarcanjo.net\/site\/#organization\"},\"keywords\":[\"CELAM\",\"crise\"],\"articleSection\":[\"Not\u00edcias\"],\"inLanguage\":\"pt-BR\",\"potentialAction\":[{\"@type\":\"CommentAction\",\"name\":\"Comment\",\"target\":[\"https:\/\/www.oarcanjo.net\/site\/mensagem-do-celam-diante-da-crise-atual\/#respond\"]}]},{\"@type\":\"WebPage\",\"@id\":\"https:\/\/www.oarcanjo.net\/site\/mensagem-do-celam-diante-da-crise-atual\/\",\"url\":\"https:\/\/www.oarcanjo.net\/site\/mensagem-do-celam-diante-da-crise-atual\/\",\"name\":\"Mensagem do CELAM diante da crise atual - O Arcanjo no ar\",\"isPartOf\":{\"@id\":\"https:\/\/www.oarcanjo.net\/site\/#website\"},\"datePublished\":\"2009-02-18T23:41:00+00:00\",\"dateModified\":\"2009-02-18T23:41:00+00:00\",\"breadcrumb\":{\"@id\":\"https:\/\/www.oarcanjo.net\/site\/mensagem-do-celam-diante-da-crise-atual\/#breadcrumb\"},\"inLanguage\":\"pt-BR\",\"potentialAction\":[{\"@type\":\"ReadAction\",\"target\":[\"https:\/\/www.oarcanjo.net\/site\/mensagem-do-celam-diante-da-crise-atual\/\"]}]},{\"@type\":\"BreadcrumbList\",\"@id\":\"https:\/\/www.oarcanjo.net\/site\/mensagem-do-celam-diante-da-crise-atual\/#breadcrumb\",\"itemListElement\":[{\"@type\":\"ListItem\",\"position\":1,\"name\":\"In\u00edcio\",\"item\":\"https:\/\/www.oarcanjo.net\/site\/\"},{\"@type\":\"ListItem\",\"position\":2,\"name\":\"Mensagem do CELAM diante da crise atual\"}]},{\"@type\":\"WebSite\",\"@id\":\"https:\/\/www.oarcanjo.net\/site\/#website\",\"url\":\"https:\/\/www.oarcanjo.net\/site\/\",\"name\":\"O Arcanjo no ar\",\"description\":\"Site da Par\u00f3quia S\u00e3o Miguel Arcanjo (Arquidiocese de SP)\",\"publisher\":{\"@id\":\"https:\/\/www.oarcanjo.net\/site\/#organization\"},\"potentialAction\":[{\"@type\":\"SearchAction\",\"target\":{\"@type\":\"EntryPoint\",\"urlTemplate\":\"https:\/\/www.oarcanjo.net\/site\/?s={search_term_string}\"},\"query-input\":{\"@type\":\"PropertyValueSpecification\",\"valueRequired\":true,\"valueName\":\"search_term_string\"}}],\"inLanguage\":\"pt-BR\"},{\"@type\":\"Organization\",\"@id\":\"https:\/\/www.oarcanjo.net\/site\/#organization\",\"name\":\"Par\u00f3quia S\u00e3o Miguel Arcanjo\",\"url\":\"https:\/\/www.oarcanjo.net\/site\/\",\"logo\":{\"@type\":\"ImageObject\",\"inLanguage\":\"pt-BR\",\"@id\":\"https:\/\/www.oarcanjo.net\/site\/#\/schema\/logo\/image\/\",\"url\":\"https:\/\/www.oarcanjo.net\/site\/wp-content\/uploads\/LogoOArcanjo.png\",\"contentUrl\":\"https:\/\/www.oarcanjo.net\/site\/wp-content\/uploads\/LogoOArcanjo.png\",\"width\":319,\"height\":99,\"caption\":\"Par\u00f3quia S\u00e3o Miguel Arcanjo\"},\"image\":{\"@id\":\"https:\/\/www.oarcanjo.net\/site\/#\/schema\/logo\/image\/\"},\"sameAs\":[\"https:\/\/www.facebook.com\/OArcanjoNoAr\/\"]},{\"@type\":\"Person\",\"@id\":\"https:\/\/www.oarcanjo.net\/site\/#\/schema\/person\/f7024d007863202483a31326673a0838\",\"name\":\"editor\",\"sameAs\":[\"http:\/\/www.oarcanjo.net\"]}]}<\/script>\n<!-- \/ Yoast SEO plugin. -->","yoast_head_json":{"title":"Mensagem do CELAM diante da crise atual - O Arcanjo no ar","robots":{"index":"index","follow":"follow","max-snippet":"max-snippet:-1","max-image-preview":"max-image-preview:large","max-video-preview":"max-video-preview:-1"},"canonical":"https:\/\/www.oarcanjo.net\/site\/mensagem-do-celam-diante-da-crise-atual\/","og_locale":"pt_BR","og_type":"article","og_title":"Mensagem do CELAM diante da crise atual - O Arcanjo no ar","og_description":"1. A Presid\u00eancia do CELAM (Conselho Episcopal Latino Americano), reunida em Bogot\u00e1 nos dias 05 e 06 de fevereiro, com os Bispos Diretores dos Departamentos e Centros, no esp\u00edrito da Miss\u00e3o Continental, manifesta sua preocupa\u00e7\u00e3o e sua solidariedade diante da grave crise atual. Ao mesmo tempo, chama a aten\u00e7\u00e3o sobre a responsabilidade que todos n\u00f3s [&hellip;]","og_url":"https:\/\/www.oarcanjo.net\/site\/mensagem-do-celam-diante-da-crise-atual\/","og_site_name":"O Arcanjo no ar","article_publisher":"https:\/\/www.facebook.com\/OArcanjoNoAr\/","article_published_time":"2009-02-18T23:41:00+00:00","og_image":[{"width":300,"height":300,"url":"https:\/\/www.oarcanjo.net\/site\/wp-content\/uploads\/logo-o-arcanjo-no-ar-facebook.png","type":"image\/png"}],"author":"editor","twitter_card":"summary_large_image","twitter_misc":{"Escrito por":"editor","Est. tempo de leitura":"5 minutos"},"schema":{"@context":"https:\/\/schema.org","@graph":[{"@type":"Article","@id":"https:\/\/www.oarcanjo.net\/site\/mensagem-do-celam-diante-da-crise-atual\/#article","isPartOf":{"@id":"https:\/\/www.oarcanjo.net\/site\/mensagem-do-celam-diante-da-crise-atual\/"},"author":{"name":"editor","@id":"https:\/\/www.oarcanjo.net\/site\/#\/schema\/person\/f7024d007863202483a31326673a0838"},"headline":"Mensagem do CELAM diante da crise atual","datePublished":"2009-02-18T23:41:00+00:00","dateModified":"2009-02-18T23:41:00+00:00","mainEntityOfPage":{"@id":"https:\/\/www.oarcanjo.net\/site\/mensagem-do-celam-diante-da-crise-atual\/"},"wordCount":975,"commentCount":1,"publisher":{"@id":"https:\/\/www.oarcanjo.net\/site\/#organization"},"keywords":["CELAM","crise"],"articleSection":["Not\u00edcias"],"inLanguage":"pt-BR","potentialAction":[{"@type":"CommentAction","name":"Comment","target":["https:\/\/www.oarcanjo.net\/site\/mensagem-do-celam-diante-da-crise-atual\/#respond"]}]},{"@type":"WebPage","@id":"https:\/\/www.oarcanjo.net\/site\/mensagem-do-celam-diante-da-crise-atual\/","url":"https:\/\/www.oarcanjo.net\/site\/mensagem-do-celam-diante-da-crise-atual\/","name":"Mensagem do CELAM diante da crise atual - O Arcanjo no ar","isPartOf":{"@id":"https:\/\/www.oarcanjo.net\/site\/#website"},"datePublished":"2009-02-18T23:41:00+00:00","dateModified":"2009-02-18T23:41:00+00:00","breadcrumb":{"@id":"https:\/\/www.oarcanjo.net\/site\/mensagem-do-celam-diante-da-crise-atual\/#breadcrumb"},"inLanguage":"pt-BR","potentialAction":[{"@type":"ReadAction","target":["https:\/\/www.oarcanjo.net\/site\/mensagem-do-celam-diante-da-crise-atual\/"]}]},{"@type":"BreadcrumbList","@id":"https:\/\/www.oarcanjo.net\/site\/mensagem-do-celam-diante-da-crise-atual\/#breadcrumb","itemListElement":[{"@type":"ListItem","position":1,"name":"In\u00edcio","item":"https:\/\/www.oarcanjo.net\/site\/"},{"@type":"ListItem","position":2,"name":"Mensagem do CELAM diante da crise atual"}]},{"@type":"WebSite","@id":"https:\/\/www.oarcanjo.net\/site\/#website","url":"https:\/\/www.oarcanjo.net\/site\/","name":"O Arcanjo no ar","description":"Site da Par\u00f3quia S\u00e3o Miguel Arcanjo (Arquidiocese de SP)","publisher":{"@id":"https:\/\/www.oarcanjo.net\/site\/#organization"},"potentialAction":[{"@type":"SearchAction","target":{"@type":"EntryPoint","urlTemplate":"https:\/\/www.oarcanjo.net\/site\/?s={search_term_string}"},"query-input":{"@type":"PropertyValueSpecification","valueRequired":true,"valueName":"search_term_string"}}],"inLanguage":"pt-BR"},{"@type":"Organization","@id":"https:\/\/www.oarcanjo.net\/site\/#organization","name":"Par\u00f3quia S\u00e3o Miguel Arcanjo","url":"https:\/\/www.oarcanjo.net\/site\/","logo":{"@type":"ImageObject","inLanguage":"pt-BR","@id":"https:\/\/www.oarcanjo.net\/site\/#\/schema\/logo\/image\/","url":"https:\/\/www.oarcanjo.net\/site\/wp-content\/uploads\/LogoOArcanjo.png","contentUrl":"https:\/\/www.oarcanjo.net\/site\/wp-content\/uploads\/LogoOArcanjo.png","width":319,"height":99,"caption":"Par\u00f3quia S\u00e3o Miguel Arcanjo"},"image":{"@id":"https:\/\/www.oarcanjo.net\/site\/#\/schema\/logo\/image\/"},"sameAs":["https:\/\/www.facebook.com\/OArcanjoNoAr\/"]},{"@type":"Person","@id":"https:\/\/www.oarcanjo.net\/site\/#\/schema\/person\/f7024d007863202483a31326673a0838","name":"editor","sameAs":["http:\/\/www.oarcanjo.net"]}]}},"publishpress_future_action":{"enabled":false,"date":"2026-05-08 19:33:09","action":"category","newStatus":"draft","terms":[],"taxonomy":"category"},"publishpress_future_workflow_manual_trigger":{"enabledWorkflows":[]},"_links":{"self":[{"href":"https:\/\/www.oarcanjo.net\/site\/wp-json\/wp\/v2\/posts\/1907"}],"collection":[{"href":"https:\/\/www.oarcanjo.net\/site\/wp-json\/wp\/v2\/posts"}],"about":[{"href":"https:\/\/www.oarcanjo.net\/site\/wp-json\/wp\/v2\/types\/post"}],"author":[{"embeddable":true,"href":"https:\/\/www.oarcanjo.net\/site\/wp-json\/wp\/v2\/users\/5"}],"replies":[{"embeddable":true,"href":"https:\/\/www.oarcanjo.net\/site\/wp-json\/wp\/v2\/comments?post=1907"}],"version-history":[{"count":0,"href":"https:\/\/www.oarcanjo.net\/site\/wp-json\/wp\/v2\/posts\/1907\/revisions"}],"wp:attachment":[{"href":"https:\/\/www.oarcanjo.net\/site\/wp-json\/wp\/v2\/media?parent=1907"}],"wp:term":[{"taxonomy":"category","embeddable":true,"href":"https:\/\/www.oarcanjo.net\/site\/wp-json\/wp\/v2\/categories?post=1907"},{"taxonomy":"post_tag","embeddable":true,"href":"https:\/\/www.oarcanjo.net\/site\/wp-json\/wp\/v2\/tags?post=1907"}],"curies":[{"name":"wp","href":"https:\/\/api.w.org\/{rel}","templated":true}]}}